{"id":90720,"date":"2025-04-14T12:24:19","date_gmt":"2025-04-14T10:24:19","guid":{"rendered":"https:\/\/www.lafundacion.com\/?p=90720"},"modified":"2025-05-06T18:29:50","modified_gmt":"2025-05-06T16:29:50","slug":"espacio-arte-de-maiatza-2025-la-fundacioren-ekitaldia","status":"publish","type":"post","link":"https:\/\/www.lafundacion.com\/eu\/noticias-eu\/espacio-arte-de-maiatza-2025-la-fundacioren-ekitaldia\/","title":{"rendered":"La Fundaci\u00f3n-en &#8220;Espacio Arte&#8221; ekitaldia, 2025eko maiatza"},"content":{"rendered":"<div id='full_slider_1'  class='avia-fullwidth-slider main_color avia-shadow   avia-builder-el-0  el_before_av_one_full  avia-builder-el-first   container_wrap fullsize'  ><div  class='avia-slideshow av-l1vxl7ni-fe1dc6d4bc6e8cf36a68643d02f94c08 avia-slideshow-featured av_slideshow_full avia-slide-slider av-slideshow-ui av-control-default av-slideshow-manual av-loop-once av-loop-manual-endless av-default-height-applied   avia-slideshow-1' data-slideshow-options=\"{&quot;animation&quot;:&quot;slide&quot;,&quot;autoplay&quot;:false,&quot;loop_autoplay&quot;:&quot;once&quot;,&quot;interval&quot;:5,&quot;loop_manual&quot;:&quot;manual-endless&quot;,&quot;autoplay_stopper&quot;:false,&quot;noNavigation&quot;:false,&quot;bg_slider&quot;:false,&quot;keep_padding&quot;:false,&quot;hoverpause&quot;:false,&quot;show_slide_delay&quot;:0}\"  itemprop=\"image\" itemscope=\"itemscope\" itemtype=\"https:\/\/schema.org\/ImageObject\" ><ul class='avia-slideshow-inner ' style='padding-bottom: 28.666666666667%;'><li  class='avia-slideshow-slide av-l1vxl7ni-fe1dc6d4bc6e8cf36a68643d02f94c08__0  slide-1 slide-odd'><div data-rel='slideshow-1' class='avia-slide-wrap '   ><img decoding=\"async\" fetchpriority=\"high\" class=\"wp-image-90916 avia-img-lazy-loading-not-90916\"  src=\"https:\/\/www.lafundacion.com\/wp-content\/uploads\/2025\/04\/Banner-Espacio-Arte-Poetas-en-Mayo-2025.jpg\" width=\"1500\" height=\"430\" title='Banner-Espacio-Arte-Poetas-en-Mayo-2025' alt=''  itemprop=\"thumbnailUrl\" srcset=\"https:\/\/www.lafundacion.com\/wp-content\/uploads\/2025\/04\/Banner-Espacio-Arte-Poetas-en-Mayo-2025.jpg 1500w, https:\/\/www.lafundacion.com\/wp-content\/uploads\/2025\/04\/Banner-Espacio-Arte-Poetas-en-Mayo-2025-300x86.jpg 300w, https:\/\/www.lafundacion.com\/wp-content\/uploads\/2025\/04\/Banner-Espacio-Arte-Poetas-en-Mayo-2025-1030x295.jpg 1030w, https:\/\/www.lafundacion.com\/wp-content\/uploads\/2025\/04\/Banner-Espacio-Arte-Poetas-en-Mayo-2025-768x220.jpg 768w, https:\/\/www.lafundacion.com\/wp-content\/uploads\/2025\/04\/Banner-Espacio-Arte-Poetas-en-Mayo-2025-705x202.jpg 705w\" sizes=\"(max-width: 1500px) 100vw, 1500px\" \/><\/div><\/li><li  class='avia-slideshow-slide av-l1vxl7ni-fe1dc6d4bc6e8cf36a68643d02f94c08__1  slide-2 slide-even'><div data-rel='slideshow-1' class='avia-slide-wrap '   ><img decoding=\"async\" fetchpriority=\"high\" class=\"wp-image-90727 avia-img-lazy-loading-not-90727\"  src=\"https:\/\/www.lafundacion.com\/wp-content\/uploads\/2025\/04\/Banner-Espacio-Arte-cuadros-exposicion-Poetas-en-Mayo-2025.jpg\" width=\"1500\" height=\"430\" title='Banner-Espacio-Arte-cuadros-exposicion-Poetas-en-Mayo-2025' alt=''  itemprop=\"thumbnailUrl\" srcset=\"https:\/\/www.lafundacion.com\/wp-content\/uploads\/2025\/04\/Banner-Espacio-Arte-cuadros-exposicion-Poetas-en-Mayo-2025.jpg 1500w, https:\/\/www.lafundacion.com\/wp-content\/uploads\/2025\/04\/Banner-Espacio-Arte-cuadros-exposicion-Poetas-en-Mayo-2025-300x86.jpg 300w, https:\/\/www.lafundacion.com\/wp-content\/uploads\/2025\/04\/Banner-Espacio-Arte-cuadros-exposicion-Poetas-en-Mayo-2025-1030x295.jpg 1030w, https:\/\/www.lafundacion.com\/wp-content\/uploads\/2025\/04\/Banner-Espacio-Arte-cuadros-exposicion-Poetas-en-Mayo-2025-768x220.jpg 768w, https:\/\/www.lafundacion.com\/wp-content\/uploads\/2025\/04\/Banner-Espacio-Arte-cuadros-exposicion-Poetas-en-Mayo-2025-705x202.jpg 705w\" sizes=\"(max-width: 1500px) 100vw, 1500px\" \/><\/div><\/li><\/ul><div class='avia-slideshow-arrows avia-slideshow-controls' ><a href='#prev' class='prev-slide  avia-svg-icon avia-font-svg_entypo-fontello' data-av_svg_icon='left-open-big' data-av_iconset='svg_entypo-fontello' tabindex='-1' title=\"Previous\"><svg version=\"1.1\" xmlns=\"http:\/\/www.w3.org\/2000\/svg\" width=\"15\" height=\"32\" viewBox=\"0 0 15 32\" preserveAspectRatio=\"xMidYMid meet\" aria-labelledby='av-svg-title-1' aria-describedby='av-svg-desc-1' role=\"graphics-symbol\" aria-hidden=\"true\">\n<title id='av-svg-title-1'>Previous<\/title>\n<desc id='av-svg-desc-1'>Previous<\/desc>\n<path d=\"M14.464 27.84q0.832 0.832 0 1.536-0.832 0.832-1.536 0l-12.544-12.608q-0.768-0.768 0-1.6l12.544-12.608q0.704-0.832 1.536 0 0.832 0.704 0 1.536l-11.456 11.904z\"><\/path>\n<\/svg><span class='avia_hidden_link_text'>Previous<\/span><\/a><a href='#next' class='next-slide  avia-svg-icon avia-font-svg_entypo-fontello' data-av_svg_icon='right-open-big' data-av_iconset='svg_entypo-fontello' tabindex='-1' title=\"Next\"><svg version=\"1.1\" xmlns=\"http:\/\/www.w3.org\/2000\/svg\" width=\"15\" height=\"32\" viewBox=\"0 0 15 32\" preserveAspectRatio=\"xMidYMid meet\" aria-labelledby='av-svg-title-2' aria-describedby='av-svg-desc-2' role=\"graphics-symbol\" aria-hidden=\"true\">\n<title id='av-svg-title-2'>Next<\/title>\n<desc id='av-svg-desc-2'>Next<\/desc>\n<path d=\"M0.416 27.84l11.456-11.84-11.456-11.904q-0.832-0.832 0-1.536 0.832-0.832 1.536 0l12.544 12.608q0.768 0.832 0 1.6l-12.544 12.608q-0.704 0.832-1.536 0-0.832-0.704 0-1.536z\"><\/path>\n<\/svg><span class='avia_hidden_link_text'>Next<\/span><\/a><\/div><div class='avia-slideshow-dots avia-slideshow-controls'><a href='#1' class='goto-slide active' >1<\/a><a href='#2' class='goto-slide ' >2<\/a><\/div><\/div><\/div><div id='after_full_slider_1'  class='main_color av_default_container_wrap container_wrap fullsize'  ><div class='container av-section-cont-open' ><div class='template-page content  av-content-full alpha units'><div class='post-entry post-entry-type-page post-entry-90720'><div class='entry-content-wrapper clearfix'>\n<div  class='flex_column av-2wkkjku-e895f6c18e752d8ea7bbd8a9680f84fe av_one_full  avia-builder-el-1  el_after_av_slideshow_full  el_before_av_hr  avia-builder-el-first  first flex_column_div  '     ><section  class='av_textblock_section av-l1ukkp2p-f45a494e976a0c3e9ca3a0b1ce36e552 '   itemscope=\"itemscope\" itemtype=\"https:\/\/schema.org\/BlogPosting\" itemprop=\"blogPost\" ><div class='avia_textblock'  itemprop=\"text\" ><h1 style=\"text-align: center;\">MAIATZAREN 8AN 19:00retan ESPACIO ARTEKO EKITALDI BERRI BATEZ GOZATUKO DUGU, ERAKUSKETA, <strong>\u00abPOETAK MAIATZEAN\u00bb-REN ERREZITALDIA <\/strong>ETA ZUZENEKO MUSIKA EMANALDIAREKIN<\/h1>\n<h4 style=\"text-align: center;\"><\/h4>\n<\/div><\/section><\/div>\n<div  class='hr av-21od3zk-b4ca7628caacf685a02b86a0bcc4a1f2 hr-default  avia-builder-el-3  el_after_av_one_full  el_before_av_three_fifth '><span class='hr-inner '><span class=\"hr-inner-style\"><\/span><\/span><\/div>\n<div  class='flex_column av-1jnrhkg-0e9db24d65bca9de0aed6813f34a96f8 av_three_fifth  avia-builder-el-4  el_after_av_hr  el_before_av_two_fifth  first flex_column_div  '     ><section  class='av_textblock_section av-lex0cv44-e011ef85334a148daaa3ed0064a2cf43 '   itemscope=\"itemscope\" itemtype=\"https:\/\/schema.org\/BlogPosting\" itemprop=\"blogPost\" ><div class='avia_textblock'  itemprop=\"text\" ><h3>Oraingo honetan, Marcelo D\u00edaz artistaren &#8220;El paso creciente&#8221; inaugurazioa izango dugu.<\/h3>\n<h3><strong>\u00a0<\/strong><\/h3>\n<\/div><\/section><br \/>\n<section  class='av_textblock_section av-30pm7n5-de7dd746390e81480a20c643820d7120 '   itemscope=\"itemscope\" itemtype=\"https:\/\/schema.org\/BlogPosting\" itemprop=\"blogPost\" ><div class='avia_textblock'  itemprop=\"text\" ><p>&#8220;Poesia bisuala&#8221; izena denbora batez erabiltzen den kontzeptua da, paperez egindako baina jatorri sakonagoa duten adierazpen plastikoko sormen-lanei erreferentzia egiteko.<\/p>\n<p>Marcelorentzat, poesia bisuala edozein sorkuntza plastikoren funtsezko zatia da, multzo osoaren alderdi nagusia sortuz, horrela arte guztietan funtsezko elementu bezala aurkitzen delarik. Ideia, funtsezko emozioa edo emozio sortzailea da.<\/p>\n<p>La Fundaci\u00f3n-en erakusten duen inaugurazioan, horri buruzko lanak aurkezten ditu. Paperean eta collage teknikan eginak, erakusketa beste errealitate batzuk aurkitzeko proposamena eta gonbidapena da, kasu honetan, inprimaketa grafikoan daudenak.<\/p>\n<p>Banakako titulurik gabe, bakoitzak senti dezala eta esan dezala ikusten duena.<\/p>\n<\/div><\/section><br \/>\n\n<style type=\"text\/css\" data-created_by=\"avia_inline_auto\" id=\"style-css-av-m7t7qa97-f72cd2350e4f276fca3d3647072ca215\">\n.avia-image-container.av-m7t7qa97-f72cd2350e4f276fca3d3647072ca215 img.avia_image{\nbox-shadow:none;\n}\n.avia-image-container.av-m7t7qa97-f72cd2350e4f276fca3d3647072ca215 .av-image-caption-overlay-center{\ncolor:#ffffff;\n}\n<\/style>\n<div  class='avia-image-container av-m7t7qa97-f72cd2350e4f276fca3d3647072ca215 av-styling- avia-align-center  avia-builder-el-7  el_after_av_textblock  avia-builder-el-last '   itemprop=\"image\" itemscope=\"itemscope\" itemtype=\"https:\/\/schema.org\/ImageObject\" ><div class=\"avia-image-container-inner\"><div class=\"avia-image-overlay-wrap\"><img decoding=\"async\" fetchpriority=\"high\" class='wp-image-90731 avia-img-lazy-loading-not-90731 avia_image ' src=\"https:\/\/www.lafundacion.com\/wp-content\/uploads\/2025\/04\/exposicion-foto-cuadros-poetas-en-mayo-Espacio-Arte-La-Fundacion-2025.jpg\" alt='' title='exposicion-foto-cuadros-poetas-en-mayo-Espacio-Arte-La-Fundacion-2025'  height=\"398\" width=\"750\"  itemprop=\"thumbnailUrl\" srcset=\"https:\/\/www.lafundacion.com\/wp-content\/uploads\/2025\/04\/exposicion-foto-cuadros-poetas-en-mayo-Espacio-Arte-La-Fundacion-2025.jpg 750w, https:\/\/www.lafundacion.com\/wp-content\/uploads\/2025\/04\/exposicion-foto-cuadros-poetas-en-mayo-Espacio-Arte-La-Fundacion-2025-300x159.jpg 300w, https:\/\/www.lafundacion.com\/wp-content\/uploads\/2025\/04\/exposicion-foto-cuadros-poetas-en-mayo-Espacio-Arte-La-Fundacion-2025-705x374.jpg 705w\" sizes=\"(max-width: 750px) 100vw, 750px\" \/><\/div><\/div><\/div><\/p><\/div>\n<div  class='flex_column av-3n6xps-34769c36b58e111b96f802493720e665 av_two_fifth  avia-builder-el-8  el_after_av_three_fifth  el_before_av_hr  flex_column_div  '     ><p>\n<style type=\"text\/css\" data-created_by=\"avia_inline_auto\" id=\"style-css-av-m9icuwm0-d71d7035f679ec7bc0d34c72c37125b6\">\n.avia-image-container.av-m9icuwm0-d71d7035f679ec7bc0d34c72c37125b6 img.avia_image{\nbox-shadow:none;\n}\n.avia-image-container.av-m9icuwm0-d71d7035f679ec7bc0d34c72c37125b6 .av-image-caption-overlay-center{\ncolor:#ffffff;\n}\n<\/style>\n<div  class='avia-image-container av-m9icuwm0-d71d7035f679ec7bc0d34c72c37125b6 av-styling- avia-align-center  avia-builder-el-9  el_before_av_hr  avia-builder-el-first '   itemprop=\"image\" itemscope=\"itemscope\" itemtype=\"https:\/\/schema.org\/ImageObject\" ><div class=\"avia-image-container-inner\"><div class=\"avia-image-overlay-wrap\"><img decoding=\"async\" fetchpriority=\"high\" class='wp-image-90928 avia-img-lazy-loading-not-90928 avia_image ' src=\"https:\/\/www.lafundacion.com\/wp-content\/uploads\/2025\/04\/exposicion-foto-recortada-cuadros-poetas-en-mayo-espacio-arte-1.jpg\" alt='' title='exposici\u00f3n-foto-recortada-cuadros-poetas-en-mayo-espacio-arte'  height=\"326\" width=\"227\"  itemprop=\"thumbnailUrl\" srcset=\"https:\/\/www.lafundacion.com\/wp-content\/uploads\/2025\/04\/exposicion-foto-recortada-cuadros-poetas-en-mayo-espacio-arte-1.jpg 227w, https:\/\/www.lafundacion.com\/wp-content\/uploads\/2025\/04\/exposicion-foto-recortada-cuadros-poetas-en-mayo-espacio-arte-1-209x300.jpg 209w\" sizes=\"(max-width: 227px) 100vw, 227px\" \/><\/div><\/div><\/div><br \/>\n<div  class='hr av-jd4927-15cfc639fa434d362581e0a7f581d05a hr-default  avia-builder-el-10  el_after_av_image  el_before_av_textblock '><span class='hr-inner '><span class=\"hr-inner-style\"><\/span><\/span><\/div><br \/>\n<section  class='av_textblock_section av-m9icgqra-d010f1001bfe544593a75b3f81d7d558 '   itemscope=\"itemscope\" itemtype=\"https:\/\/schema.org\/BlogPosting\" itemprop=\"blogPost\" ><div class='avia_textblock'  itemprop=\"text\" >\n<div class=\"wpcf7 no-js\" id=\"wpcf7-f31449-o1\" lang=\"eu-ES\" dir=\"ltr\" data-wpcf7-id=\"31449\">\n<div class=\"screen-reader-response\"><p role=\"status\" aria-live=\"polite\" aria-atomic=\"true\"><\/p> <ul><\/ul><\/div>\n<form action=\"\/eu\/wp-json\/wp\/v2\/posts\/90720#wpcf7-f31449-o1\" method=\"post\" class=\"wpcf7-form init wpcf7-acceptance-as-validation\" aria-label=\"Contact form\" novalidate=\"novalidate\" data-status=\"init\">\n<fieldset class=\"hidden-fields-container\"><input type=\"hidden\" name=\"_wpcf7\" value=\"31449\" \/><input type=\"hidden\" name=\"_wpcf7_version\" value=\"6.1.5\" \/><input type=\"hidden\" name=\"_wpcf7_locale\" value=\"eu_ES\" \/><input type=\"hidden\" name=\"_wpcf7_unit_tag\" value=\"wpcf7-f31449-o1\" \/><input type=\"hidden\" name=\"_wpcf7_container_post\" value=\"0\" \/><input type=\"hidden\" name=\"_wpcf7_posted_data_hash\" value=\"\" \/><input type=\"hidden\" name=\"_wpcf7_recaptcha_response\" value=\"\" \/>\n<\/fieldset>\n<p><label> Izena <span class=\"asterisco\">(*)<\/span><br \/>\n<span class=\"wpcf7-form-control-wrap\" data-name=\"your-name\"><input size=\"40\" maxlength=\"400\" class=\"wpcf7-form-control wpcf7-text wpcf7-validates-as-required\" aria-required=\"true\" aria-invalid=\"false\" value=\"\" type=\"text\" name=\"your-name\" \/><\/span> <\/label>\n<\/p>\n<p><label> Abizenak <span class=\"asterisco\">(*)<\/span><br \/>\n<span class=\"wpcf7-form-control-wrap\" data-name=\"Apellidos\"><input size=\"40\" maxlength=\"400\" class=\"wpcf7-form-control wpcf7-text wpcf7-validates-as-required\" aria-required=\"true\" aria-invalid=\"false\" value=\"\" type=\"text\" name=\"Apellidos\" \/><\/span> <\/label>\n<\/p>\n<p><label> Helbide elektronikoa <span class=\"asterisco\">(*)<\/span><br \/>\n<span class=\"wpcf7-form-control-wrap\" data-name=\"your-email\"><input size=\"40\" maxlength=\"400\" class=\"wpcf7-form-control wpcf7-email wpcf7-validates-as-required wpcf7-text wpcf7-validates-as-email\" aria-required=\"true\" aria-invalid=\"false\" value=\"\" type=\"email\" name=\"your-email\" \/><\/span> <\/label>\n<\/p>\n<p><label> Sakelako telefono zenbakia<br \/>\n<span class=\"wpcf7-form-control-wrap\" data-name=\"tel-639\"><input size=\"40\" maxlength=\"400\" class=\"wpcf7-form-control wpcf7-tel wpcf7-text wpcf7-validates-as-tel\" aria-invalid=\"false\" value=\"\" type=\"tel\" name=\"tel-639\" \/><\/span> <\/label>\n<\/p>\n<p><label><span class=\"wpcf7-form-control-wrap\" data-name=\"acceptance-172\"><span class=\"wpcf7-form-control wpcf7-acceptance\"><span class=\"wpcf7-list-item\"><label><input type=\"checkbox\" name=\"acceptance-172\" value=\"1\" aria-invalid=\"false\" \/><span class=\"wpcf7-list-item-label\"><a href=\"#politica\" class=\"open-popup-link\">Pribatutasun politika irakurri dut eta onartzen dut<\/a><\/span><\/label><\/span><\/span><\/span><\/label><br \/>\n* Oharra: Saio hau filmatu ahal izango da, argazkiak ere atera daitezke eta edozein komunikabide edo euskarrira bidal ahal izango ditugu. Honen bidez, gure asmoa funtzioa ezagutarastea da.\n<\/p>\n<p><input class=\"wpcf7-form-control wpcf7-submit has-spinner\" type=\"submit\" value=\"Bidali\" \/>\n<\/p>\n<div id=\"politica\" class=\"politica white-popup mfp-hide\">\n\t<p><strong>PRIBATUTASUN POLITIKA<\/strong><br \/>\n<strong>Arduraduna:<\/strong> FUNDACI\u00d3N LABORAL SAN PRUDENCIO.<br \/>\n<strong>Xedea:<\/strong> Enpresaren Gizarte Erantzukizuna kudeatzeko eta aplikatzeko zerbitzuak ematea, enpresei eta langileei zerbitzuak eta laguntza emanez, besteak beste honako arlo hauetan: gizarte-prestazioak, gizarte- eta laguntza-zerbitzuak, gizarte- eta lan-zerbitzuak, hezkuntza eta kultura, sentsibilizazioa eta kontzientziazioa, gizarte-berrikuntza eta une bakoitzean eskaintzen direnak. Horri dagokionez, jakinarazten dizugu jarraian adierazten diren La Fundaci\u00f3nen edo taldeko enpresen sektore espezifiko eta jarduera sektore zehatzen informazio edo publizitatea jaso ahal izango duzula: eskaintzen dituzten zerbitzu eta prestazioei buruzko guztiak, bai eta une bakoitzean egokitzat jotzen direnak ere, norberaren bizi kalitatea eta lanekoa hobetzeko helburuarekin.\n\t<\/p>\n\t<p><strong>Legitimazioa:<\/strong> Parte zaren erlazio juridikoaren exekuzioa.\n\t<\/p>\n\t<p><strong>Hartzaileak:<\/strong> Fundaci\u00f3n taldeko enpresak eta legez horren beharra duten erakunde ofizialak.\n\t<\/p>\n\t<p><strong>Eskubideak:<\/strong> Informazio gehigarrian adierazitako datuak eta beste eskubide batzuk eskuratzeko, zuzentzeko eta ezabatzeko eskubidea duzu email bat dpo@lafundacion.com helbidera bidaliz.\n\t<\/p>\n\t<p><strong>Informazio gehigarria:<\/strong><a href=\"\/eu\/pribatutasun-politika\/\" target=\"_blank\">Lege Oharra eta Pribatutasun politika<\/a>\n\t<\/p>\n<\/div><div class=\"wpcf7-response-output\" aria-hidden=\"true\"><\/div>\n<\/form>\n<\/div>\n\n<\/div><\/section><\/p><\/div>\n<div  class='hr av-kcwbvg-5acc9d1a98a47fa1f70b736c944aef07 hr-default  avia-builder-el-12  el_after_av_two_fifth  el_before_av_textblock '><span class='hr-inner '><span class=\"hr-inner-style\"><\/span><\/span><\/div>\n<section  class='av_textblock_section av-m10gh6jt-386b66045f76249c5f721e9bce84780b '   itemscope=\"itemscope\" itemtype=\"https:\/\/schema.org\/BlogPosting\" itemprop=\"blogPost\" ><div class='avia_textblock'  itemprop=\"text\" ><h3 style=\"text-align: center;\">Erakusketa 2025eko ekainaren 26ra arte bisitatu ahal izango da.<\/h3>\n<\/div><\/section>\n<\/div><\/div><\/div><!-- close content main div --><\/div><\/div>\n<style type=\"text\/css\" data-created_by=\"avia_inline_auto\" id=\"style-css-av-5qd2a5t-0d7cf96ce7ef05aef96fbbaa4cee5af2\">\n.avia-section.av-5qd2a5t-0d7cf96ce7ef05aef96fbbaa4cee5af2{\nbackground-color:#e8e8e8;\nbackground-image:unset;\n}\n<\/style>\n<div id='av_section_1'  class='avia-section av-5qd2a5t-0d7cf96ce7ef05aef96fbbaa4cee5af2 main_color avia-section-default avia-no-border-styling  avia-builder-el-14  el_after_av_textblock  el_before_av_hr  avia-bg-style-scroll container_wrap fullsize'  ><div class='container av-section-cont-open' ><div class='template-page content  av-content-full alpha units'><div class='post-entry post-entry-type-page post-entry-90720'><div class='entry-content-wrapper clearfix'>\n<section  class='av_textblock_section av-m9sb66pn-50625b8f52db2f63dcd5419a2d96d007 '   itemscope=\"itemscope\" itemtype=\"https:\/\/schema.org\/BlogPosting\" itemprop=\"blogPost\" ><div class='avia_textblock'  itemprop=\"text\" ><h3><strong>Poesia errezitaldia Marcelok berak egingo du, Poeta en Mayo liburuaren edizio berria dela eta<\/strong><\/h3>\n<h3><strong>\u00a0<\/strong><\/h3>\n<\/div><\/section>\n<div  class='flex_column av-4fshmnl-e703dc561c4ef951f898db7efec88d21 av_one_third  avia-builder-el-16  el_after_av_textblock  el_before_av_three_fifth  first flex_column_div  column-top-margin'     ><p><div  class='hr av-qly1ii-6828237efc396c65f7ae0f35d77db231 hr-default  avia-builder-el-17  el_before_av_image  avia-builder-el-first '><span class='hr-inner '><span class=\"hr-inner-style\"><\/span><\/span><\/div><br \/>\n\n<style type=\"text\/css\" data-created_by=\"avia_inline_auto\" id=\"style-css-av-m5gnpb4o-fd61acb886081ea8e7e899bdae043c84\">\n.avia-image-container.av-m5gnpb4o-fd61acb886081ea8e7e899bdae043c84 img.avia_image{\nbox-shadow:none;\n}\n.avia-image-container.av-m5gnpb4o-fd61acb886081ea8e7e899bdae043c84 .av-image-caption-overlay-center{\ncolor:#ffffff;\n}\n<\/style>\n<div  class='avia-image-container av-m5gnpb4o-fd61acb886081ea8e7e899bdae043c84 av-styling- avia-align-center  avia-builder-el-18  el_after_av_hr  el_before_av_buttonrow '   itemprop=\"image\" itemscope=\"itemscope\" itemtype=\"https:\/\/schema.org\/ImageObject\" ><div class=\"avia-image-container-inner\"><div class=\"avia-image-overlay-wrap\"><img decoding=\"async\" fetchpriority=\"high\" class='wp-image-90733 avia-img-lazy-loading-not-90733 avia_image ' src=\"https:\/\/www.lafundacion.com\/wp-content\/uploads\/2025\/04\/Marcelo-Diaz-garcia-Poetas-en-mayo-Espacio-Arte-La-Fundacion-2025-221x300.jpg\" alt='' title='Marcelo-Diaz-garcia-Poetas-en-mayo-Espacio-Arte-La-Fundacion-2025'  height=\"300\" width=\"221\"  itemprop=\"thumbnailUrl\" srcset=\"https:\/\/www.lafundacion.com\/wp-content\/uploads\/2025\/04\/Marcelo-Diaz-garcia-Poetas-en-mayo-Espacio-Arte-La-Fundacion-2025-221x300.jpg 221w, https:\/\/www.lafundacion.com\/wp-content\/uploads\/2025\/04\/Marcelo-Diaz-garcia-Poetas-en-mayo-Espacio-Arte-La-Fundacion-2025-519x705.jpg 519w, https:\/\/www.lafundacion.com\/wp-content\/uploads\/2025\/04\/Marcelo-Diaz-garcia-Poetas-en-mayo-Espacio-Arte-La-Fundacion-2025.jpg 750w\" sizes=\"(max-width: 221px) 100vw, 221px\" \/><\/div><\/div><\/div><br \/>\n<div  class='avia-buttonrow-wrap av-m5w9s14j-c7b0ec791cc80fdad947b70e47403418 avia-buttonrow-center  avia-builder-el-19  el_after_av_image  avia-builder-el-last '>\n\n<style type=\"text\/css\" data-created_by=\"avia_inline_auto\" id=\"style-css-av-m5w9pox9-0e399f46f60afd3fbfb8d477c5eda25e\">\n#top #wrap_all .avia-button.av-m5w9pox9-0e399f46f60afd3fbfb8d477c5eda25e{\nmargin-bottom:5px;\nmargin-right:3px;\nmargin-left:3px;\n}\n<\/style>\n<a href='https:\/\/es.wikipedia.org\/wiki\/Marcelo_D%C3%ADaz_Garc%C3%ADa'  class='avia-button av-m5w9pox9-0e399f46f60afd3fbfb8d477c5eda25e avia-icon_select-yes-left-icon avia-size-small avia-color-theme-color'  target=\"_blank\"  rel=\"noopener noreferrer\"  aria-label=\"Web orrialdea\"><span class='avia_button_icon avia_button_icon_left avia-iconfont avia-font-entypo-fontello' data-av_icon='\ue822' data-av_iconfont='entypo-fontello' ><\/span><span class='avia_iconbox_title' >Web orrialdea<\/span><\/a>\n\n<style type=\"text\/css\" data-created_by=\"avia_inline_auto\" id=\"style-css-av-m5w9ryqv-2ec88af1fa04aa8350812607dfcdce92\">\n#top #wrap_all .avia-button.av-m5w9ryqv-2ec88af1fa04aa8350812607dfcdce92{\nmargin-bottom:5px;\nmargin-right:3px;\nmargin-left:3px;\n}\n<\/style>\n<a href='https:\/\/www.instagram.com\/marcelo_lignaria\/?api=postMessage'  class='avia-button av-m5w9ryqv-2ec88af1fa04aa8350812607dfcdce92 avia-icon_select-yes-left-icon avia-size-small avia-color-theme-color'  target=\"_blank\"  rel=\"noopener noreferrer\"  aria-label=\"Instagram\"><span class='avia_button_icon avia_button_icon_left avia-iconfont avia-font-entypo-fontello' data-av_icon='\uf16d' data-av_iconfont='entypo-fontello' ><\/span><span class='avia_iconbox_title' >Instagram<\/span><\/a>\n<\/div><\/p><\/div><div  class='flex_column av-3nj8egh-7991762b66f5aa0a9373e8d8fb3ee132 av_three_fifth  avia-builder-el-20  el_after_av_one_third  avia-builder-el-last  flex_column_div  column-top-margin'     ><section  class='av_textblock_section av-lgev15l1-0fb1e5ea9cf5ae818c6dea5850fd3e25 '   itemscope=\"itemscope\" itemtype=\"https:\/\/schema.org\/BlogPosting\" itemprop=\"blogPost\" ><div class='avia_textblock'  itemprop=\"text\" ><p><b><i>Marcelo D\u00edaz<\/i><\/b><\/p>\n<p>Irakasle eta Psikologian graduatua, Marcelo D\u00edaz duela 50 urte hasi zen eskultore lanetan, eta, aldi berean, lehen hezkuntzako maisu, Bigarren Hezkuntzako marrazketa irakasle eta hezkuntzako ikuskatzaile izan zen.<\/p>\n<p>Marcelorentzat eskultura eta poesia zuzenean lotuta daude, eta, beraz, bere eskultura asko bizipen berberak transmititzen dituzten poemetan inspiratuta daude.<\/p>\n<p>Eskulturan ez ezik, pinturan, eleberrian, antzerkian eta zineman ere aritu da artista.<\/p>\n<p>Poesiari dagokionez, Marcelok askotan praktikatzen du bere sentimenduekin eta bere konpromiso sozialarekin lotuta.<\/p>\n<p>Bere obra eskultorikoa, ordea, abstrakzioan eta edertasun plastikoan oinarritzen da, eta bere barneko bizipenekin lotzen du.<\/p>\n<p>Bere lanetako batzuk Espainiako hiri askotan erakutsi dira, Frantziara eta Estatu Batuetara iritsiz. Gainera, erakusketa kolektiboetan parte hartu du Frantzian, Belgikan, Italian, Polonian, Serbian eta Espainian.<\/p>\n<p>Horregatik guztiagatik, sari ugari jaso ditu, hala nola &#8220;Ciudad de Alcal\u00e1&#8221; poesia-saria eta Guadalajarako XVI. Eskultura Sari Nazionalean Zilarrezko Domina.<\/p>\n<\/div><\/section><\/div>\n<\/div><\/div><\/div><!-- close content main div --><\/div><\/div><div id='after_section_1'  class='main_color av_default_container_wrap container_wrap fullsize'  ><div class='container av-section-cont-open' ><div class='template-page content  av-content-full alpha units'><div class='post-entry post-entry-type-page post-entry-90720'><div class='entry-content-wrapper clearfix'>\n<div  class='hr av-12obbao-f827b0821c9dc969a9601d6da9adc09c hr-default  avia-builder-el-22  el_after_av_section  el_before_av_two_fifth  avia-builder-el-first '><span class='hr-inner '><span class=\"hr-inner-style\"><\/span><\/span><\/div>\n<div  class='flex_column av-17g74cw-0b4556a412451e3b3a851e0a1cdf1836 av_two_fifth  avia-builder-el-23  el_after_av_hr  el_before_av_three_fifth  first flex_column_div  '     ><style type=\"text\/css\" data-created_by=\"avia_inline_auto\" id=\"style-css-av-m62j4g-c9b8c19d4e928ade5d70471e7db07fef\">\n.avia-image-container.av-m62j4g-c9b8c19d4e928ade5d70471e7db07fef img.avia_image{\nbox-shadow:none;\n}\n.avia-image-container.av-m62j4g-c9b8c19d4e928ade5d70471e7db07fef .av-image-caption-overlay-center{\ncolor:#ffffff;\n}\n<\/style>\n<div  class='avia-image-container av-m62j4g-c9b8c19d4e928ade5d70471e7db07fef av-styling- avia-align-center  avia-builder-el-24  avia-builder-el-no-sibling '   itemprop=\"image\" itemscope=\"itemscope\" itemtype=\"https:\/\/schema.org\/ImageObject\" ><div class=\"avia-image-container-inner\"><div class=\"avia-image-overlay-wrap\"><img decoding=\"async\" fetchpriority=\"high\" class='wp-image-47168 avia-img-lazy-loading-not-47168 avia_image ' src=\"https:\/\/www.lafundacion.com\/wp-content\/uploads\/2022\/11\/Espacio-Arte-Noviembre-La-Fundacion-26.jpg\" alt='' title='Espacio Arte Noviembre La Fundaci\u00f3n-26'  height=\"500\" width=\"750\"  itemprop=\"thumbnailUrl\" srcset=\"https:\/\/www.lafundacion.com\/wp-content\/uploads\/2022\/11\/Espacio-Arte-Noviembre-La-Fundacion-26.jpg 750w, https:\/\/www.lafundacion.com\/wp-content\/uploads\/2022\/11\/Espacio-Arte-Noviembre-La-Fundacion-26-300x200.jpg 300w, https:\/\/www.lafundacion.com\/wp-content\/uploads\/2022\/11\/Espacio-Arte-Noviembre-La-Fundacion-26-705x470.jpg 705w\" sizes=\"(max-width: 750px) 100vw, 750px\" \/><\/div><\/div><\/div><\/div>\n<div  class='flex_column av-1akexku-6e1bf75fa1060157e7498beef1f8dd36 av_three_fifth  avia-builder-el-25  el_after_av_two_fifth  el_before_av_hr  flex_column_div  '     ><p><section  class='av_textblock_section av-l1uj5dha-6fdb57b8c89b5d1882365ee5e3b08a54 '   itemscope=\"itemscope\" itemtype=\"https:\/\/schema.org\/BlogPosting\" itemprop=\"blogPost\" ><div class='avia_textblock'  itemprop=\"text\" ><p>Azkenik, musika bikote batekin gozatuko dugu. Gasteizko <strong>Jesus Guridi Musika Kontserbatorioarekin<\/strong> agoran lortutako akordioari esker joko dute zuzenean.<\/p>\n<div class=\"row\">\n<div class=\"col-md-12 col-xs-12\">Kontserbatorioko ikasleak dira, eta hainbat musika-lan joko dituzte gitarrarekin.<\/div>\n<\/div>\n<\/div><\/section><br \/>\n\n<style type=\"text\/css\" data-created_by=\"avia_inline_auto\" id=\"style-css-av-1ma6eim-f463779a41766e162cb675ffc668a35c\">\n.avia-image-container.av-1ma6eim-f463779a41766e162cb675ffc668a35c img.avia_image{\nbox-shadow:none;\n}\n.avia-image-container.av-1ma6eim-f463779a41766e162cb675ffc668a35c .av-image-caption-overlay-center{\ncolor:#ffffff;\n}\n<\/style>\n<div  class='avia-image-container av-1ma6eim-f463779a41766e162cb675ffc668a35c av-styling- av-img-linked avia-align-center  avia-builder-el-27  el_after_av_textblock  el_before_av_textblock '   itemprop=\"image\" itemscope=\"itemscope\" itemtype=\"https:\/\/schema.org\/ImageObject\" ><div class=\"avia-image-container-inner\"><div class=\"avia-image-overlay-wrap\"><a href=\"https:\/\/conservatoriovitoria.com\/index.php\/eu\/\" class='avia_image '  target=\"_blank\"  rel=\"noopener noreferrer\" aria-label='logo-conservatorio-jesus-guridi-vitoria-gasteiz'><img decoding=\"async\" fetchpriority=\"high\" class='wp-image-33676 avia-img-lazy-loading-not-33676 avia_image ' src=\"https:\/\/www.lafundacion.com\/wp-content\/uploads\/2022\/04\/logo-conservatorio-jesus-guridi-vitoria-gasteiz.png\" alt='logo conservatorio de m\u00fasica Vitoria con La Fundaci\u00f3n' title='logo-conservatorio-jesus-guridi-vitoria-gasteiz'  height=\"105\" width=\"173\"  itemprop=\"thumbnailUrl\"  \/><\/a><\/div><\/div><\/div><br \/>\n<section  class='av_textblock_section av-lgezfsiz-bcc5b55e620a9c370b35d4a3ae732e18 '   itemscope=\"itemscope\" itemtype=\"https:\/\/schema.org\/BlogPosting\" itemprop=\"blogPost\" ><div class='avia_textblock'  itemprop=\"text\" ><p>&#8220;La Fundaci\u00f3n San Prudencio&#8221; eta <a class=\"_ps2id\" href=\"https:\/\/www.conservatoriovitoria.com\/index.php?lang=eu\" data-ps2id-offset=\"\">CM Jes\u00fas Guridi MK Kontserbatorioaren<\/a> arteko lankidetza-hitzarmena.<\/p>\n<\/div><\/section><\/p><\/div><div  class='hr av-uc2uoh-acc4220f5fc5f53cf5e7b129943b2608 hr-default  avia-builder-el-29  el_after_av_three_fifth  el_before_av_section  avia-builder-el-last '><span class='hr-inner '><span class=\"hr-inner-style\"><\/span><\/span><\/div><\/p>\n<\/div><\/div><\/div><!-- close content main div --><\/div><\/div><div id='av_section_2'  class='avia-section av-1yybgep-9a7de1dc3b2ab920f911a06f6f8cffa4 main_color avia-section-default avia-no-border-styling  avia-builder-el-30  el_after_av_hr  el_before_av_section  avia-bg-style-scroll container_wrap fullsize'  ><div class='container av-section-cont-open' ><div class='template-page content  av-content-full alpha units'><div class='post-entry post-entry-type-page post-entry-90720'><div class='entry-content-wrapper clearfix'>\n<\/div><\/div><\/div><!-- close content main div --><\/div><\/div>\n<style type=\"text\/css\" data-created_by=\"avia_inline_auto\" id=\"style-css-av-1rjpjpt-b21d4457a03eb779954d4592fd75ba1a\">\n.avia-section.av-1rjpjpt-b21d4457a03eb779954d4592fd75ba1a{\nbackground-color:#009fe3;\nbackground-image:unset;\n}\n<\/style>\n<div id='av_section_3'  class='avia-section av-1rjpjpt-b21d4457a03eb779954d4592fd75ba1a main_color avia-section-default avia-no-border-styling  avia-builder-el-31  el_after_av_section  avia-builder-el-last  avia-bg-style-scroll container_wrap fullsize'  ><div class='container av-section-cont-open' ><div class='template-page content  av-content-full alpha units'><div class='post-entry post-entry-type-page post-entry-90720'><div class='entry-content-wrapper clearfix'>\n<section  class='av_textblock_section av-48p4ep-ff70f10240802789e2aaad2ce4ff1669 '   itemscope=\"itemscope\" itemtype=\"https:\/\/schema.org\/BlogPosting\" itemprop=\"blogPost\" ><div class='avia_textblock'  itemprop=\"text\" ><p><span style=\"color: #ffffff;\">Norbait ezagutzen baduzu edo zuk zeuk argazkiak, ilustrazioak, musika, pintura, poesia, antzerkia, dantza, bakarrizketak eta abar egiten badituzu eta zure artea erakutsi edo zure lanak erakutsi nahi badituzu, jar zaitez harremanetan San Prudentzio Fundazioarekin 945 222 900 telefonoan edo bidali zure posta elektronikoa info@lafundacion.com helbidera.<\/span><\/p>\n<\/div><\/section>\n<div  class='avia-button-wrap av-ngej0x-c64ed7a7feed8d07bbb7c7b6cd706869-wrap avia-button-center  avia-builder-el-33  el_after_av_textblock  avia-builder-el-last '><a href='https:\/\/www.lafundacion.com\/eu\/pertsonak\/espacio-arte-gunea\/'  class='avia-button av-ngej0x-c64ed7a7feed8d07bbb7c7b6cd706869 av-link-btn avia-icon_select-yes-left-icon avia-size-medium avia-position-center avia-color-grey'   aria-label=\"&quot;Espacio arte&quot;-rako artista gisa aurkezteari buruzko informazio gehiago\"><span class='avia_button_icon avia_button_icon_left avia-iconfont avia-font-entypo-fontello' data-av_icon='\ue81e' data-av_iconfont='entypo-fontello' ><\/span><span class='avia_iconbox_title' >&quot;Espacio arte&quot;-rako artista gisa aurkezteari buruzko informazio gehiago<\/span><\/a><\/div>\n\n","protected":false},"excerpt":{"rendered":"","protected":false},"author":2,"featured_media":90731,"comment_status":"closed","ping_status":"closed","sticky":false,"template":"","format":"standard","meta":{"_acf_changed":false,"footnotes":""},"categories":[93],"tags":[431,662,474,473,428,534,462,536,754,753,535],"class_list":["post-90720","post","type-post","status-publish","format-standard","has-post-thumbnail","hentry","category-noticias-eu","tag-artistas-vitoria-eu","tag-emakume-artistak","tag-erakusketa","tag-espacio-arte-la-fundacion-eu","tag-exposicion-vitoria-eu","tag-gasteizko-ekitaldia","tag-gasteizko-erakusketa","tag-obra-arte-eu","tag-poesia-eu","tag-poetak-maiatzean","tag-zuzeneko-musika"],"acf":[],"yoast_head":"<!-- This site is optimized with the Yoast SEO plugin v27.4 - https:\/\/yoast.com\/product\/yoast-seo-wordpress\/ -->\r\n<title>La Fundaci\u00f3n-en &quot;Espacio Arte&quot; ekitaldia, 2025eko maiatza &#187; La Fundaci\u00f3n San Prudencio<\/title>\r\n<meta name=\"description\" content=\"&quot;Espacio Arte&quot;-n erakusketa berria. Martxoaren13an, erakusketa, liburu aurkezpena eta zuzeneko musika izango dira\" \/>\r\n<meta name=\"robots\" content=\"index, follow, max-snippet:-1, max-image-preview:large, max-video-preview:-1\" \/>\r\n<link rel=\"canonical\" href=\"https:\/\/www.lafundacion.com\/noticias\/evento-espacio-arte-de-mayo-2025-de-la-fundacion\/\" \/>\r\n<meta property=\"og:locale\" content=\"eu_ES\" \/>\r\n<meta property=\"og:type\" content=\"article\" \/>\r\n<meta property=\"og:title\" content=\"2025eko maiatzako Espacio Arte erakusketa berria La Fundaci\u00f3nen\" \/>\r\n<meta property=\"og:description\" content=\"&quot;Espacio Arte&quot;-n erakusketa berria. Martxoaren13an, erakusketa, liburu aurkezpena eta zuzeneko musika izango dira\" \/>\r\n<meta property=\"og:url\" content=\"https:\/\/www.lafundacion.com\/noticias\/evento-espacio-arte-de-mayo-2025-de-la-fundacion\/\" \/>\r\n<meta property=\"og:site_name\" content=\"La Fundaci\u00f3n San Prudencio\" \/>\r\n<meta property=\"article:published_time\" content=\"2025-04-14T10:24:19+00:00\" \/>\r\n<meta property=\"article:modified_time\" content=\"2025-05-06T16:29:50+00:00\" \/>\r\n<meta property=\"og:image\" content=\"https:\/\/www.lafundacion.com\/wp-content\/uploads\/2024\/10\/Perfil-Alba-Tojo-exposicion-Espacio-Arte-La-Fundacion-San-Prudencio.jpg\" \/>\r\n\t<meta property=\"og:image:width\" content=\"750\" \/>\r\n\t<meta property=\"og:image:height\" content=\"500\" \/>\r\n\t<meta property=\"og:image:type\" content=\"image\/jpeg\" \/>\r\n<meta name=\"author\" content=\"La Fundaci\u00f3n San Prudencio\" \/>\r\n<meta name=\"twitter:card\" content=\"summary_large_image\" \/>\r\n<meta name=\"twitter:title\" content=\"&quot;Espacio arte&quot;-ren ekitaldi berria Maiatzan&quot;La Fundacion&quot;en\" \/>\r\n<meta name=\"twitter:image\" content=\"https:\/\/www.lafundacion.com\/wp-content\/uploads\/2024\/10\/Perfil-Alba-Tojo-exposicion-Espacio-Arte-La-Fundacion-San-Prudencio.jpg\" \/>\r\n<meta name=\"twitter:label1\" content=\"Written by\" \/>\n\t<meta name=\"twitter:data1\" content=\"La Fundaci\u00f3n San Prudencio\" \/>\n\t<meta name=\"twitter:label2\" content=\"Est. reading time\" \/>\n\t<meta name=\"twitter:data2\" content=\"5 minutes\" \/>\r\n<script type=\"application\/ld+json\" class=\"yoast-schema-graph\">{\"@context\":\"https:\\\/\\\/schema.org\",\"@graph\":[{\"@type\":\"Article\",\"@id\":\"https:\\\/\\\/www.lafundacion.com\\\/noticias\\\/evento-espacio-arte-de-mayo-2025-de-la-fundacion\\\/#article\",\"isPartOf\":{\"@id\":\"https:\\\/\\\/www.lafundacion.com\\\/noticias\\\/evento-espacio-arte-de-mayo-2025-de-la-fundacion\\\/\"},\"author\":{\"name\":\"La Fundaci\u00f3n San Prudencio\",\"@id\":\"https:\\\/\\\/www.lafundacion.com\\\/#\\\/schema\\\/person\\\/39119d98dad187760c7ba6ffe0d62170\"},\"headline\":\"La Fundaci\u00f3n-en &#8220;Espacio Arte&#8221; ekitaldia, 2025eko maiatza\",\"datePublished\":\"2025-04-14T10:24:19+00:00\",\"dateModified\":\"2025-05-06T16:29:50+00:00\",\"mainEntityOfPage\":{\"@id\":\"https:\\\/\\\/www.lafundacion.com\\\/noticias\\\/evento-espacio-arte-de-mayo-2025-de-la-fundacion\\\/\"},\"wordCount\":6317,\"publisher\":{\"@id\":\"https:\\\/\\\/www.lafundacion.com\\\/#organization\"},\"image\":{\"@id\":\"https:\\\/\\\/www.lafundacion.com\\\/noticias\\\/evento-espacio-arte-de-mayo-2025-de-la-fundacion\\\/#primaryimage\"},\"thumbnailUrl\":\"https:\\\/\\\/www.lafundacion.com\\\/wp-content\\\/uploads\\\/2025\\\/04\\\/exposicion-foto-cuadros-poetas-en-mayo-Espacio-Arte-La-Fundacion-2025.jpg\",\"keywords\":[\"artistas Vitoria\",\"emakume artistak\",\"ERAKUSKETA\",\"Espacio Arte La Fundaci\u00f3n\",\"exposici\u00f3n Vitoria\",\"gasteizko ekitaldia\",\"Gasteizko erakusketa\",\"obra arte\",\"poes\u00eda\",\"poetak maiatzean\",\"zuzeneko musika\"],\"articleSection\":[\"Noticias\"],\"inLanguage\":\"eu-ES\"},{\"@type\":\"WebPage\",\"@id\":\"https:\\\/\\\/www.lafundacion.com\\\/noticias\\\/evento-espacio-arte-de-mayo-2025-de-la-fundacion\\\/\",\"url\":\"https:\\\/\\\/www.lafundacion.com\\\/noticias\\\/evento-espacio-arte-de-mayo-2025-de-la-fundacion\\\/\",\"name\":\"La Fundaci\u00f3n-en \\\"Espacio Arte\\\" ekitaldia, 2025eko maiatza &#187; La Fundaci\u00f3n San Prudencio\",\"isPartOf\":{\"@id\":\"https:\\\/\\\/www.lafundacion.com\\\/#website\"},\"primaryImageOfPage\":{\"@id\":\"https:\\\/\\\/www.lafundacion.com\\\/noticias\\\/evento-espacio-arte-de-mayo-2025-de-la-fundacion\\\/#primaryimage\"},\"image\":{\"@id\":\"https:\\\/\\\/www.lafundacion.com\\\/noticias\\\/evento-espacio-arte-de-mayo-2025-de-la-fundacion\\\/#primaryimage\"},\"thumbnailUrl\":\"https:\\\/\\\/www.lafundacion.com\\\/wp-content\\\/uploads\\\/2025\\\/04\\\/exposicion-foto-cuadros-poetas-en-mayo-Espacio-Arte-La-Fundacion-2025.jpg\",\"datePublished\":\"2025-04-14T10:24:19+00:00\",\"dateModified\":\"2025-05-06T16:29:50+00:00\",\"description\":\"\\\"Espacio Arte\\\"-n erakusketa berria. Martxoaren13an, erakusketa, liburu aurkezpena eta zuzeneko musika izango dira\",\"breadcrumb\":{\"@id\":\"https:\\\/\\\/www.lafundacion.com\\\/noticias\\\/evento-espacio-arte-de-mayo-2025-de-la-fundacion\\\/#breadcrumb\"},\"inLanguage\":\"eu-ES\",\"potentialAction\":[{\"@type\":\"ReadAction\",\"target\":[\"https:\\\/\\\/www.lafundacion.com\\\/noticias\\\/evento-espacio-arte-de-mayo-2025-de-la-fundacion\\\/\"]}]},{\"@type\":\"ImageObject\",\"inLanguage\":\"eu-ES\",\"@id\":\"https:\\\/\\\/www.lafundacion.com\\\/noticias\\\/evento-espacio-arte-de-mayo-2025-de-la-fundacion\\\/#primaryimage\",\"url\":\"https:\\\/\\\/www.lafundacion.com\\\/wp-content\\\/uploads\\\/2025\\\/04\\\/exposicion-foto-cuadros-poetas-en-mayo-Espacio-Arte-La-Fundacion-2025.jpg\",\"contentUrl\":\"https:\\\/\\\/www.lafundacion.com\\\/wp-content\\\/uploads\\\/2025\\\/04\\\/exposicion-foto-cuadros-poetas-en-mayo-Espacio-Arte-La-Fundacion-2025.jpg\",\"width\":750,\"height\":398},{\"@type\":\"BreadcrumbList\",\"@id\":\"https:\\\/\\\/www.lafundacion.com\\\/noticias\\\/evento-espacio-arte-de-mayo-2025-de-la-fundacion\\\/#breadcrumb\",\"itemListElement\":[{\"@type\":\"ListItem\",\"position\":1,\"name\":\"Portada\",\"item\":\"https:\\\/\\\/www.lafundacion.com\\\/eu\\\/hasiera\\\/\"},{\"@type\":\"ListItem\",\"position\":2,\"name\":\"La Fundaci\u00f3n-en \u00abEspacio Arte\u00bb ekitaldia, 2025eko maiatza\"}]},{\"@type\":\"WebSite\",\"@id\":\"https:\\\/\\\/www.lafundacion.com\\\/#website\",\"url\":\"https:\\\/\\\/www.lafundacion.com\\\/\",\"name\":\"La Fundaci\u00f3n San Prudencio\",\"description\":\"La Fundaci\u00f3n Laboral San Prudencio en Vitoria-Gasteiz\",\"publisher\":{\"@id\":\"https:\\\/\\\/www.lafundacion.com\\\/#organization\"},\"potentialAction\":[{\"@type\":\"SearchAction\",\"target\":{\"@type\":\"EntryPoint\",\"urlTemplate\":\"https:\\\/\\\/www.lafundacion.com\\\/?s={search_term_string}\"},\"query-input\":{\"@type\":\"PropertyValueSpecification\",\"valueRequired\":true,\"valueName\":\"search_term_string\"}}],\"inLanguage\":\"eu-ES\"},{\"@type\":\"Organization\",\"@id\":\"https:\\\/\\\/www.lafundacion.com\\\/#organization\",\"name\":\"La Fundaci\u00f3n San Prudencio\",\"url\":\"https:\\\/\\\/www.lafundacion.com\\\/\",\"logo\":{\"@type\":\"ImageObject\",\"inLanguage\":\"eu-ES\",\"@id\":\"https:\\\/\\\/www.lafundacion.com\\\/#\\\/schema\\\/logo\\\/image\\\/\",\"url\":\"https:\\\/\\\/www.lafundacion.com\\\/wp-content\\\/uploads\\\/2020\\\/03\\\/logo-la-fundacion.png\",\"contentUrl\":\"https:\\\/\\\/www.lafundacion.com\\\/wp-content\\\/uploads\\\/2020\\\/03\\\/logo-la-fundacion.png\",\"width\":323,\"height\":129,\"caption\":\"La Fundaci\u00f3n San Prudencio\"},\"image\":{\"@id\":\"https:\\\/\\\/www.lafundacion.com\\\/#\\\/schema\\\/logo\\\/image\\\/\"}},{\"@type\":\"Person\",\"@id\":\"https:\\\/\\\/www.lafundacion.com\\\/#\\\/schema\\\/person\\\/39119d98dad187760c7ba6ffe0d62170\",\"name\":\"La Fundaci\u00f3n San Prudencio\",\"image\":{\"@type\":\"ImageObject\",\"inLanguage\":\"eu-ES\",\"@id\":\"https:\\\/\\\/secure.gravatar.com\\\/avatar\\\/0c3b0b5573637a9c53bbefa7ba0c7deb19d94f60a43f46e0300cd05fc3625862?s=96&d=mm&r=g\",\"url\":\"https:\\\/\\\/secure.gravatar.com\\\/avatar\\\/0c3b0b5573637a9c53bbefa7ba0c7deb19d94f60a43f46e0300cd05fc3625862?s=96&d=mm&r=g\",\"contentUrl\":\"https:\\\/\\\/secure.gravatar.com\\\/avatar\\\/0c3b0b5573637a9c53bbefa7ba0c7deb19d94f60a43f46e0300cd05fc3625862?s=96&d=mm&r=g\",\"caption\":\"La Fundaci\u00f3n San Prudencio\"}}]}<\/script>\r\n<!-- \/ Yoast SEO plugin. -->","yoast_head_json":{"title":"La Fundaci\u00f3n-en \"Espacio Arte\" ekitaldia, 2025eko maiatza &#187; La Fundaci\u00f3n San Prudencio","description":"\"Espacio Arte\"-n erakusketa berria. Martxoaren13an, erakusketa, liburu aurkezpena eta zuzeneko musika izango dira","robots":{"index":"index","follow":"follow","max-snippet":"max-snippet:-1","max-image-preview":"max-image-preview:large","max-video-preview":"max-video-preview:-1"},"canonical":"https:\/\/www.lafundacion.com\/noticias\/evento-espacio-arte-de-mayo-2025-de-la-fundacion\/","og_locale":"eu_ES","og_type":"article","og_title":"2025eko maiatzako Espacio Arte erakusketa berria La Fundaci\u00f3nen","og_description":"\"Espacio Arte\"-n erakusketa berria. Martxoaren13an, erakusketa, liburu aurkezpena eta zuzeneko musika izango dira","og_url":"https:\/\/www.lafundacion.com\/noticias\/evento-espacio-arte-de-mayo-2025-de-la-fundacion\/","og_site_name":"La Fundaci\u00f3n San Prudencio","article_published_time":"2025-04-14T10:24:19+00:00","article_modified_time":"2025-05-06T16:29:50+00:00","og_image":[{"width":750,"height":500,"url":"https:\/\/www.lafundacion.com\/wp-content\/uploads\/2024\/10\/Perfil-Alba-Tojo-exposicion-Espacio-Arte-La-Fundacion-San-Prudencio.jpg","type":"image\/jpeg"}],"author":"La Fundaci\u00f3n San Prudencio","twitter_card":"summary_large_image","twitter_title":"\"Espacio arte\"-ren ekitaldi berria Maiatzan\"La Fundacion\"en","twitter_image":"https:\/\/www.lafundacion.com\/wp-content\/uploads\/2024\/10\/Perfil-Alba-Tojo-exposicion-Espacio-Arte-La-Fundacion-San-Prudencio.jpg","twitter_misc":{"Written by":"La Fundaci\u00f3n San Prudencio","Est. reading time":"5 minutes"},"schema":{"@context":"https:\/\/schema.org","@graph":[{"@type":"Article","@id":"https:\/\/www.lafundacion.com\/noticias\/evento-espacio-arte-de-mayo-2025-de-la-fundacion\/#article","isPartOf":{"@id":"https:\/\/www.lafundacion.com\/noticias\/evento-espacio-arte-de-mayo-2025-de-la-fundacion\/"},"author":{"name":"La Fundaci\u00f3n San Prudencio","@id":"https:\/\/www.lafundacion.com\/#\/schema\/person\/39119d98dad187760c7ba6ffe0d62170"},"headline":"La Fundaci\u00f3n-en &#8220;Espacio Arte&#8221; ekitaldia, 2025eko maiatza","datePublished":"2025-04-14T10:24:19+00:00","dateModified":"2025-05-06T16:29:50+00:00","mainEntityOfPage":{"@id":"https:\/\/www.lafundacion.com\/noticias\/evento-espacio-arte-de-mayo-2025-de-la-fundacion\/"},"wordCount":6317,"publisher":{"@id":"https:\/\/www.lafundacion.com\/#organization"},"image":{"@id":"https:\/\/www.lafundacion.com\/noticias\/evento-espacio-arte-de-mayo-2025-de-la-fundacion\/#primaryimage"},"thumbnailUrl":"https:\/\/www.lafundacion.com\/wp-content\/uploads\/2025\/04\/exposicion-foto-cuadros-poetas-en-mayo-Espacio-Arte-La-Fundacion-2025.jpg","keywords":["artistas Vitoria","emakume artistak","ERAKUSKETA","Espacio Arte La Fundaci\u00f3n","exposici\u00f3n Vitoria","gasteizko ekitaldia","Gasteizko erakusketa","obra arte","poes\u00eda","poetak maiatzean","zuzeneko musika"],"articleSection":["Noticias"],"inLanguage":"eu-ES"},{"@type":"WebPage","@id":"https:\/\/www.lafundacion.com\/noticias\/evento-espacio-arte-de-mayo-2025-de-la-fundacion\/","url":"https:\/\/www.lafundacion.com\/noticias\/evento-espacio-arte-de-mayo-2025-de-la-fundacion\/","name":"La Fundaci\u00f3n-en \"Espacio Arte\" ekitaldia, 2025eko maiatza &#187; La Fundaci\u00f3n San Prudencio","isPartOf":{"@id":"https:\/\/www.lafundacion.com\/#website"},"primaryImageOfPage":{"@id":"https:\/\/www.lafundacion.com\/noticias\/evento-espacio-arte-de-mayo-2025-de-la-fundacion\/#primaryimage"},"image":{"@id":"https:\/\/www.lafundacion.com\/noticias\/evento-espacio-arte-de-mayo-2025-de-la-fundacion\/#primaryimage"},"thumbnailUrl":"https:\/\/www.lafundacion.com\/wp-content\/uploads\/2025\/04\/exposicion-foto-cuadros-poetas-en-mayo-Espacio-Arte-La-Fundacion-2025.jpg","datePublished":"2025-04-14T10:24:19+00:00","dateModified":"2025-05-06T16:29:50+00:00","description":"\"Espacio Arte\"-n erakusketa berria. Martxoaren13an, erakusketa, liburu aurkezpena eta zuzeneko musika izango dira","breadcrumb":{"@id":"https:\/\/www.lafundacion.com\/noticias\/evento-espacio-arte-de-mayo-2025-de-la-fundacion\/#breadcrumb"},"inLanguage":"eu-ES","potentialAction":[{"@type":"ReadAction","target":["https:\/\/www.lafundacion.com\/noticias\/evento-espacio-arte-de-mayo-2025-de-la-fundacion\/"]}]},{"@type":"ImageObject","inLanguage":"eu-ES","@id":"https:\/\/www.lafundacion.com\/noticias\/evento-espacio-arte-de-mayo-2025-de-la-fundacion\/#primaryimage","url":"https:\/\/www.lafundacion.com\/wp-content\/uploads\/2025\/04\/exposicion-foto-cuadros-poetas-en-mayo-Espacio-Arte-La-Fundacion-2025.jpg","contentUrl":"https:\/\/www.lafundacion.com\/wp-content\/uploads\/2025\/04\/exposicion-foto-cuadros-poetas-en-mayo-Espacio-Arte-La-Fundacion-2025.jpg","width":750,"height":398},{"@type":"BreadcrumbList","@id":"https:\/\/www.lafundacion.com\/noticias\/evento-espacio-arte-de-mayo-2025-de-la-fundacion\/#breadcrumb","itemListElement":[{"@type":"ListItem","position":1,"name":"Portada","item":"https:\/\/www.lafundacion.com\/eu\/hasiera\/"},{"@type":"ListItem","position":2,"name":"La Fundaci\u00f3n-en \u00abEspacio Arte\u00bb ekitaldia, 2025eko maiatza"}]},{"@type":"WebSite","@id":"https:\/\/www.lafundacion.com\/#website","url":"https:\/\/www.lafundacion.com\/","name":"La Fundaci\u00f3n San Prudencio","description":"La Fundaci\u00f3n Laboral San Prudencio en Vitoria-Gasteiz","publisher":{"@id":"https:\/\/www.lafundacion.com\/#organization"},"potentialAction":[{"@type":"SearchAction","target":{"@type":"EntryPoint","urlTemplate":"https:\/\/www.lafundacion.com\/?s={search_term_string}"},"query-input":{"@type":"PropertyValueSpecification","valueRequired":true,"valueName":"search_term_string"}}],"inLanguage":"eu-ES"},{"@type":"Organization","@id":"https:\/\/www.lafundacion.com\/#organization","name":"La Fundaci\u00f3n San Prudencio","url":"https:\/\/www.lafundacion.com\/","logo":{"@type":"ImageObject","inLanguage":"eu-ES","@id":"https:\/\/www.lafundacion.com\/#\/schema\/logo\/image\/","url":"https:\/\/www.lafundacion.com\/wp-content\/uploads\/2020\/03\/logo-la-fundacion.png","contentUrl":"https:\/\/www.lafundacion.com\/wp-content\/uploads\/2020\/03\/logo-la-fundacion.png","width":323,"height":129,"caption":"La Fundaci\u00f3n San Prudencio"},"image":{"@id":"https:\/\/www.lafundacion.com\/#\/schema\/logo\/image\/"}},{"@type":"Person","@id":"https:\/\/www.lafundacion.com\/#\/schema\/person\/39119d98dad187760c7ba6ffe0d62170","name":"La Fundaci\u00f3n San Prudencio","image":{"@type":"ImageObject","inLanguage":"eu-ES","@id":"https:\/\/secure.gravatar.com\/avatar\/0c3b0b5573637a9c53bbefa7ba0c7deb19d94f60a43f46e0300cd05fc3625862?s=96&d=mm&r=g","url":"https:\/\/secure.gravatar.com\/avatar\/0c3b0b5573637a9c53bbefa7ba0c7deb19d94f60a43f46e0300cd05fc3625862?s=96&d=mm&r=g","contentUrl":"https:\/\/secure.gravatar.com\/avatar\/0c3b0b5573637a9c53bbefa7ba0c7deb19d94f60a43f46e0300cd05fc3625862?s=96&d=mm&r=g","caption":"La Fundaci\u00f3n San Prudencio"}}]}},"_links":{"self":[{"href":"https:\/\/www.lafundacion.com\/eu\/wp-json\/wp\/v2\/posts\/90720","targetHints":{"allow":["GET"]}}],"collection":[{"href":"https:\/\/www.lafundacion.com\/eu\/wp-json\/wp\/v2\/posts"}],"about":[{"href":"https:\/\/www.lafundacion.com\/eu\/wp-json\/wp\/v2\/types\/post"}],"author":[{"embeddable":true,"href":"https:\/\/www.lafundacion.com\/eu\/wp-json\/wp\/v2\/users\/2"}],"replies":[{"embeddable":true,"href":"https:\/\/www.lafundacion.com\/eu\/wp-json\/wp\/v2\/comments?post=90720"}],"version-history":[{"count":14,"href":"https:\/\/www.lafundacion.com\/eu\/wp-json\/wp\/v2\/posts\/90720\/revisions"}],"predecessor-version":[{"id":92676,"href":"https:\/\/www.lafundacion.com\/eu\/wp-json\/wp\/v2\/posts\/90720\/revisions\/92676"}],"wp:featuredmedia":[{"embeddable":true,"href":"https:\/\/www.lafundacion.com\/eu\/wp-json\/wp\/v2\/media\/90731"}],"wp:attachment":[{"href":"https:\/\/www.lafundacion.com\/eu\/wp-json\/wp\/v2\/media?parent=90720"}],"wp:term":[{"taxonomy":"category","embeddable":true,"href":"https:\/\/www.lafundacion.com\/eu\/wp-json\/wp\/v2\/categories?post=90720"},{"taxonomy":"post_tag","embeddable":true,"href":"https:\/\/www.lafundacion.com\/eu\/wp-json\/wp\/v2\/tags?post=90720"}],"curies":[{"name":"wp","href":"https:\/\/api.w.org\/{rel}","templated":true}]}}