{"id":88312,"date":"2025-03-07T13:19:59","date_gmt":"2025-03-07T12:19:59","guid":{"rendered":"https:\/\/www.lafundacion.com\/?p=88312"},"modified":"2025-03-13T20:08:38","modified_gmt":"2025-03-13T19:08:38","slug":"espacio-artearen-ekitaldia-2025ko-martxoa-2","status":"publish","type":"post","link":"https:\/\/www.lafundacion.com\/eu\/noticias-eu\/espacio-artearen-ekitaldia-2025ko-martxoa-2\/","title":{"rendered":"La Fundaci\u00f3n-en &#8220;Espacio Arte&#8221; ekitaldia, 2025eko martxoa"},"content":{"rendered":"<div id='full_slider_1'  class='avia-fullwidth-slider main_color avia-shadow   avia-builder-el-0  el_before_av_one_full  avia-builder-el-first   container_wrap fullsize'  ><div  class='avia-slideshow av-l1vxl7ni-fe1dc6d4bc6e8cf36a68643d02f94c08 avia-slideshow-featured av_slideshow_full avia-slide-slider av-slideshow-ui av-control-default av-slideshow-manual av-loop-once av-loop-manual-endless av-default-height-applied   avia-slideshow-1' data-slideshow-options=\"{&quot;animation&quot;:&quot;slide&quot;,&quot;autoplay&quot;:false,&quot;loop_autoplay&quot;:&quot;once&quot;,&quot;interval&quot;:5,&quot;loop_manual&quot;:&quot;manual-endless&quot;,&quot;autoplay_stopper&quot;:false,&quot;noNavigation&quot;:false,&quot;bg_slider&quot;:false,&quot;keep_padding&quot;:false,&quot;hoverpause&quot;:false,&quot;show_slide_delay&quot;:0}\"  itemprop=\"image\" itemscope=\"itemscope\" itemtype=\"https:\/\/schema.org\/ImageObject\" ><ul class='avia-slideshow-inner ' style='padding-bottom: 28.666666666667%;'><li  class='avia-slideshow-slide av-l1vxl7ni-fe1dc6d4bc6e8cf36a68643d02f94c08__0  av-single-slide slide-1 slide-odd'><div data-rel='slideshow-1' class='avia-slide-wrap '   ><div class='av-slideshow-caption av-l1vxl7ni-fe1dc6d4bc6e8cf36a68643d02f94c08__0 caption_fullwidth caption_left caption_left_framed caption_framed'><div class=\"container caption_container\"><div class=\"slideshow_caption\"><div class=\"slideshow_inner_caption\"><div class=\"slideshow_align_caption\"><h2 class='avia-caption-title '  itemprop=\"name\" >\"Espacio Arte\" martxoak 13, 19etan<\/h2><\/div><\/div><\/div><\/div><\/div><img decoding=\"async\" fetchpriority=\"high\" class=\"wp-image-87528 avia-img-lazy-loading-not-87528\"  src=\"https:\/\/www.lafundacion.com\/wp-content\/uploads\/2025\/03\/banner-espacio-arte-marzo-2025.jpg\" width=\"1500\" height=\"430\" title='banner-espacio-arte-marzo-2025' alt=''  itemprop=\"thumbnailUrl\" srcset=\"https:\/\/www.lafundacion.com\/wp-content\/uploads\/2025\/03\/banner-espacio-arte-marzo-2025.jpg 1500w, https:\/\/www.lafundacion.com\/wp-content\/uploads\/2025\/03\/banner-espacio-arte-marzo-2025-300x86.jpg 300w, https:\/\/www.lafundacion.com\/wp-content\/uploads\/2025\/03\/banner-espacio-arte-marzo-2025-1030x295.jpg 1030w, https:\/\/www.lafundacion.com\/wp-content\/uploads\/2025\/03\/banner-espacio-arte-marzo-2025-768x220.jpg 768w, https:\/\/www.lafundacion.com\/wp-content\/uploads\/2025\/03\/banner-espacio-arte-marzo-2025-705x202.jpg 705w\" sizes=\"(max-width: 1500px) 100vw, 1500px\" \/><\/div><\/li><\/ul><\/div><\/div><div id='after_full_slider_1'  class='main_color av_default_container_wrap container_wrap fullsize'  ><div class='container av-section-cont-open' ><div class='template-page content  av-content-full alpha units'><div class='post-entry post-entry-type-page post-entry-88312'><div class='entry-content-wrapper clearfix'>\n<div  class='flex_column av-2wkkjku-e895f6c18e752d8ea7bbd8a9680f84fe av_one_full  avia-builder-el-1  el_after_av_slideshow_full  el_before_av_hr  avia-builder-el-first  first flex_column_div  '     ><section  class='av_textblock_section av-l1ukkp2p-f45a494e976a0c3e9ca3a0b1ce36e552 '   itemscope=\"itemscope\" itemtype=\"https:\/\/schema.org\/BlogPosting\" itemprop=\"blogPost\" ><div class='avia_textblock'  itemprop=\"text\" ><h1 style=\"text-align: center;\">MARTXOAREN 13AN ESPACIO ARTEKO EKITALDI BERRI BATEZ GOZATUKO DUGU, ERAKUSKETA, LIBURU AURKEZPENA ETA ZUZENEKO MUSIKA EMANALDIAREKIN<\/h1>\n<h4 style=\"text-align: center;\"><\/h4>\n<\/div><\/section><\/div>\n<div  class='hr av-21od3zk-b4ca7628caacf685a02b86a0bcc4a1f2 hr-default  avia-builder-el-3  el_after_av_one_full  el_before_av_three_fifth '><span class='hr-inner '><span class=\"hr-inner-style\"><\/span><\/span><\/div>\n<div  class='flex_column av-1jnrhkg-0e9db24d65bca9de0aed6813f34a96f8 av_three_fifth  avia-builder-el-4  el_after_av_hr  el_before_av_two_fifth  first flex_column_div  '     ><section  class='av_textblock_section av-lex0cv44-e011ef85334a148daaa3ed0064a2cf43 '   itemscope=\"itemscope\" itemtype=\"https:\/\/schema.org\/BlogPosting\" itemprop=\"blogPost\" ><div class='avia_textblock'  itemprop=\"text\" ><h3>Oraingo honetan, Jes\u00fas M\u00aa Iriarte Axpe marrazketa eta pintura zalearen erakusketa izango dugu.<\/h3>\n<\/div><\/section><br \/>\n<section  class='av_textblock_section av-lgev15l1-0fb1e5ea9cf5ae818c6dea5850fd3e25 '   itemscope=\"itemscope\" itemtype=\"https:\/\/schema.org\/BlogPosting\" itemprop=\"blogPost\" ><div class='avia_textblock'  itemprop=\"text\" ><p><strong>Jes\u00fas M\u00aa Iriarte<\/strong><\/p>\n<p>Gasteizen jaioa, marrazketa eta pintura oso txikitatik maite zituen, eta duela 35 urte inguru hasi zen olioa margotzen.<\/p>\n<p>Oso modu berezian uztartzen ditu pinturarekiko grina eta mediku gisa duen lanbidea. Beste lau margolarirekin estudio bat partekatu zuen, sortzeko eta hitz egiteko espazio gisa.<\/p>\n<p>2020an, pandemiaren etorrerarekin eta estudio horretara joateko ezintasunarekin, bere artea etxean esperimentatzen hasi zen akuarelekin, hiriko artea erakutsiz.<\/p>\n<p>Gaur egun, Jesus M\u00aa Iriartek akuarelekiko eta olioekiko zaletasunarekin jarraitzen du.<\/p>\n<\/div><\/section><\/p><\/div><div  class='flex_column av-3n6xps-34769c36b58e111b96f802493720e665 av_two_fifth  avia-builder-el-7  el_after_av_three_fifth  el_before_av_hr  flex_column_div  '     ><p>\n<style type=\"text\/css\" data-created_by=\"avia_inline_auto\" id=\"style-css-av-lgeuli2y-ebda59f73e76862101876b58d3119a69\">\n.avia-image-container.av-lgeuli2y-ebda59f73e76862101876b58d3119a69 img.avia_image{\nbox-shadow:none;\n}\n.avia-image-container.av-lgeuli2y-ebda59f73e76862101876b58d3119a69 .av-image-caption-overlay-center{\ncolor:#ffffff;\n}\n<\/style>\n<div  class='avia-image-container av-lgeuli2y-ebda59f73e76862101876b58d3119a69 av-styling- avia-align-center  avia-builder-el-8  el_before_av_image  avia-builder-el-first '   itemprop=\"image\" itemscope=\"itemscope\" itemtype=\"https:\/\/schema.org\/ImageObject\" ><div class=\"avia-image-container-inner\"><div class=\"avia-image-overlay-wrap\"><img decoding=\"async\" fetchpriority=\"high\" class='wp-image-87482 avia-img-lazy-loading-not-87482 avia_image ' src=\"https:\/\/www.lafundacion.com\/wp-content\/uploads\/2025\/02\/foto-web-1-3.jpg\" alt='' title='foto-web-1'  height=\"422\" width=\"750\"  itemprop=\"thumbnailUrl\" srcset=\"https:\/\/www.lafundacion.com\/wp-content\/uploads\/2025\/02\/foto-web-1-3.jpg 750w, https:\/\/www.lafundacion.com\/wp-content\/uploads\/2025\/02\/foto-web-1-3-300x169.jpg 300w, https:\/\/www.lafundacion.com\/wp-content\/uploads\/2025\/02\/foto-web-1-3-705x397.jpg 705w\" sizes=\"(max-width: 750px) 100vw, 750px\" \/><\/div><\/div><\/div><br \/>\n\n<style type=\"text\/css\" data-created_by=\"avia_inline_auto\" id=\"style-css-av-kz9xrl-874f226dce2450b190f3df787487b796\">\n.avia-image-container.av-kz9xrl-874f226dce2450b190f3df787487b796 img.avia_image{\nbox-shadow:none;\n}\n.avia-image-container.av-kz9xrl-874f226dce2450b190f3df787487b796 .av-image-caption-overlay-center{\ncolor:#ffffff;\n}\n<\/style>\n<div  class='avia-image-container av-kz9xrl-874f226dce2450b190f3df787487b796 av-styling- avia-align-center  avia-builder-el-9  el_after_av_image  el_before_av_image '   itemprop=\"image\" itemscope=\"itemscope\" itemtype=\"https:\/\/schema.org\/ImageObject\" ><div class=\"avia-image-container-inner\"><div class=\"avia-image-overlay-wrap\"><img decoding=\"async\" fetchpriority=\"high\" class='wp-image-87484 avia-img-lazy-loading-not-87484 avia_image ' src=\"https:\/\/www.lafundacion.com\/wp-content\/uploads\/2025\/02\/imagen-2.jpg\" alt='' title='imagen-2'  height=\"563\" width=\"750\"  itemprop=\"thumbnailUrl\" srcset=\"https:\/\/www.lafundacion.com\/wp-content\/uploads\/2025\/02\/imagen-2.jpg 750w, https:\/\/www.lafundacion.com\/wp-content\/uploads\/2025\/02\/imagen-2-300x225.jpg 300w, https:\/\/www.lafundacion.com\/wp-content\/uploads\/2025\/02\/imagen-2-705x529.jpg 705w\" sizes=\"(max-width: 750px) 100vw, 750px\" \/><\/div><\/div><\/div><br \/>\n\n<style type=\"text\/css\" data-created_by=\"avia_inline_auto\" id=\"style-css-av-m5gnpb4o-76c518f0dfd818b508ea5c725469b02a\">\n.avia-image-container.av-m5gnpb4o-76c518f0dfd818b508ea5c725469b02a img.avia_image{\nbox-shadow:none;\n}\n.avia-image-container.av-m5gnpb4o-76c518f0dfd818b508ea5c725469b02a .av-image-caption-overlay-center{\ncolor:#ffffff;\n}\n<\/style>\n<div  class='avia-image-container av-m5gnpb4o-76c518f0dfd818b508ea5c725469b02a av-styling- avia-align-center  avia-builder-el-10  el_after_av_image  avia-builder-el-last '   itemprop=\"image\" itemscope=\"itemscope\" itemtype=\"https:\/\/schema.org\/ImageObject\" ><div class=\"avia-image-container-inner\"><div class=\"avia-image-overlay-wrap\"><img decoding=\"async\" fetchpriority=\"high\" class='wp-image-87490 avia-img-lazy-loading-not-87490 avia_image ' src=\"https:\/\/www.lafundacion.com\/wp-content\/uploads\/2025\/02\/foto-3-1.jpg\" alt='' title='foto-3'  height=\"422\" width=\"750\"  itemprop=\"thumbnailUrl\" srcset=\"https:\/\/www.lafundacion.com\/wp-content\/uploads\/2025\/02\/foto-3-1.jpg 750w, https:\/\/www.lafundacion.com\/wp-content\/uploads\/2025\/02\/foto-3-1-300x169.jpg 300w, https:\/\/www.lafundacion.com\/wp-content\/uploads\/2025\/02\/foto-3-1-705x397.jpg 705w\" sizes=\"(max-width: 750px) 100vw, 750px\" \/><\/div><\/div><\/div><\/p><\/div><\/p>\n<div  class='hr av-kcwbvg-5acc9d1a98a47fa1f70b736c944aef07 hr-default  avia-builder-el-11  el_after_av_two_fifth  el_before_av_textblock '><span class='hr-inner '><span class=\"hr-inner-style\"><\/span><\/span><\/div>\n<section  class='av_textblock_section av-m10gh6jt-386b66045f76249c5f721e9bce84780b '   itemscope=\"itemscope\" itemtype=\"https:\/\/schema.org\/BlogPosting\" itemprop=\"blogPost\" ><div class='avia_textblock'  itemprop=\"text\" ><h3 style=\"text-align: center;\">Erakusketa 2025eko apirilaren 29ra arte bisitatu ahal izango da.<\/h3>\n<\/div><\/section>\n<\/div><\/div><\/div><!-- close content main div --><\/div><\/div>\n<style type=\"text\/css\" data-created_by=\"avia_inline_auto\" id=\"style-css-av-5qd2a5t-0d7cf96ce7ef05aef96fbbaa4cee5af2\">\n.avia-section.av-5qd2a5t-0d7cf96ce7ef05aef96fbbaa4cee5af2{\nbackground-color:#e8e8e8;\nbackground-image:unset;\n}\n<\/style>\n<div id='av_section_1'  class='avia-section av-5qd2a5t-0d7cf96ce7ef05aef96fbbaa4cee5af2 main_color avia-section-default avia-no-border-styling  avia-builder-el-13  el_after_av_textblock  el_before_av_hr  avia-bg-style-scroll container_wrap fullsize'  ><div class='container av-section-cont-open' ><div class='template-page content  av-content-full alpha units'><div class='post-entry post-entry-type-page post-entry-88312'><div class='entry-content-wrapper clearfix'>\n<div  class='flex_column av-4fshmnl-e703dc561c4ef951f898db7efec88d21 av_one_third  avia-builder-el-14  el_before_av_three_fifth  avia-builder-el-first  first flex_column_div  '     ><p>\n<style type=\"text\/css\" data-created_by=\"avia_inline_auto\" id=\"style-css-av-m1j1d6hg-4deb09a8a280785d389f9b786fec2961\">\n.avia-image-container.av-m1j1d6hg-4deb09a8a280785d389f9b786fec2961 img.avia_image{\nbox-shadow:none;\n}\n.avia-image-container.av-m1j1d6hg-4deb09a8a280785d389f9b786fec2961 .av-image-caption-overlay-center{\ncolor:#ffffff;\n}\n<\/style>\n<div  class='avia-image-container av-m1j1d6hg-4deb09a8a280785d389f9b786fec2961 av-styling- avia-align-center  avia-builder-el-15  el_before_av_image  avia-builder-el-first '   itemprop=\"image\" itemscope=\"itemscope\" itemtype=\"https:\/\/schema.org\/ImageObject\" ><div class=\"avia-image-container-inner\"><div class=\"avia-image-overlay-wrap\"><img decoding=\"async\" fetchpriority=\"high\" class='wp-image- avia-img-lazy-loading-not- avia_image ' src=\"https:\/\/www.lafundacion.com\/wp-content\/uploads\/2025\/02\/Rafa-Moriel-La-demencia-de-mama_1-229x300.jpg\" alt='' title=''   itemprop=\"thumbnailUrl\"  \/><\/div><\/div><\/div><br \/>\n\n<style type=\"text\/css\" data-created_by=\"avia_inline_auto\" id=\"style-css-av-m7t7qa97-47315a20831354345d1619e3afef6240\">\n.avia-image-container.av-m7t7qa97-47315a20831354345d1619e3afef6240 img.avia_image{\nbox-shadow:none;\n}\n.avia-image-container.av-m7t7qa97-47315a20831354345d1619e3afef6240 .av-image-caption-overlay-center{\ncolor:#ffffff;\n}\n<\/style>\n<div  class='avia-image-container av-m7t7qa97-47315a20831354345d1619e3afef6240 av-styling- avia-align-center  avia-builder-el-16  el_after_av_image  el_before_av_hr '   itemprop=\"image\" itemscope=\"itemscope\" itemtype=\"https:\/\/schema.org\/ImageObject\" ><div class=\"avia-image-container-inner\"><div class=\"avia-image-overlay-wrap\"><img decoding=\"async\" fetchpriority=\"high\" class='wp-image-87344 avia-img-lazy-loading-not-87344 avia_image ' src=\"https:\/\/www.lafundacion.com\/wp-content\/uploads\/2025\/02\/Portada-la-demencia-de-mama-rafael-moriel-196x300.jpg\" alt='' title='Portada la demencia de mam\u00e1 rafael moriel'  height=\"300\" width=\"196\"  itemprop=\"thumbnailUrl\" srcset=\"https:\/\/www.lafundacion.com\/wp-content\/uploads\/2025\/02\/Portada-la-demencia-de-mama-rafael-moriel-196x300.jpg 196w, https:\/\/www.lafundacion.com\/wp-content\/uploads\/2025\/02\/Portada-la-demencia-de-mama-rafael-moriel.jpg 425w\" sizes=\"(max-width: 196px) 100vw, 196px\" \/><\/div><\/div><\/div><br \/>\n<div  class='hr av-qly1ii-6828237efc396c65f7ae0f35d77db231 hr-default  avia-builder-el-17  el_after_av_image  el_before_av_buttonrow '><span class='hr-inner '><span class=\"hr-inner-style\"><\/span><\/span><\/div><br \/>\n<div  class='avia-buttonrow-wrap av-m5w9s14j-c7b0ec791cc80fdad947b70e47403418 avia-buttonrow-center  avia-builder-el-18  el_after_av_hr  avia-builder-el-last '>\n\n<style type=\"text\/css\" data-created_by=\"avia_inline_auto\" id=\"style-css-av-m5w9pox9-2c11339689b8bade8a05d907f1a147ff\">\n#top #wrap_all .avia-button.av-m5w9pox9-2c11339689b8bade8a05d907f1a147ff{\nmargin-bottom:5px;\nmargin-right:3px;\nmargin-left:3px;\n}\n<\/style>\n<a href='https:\/\/rafaelmoriel.com\/'  class='avia-button av-m5w9pox9-2c11339689b8bade8a05d907f1a147ff avia-icon_select-yes-left-icon avia-size-small avia-color-theme-color'  target=\"_blank\"  rel=\"noopener noreferrer\"  aria-label=\"Web orrialdea\"><span class='avia_button_icon avia_button_icon_left avia-iconfont avia-font-entypo-fontello' data-av_icon='\ue822' data-av_iconfont='entypo-fontello' ><\/span><span class='avia_iconbox_title' >Web orrialdea<\/span><\/a>\n\n<style type=\"text\/css\" data-created_by=\"avia_inline_auto\" id=\"style-css-av-m5w9ryqv-ffd32a6ae24fb0adb3b8ec85a1a27332\">\n#top #wrap_all .avia-button.av-m5w9ryqv-ffd32a6ae24fb0adb3b8ec85a1a27332{\nmargin-bottom:5px;\nmargin-right:3px;\nmargin-left:3px;\n}\n<\/style>\n<a href='https:\/\/www.instagram.com\/rafamoriel100\/'  class='avia-button av-m5w9ryqv-ffd32a6ae24fb0adb3b8ec85a1a27332 avia-icon_select-yes-left-icon avia-size-small avia-color-theme-color'  target=\"_blank\"  rel=\"noopener noreferrer\"  aria-label=\"Instagram\"><span class='avia_button_icon avia_button_icon_left avia-iconfont avia-font-entypo-fontello' data-av_icon='\uf16d' data-av_iconfont='entypo-fontello' ><\/span><span class='avia_iconbox_title' >Instagram<\/span><\/a>\n<\/div><\/p><\/div><div  class='flex_column av-3nj8egh-7991762b66f5aa0a9373e8d8fb3ee132 av_three_fifth  avia-builder-el-19  el_after_av_one_third  avia-builder-el-last  flex_column_div  '     ><section  class='av_textblock_section av-30pm7n5-de7dd746390e81480a20c643820d7120 '   itemscope=\"itemscope\" itemtype=\"https:\/\/schema.org\/BlogPosting\" itemprop=\"blogPost\" ><div class='avia_textblock'  itemprop=\"text\" ><p><strong>Rafael Moriel &#8220;La demencia de mam\u00e1&#8221; eleberri dramatikoaren aurkezpena<\/strong><\/p>\n<p>&#8220;La demencia de mam\u00e1&#8221; ren sinopsia<\/p>\n<p>Edurnek insomnioa eta amesgaiztoak ditu, gaueko asaldurarekin batera. Senarrarekiko egunerokotasunak eragina izaten du, eta desadostasunak ohikoak izaten hasten dira. Psikiatrarengana joan eta hainbat medikazio probatu ondoren, bere nahasmendua dementzia batera aldatzen da.<\/p>\n<p>Senarra eta lau seme-alabak buru-belarri ari dira beren zainketan, bakoitzaren onena eta txarrena atereaz. \u00abLa demencia de mam\u00e1\u00bb eleberri dramatikoa da, eta Lewyren gorputzen dementziak igarotzen dituen etapak aztertzen ditu, Alzheimerraren ondoren ohikoena. Eleberria Edurnek eta Eguiluz familiako kide bakoitzak bizi eta bizi izan dutenaren kronologia da, bakoitzaren ikuspuntuekin eta familiaren hierarkiaren barruan jokatzen duten edo jokatzen duten rolarekin.<\/p>\n<p>\u00abLa demencia de mam\u00e1\u00bb eleberri dramatiko eta errealista da, azkar eta arin irakurtzen dena. Eta gida bat ere bai, ikaskuntza-eskuliburu bat, familiei, dementzia duten gaixoei eta zaintzaileei lagun diezaieketen proposamen eta konponbideekin.<\/p>\n<\/div><\/section><\/div>\n<\/div><\/div><\/div><!-- close content main div --><\/div><\/div><div id='after_section_1'  class='main_color av_default_container_wrap container_wrap fullsize'  ><div class='container av-section-cont-open' ><div class='template-page content  av-content-full alpha units'><div class='post-entry post-entry-type-page post-entry-88312'><div class='entry-content-wrapper clearfix'>\n<div  class='hr av-12obbao-f827b0821c9dc969a9601d6da9adc09c hr-default  avia-builder-el-21  el_after_av_section  el_before_av_two_fifth  avia-builder-el-first '><span class='hr-inner '><span class=\"hr-inner-style\"><\/span><\/span><\/div>\n<div  class='flex_column av-17g74cw-0b4556a412451e3b3a851e0a1cdf1836 av_two_fifth  avia-builder-el-22  el_after_av_hr  el_before_av_three_fifth  first flex_column_div  '     ><style type=\"text\/css\" data-created_by=\"avia_inline_auto\" id=\"style-css-av-m62j4g-c9b8c19d4e928ade5d70471e7db07fef\">\n.avia-image-container.av-m62j4g-c9b8c19d4e928ade5d70471e7db07fef img.avia_image{\nbox-shadow:none;\n}\n.avia-image-container.av-m62j4g-c9b8c19d4e928ade5d70471e7db07fef .av-image-caption-overlay-center{\ncolor:#ffffff;\n}\n<\/style>\n<div  class='avia-image-container av-m62j4g-c9b8c19d4e928ade5d70471e7db07fef av-styling- avia-align-center  avia-builder-el-23  avia-builder-el-no-sibling '   itemprop=\"image\" itemscope=\"itemscope\" itemtype=\"https:\/\/schema.org\/ImageObject\" ><div class=\"avia-image-container-inner\"><div class=\"avia-image-overlay-wrap\"><img decoding=\"async\" fetchpriority=\"high\" class='wp-image-47168 avia-img-lazy-loading-not-47168 avia_image ' src=\"https:\/\/www.lafundacion.com\/wp-content\/uploads\/2022\/11\/Espacio-Arte-Noviembre-La-Fundacion-26.jpg\" alt='' title='Espacio Arte Noviembre La Fundaci\u00f3n-26'  height=\"500\" width=\"750\"  itemprop=\"thumbnailUrl\" srcset=\"https:\/\/www.lafundacion.com\/wp-content\/uploads\/2022\/11\/Espacio-Arte-Noviembre-La-Fundacion-26.jpg 750w, https:\/\/www.lafundacion.com\/wp-content\/uploads\/2022\/11\/Espacio-Arte-Noviembre-La-Fundacion-26-300x200.jpg 300w, https:\/\/www.lafundacion.com\/wp-content\/uploads\/2022\/11\/Espacio-Arte-Noviembre-La-Fundacion-26-705x470.jpg 705w\" sizes=\"(max-width: 750px) 100vw, 750px\" \/><\/div><\/div><\/div><\/div>\n<div  class='flex_column av-1akexku-6e1bf75fa1060157e7498beef1f8dd36 av_three_fifth  avia-builder-el-24  el_after_av_two_fifth  el_before_av_hr  flex_column_div  '     ><p><section  class='av_textblock_section av-l1uj5dha-6fdb57b8c89b5d1882365ee5e3b08a54 '   itemscope=\"itemscope\" itemtype=\"https:\/\/schema.org\/BlogPosting\" itemprop=\"blogPost\" ><div class='avia_textblock'  itemprop=\"text\" ><p>Azkenik, Musika Modernoko talde batekin gozatuko dugu. <strong>Gasteizko Jesus Guridi Musika Kontserbatorioarekin<\/strong> <strong>agoran<\/strong> lortutako akordioari esker joko dute zuzenean.<\/p>\n<div class=\"row\">\n<div class=\"col-md-12 col-xs-12\">Datorren ostegunean <strong>Alba L\u00f3pez, Ibai Alba, Daniel L\u00f3pez de Davalillo eta Iban Gurrutxaga<\/strong> ikasleek joko dute.Arte Espazioaren programa honako hau izango da:<\/p>\n<p>Cold duck time (Eddie Harris)<\/p>\n<p>Jo Jo Calipso (Jim Nadel)<\/p>\n<p>Doxy, St. Thomas eta Madness tenorra (Sonny Rollins)<\/p>\n<\/div>\n<\/div>\n<\/div><\/section><br \/>\n\n<style type=\"text\/css\" data-created_by=\"avia_inline_auto\" id=\"style-css-av-1ma6eim-f463779a41766e162cb675ffc668a35c\">\n.avia-image-container.av-1ma6eim-f463779a41766e162cb675ffc668a35c img.avia_image{\nbox-shadow:none;\n}\n.avia-image-container.av-1ma6eim-f463779a41766e162cb675ffc668a35c .av-image-caption-overlay-center{\ncolor:#ffffff;\n}\n<\/style>\n<div  class='avia-image-container av-1ma6eim-f463779a41766e162cb675ffc668a35c av-styling- av-img-linked avia-align-center  avia-builder-el-26  el_after_av_textblock  el_before_av_textblock '   itemprop=\"image\" itemscope=\"itemscope\" itemtype=\"https:\/\/schema.org\/ImageObject\" ><div class=\"avia-image-container-inner\"><div class=\"avia-image-overlay-wrap\"><a href=\"https:\/\/conservatoriovitoria.com\/index.php\/eu\/\" class='avia_image '  target=\"_blank\"  rel=\"noopener noreferrer\" aria-label='logo-conservatorio-jesus-guridi-vitoria-gasteiz'><img decoding=\"async\" fetchpriority=\"high\" class='wp-image-33676 avia-img-lazy-loading-not-33676 avia_image ' src=\"https:\/\/www.lafundacion.com\/wp-content\/uploads\/2022\/04\/logo-conservatorio-jesus-guridi-vitoria-gasteiz.png\" alt='logo conservatorio de m\u00fasica Vitoria con La Fundaci\u00f3n' title='logo-conservatorio-jesus-guridi-vitoria-gasteiz'  height=\"105\" width=\"173\"  itemprop=\"thumbnailUrl\"  \/><\/a><\/div><\/div><\/div><br \/>\n<section  class='av_textblock_section av-lgezfsiz-bcc5b55e620a9c370b35d4a3ae732e18 '   itemscope=\"itemscope\" itemtype=\"https:\/\/schema.org\/BlogPosting\" itemprop=\"blogPost\" ><div class='avia_textblock'  itemprop=\"text\" ><p>&#8220;La Fundaci\u00f3n San Prudencio&#8221; eta <a class=\"_ps2id\" href=\"https:\/\/www.conservatoriovitoria.com\/index.php?lang=eu\" data-ps2id-offset=\"\">CM Jes\u00fas Guridi MK Kontserbatorioaren<\/a> arteko lankidetza-hitzarmena.<\/p>\n<\/div><\/section><\/p><\/div>\n<div  class='hr av-uc2uoh-acc4220f5fc5f53cf5e7b129943b2608 hr-default  avia-builder-el-28  el_after_av_three_fifth  el_before_av_section  avia-builder-el-last '><span class='hr-inner '><span class=\"hr-inner-style\"><\/span><\/span><\/div>\n<\/div><\/div><\/div><!-- close content main div --><\/div><\/div><div id='av_section_2'  class='avia-section av-1yybgep-9a7de1dc3b2ab920f911a06f6f8cffa4 main_color avia-section-default avia-no-border-styling  avia-builder-el-29  el_after_av_hr  el_before_av_section  avia-bg-style-scroll container_wrap fullsize'  ><div class='container av-section-cont-open' ><div class='template-page content  av-content-full alpha units'><div class='post-entry post-entry-type-page post-entry-88312'><div class='entry-content-wrapper clearfix'>\n<\/div><\/div><\/div><!-- close content main div --><\/div><\/div>\n<style type=\"text\/css\" data-created_by=\"avia_inline_auto\" id=\"style-css-av-1rjpjpt-b21d4457a03eb779954d4592fd75ba1a\">\n.avia-section.av-1rjpjpt-b21d4457a03eb779954d4592fd75ba1a{\nbackground-color:#009fe3;\nbackground-image:unset;\n}\n<\/style>\n<div id='av_section_3'  class='avia-section av-1rjpjpt-b21d4457a03eb779954d4592fd75ba1a main_color avia-section-default avia-no-border-styling  avia-builder-el-30  el_after_av_section  avia-builder-el-last  avia-bg-style-scroll container_wrap fullsize'  ><div class='container av-section-cont-open' ><div class='template-page content  av-content-full alpha units'><div class='post-entry post-entry-type-page post-entry-88312'><div class='entry-content-wrapper clearfix'>\n<section  class='av_textblock_section av-48p4ep-ff70f10240802789e2aaad2ce4ff1669 '   itemscope=\"itemscope\" itemtype=\"https:\/\/schema.org\/BlogPosting\" itemprop=\"blogPost\" ><div class='avia_textblock'  itemprop=\"text\" ><p><span style=\"color: #ffffff;\">Norbait ezagutzen baduzu edo zuk zeuk argazkiak, ilustrazioak, musika, pintura, poesia, antzerkia, dantza, bakarrizketak eta abar egiten badituzu eta zure artea erakutsi edo zure lanak erakutsi nahi badituzu, jar zaitez harremanetan San Prudentzio Fundazioarekin 945 222 900 telefonoan edo bidali zure posta elektronikoa info@lafundacion.com helbidera.<\/span><\/p>\n<\/div><\/section>\n<div  class='avia-button-wrap av-ngej0x-61b1165b5b0f8630a9d6cc9138b45368-wrap avia-button-center  avia-builder-el-32  el_after_av_textblock  avia-builder-el-last '><a href='https:\/\/www.lafundacion.com\/eu\/pertsonak\/espacio-arte-gunea\/'  class='avia-button av-ngej0x-61b1165b5b0f8630a9d6cc9138b45368 av-link-btn avia-icon_select-yes-left-icon avia-size-medium avia-position-center avia-color-grey'   aria-label=\"&quot;Espacio arte&quot;-rako artista gisa aurkezteari buruzko informazio gehiago\"><span class='avia_button_icon avia_button_icon_left avia-iconfont avia-font-entypo-fontello' data-av_icon='\ue81e' data-av_iconfont='entypo-fontello' ><\/span><span class='avia_iconbox_title' >\"Espacio arte\"-rako artista gisa aurkezteari buruzko informazio gehiago<\/span><\/a><\/div>\n\n","protected":false},"excerpt":{"rendered":"","protected":false},"author":2,"featured_media":87484,"comment_status":"closed","ping_status":"closed","sticky":false,"template":"","format":"standard","meta":{"_acf_changed":false,"footnotes":""},"categories":[93],"tags":[431,662,474,473,428,534,462,536,754,753,535],"class_list":["post-88312","post","type-post","status-publish","format-standard","has-post-thumbnail","hentry","category-noticias-eu","tag-artistas-vitoria-eu","tag-emakume-artistak","tag-erakusketa","tag-espacio-arte-la-fundacion-eu","tag-exposicion-vitoria-eu","tag-gasteizko-ekitaldia","tag-gasteizko-erakusketa","tag-obra-arte-eu","tag-poesia-eu","tag-poetak-maiatzean","tag-zuzeneko-musika"],"acf":[],"yoast_head":"<!-- This site is optimized with the Yoast SEO plugin v27.4 - https:\/\/yoast.com\/product\/yoast-seo-wordpress\/ -->\r\n<title>La Fundaci\u00f3n-en &quot;Espacio Arte&quot; ekitaldia, 2025eko martxoa &#187; La Fundaci\u00f3n San Prudencio<\/title>\r\n<meta name=\"description\" content=\"&quot;Espacio Arte&quot;-n erakusketa berria. Martxoaren13an, erakusketa, liburu aurkezpena eta zuzeneko musika izango dira\" \/>\r\n<meta name=\"robots\" content=\"index, follow, max-snippet:-1, max-image-preview:large, max-video-preview:-1\" \/>\r\n<link rel=\"canonical\" href=\"https:\/\/www.lafundacion.com\/eu\/noticias-eu\/espacio-artearen-ekitaldia-2025ko-martxoa-2\/\" \/>\r\n<meta property=\"og:locale\" content=\"eu_ES\" \/>\r\n<meta property=\"og:type\" content=\"article\" \/>\r\n<meta property=\"og:title\" content=\"2025eko martxoko Espacio Arte erakusketa berria La Fundaci\u00f3nen\" \/>\r\n<meta property=\"og:description\" content=\"&quot;Espacio Arte&quot;-n erakusketa berria. Martxoaren13an, erakusketa, liburu aurkezpena eta zuzeneko musika izango dira\" \/>\r\n<meta property=\"og:url\" content=\"https:\/\/www.lafundacion.com\/eu\/noticias-eu\/espacio-artearen-ekitaldia-2025ko-martxoa-2\/\" \/>\r\n<meta property=\"og:site_name\" content=\"La Fundaci\u00f3n San Prudencio\" \/>\r\n<meta property=\"article:published_time\" content=\"2025-03-07T12:19:59+00:00\" \/>\r\n<meta property=\"article:modified_time\" content=\"2025-03-13T19:08:38+00:00\" \/>\r\n<meta property=\"og:image\" content=\"https:\/\/www.lafundacion.com\/wp-content\/uploads\/2024\/10\/Perfil-Alba-Tojo-exposicion-Espacio-Arte-La-Fundacion-San-Prudencio.jpg\" \/>\r\n\t<meta property=\"og:image:width\" content=\"750\" \/>\r\n\t<meta property=\"og:image:height\" content=\"500\" \/>\r\n\t<meta property=\"og:image:type\" content=\"image\/jpeg\" \/>\r\n<meta name=\"author\" content=\"La Fundaci\u00f3n San Prudencio\" \/>\r\n<meta name=\"twitter:card\" content=\"summary_large_image\" \/>\r\n<meta name=\"twitter:title\" content=\"&quot;Espacio arte&quot;-ren ekitaldi berria Martxoan &quot;La Fundacion&quot;en\" \/>\r\n<meta name=\"twitter:image\" content=\"https:\/\/www.lafundacion.com\/wp-content\/uploads\/2024\/10\/Perfil-Alba-Tojo-exposicion-Espacio-Arte-La-Fundacion-San-Prudencio.jpg\" \/>\r\n<meta name=\"twitter:label1\" content=\"Written by\" \/>\n\t<meta name=\"twitter:data1\" content=\"La Fundaci\u00f3n San Prudencio\" \/>\n\t<meta name=\"twitter:label2\" content=\"Est. reading time\" \/>\n\t<meta name=\"twitter:data2\" content=\"5 minutes\" \/>\r\n<script type=\"application\/ld+json\" class=\"yoast-schema-graph\">{\"@context\":\"https:\\\/\\\/schema.org\",\"@graph\":[{\"@type\":\"Article\",\"@id\":\"https:\\\/\\\/www.lafundacion.com\\\/eu\\\/noticias-eu\\\/espacio-artearen-ekitaldia-2025ko-martxoa-2\\\/#article\",\"isPartOf\":{\"@id\":\"https:\\\/\\\/www.lafundacion.com\\\/eu\\\/noticias-eu\\\/espacio-artearen-ekitaldia-2025ko-martxoa-2\\\/\"},\"author\":{\"name\":\"La Fundaci\u00f3n San Prudencio\",\"@id\":\"https:\\\/\\\/www.lafundacion.com\\\/#\\\/schema\\\/person\\\/39119d98dad187760c7ba6ffe0d62170\"},\"headline\":\"La Fundaci\u00f3n-en &#8220;Espacio Arte&#8221; ekitaldia, 2025eko martxoa\",\"datePublished\":\"2025-03-07T12:19:59+00:00\",\"dateModified\":\"2025-03-13T19:08:38+00:00\",\"mainEntityOfPage\":{\"@id\":\"https:\\\/\\\/www.lafundacion.com\\\/eu\\\/noticias-eu\\\/espacio-artearen-ekitaldia-2025ko-martxoa-2\\\/\"},\"wordCount\":6516,\"publisher\":{\"@id\":\"https:\\\/\\\/www.lafundacion.com\\\/#organization\"},\"image\":{\"@id\":\"https:\\\/\\\/www.lafundacion.com\\\/eu\\\/noticias-eu\\\/espacio-artearen-ekitaldia-2025ko-martxoa-2\\\/#primaryimage\"},\"thumbnailUrl\":\"https:\\\/\\\/www.lafundacion.com\\\/wp-content\\\/uploads\\\/2025\\\/02\\\/imagen-2.jpg\",\"keywords\":[\"artistas Vitoria\",\"emakume artistak\",\"ERAKUSKETA\",\"Espacio Arte La Fundaci\u00f3n\",\"exposici\u00f3n Vitoria\",\"gasteizko ekitaldia\",\"Gasteizko erakusketa\",\"obra arte\",\"poes\u00eda\",\"poetak maiatzean\",\"zuzeneko musika\"],\"articleSection\":[\"Noticias\"],\"inLanguage\":\"eu-ES\"},{\"@type\":\"WebPage\",\"@id\":\"https:\\\/\\\/www.lafundacion.com\\\/eu\\\/noticias-eu\\\/espacio-artearen-ekitaldia-2025ko-martxoa-2\\\/\",\"url\":\"https:\\\/\\\/www.lafundacion.com\\\/eu\\\/noticias-eu\\\/espacio-artearen-ekitaldia-2025ko-martxoa-2\\\/\",\"name\":\"La Fundaci\u00f3n-en \\\"Espacio Arte\\\" ekitaldia, 2025eko martxoa &#187; La Fundaci\u00f3n San Prudencio\",\"isPartOf\":{\"@id\":\"https:\\\/\\\/www.lafundacion.com\\\/#website\"},\"primaryImageOfPage\":{\"@id\":\"https:\\\/\\\/www.lafundacion.com\\\/eu\\\/noticias-eu\\\/espacio-artearen-ekitaldia-2025ko-martxoa-2\\\/#primaryimage\"},\"image\":{\"@id\":\"https:\\\/\\\/www.lafundacion.com\\\/eu\\\/noticias-eu\\\/espacio-artearen-ekitaldia-2025ko-martxoa-2\\\/#primaryimage\"},\"thumbnailUrl\":\"https:\\\/\\\/www.lafundacion.com\\\/wp-content\\\/uploads\\\/2025\\\/02\\\/imagen-2.jpg\",\"datePublished\":\"2025-03-07T12:19:59+00:00\",\"dateModified\":\"2025-03-13T19:08:38+00:00\",\"description\":\"\\\"Espacio Arte\\\"-n erakusketa berria. Martxoaren13an, erakusketa, liburu aurkezpena eta zuzeneko musika izango dira\",\"breadcrumb\":{\"@id\":\"https:\\\/\\\/www.lafundacion.com\\\/eu\\\/noticias-eu\\\/espacio-artearen-ekitaldia-2025ko-martxoa-2\\\/#breadcrumb\"},\"inLanguage\":\"eu-ES\",\"potentialAction\":[{\"@type\":\"ReadAction\",\"target\":[\"https:\\\/\\\/www.lafundacion.com\\\/eu\\\/noticias-eu\\\/espacio-artearen-ekitaldia-2025ko-martxoa-2\\\/\"]}]},{\"@type\":\"ImageObject\",\"inLanguage\":\"eu-ES\",\"@id\":\"https:\\\/\\\/www.lafundacion.com\\\/eu\\\/noticias-eu\\\/espacio-artearen-ekitaldia-2025ko-martxoa-2\\\/#primaryimage\",\"url\":\"https:\\\/\\\/www.lafundacion.com\\\/wp-content\\\/uploads\\\/2025\\\/02\\\/imagen-2.jpg\",\"contentUrl\":\"https:\\\/\\\/www.lafundacion.com\\\/wp-content\\\/uploads\\\/2025\\\/02\\\/imagen-2.jpg\",\"width\":750,\"height\":563},{\"@type\":\"BreadcrumbList\",\"@id\":\"https:\\\/\\\/www.lafundacion.com\\\/eu\\\/noticias-eu\\\/espacio-artearen-ekitaldia-2025ko-martxoa-2\\\/#breadcrumb\",\"itemListElement\":[{\"@type\":\"ListItem\",\"position\":1,\"name\":\"Portada\",\"item\":\"https:\\\/\\\/www.lafundacion.com\\\/eu\\\/hasiera\\\/\"},{\"@type\":\"ListItem\",\"position\":2,\"name\":\"La Fundaci\u00f3n-en \u00abEspacio Arte\u00bb ekitaldia, 2025eko martxoa\"}]},{\"@type\":\"WebSite\",\"@id\":\"https:\\\/\\\/www.lafundacion.com\\\/#website\",\"url\":\"https:\\\/\\\/www.lafundacion.com\\\/\",\"name\":\"La Fundaci\u00f3n San Prudencio\",\"description\":\"La Fundaci\u00f3n Laboral San Prudencio en Vitoria-Gasteiz\",\"publisher\":{\"@id\":\"https:\\\/\\\/www.lafundacion.com\\\/#organization\"},\"potentialAction\":[{\"@type\":\"SearchAction\",\"target\":{\"@type\":\"EntryPoint\",\"urlTemplate\":\"https:\\\/\\\/www.lafundacion.com\\\/?s={search_term_string}\"},\"query-input\":{\"@type\":\"PropertyValueSpecification\",\"valueRequired\":true,\"valueName\":\"search_term_string\"}}],\"inLanguage\":\"eu-ES\"},{\"@type\":\"Organization\",\"@id\":\"https:\\\/\\\/www.lafundacion.com\\\/#organization\",\"name\":\"La Fundaci\u00f3n San Prudencio\",\"url\":\"https:\\\/\\\/www.lafundacion.com\\\/\",\"logo\":{\"@type\":\"ImageObject\",\"inLanguage\":\"eu-ES\",\"@id\":\"https:\\\/\\\/www.lafundacion.com\\\/#\\\/schema\\\/logo\\\/image\\\/\",\"url\":\"https:\\\/\\\/www.lafundacion.com\\\/wp-content\\\/uploads\\\/2020\\\/03\\\/logo-la-fundacion.png\",\"contentUrl\":\"https:\\\/\\\/www.lafundacion.com\\\/wp-content\\\/uploads\\\/2020\\\/03\\\/logo-la-fundacion.png\",\"width\":323,\"height\":129,\"caption\":\"La Fundaci\u00f3n San Prudencio\"},\"image\":{\"@id\":\"https:\\\/\\\/www.lafundacion.com\\\/#\\\/schema\\\/logo\\\/image\\\/\"}},{\"@type\":\"Person\",\"@id\":\"https:\\\/\\\/www.lafundacion.com\\\/#\\\/schema\\\/person\\\/39119d98dad187760c7ba6ffe0d62170\",\"name\":\"La Fundaci\u00f3n San Prudencio\",\"image\":{\"@type\":\"ImageObject\",\"inLanguage\":\"eu-ES\",\"@id\":\"https:\\\/\\\/secure.gravatar.com\\\/avatar\\\/0c3b0b5573637a9c53bbefa7ba0c7deb19d94f60a43f46e0300cd05fc3625862?s=96&d=mm&r=g\",\"url\":\"https:\\\/\\\/secure.gravatar.com\\\/avatar\\\/0c3b0b5573637a9c53bbefa7ba0c7deb19d94f60a43f46e0300cd05fc3625862?s=96&d=mm&r=g\",\"contentUrl\":\"https:\\\/\\\/secure.gravatar.com\\\/avatar\\\/0c3b0b5573637a9c53bbefa7ba0c7deb19d94f60a43f46e0300cd05fc3625862?s=96&d=mm&r=g\",\"caption\":\"La Fundaci\u00f3n San Prudencio\"}}]}<\/script>\r\n<!-- \/ Yoast SEO plugin. -->","yoast_head_json":{"title":"La Fundaci\u00f3n-en \"Espacio Arte\" ekitaldia, 2025eko martxoa &#187; La Fundaci\u00f3n San Prudencio","description":"\"Espacio Arte\"-n erakusketa berria. Martxoaren13an, erakusketa, liburu aurkezpena eta zuzeneko musika izango dira","robots":{"index":"index","follow":"follow","max-snippet":"max-snippet:-1","max-image-preview":"max-image-preview:large","max-video-preview":"max-video-preview:-1"},"canonical":"https:\/\/www.lafundacion.com\/eu\/noticias-eu\/espacio-artearen-ekitaldia-2025ko-martxoa-2\/","og_locale":"eu_ES","og_type":"article","og_title":"2025eko martxoko Espacio Arte erakusketa berria La Fundaci\u00f3nen","og_description":"\"Espacio Arte\"-n erakusketa berria. Martxoaren13an, erakusketa, liburu aurkezpena eta zuzeneko musika izango dira","og_url":"https:\/\/www.lafundacion.com\/eu\/noticias-eu\/espacio-artearen-ekitaldia-2025ko-martxoa-2\/","og_site_name":"La Fundaci\u00f3n San Prudencio","article_published_time":"2025-03-07T12:19:59+00:00","article_modified_time":"2025-03-13T19:08:38+00:00","og_image":[{"width":750,"height":500,"url":"https:\/\/www.lafundacion.com\/wp-content\/uploads\/2024\/10\/Perfil-Alba-Tojo-exposicion-Espacio-Arte-La-Fundacion-San-Prudencio.jpg","type":"image\/jpeg"}],"author":"La Fundaci\u00f3n San Prudencio","twitter_card":"summary_large_image","twitter_title":"\"Espacio arte\"-ren ekitaldi berria Martxoan \"La Fundacion\"en","twitter_image":"https:\/\/www.lafundacion.com\/wp-content\/uploads\/2024\/10\/Perfil-Alba-Tojo-exposicion-Espacio-Arte-La-Fundacion-San-Prudencio.jpg","twitter_misc":{"Written by":"La Fundaci\u00f3n San Prudencio","Est. reading time":"5 minutes"},"schema":{"@context":"https:\/\/schema.org","@graph":[{"@type":"Article","@id":"https:\/\/www.lafundacion.com\/eu\/noticias-eu\/espacio-artearen-ekitaldia-2025ko-martxoa-2\/#article","isPartOf":{"@id":"https:\/\/www.lafundacion.com\/eu\/noticias-eu\/espacio-artearen-ekitaldia-2025ko-martxoa-2\/"},"author":{"name":"La Fundaci\u00f3n San Prudencio","@id":"https:\/\/www.lafundacion.com\/#\/schema\/person\/39119d98dad187760c7ba6ffe0d62170"},"headline":"La Fundaci\u00f3n-en &#8220;Espacio Arte&#8221; ekitaldia, 2025eko martxoa","datePublished":"2025-03-07T12:19:59+00:00","dateModified":"2025-03-13T19:08:38+00:00","mainEntityOfPage":{"@id":"https:\/\/www.lafundacion.com\/eu\/noticias-eu\/espacio-artearen-ekitaldia-2025ko-martxoa-2\/"},"wordCount":6516,"publisher":{"@id":"https:\/\/www.lafundacion.com\/#organization"},"image":{"@id":"https:\/\/www.lafundacion.com\/eu\/noticias-eu\/espacio-artearen-ekitaldia-2025ko-martxoa-2\/#primaryimage"},"thumbnailUrl":"https:\/\/www.lafundacion.com\/wp-content\/uploads\/2025\/02\/imagen-2.jpg","keywords":["artistas Vitoria","emakume artistak","ERAKUSKETA","Espacio Arte La Fundaci\u00f3n","exposici\u00f3n Vitoria","gasteizko ekitaldia","Gasteizko erakusketa","obra arte","poes\u00eda","poetak maiatzean","zuzeneko musika"],"articleSection":["Noticias"],"inLanguage":"eu-ES"},{"@type":"WebPage","@id":"https:\/\/www.lafundacion.com\/eu\/noticias-eu\/espacio-artearen-ekitaldia-2025ko-martxoa-2\/","url":"https:\/\/www.lafundacion.com\/eu\/noticias-eu\/espacio-artearen-ekitaldia-2025ko-martxoa-2\/","name":"La Fundaci\u00f3n-en \"Espacio Arte\" ekitaldia, 2025eko martxoa &#187; La Fundaci\u00f3n San Prudencio","isPartOf":{"@id":"https:\/\/www.lafundacion.com\/#website"},"primaryImageOfPage":{"@id":"https:\/\/www.lafundacion.com\/eu\/noticias-eu\/espacio-artearen-ekitaldia-2025ko-martxoa-2\/#primaryimage"},"image":{"@id":"https:\/\/www.lafundacion.com\/eu\/noticias-eu\/espacio-artearen-ekitaldia-2025ko-martxoa-2\/#primaryimage"},"thumbnailUrl":"https:\/\/www.lafundacion.com\/wp-content\/uploads\/2025\/02\/imagen-2.jpg","datePublished":"2025-03-07T12:19:59+00:00","dateModified":"2025-03-13T19:08:38+00:00","description":"\"Espacio Arte\"-n erakusketa berria. Martxoaren13an, erakusketa, liburu aurkezpena eta zuzeneko musika izango dira","breadcrumb":{"@id":"https:\/\/www.lafundacion.com\/eu\/noticias-eu\/espacio-artearen-ekitaldia-2025ko-martxoa-2\/#breadcrumb"},"inLanguage":"eu-ES","potentialAction":[{"@type":"ReadAction","target":["https:\/\/www.lafundacion.com\/eu\/noticias-eu\/espacio-artearen-ekitaldia-2025ko-martxoa-2\/"]}]},{"@type":"ImageObject","inLanguage":"eu-ES","@id":"https:\/\/www.lafundacion.com\/eu\/noticias-eu\/espacio-artearen-ekitaldia-2025ko-martxoa-2\/#primaryimage","url":"https:\/\/www.lafundacion.com\/wp-content\/uploads\/2025\/02\/imagen-2.jpg","contentUrl":"https:\/\/www.lafundacion.com\/wp-content\/uploads\/2025\/02\/imagen-2.jpg","width":750,"height":563},{"@type":"BreadcrumbList","@id":"https:\/\/www.lafundacion.com\/eu\/noticias-eu\/espacio-artearen-ekitaldia-2025ko-martxoa-2\/#breadcrumb","itemListElement":[{"@type":"ListItem","position":1,"name":"Portada","item":"https:\/\/www.lafundacion.com\/eu\/hasiera\/"},{"@type":"ListItem","position":2,"name":"La Fundaci\u00f3n-en \u00abEspacio Arte\u00bb ekitaldia, 2025eko martxoa"}]},{"@type":"WebSite","@id":"https:\/\/www.lafundacion.com\/#website","url":"https:\/\/www.lafundacion.com\/","name":"La Fundaci\u00f3n San Prudencio","description":"La Fundaci\u00f3n Laboral San Prudencio en Vitoria-Gasteiz","publisher":{"@id":"https:\/\/www.lafundacion.com\/#organization"},"potentialAction":[{"@type":"SearchAction","target":{"@type":"EntryPoint","urlTemplate":"https:\/\/www.lafundacion.com\/?s={search_term_string}"},"query-input":{"@type":"PropertyValueSpecification","valueRequired":true,"valueName":"search_term_string"}}],"inLanguage":"eu-ES"},{"@type":"Organization","@id":"https:\/\/www.lafundacion.com\/#organization","name":"La Fundaci\u00f3n San Prudencio","url":"https:\/\/www.lafundacion.com\/","logo":{"@type":"ImageObject","inLanguage":"eu-ES","@id":"https:\/\/www.lafundacion.com\/#\/schema\/logo\/image\/","url":"https:\/\/www.lafundacion.com\/wp-content\/uploads\/2020\/03\/logo-la-fundacion.png","contentUrl":"https:\/\/www.lafundacion.com\/wp-content\/uploads\/2020\/03\/logo-la-fundacion.png","width":323,"height":129,"caption":"La Fundaci\u00f3n San Prudencio"},"image":{"@id":"https:\/\/www.lafundacion.com\/#\/schema\/logo\/image\/"}},{"@type":"Person","@id":"https:\/\/www.lafundacion.com\/#\/schema\/person\/39119d98dad187760c7ba6ffe0d62170","name":"La Fundaci\u00f3n San Prudencio","image":{"@type":"ImageObject","inLanguage":"eu-ES","@id":"https:\/\/secure.gravatar.com\/avatar\/0c3b0b5573637a9c53bbefa7ba0c7deb19d94f60a43f46e0300cd05fc3625862?s=96&d=mm&r=g","url":"https:\/\/secure.gravatar.com\/avatar\/0c3b0b5573637a9c53bbefa7ba0c7deb19d94f60a43f46e0300cd05fc3625862?s=96&d=mm&r=g","contentUrl":"https:\/\/secure.gravatar.com\/avatar\/0c3b0b5573637a9c53bbefa7ba0c7deb19d94f60a43f46e0300cd05fc3625862?s=96&d=mm&r=g","caption":"La Fundaci\u00f3n San Prudencio"}}]}},"_links":{"self":[{"href":"https:\/\/www.lafundacion.com\/eu\/wp-json\/wp\/v2\/posts\/88312","targetHints":{"allow":["GET"]}}],"collection":[{"href":"https:\/\/www.lafundacion.com\/eu\/wp-json\/wp\/v2\/posts"}],"about":[{"href":"https:\/\/www.lafundacion.com\/eu\/wp-json\/wp\/v2\/types\/post"}],"author":[{"embeddable":true,"href":"https:\/\/www.lafundacion.com\/eu\/wp-json\/wp\/v2\/users\/2"}],"replies":[{"embeddable":true,"href":"https:\/\/www.lafundacion.com\/eu\/wp-json\/wp\/v2\/comments?post=88312"}],"version-history":[{"count":7,"href":"https:\/\/www.lafundacion.com\/eu\/wp-json\/wp\/v2\/posts\/88312\/revisions"}],"predecessor-version":[{"id":88435,"href":"https:\/\/www.lafundacion.com\/eu\/wp-json\/wp\/v2\/posts\/88312\/revisions\/88435"}],"wp:featuredmedia":[{"embeddable":true,"href":"https:\/\/www.lafundacion.com\/eu\/wp-json\/wp\/v2\/media\/87484"}],"wp:attachment":[{"href":"https:\/\/www.lafundacion.com\/eu\/wp-json\/wp\/v2\/media?parent=88312"}],"wp:term":[{"taxonomy":"category","embeddable":true,"href":"https:\/\/www.lafundacion.com\/eu\/wp-json\/wp\/v2\/categories?post=88312"},{"taxonomy":"post_tag","embeddable":true,"href":"https:\/\/www.lafundacion.com\/eu\/wp-json\/wp\/v2\/tags?post=88312"}],"curies":[{"name":"wp","href":"https:\/\/api.w.org\/{rel}","templated":true}]}}