{"id":82912,"date":"2026-01-23T11:22:17","date_gmt":"2026-01-23T10:22:17","guid":{"rendered":"https:\/\/www.lafundacion.com\/?page_id=82912"},"modified":"2026-03-16T09:55:59","modified_gmt":"2026-03-16T08:55:59","slug":"laneko-segurtasun-eta-osasunaren-fundacion-san-prudencioko-xxv-biltzarra","status":"publish","type":"post","link":"https:\/\/www.lafundacion.com\/eu\/noticias\/laneko-segurtasun-eta-osasunaren-fundacion-san-prudencioko-xxv-biltzarra\/","title":{"rendered":"Laneko segurtasun eta osasunaren Fundaci\u00f3n San Prudencioren XXV. Biltzarra"},"content":{"rendered":"<div id='full_slider_1'  class='avia-fullwidth-slider main_color avia-shadow   avia-builder-el-0  el_before_av_hr  avia-builder-el-first   container_wrap fullsize'  ><div  class='avia-slideshow av-kp6jtscq-641b686307d596bd71de19e56f2673b0 avia-slideshow-featured av_slideshow_full avia-slide-slider av-slideshow-ui av-control-default av-slideshow-manual av-loop-once av-loop-manual-endless av-default-height-applied   avia-slideshow-1' data-slideshow-options=\"{&quot;animation&quot;:&quot;slide&quot;,&quot;autoplay&quot;:false,&quot;loop_autoplay&quot;:&quot;once&quot;,&quot;interval&quot;:5,&quot;loop_manual&quot;:&quot;manual-endless&quot;,&quot;autoplay_stopper&quot;:false,&quot;noNavigation&quot;:false,&quot;bg_slider&quot;:false,&quot;keep_padding&quot;:false,&quot;hoverpause&quot;:false,&quot;show_slide_delay&quot;:0}\"  itemprop=\"image\" itemscope=\"itemscope\" itemtype=\"https:\/\/schema.org\/ImageObject\" ><ul class='avia-slideshow-inner ' style='padding-bottom: 28.666666666667%;'><li  class='avia-slideshow-slide av-kp6jtscq-641b686307d596bd71de19e56f2673b0__0  slide-1 slide-odd'><div data-rel='slideshow-1' class='avia-slide-wrap '   ><img decoding=\"async\" fetchpriority=\"high\" class=\"wp-image-241651 avia-img-lazy-loading-not-241651\"  src=\"https:\/\/www.lafundacion.com\/wp-content\/uploads\/2026\/01\/banner-web-Home-Lan-Osasunaren-Biltzarra-2025-EUS.jpg\" width=\"1500\" height=\"430\" title='banner-web-Home-Lan-Osasunaren-Biltzarra-2025-(EUS)' alt=''  itemprop=\"thumbnailUrl\" srcset=\"https:\/\/www.lafundacion.com\/wp-content\/uploads\/2026\/01\/banner-web-Home-Lan-Osasunaren-Biltzarra-2025-EUS.jpg 1500w, https:\/\/www.lafundacion.com\/wp-content\/uploads\/2026\/01\/banner-web-Home-Lan-Osasunaren-Biltzarra-2025-EUS-300x86.jpg 300w, https:\/\/www.lafundacion.com\/wp-content\/uploads\/2026\/01\/banner-web-Home-Lan-Osasunaren-Biltzarra-2025-EUS-1030x295.jpg 1030w, https:\/\/www.lafundacion.com\/wp-content\/uploads\/2026\/01\/banner-web-Home-Lan-Osasunaren-Biltzarra-2025-EUS-768x220.jpg 768w, https:\/\/www.lafundacion.com\/wp-content\/uploads\/2026\/01\/banner-web-Home-Lan-Osasunaren-Biltzarra-2025-EUS-705x202.jpg 705w\" sizes=\"(max-width: 1500px) 100vw, 1500px\" \/><\/div><\/li><li  class='avia-slideshow-slide av-kp6jtscq-641b686307d596bd71de19e56f2673b0__1  slide-2 slide-even'><div data-rel='slideshow-1' class='avia-slide-wrap '   ><div class='av-slideshow-caption av-kp6jtscq-641b686307d596bd71de19e56f2673b0__1 caption_fullwidth caption_left caption_left_framed caption_framed'><div class=\"container caption_container\"><div class=\"slideshow_caption\"><div class=\"slideshow_inner_caption\"><div class=\"slideshow_align_caption\"><h2 class='avia-caption-title '  itemprop=\"name\" >Laneko segurtasun eta osasunaren Fundaci\u00f3n San Prudencioren XXV. Biltzarra<\/h2><div class='avia-caption-content '  itemprop=\"description\" ><p>Datutik ekintzara<\/p>\n<\/div><\/div><\/div><\/div><\/div><\/div><img decoding=\"async\" fetchpriority=\"high\" class=\"wp-image-87278 avia-img-lazy-loading-not-87278\"  src=\"https:\/\/www.lafundacion.com\/wp-content\/uploads\/2025\/02\/Banner-principal-Congreso-salud-laboral-vitoria-La-Fundacion-San-Prudencio-Yolanda.jpg\" width=\"1500\" height=\"430\" title='Banner-principal-Congreso-salud-laboral-vitoria-La-Fundacion-San-Prudencio-Yolanda' alt=''  itemprop=\"thumbnailUrl\" srcset=\"https:\/\/www.lafundacion.com\/wp-content\/uploads\/2025\/02\/Banner-principal-Congreso-salud-laboral-vitoria-La-Fundacion-San-Prudencio-Yolanda.jpg 1500w, https:\/\/www.lafundacion.com\/wp-content\/uploads\/2025\/02\/Banner-principal-Congreso-salud-laboral-vitoria-La-Fundacion-San-Prudencio-Yolanda-300x86.jpg 300w, https:\/\/www.lafundacion.com\/wp-content\/uploads\/2025\/02\/Banner-principal-Congreso-salud-laboral-vitoria-La-Fundacion-San-Prudencio-Yolanda-1030x295.jpg 1030w, https:\/\/www.lafundacion.com\/wp-content\/uploads\/2025\/02\/Banner-principal-Congreso-salud-laboral-vitoria-La-Fundacion-San-Prudencio-Yolanda-768x220.jpg 768w, https:\/\/www.lafundacion.com\/wp-content\/uploads\/2025\/02\/Banner-principal-Congreso-salud-laboral-vitoria-La-Fundacion-San-Prudencio-Yolanda-705x202.jpg 705w\" sizes=\"(max-width: 1500px) 100vw, 1500px\" \/><\/div><\/li><\/ul><div class='avia-slideshow-arrows avia-slideshow-controls' ><a href='#prev' class='prev-slide  avia-svg-icon avia-font-svg_entypo-fontello' data-av_svg_icon='left-open-big' data-av_iconset='svg_entypo-fontello' tabindex='-1' title=\"Previous\"><svg version=\"1.1\" xmlns=\"http:\/\/www.w3.org\/2000\/svg\" width=\"15\" height=\"32\" viewBox=\"0 0 15 32\" preserveAspectRatio=\"xMidYMid meet\" aria-labelledby='av-svg-title-1' aria-describedby='av-svg-desc-1' role=\"graphics-symbol\" aria-hidden=\"true\">\n<title id='av-svg-title-1'>Previous<\/title>\n<desc id='av-svg-desc-1'>Previous<\/desc>\n<path d=\"M14.464 27.84q0.832 0.832 0 1.536-0.832 0.832-1.536 0l-12.544-12.608q-0.768-0.768 0-1.6l12.544-12.608q0.704-0.832 1.536 0 0.832 0.704 0 1.536l-11.456 11.904z\"><\/path>\n<\/svg><span class='avia_hidden_link_text'>Previous<\/span><\/a><a href='#next' class='next-slide  avia-svg-icon avia-font-svg_entypo-fontello' data-av_svg_icon='right-open-big' data-av_iconset='svg_entypo-fontello' tabindex='-1' title=\"Next\"><svg version=\"1.1\" xmlns=\"http:\/\/www.w3.org\/2000\/svg\" width=\"15\" height=\"32\" viewBox=\"0 0 15 32\" preserveAspectRatio=\"xMidYMid meet\" aria-labelledby='av-svg-title-2' aria-describedby='av-svg-desc-2' role=\"graphics-symbol\" aria-hidden=\"true\">\n<title id='av-svg-title-2'>Next<\/title>\n<desc id='av-svg-desc-2'>Next<\/desc>\n<path d=\"M0.416 27.84l11.456-11.84-11.456-11.904q-0.832-0.832 0-1.536 0.832-0.832 1.536 0l12.544 12.608q0.768 0.832 0 1.6l-12.544 12.608q-0.704 0.832-1.536 0-0.832-0.704 0-1.536z\"><\/path>\n<\/svg><span class='avia_hidden_link_text'>Next<\/span><\/a><\/div><div class='avia-slideshow-dots avia-slideshow-controls'><a href='#1' class='goto-slide active' >1<\/a><a href='#2' class='goto-slide ' >2<\/a><\/div><\/div><\/div><div id='after_full_slider_1'  class='main_color av_default_container_wrap container_wrap fullsize'  ><div class='container av-section-cont-open' ><div class='template-page content  av-content-full alpha units'><div class='post-entry post-entry-type-page post-entry-82912'><div class='entry-content-wrapper clearfix'>\n<div  class='hr av-6obov55-cf03064eac6d14f54db411bfa74d92da hr-default  avia-builder-el-1  el_after_av_slideshow_full  el_before_av_one_third  avia-builder-el-first '><span class='hr-inner '><span class=\"hr-inner-style\"><\/span><\/span><\/div>\n\n<style type=\"text\/css\" data-created_by=\"avia_inline_auto\" id=\"style-css-av-90ytd7t-10e669ad357368cfd28f7f30ba4b22a2\">\n.flex_column.av-90ytd7t-10e669ad357368cfd28f7f30ba4b22a2{\nborder-radius:0px 0px 0px 0px;\npadding:0px 0px 0px 0px;\n}\n<\/style>\n<div  class='flex_column av-90ytd7t-10e669ad357368cfd28f7f30ba4b22a2 av_one_third  avia-builder-el-2  el_after_av_hr  el_before_av_one_third  first flex_column_div av-zero-column-padding  '     ><p>\n<style type=\"text\/css\" data-created_by=\"avia_inline_auto\" id=\"style-css-av-kp6j4e0m-7e23dd6ba6dd0c4e0e73760e45ac3846\">\n.av_font_icon.av-kp6j4e0m-7e23dd6ba6dd0c4e0e73760e45ac3846{\ncolor:#00993f;\nborder-color:#00993f;\n}\n.avia-svg-icon.av-kp6j4e0m-7e23dd6ba6dd0c4e0e73760e45ac3846 svg:first-child{\nstroke:#00993f;\nfill:#00993f;\n}\n.av_font_icon.av-kp6j4e0m-7e23dd6ba6dd0c4e0e73760e45ac3846 .av-icon-char{\nfont-size:70px;\nline-height:70px;\n}\n<\/style>\n<span  class='av_font_icon av-kp6j4e0m-7e23dd6ba6dd0c4e0e73760e45ac3846 avia_animate_when_visible av-icon-style- avia-icon-pos-center avia-iconfont avia-font-entypo-fontello avia-icon-animate'><span class='av-icon-char' data-av_icon='\ue842' data-av_iconfont='entypo-fontello' aria-hidden=\"true\" ><\/span><\/span><br \/>\n<section  class='av_textblock_section av-kp6j9ufx-96ab3165f31b99f0deef2bf6e29f59e1 '   itemscope=\"itemscope\" itemtype=\"https:\/\/schema.org\/BlogPosting\" itemprop=\"blogPost\" ><div class='avia_textblock'  itemprop=\"text\" ><p style=\"text-align: center;\"><strong>Europa Biltzar Jauregia<\/strong><\/p>\n<p style=\"text-align: center;\">Vitoria-Gasteiz<\/p>\n<\/div><\/section><\/p><\/div>\n\n<style type=\"text\/css\" data-created_by=\"avia_inline_auto\" id=\"style-css-av-8oq262x-842ee21dc6f490b70f673a5cd77c359d\">\n.flex_column.av-8oq262x-842ee21dc6f490b70f673a5cd77c359d{\nborder-radius:0px 0px 0px 0px;\npadding:0px 0px 0px 0px;\n}\n<\/style>\n<div  class='flex_column av-8oq262x-842ee21dc6f490b70f673a5cd77c359d av_one_third  avia-builder-el-5  el_after_av_one_third  el_before_av_one_third  flex_column_div av-zero-column-padding  '     ><p>\n<style type=\"text\/css\" data-created_by=\"avia_inline_auto\" id=\"style-css-av-kp6j5d6g-6237f975cc7f34848ed496aa63d1e2d9\">\n.av_font_icon.av-kp6j5d6g-6237f975cc7f34848ed496aa63d1e2d9{\ncolor:#00993f;\nborder-color:#00993f;\n}\n.avia-svg-icon.av-kp6j5d6g-6237f975cc7f34848ed496aa63d1e2d9 svg:first-child{\nstroke:#00993f;\nfill:#00993f;\n}\n.av_font_icon.av-kp6j5d6g-6237f975cc7f34848ed496aa63d1e2d9 .av-icon-char{\nfont-size:70px;\nline-height:70px;\n}\n<\/style>\n<span  class='av_font_icon av-kp6j5d6g-6237f975cc7f34848ed496aa63d1e2d9 avia_animate_when_visible av-icon-style- avia-icon-pos-center avia-iconfont avia-font-entypo-fontello avia-icon-animate'><span class='av-icon-char' data-av_icon='\ue85b' data-av_iconfont='entypo-fontello' aria-hidden=\"true\" ><\/span><\/span><br \/>\n<section  class='av_textblock_section av-kp6jaa5e-782f846bcc10f52f9aadfe39ebb5b648 '   itemscope=\"itemscope\" itemtype=\"https:\/\/schema.org\/BlogPosting\" itemprop=\"blogPost\" ><div class='avia_textblock'  itemprop=\"text\" ><p style=\"text-align: center;\">2026eko martxoaren 12an<\/p>\n<\/div><\/section><\/p><\/div>\n\n<style type=\"text\/css\" data-created_by=\"avia_inline_auto\" id=\"style-css-av-scaxd5-efde109d54bdcde2371e0eb40e90087c\">\n.flex_column.av-scaxd5-efde109d54bdcde2371e0eb40e90087c{\nborder-radius:0px 0px 0px 0px;\npadding:0px 0px 0px 0px;\n}\n<\/style>\n<div  class='flex_column av-scaxd5-efde109d54bdcde2371e0eb40e90087c av_one_third  avia-builder-el-8  el_after_av_one_third  el_before_av_hr  flex_column_div av-zero-column-padding  '     ><p>\n<style type=\"text\/css\" data-created_by=\"avia_inline_auto\" id=\"style-css-av-kp6j8qzh-362f3193f936e3cecee72b93c6451c80\">\n.av_font_icon.av-kp6j8qzh-362f3193f936e3cecee72b93c6451c80{\ncolor:#00993f;\nborder-color:#00993f;\n}\n.avia-svg-icon.av-kp6j8qzh-362f3193f936e3cecee72b93c6451c80 svg:first-child{\nstroke:#00993f;\nfill:#00993f;\n}\n.av_font_icon.av-kp6j8qzh-362f3193f936e3cecee72b93c6451c80 .av-icon-char{\nfont-size:70px;\nline-height:70px;\n}\n<\/style>\n<span  class='av_font_icon av-kp6j8qzh-362f3193f936e3cecee72b93c6451c80 avia_animate_when_visible av-icon-style- avia-icon-pos-center avia-iconfont avia-font-entypo-fontello avia-icon-animate'><span class='av-icon-char' data-av_icon='\ue862' data-av_iconfont='entypo-fontello' aria-hidden=\"true\" ><\/span><\/span><br \/>\n<section  class='av_textblock_section av-kp6jarif-3c2349ead3f18537e1c3f2d92be1aa35 '   itemscope=\"itemscope\" itemtype=\"https:\/\/schema.org\/BlogPosting\" itemprop=\"blogPost\" ><div class='avia_textblock'  itemprop=\"text\" ><p style=\"text-align: center;\">Parte-hartzaileen harrera Europa Biltzar Jauregian: 8:15<\/p>\n<\/div><\/section><\/p><\/div>\n<div  class='hr av-8wpbx8d-51e64cb0064d7673d14e0a0bcd9dc003 hr-default  avia-builder-el-11  el_after_av_one_third  el_before_av_heading '><span class='hr-inner '><span class=\"hr-inner-style\"><\/span><\/span><\/div>\n\n<style type=\"text\/css\" data-created_by=\"avia_inline_auto\" id=\"style-css-av-kp6mtx77-f6d4155d20a2a30e1578339081f0aadc\">\n#top .av-special-heading.av-kp6mtx77-f6d4155d20a2a30e1578339081f0aadc{\npadding-bottom:10px;\n}\nbody .av-special-heading.av-kp6mtx77-f6d4155d20a2a30e1578339081f0aadc .av-special-heading-tag .heading-char{\nfont-size:25px;\n}\n.av-special-heading.av-kp6mtx77-f6d4155d20a2a30e1578339081f0aadc .av-subheading{\nfont-size:15px;\n}\n<\/style>\n<div  class='av-special-heading av-kp6mtx77-f6d4155d20a2a30e1578339081f0aadc av-special-heading-h3  avia-builder-el-12  el_after_av_hr  el_before_av_two_fifth '><h3 class='av-special-heading-tag '  itemprop=\"headline\"  >Lanaldia<\/h3><div class=\"special-heading-border\"><div class=\"special-heading-inner-border\"><\/div><\/div><\/div>\n<div  class='flex_column av-1rkvbrx-dc76abb6f8b40db573e5da45fc29902a av_two_fifth  avia-builder-el-13  el_after_av_heading  el_before_av_three_fifth  first flex_column_div  '     ><p>\n<style type=\"text\/css\" data-created_by=\"avia_inline_auto\" id=\"style-css-av-kv7y41le-5afd038521002cc65b12a81279cf2263\">\n.avia-image-container.av-kv7y41le-5afd038521002cc65b12a81279cf2263 img.avia_image{\nbox-shadow:none;\n}\n.avia-image-container.av-kv7y41le-5afd038521002cc65b12a81279cf2263 .av-image-caption-overlay-center{\ncolor:#ffffff;\n}\n<\/style>\n<div  class='avia-image-container av-kv7y41le-5afd038521002cc65b12a81279cf2263 av-styling- avia-align-center  avia-builder-el-14  el_before_av_hr  avia-builder-el-first '   itemprop=\"image\" itemscope=\"itemscope\" itemtype=\"https:\/\/schema.org\/ImageObject\" ><div class=\"avia-image-container-inner\"><div class=\"avia-image-overlay-wrap\"><img decoding=\"async\" fetchpriority=\"high\" class='wp-image-235188 avia-img-lazy-loading-not-235188 avia_image ' src=\"https:\/\/www.lafundacion.com\/wp-content\/uploads\/2025\/01\/Imagen-Congreso-verde-2026.png\" alt='' title='Imagen Congreso verde 2026'  height=\"291\" width=\"300\"  itemprop=\"thumbnailUrl\" srcset=\"https:\/\/www.lafundacion.com\/wp-content\/uploads\/2025\/01\/Imagen-Congreso-verde-2026.png 300w, https:\/\/www.lafundacion.com\/wp-content\/uploads\/2025\/01\/Imagen-Congreso-verde-2026-36x36.png 36w\" sizes=\"(max-width: 300px) 100vw, 300px\" \/><\/div><\/div><\/div><br \/>\n<div  class='hr av-qz1mgv-adb9a87e1cbeaaa34d5a5a695189d989 hr-default  avia-builder-el-15  el_after_av_image  el_before_av_image '><span class='hr-inner '><span class=\"hr-inner-style\"><\/span><\/span><\/div><br \/>\n\n<style type=\"text\/css\" data-created_by=\"avia_inline_auto\" id=\"style-css-av-mkwq5mdw-a8315c3c9dd572499fe7fed4cd2fafc5\">\n.avia-image-container.av-mkwq5mdw-a8315c3c9dd572499fe7fed4cd2fafc5 img.avia_image{\nbox-shadow:none;\n}\n.avia-image-container.av-mkwq5mdw-a8315c3c9dd572499fe7fed4cd2fafc5 .av-image-caption-overlay-center{\ncolor:#ffffff;\n}\n<\/style>\n<div  class='avia-image-container av-mkwq5mdw-a8315c3c9dd572499fe7fed4cd2fafc5 av-styling- av-img-linked avia-align-center  avia-builder-el-16  el_after_av_hr  el_before_av_hr '   itemprop=\"image\" itemscope=\"itemscope\" itemtype=\"https:\/\/schema.org\/ImageObject\" ><div class=\"avia-image-container-inner\"><div class=\"avia-image-overlay-wrap\"><a href=\"https:\/\/www.lafundacion.com\/wp-content\/uploads\/2026\/01\/Laneko-segurtasun-eta-osasunaren-XXV-Biltzarra-2026.pdf\" class='avia_image '  target=\"_blank\"  rel=\"noopener noreferrer\" aria-label='Programa-XXV-Congreso-Salud-Laboral-2026-EUS'><img decoding=\"async\" fetchpriority=\"high\" class='wp-image-241891 avia-img-lazy-loading-not-241891 avia_image ' src=\"https:\/\/www.lafundacion.com\/wp-content\/uploads\/2026\/01\/Programa-XXV-Congreso-Salud-Laboral-2026-EUS.jpg\" alt='' title='Programa-XXV-Congreso-Salud-Laboral-2026-EUS'  height=\"496\" width=\"350\"  itemprop=\"thumbnailUrl\" srcset=\"https:\/\/www.lafundacion.com\/wp-content\/uploads\/2026\/01\/Programa-XXV-Congreso-Salud-Laboral-2026-EUS.jpg 350w, https:\/\/www.lafundacion.com\/wp-content\/uploads\/2026\/01\/Programa-XXV-Congreso-Salud-Laboral-2026-EUS-212x300.jpg 212w\" sizes=\"(max-width: 350px) 100vw, 350px\" \/><\/a><\/div><\/div><\/div><br \/>\n<div  class='hr av-2a3477-7bb625b2ed78cc02e2b02aaabf7a6e2d hr-default  avia-builder-el-17  el_after_av_image  el_before_av_button_big  avia-builder-el-last '><span class='hr-inner '><span class=\"hr-inner-style\"><\/span><\/span><\/div><br \/>\n<div  class='avia-button-wrap avia-button-center  avia-builder-el-18  el_after_av_hr  el_before_av_hr '>\n<style type=\"text\/css\" data-created_by=\"avia_inline_auto\" id=\"style-css-av-mkxzmuwu-1df84e513d3174ad65b3f9676f2c23c8\">\n#top #wrap_all .avia-button.av-mkxzmuwu-1df84e513d3174ad65b3f9676f2c23c8{\nbackground-color:#00993f;\nborder-color:#00993f;\ntransition:all 0.4s ease-in-out;\n}\n#top #wrap_all .avia-button.av-mkxzmuwu-1df84e513d3174ad65b3f9676f2c23c8:hover{\ncolor:white;\ntransition:all 0.4s ease-in-out;\n}\n#top #wrap_all .avia-button.av-mkxzmuwu-1df84e513d3174ad65b3f9676f2c23c8:hover .avia-svg-icon svg:first-child{\nfill:white;\nstroke:white;\n}\n<\/style>\n<a href='https:\/\/www.lafundacion.com\/wp-content\/uploads\/2026\/01\/Laneko-segurtasun-eta-osasunaren-XXV-Biltzarra-2026.pdf' class='avia-font-color-theme-color avia-button avia-button-fullwidth av-mkxzmuwu-1df84e513d3174ad65b3f9676f2c23c8 avia-icon_select-yes-left-icon avia-color-custom'  target=\"_blank\"  rel=\"noopener noreferrer\"  aria-label=\"PROGRAMA DESKARGATU\"><span class='avia_button_icon avia_button_icon_left avia-svg-icon avia-font-svg_entypo-fontello' data-av_svg_icon='download' data-av_iconset='svg_entypo-fontello'><svg version=\"1.1\" xmlns=\"http:\/\/www.w3.org\/2000\/svg\" width=\"32\" height=\"32\" viewBox=\"0 0 32 32\" preserveAspectRatio=\"xMidYMid meet\" aria-labelledby='av-svg-title-3' aria-describedby='av-svg-desc-3' role=\"graphics-symbol\">\n<title id='av-svg-title-3'>Download<\/title>\n<desc id='av-svg-desc-3'>Download<\/desc>\n<path d=\"M30.976 20.864q0.576 0.32 0.864 1.024t0.096 1.28l-0.896 4.928q-0.128 0.64-0.704 1.056t-1.28 0.416h-26.112q-0.704 0-1.28-0.416t-0.704-1.056l-0.896-4.928q-0.32-1.536 1.024-2.304l5.056-3.456h3.136l-5.44 4.16h5.696q0.256 0 0.384 0.256l1.28 3.52h9.6l1.28-3.52q0.256-0.256 0.384-0.256h5.696l-5.44-4.16h3.136zM24.32 10.56l-8.32 7.808-8.32-7.808h5.312v-8.192h6.080v8.192h5.248z\"><\/path>\n<\/svg><\/span><span class='avia_iconbox_title' >PROGRAMA DESKARGATU<\/span><span class='avia_button_background avia-button avia-button-fullwidth avia-color-theme-color-highlight'><\/span><\/a><\/div><br \/>\n<div  class='hr av-av_hr-91d7ccd583a503147498e120fee2ff9b hr-default  avia-builder-el-19  el_after_av_button_big  avia-builder-el-no-sibling '><span class='hr-inner '><span class=\"hr-inner-style\"><\/span><\/span><\/div><\/p><\/div>\n<div  class='flex_column av-t1fiv1-6c4c787f0c38274f622e15bfd3a6daa2 av_three_fifth  avia-builder-el-20  el_after_av_two_fifth  el_before_av_hr  flex_column_div  '     ><section  class='av_textblock_section av-kv7y4q4g-5234a7f2d4f5b1c95fb751274cb548c9 '   itemscope=\"itemscope\" itemtype=\"https:\/\/schema.org\/BlogPosting\" itemprop=\"blogPost\" ><div class='avia_textblock'  itemprop=\"text\" ><h3><span style=\"color: #339966;\"><strong>2026an Laneko Segurtasun eta Osasunari buruzko Kongresuaren 25. edizioa ospatuko dugu!<\/strong><\/span><\/h3>\n<p>2026an oso edizio berezia ospatu dugu: <strong>Laneko segurtasun eta osasunaren Fundaci\u00f3n San Prudencioren XXV. Biltzarra<\/strong>,<\/p>\n<p>erreferentziazko topaketetako bat lan-ingurune seguru, osasungarri eta iraunkorragoen alde lan egiten dugunontzat. Gaur prebentzioaren agenda markatzen ari diren erronkak mahai gainean jartzeko jardunaldia izango da: nola zaintzen ditugun pertsonak lanean, nola eboluzionatzen duten arriskuek eta zer tresna erreal ditugun erakundeetatik horiei aurre egiteko.<\/p>\n<p>Edizio honetan, hurbiletik eta ikuspegi aplikatutik, gaur egungo gaiak jorratuko ditugu, hala nola <strong>buru-sendotasuna eta presioaren kudeaketa<\/strong>, <strong>adimen artifizialak prebentzioan eta erabakiak hartzean duen zeregina<\/strong>, eta laneko arriskuen prebentzioaren arloan egiten dugun azterketatik ondorioztatzen diren ikaskuntzak. Behar baino gutxiago hitz egiten den gai batean ere jarriko dugu arreta:<strong> farmakoen kontsumoa eta horrek lanean duen eragina<\/strong>, enpresei sentsibilitatea, irizpide argiak eta esku hartzeko modu arduratsuak eskatzen dizkien &#8220;arrisku ikusezin&#8221; hori.<\/p>\n<p>Horrez gain, Espainian <strong>aldi baterako ezintasunagatiko bajak zergatik hazten ari diren<\/strong> \u2014 batez ere iraupen luzekoak eta errepikatuak \u2014 eta horrek pertsonen osasunean eta enpresen lehiakortasunean zer ondorio dituen ulertzeko funtsezko espazio bat eskainiko dugu.<strong> Absentismoari buruzko elkarrizketa<\/strong> ireki, plural eta itzulingururik gabeko batekin itxiko dugu, galdera deseroso baina beharrezko bat planteatuz: kausa edo ondorioa da? Ideia argia da: azaleko diagnostikotik ateratzea eta irtenbide praktiko, partekatu eta eraginkorretarantz aurrera egitea.<\/p>\n<p>Laster, egitarau osoa eta <strong>25. edizio berezi<\/strong> honetarako prestatzen ari garen sorpresa guztiak partekatuko ditugu. Ez galdu!<\/p>\n<\/div><\/section><br \/>\n<div  class='hr av-wpxr6n-e56702da50edcb1df7ee4cbc4c730b5a hr-default  avia-builder-el-22  el_after_av_textblock  el_before_av_video '><span class='hr-inner '><span class=\"hr-inner-style\"><\/span><\/span><\/div><br \/>\n<div  class='avia-video av-m7vo9f53-3eb5988df9f2a5dd89bed1b466e11a8a avia-video-16-9 av-no-preview-image avia-video-load-always av-lazyload-immediate av-lazyload-video-embed'  itemprop=\"video\" itemtype=\"https:\/\/schema.org\/VideoObject\"  data-original_url='https:\/\/youtu.be\/zc3h_yJ049w?si=KS8fqs5HKabK-kqg'><script type='text\/html' class='av-video-tmpl'><div class='avia-iframe-wrap'><iframe loading=\"lazy\" title=\"V\u00eddeo resumen XXIV Congreso Fundaci\u00f3n San Prudencio de Seguridad y Salud Laboral\" width=\"1500\" height=\"844\" src=\"https:\/\/www.youtube.com\/embed\/zc3h_yJ049w?feature=oembed&autoplay=0&loop=0&controls=1&mute=0\" frameborder=\"0\" allow=\"accelerometer; autoplay; clipboard-write; encrypted-media; gyroscope; picture-in-picture; web-share\" referrerpolicy=\"strict-origin-when-cross-origin\" allowfullscreen><\/iframe><\/div><\/script><div class='av-click-to-play-overlay'><div class=\"avia_playpause_icon\"><\/div><\/div><\/div><br \/>\n<div  class='avia-buttonrow-wrap av-mkzsoswd-b3eeebbb84942c058e45cec8841a6a47 avia-buttonrow-center  avia-builder-el-24  el_after_av_video  avia-builder-el-last '>\n\n<style type=\"text\/css\" data-created_by=\"avia_inline_auto\" id=\"style-css-av-mkzsnnaz-b0204b3cb3ff912b1f659ead91839400\">\n#top #wrap_all .avia-button.av-mkzsnnaz-b0204b3cb3ff912b1f659ead91839400{\nbackground-color:#00993f;\nborder-color:#00993f;\ncolor:#ffffff;\ntransition:all 0.4s ease-in-out;\nmargin-bottom:5px;\nmargin-right:3px;\nmargin-left:3px;\n}\n#top #wrap_all .avia-button.av-mkzsnnaz-b0204b3cb3ff912b1f659ead91839400 .avia-svg-icon svg:first-child{\nfill:#ffffff;\nstroke:#ffffff;\n}\n<\/style>\n<a href='https:\/\/www.lafundacion.com\/eu\/enpresak\/absentismoa-murrizteko-irtenbideak\/'  class='avia-button av-mkzsnnaz-b0204b3cb3ff912b1f659ead91839400 avia-icon_select-no avia-size-medium'   aria-label=\"Nordic Klinika\"><span class='avia_iconbox_title' >Nordic Klinika<\/span><\/a>\n\n<style type=\"text\/css\" data-created_by=\"avia_inline_auto\" id=\"style-css-av-mkzsjpqp-f2cccbdd99dac8a990e9beb2e4bcb4a5\">\n#top #wrap_all .avia-button.av-mkzsjpqp-f2cccbdd99dac8a990e9beb2e4bcb4a5{\nbackground-color:#00993f;\nborder-color:#00993f;\ncolor:#ffffff;\ntransition:all 0.4s ease-in-out;\nmargin-bottom:5px;\nmargin-right:3px;\nmargin-left:3px;\n}\n#top #wrap_all .avia-button.av-mkzsjpqp-f2cccbdd99dac8a990e9beb2e4bcb4a5 .avia-svg-icon svg:first-child{\nfill:#ffffff;\nstroke:#ffffff;\n}\n<\/style>\n<a href='https:\/\/www.lafundacion.com\/eu\/enpresak\/psicolan-zerbitzua\/'  class='avia-button av-mkzsjpqp-f2cccbdd99dac8a990e9beb2e4bcb4a5 avia-icon_select-no avia-size-medium'  target=\"_blank\"  rel=\"noopener noreferrer\"  aria-label=\"PsicoLan\"><span class='avia_iconbox_title' >PsicoLan<\/span><\/a>\n\n<style type=\"text\/css\" data-created_by=\"avia_inline_auto\" id=\"style-css-av-mkzsojh3-4a61832e2e5990f3746abcb831f3facf\">\n#top #wrap_all .avia-button.av-mkzsojh3-4a61832e2e5990f3746abcb831f3facf{\nbackground-color:#00993f;\nborder-color:#00993f;\ncolor:#ffffff;\ntransition:all 0.4s ease-in-out;\nmargin-bottom:5px;\nmargin-right:3px;\nmargin-left:3px;\n}\n#top #wrap_all .avia-button.av-mkzsojh3-4a61832e2e5990f3746abcb831f3facf .avia-svg-icon svg:first-child{\nfill:#ffffff;\nstroke:#ffffff;\n}\n<\/style>\n<a href='https:\/\/www.lafundacion.com\/eu\/enpresak\/sos-emoziolan-lehen-laguntza-emozionalak\/'  class='avia-button av-mkzsojh3-4a61832e2e5990f3746abcb831f3facf avia-icon_select-no avia-size-medium'  target=\"_blank\"  rel=\"noopener noreferrer\"  aria-label=\"SOS EmozioLan\"><span class='avia_iconbox_title' >SOS EmozioLan<\/span><\/a>\n<\/div><\/p><\/div>\n<div  class='hr av-8cvf1r1-b00e92f4871fc7b4395777e57bda6700 hr-default  avia-builder-el-25  el_after_av_three_fifth  el_before_av_heading '><span class='hr-inner '><span class=\"hr-inner-style\"><\/span><\/span><\/div>\n\n<style type=\"text\/css\" data-created_by=\"avia_inline_auto\" id=\"style-css-av-kuffk45v-fa3f94b6cab9d99a941311877a5fbb46\">\n#top .av-special-heading.av-kuffk45v-fa3f94b6cab9d99a941311877a5fbb46{\npadding-bottom:10px;\n}\nbody .av-special-heading.av-kuffk45v-fa3f94b6cab9d99a941311877a5fbb46 .av-special-heading-tag .heading-char{\nfont-size:25px;\n}\n.av-special-heading.av-kuffk45v-fa3f94b6cab9d99a941311877a5fbb46 .av-subheading{\nfont-size:15px;\n}\n<\/style>\n<div  class='av-special-heading av-kuffk45v-fa3f94b6cab9d99a941311877a5fbb46 av-special-heading-h3  avia-builder-el-26  el_after_av_hr  el_before_av_one_fifth '><h3 class='av-special-heading-tag '  itemprop=\"headline\"  >Hizlariak<\/h3><div class=\"special-heading-border\"><div class=\"special-heading-inner-border\"><\/div><\/div><\/div>\n<div  class='flex_column av-44jp7j3-fd439d54786857a47af26ef743deab89 av_one_fifth  avia-builder-el-27  el_after_av_heading  el_before_av_one_fifth  first flex_column_div  '     ><p>\n<style type=\"text\/css\" data-created_by=\"avia_inline_auto\" id=\"style-css-av-1felafz-c9ef249858df482470132c91bf766b00\">\n.avia-image-container.av-1felafz-c9ef249858df482470132c91bf766b00 img.avia_image{\nbox-shadow:none;\n}\n.avia-image-container.av-1felafz-c9ef249858df482470132c91bf766b00 .av-image-caption-overlay-center{\ncolor:#ffffff;\n}\n<\/style>\n<div  class='avia-image-container av-1felafz-c9ef249858df482470132c91bf766b00 av-styling-circle av-hover-grow avia-align-center  avia-builder-el-28  el_before_av_textblock  avia-builder-el-first '   itemprop=\"image\" itemscope=\"itemscope\" itemtype=\"https:\/\/schema.org\/ImageObject\" ><div class=\"avia-image-container-inner\"><div class=\"avia-image-overlay-wrap\"><img decoding=\"async\" fetchpriority=\"high\" class='wp-image-241475 avia-img-lazy-loading-not-241475 avia_image ' src=\"https:\/\/www.lafundacion.com\/wp-content\/uploads\/2026\/01\/Sara-Escudero-LaF-180x180.jpg\" alt='' title='Sara-Escudero-LaF'  height=\"180\" width=\"180\"  itemprop=\"thumbnailUrl\" srcset=\"https:\/\/www.lafundacion.com\/wp-content\/uploads\/2026\/01\/Sara-Escudero-LaF-180x180.jpg 180w, https:\/\/www.lafundacion.com\/wp-content\/uploads\/2026\/01\/Sara-Escudero-LaF-300x300.jpg 300w, https:\/\/www.lafundacion.com\/wp-content\/uploads\/2026\/01\/Sara-Escudero-LaF-1030x1030.jpg 1030w, https:\/\/www.lafundacion.com\/wp-content\/uploads\/2026\/01\/Sara-Escudero-LaF-80x80.jpg 80w, https:\/\/www.lafundacion.com\/wp-content\/uploads\/2026\/01\/Sara-Escudero-LaF-768x768.jpg 768w, https:\/\/www.lafundacion.com\/wp-content\/uploads\/2026\/01\/Sara-Escudero-LaF-36x36.jpg 36w, https:\/\/www.lafundacion.com\/wp-content\/uploads\/2026\/01\/Sara-Escudero-LaF-705x705.jpg 705w, https:\/\/www.lafundacion.com\/wp-content\/uploads\/2026\/01\/Sara-Escudero-LaF.jpg 1397w\" sizes=\"(max-width: 180px) 100vw, 180px\" \/><\/div><\/div><\/div><br \/>\n<section  class='av_textblock_section av-2d8wn3-5859d520f1ebff54a0efaedf87c19a5d '   itemscope=\"itemscope\" itemtype=\"https:\/\/schema.org\/BlogPosting\" itemprop=\"blogPost\" ><div class='avia_textblock'  itemprop=\"text\" ><h3 style=\"text-align: center;\"><span style=\"color: #00993f;\"><strong>Sara Escudero<\/strong><\/span><\/h3>\n<\/div><\/section><br \/>\n\n<style type=\"text\/css\" data-created_by=\"avia_inline_auto\" id=\"style-css-av-1658ou7-53f66c3d4e96bf58be56efe75bf4a64e\">\n#top .av-special-heading.av-1658ou7-53f66c3d4e96bf58be56efe75bf4a64e{\npadding-bottom:10px;\n}\nbody .av-special-heading.av-1658ou7-53f66c3d4e96bf58be56efe75bf4a64e .av-special-heading-tag .heading-char{\nfont-size:25px;\n}\n.av-special-heading.av-1658ou7-53f66c3d4e96bf58be56efe75bf4a64e .special-heading-inner-border{\nborder-color:#4ecac2;\n}\n.av-special-heading.av-1658ou7-53f66c3d4e96bf58be56efe75bf4a64e .av-subheading{\nfont-size:15px;\n}\nbody .av-special-heading.av-1658ou7-53f66c3d4e96bf58be56efe75bf4a64e .av-special-heading-tag .heading-wrap:before{\nborder-color:#4ecac2;\n}\nbody .av-special-heading.av-1658ou7-53f66c3d4e96bf58be56efe75bf4a64e .av-special-heading-tag .heading-wrap:after{\nborder-color:#4ecac2;\n}\n<\/style>\n<div  class='av-special-heading av-1658ou7-53f66c3d4e96bf58be56efe75bf4a64e av-special-heading-h5 custom-color-heading blockquote modern-quote modern-centered  avia-builder-el-30  el_after_av_textblock  avia-builder-el-last '><h5 class='av-special-heading-tag '  itemprop=\"headline\"  >Aktorea, komikoa eta telebistako aurkezlea. Kongresuaren aurkezlea.<\/h5><div class=\"special-heading-border\"><div class=\"special-heading-inner-border\"><\/div><\/div><\/div><\/p><\/div>\n<div  class='flex_column av-2ylw2kf-56ee55e44953787ee679e8c137c349bc av_one_fifth  avia-builder-el-31  el_after_av_one_fifth  el_before_av_one_fifth  flex_column_div  '     ><p>\n<style type=\"text\/css\" data-created_by=\"avia_inline_auto\" id=\"style-css-av-2gmwbhb-afe9965c934912f38753eee527f25cc4\">\n.avia-image-container.av-2gmwbhb-afe9965c934912f38753eee527f25cc4 img.avia_image{\nbox-shadow:none;\n}\n.avia-image-container.av-2gmwbhb-afe9965c934912f38753eee527f25cc4 .av-image-caption-overlay-center{\ncolor:#ffffff;\n}\n<\/style>\n<div  class='avia-image-container av-2gmwbhb-afe9965c934912f38753eee527f25cc4 av-styling-circle av-hover-grow avia-align-center  avia-builder-el-32  el_before_av_textblock  avia-builder-el-first '   itemprop=\"image\" itemscope=\"itemscope\" itemtype=\"https:\/\/schema.org\/ImageObject\" ><div class=\"avia-image-container-inner\"><div class=\"avia-image-overlay-wrap\"><img decoding=\"async\" fetchpriority=\"high\" class='wp-image-235176 avia-img-lazy-loading-not-235176 avia_image ' src=\"https:\/\/www.lafundacion.com\/wp-content\/uploads\/2025\/01\/Anthony-Blake-mentalista-XXV-Congreso-Salud-Laboral-2026-180x180.jpg\" alt='' title='Anthony-Blake-mentalista-XXV-Congreso-Salud-Laboral-2026'  height=\"180\" width=\"180\"  itemprop=\"thumbnailUrl\" srcset=\"https:\/\/www.lafundacion.com\/wp-content\/uploads\/2025\/01\/Anthony-Blake-mentalista-XXV-Congreso-Salud-Laboral-2026-180x180.jpg 180w, https:\/\/www.lafundacion.com\/wp-content\/uploads\/2025\/01\/Anthony-Blake-mentalista-XXV-Congreso-Salud-Laboral-2026-300x300.jpg 300w, https:\/\/www.lafundacion.com\/wp-content\/uploads\/2025\/01\/Anthony-Blake-mentalista-XXV-Congreso-Salud-Laboral-2026-80x80.jpg 80w, https:\/\/www.lafundacion.com\/wp-content\/uploads\/2025\/01\/Anthony-Blake-mentalista-XXV-Congreso-Salud-Laboral-2026-36x36.jpg 36w, https:\/\/www.lafundacion.com\/wp-content\/uploads\/2025\/01\/Anthony-Blake-mentalista-XXV-Congreso-Salud-Laboral-2026.jpg 381w\" sizes=\"(max-width: 180px) 100vw, 180px\" \/><\/div><\/div><\/div><br \/>\n<section  class='av_textblock_section av-29w81b3-194e18168cd59df5a6b4abde7d8da254 '   itemscope=\"itemscope\" itemtype=\"https:\/\/schema.org\/BlogPosting\" itemprop=\"blogPost\" ><div class='avia_textblock'  itemprop=\"text\" ><h3 style=\"text-align: center;\"><span style=\"color: #00993f;\"><strong>Anthony Blake<\/strong><\/span><\/h3>\n<\/div><\/section><br \/>\n\n<style type=\"text\/css\" data-created_by=\"avia_inline_auto\" id=\"style-css-av-1i1hs9r-cf09cfee3554a55f957e7e54219e7ec5\">\n#top .av-special-heading.av-1i1hs9r-cf09cfee3554a55f957e7e54219e7ec5{\npadding-bottom:10px;\n}\nbody .av-special-heading.av-1i1hs9r-cf09cfee3554a55f957e7e54219e7ec5 .av-special-heading-tag .heading-char{\nfont-size:25px;\n}\n.av-special-heading.av-1i1hs9r-cf09cfee3554a55f957e7e54219e7ec5 .special-heading-inner-border{\nborder-color:#4ecac2;\n}\n.av-special-heading.av-1i1hs9r-cf09cfee3554a55f957e7e54219e7ec5 .av-subheading{\nfont-size:15px;\n}\nbody .av-special-heading.av-1i1hs9r-cf09cfee3554a55f957e7e54219e7ec5 .av-special-heading-tag .heading-wrap:before{\nborder-color:#4ecac2;\n}\nbody .av-special-heading.av-1i1hs9r-cf09cfee3554a55f957e7e54219e7ec5 .av-special-heading-tag .heading-wrap:after{\nborder-color:#4ecac2;\n}\n<\/style>\n<div  class='av-special-heading av-1i1hs9r-cf09cfee3554a55f957e7e54219e7ec5 av-special-heading-h5 custom-color-heading blockquote modern-quote modern-centered  avia-builder-el-34  el_after_av_textblock  avia-builder-el-last '><h5 class='av-special-heading-tag '  itemprop=\"headline\"  >Mentalista<\/h5><div class=\"special-heading-border\"><div class=\"special-heading-inner-border\"><\/div><\/div><\/div><\/p><\/div>\n<div  class='flex_column av-u12j27-8ef21884882881b1b2274575e4023c59 av_one_fifth  avia-builder-el-35  el_after_av_one_fifth  el_before_av_one_fifth  flex_column_div  '     ><p>\n<style type=\"text\/css\" data-created_by=\"avia_inline_auto\" id=\"style-css-av-mko1bcz4-252f56903dc93bc82ac20663733d0e0f\">\n.avia-image-container.av-mko1bcz4-252f56903dc93bc82ac20663733d0e0f img.avia_image{\nbox-shadow:none;\n}\n.avia-image-container.av-mko1bcz4-252f56903dc93bc82ac20663733d0e0f .av-image-caption-overlay-center{\ncolor:#ffffff;\n}\n<\/style>\n<div  class='avia-image-container av-mko1bcz4-252f56903dc93bc82ac20663733d0e0f av-styling-circle av-hover-grow avia-align-center  avia-builder-el-36  el_before_av_textblock  avia-builder-el-first '   itemprop=\"image\" itemscope=\"itemscope\" itemtype=\"https:\/\/schema.org\/ImageObject\" ><div class=\"avia-image-container-inner\"><div class=\"avia-image-overlay-wrap\"><img decoding=\"async\" fetchpriority=\"high\" class='wp-image-235081 avia-img-lazy-loading-not-235081 avia_image ' src=\"https:\/\/www.lafundacion.com\/wp-content\/uploads\/2025\/01\/Elena-perez-barredo-180x180.jpg\" alt='' title='Elena-perez-barredo'  height=\"180\" width=\"180\"  itemprop=\"thumbnailUrl\" srcset=\"https:\/\/www.lafundacion.com\/wp-content\/uploads\/2025\/01\/Elena-perez-barredo-180x180.jpg 180w, https:\/\/www.lafundacion.com\/wp-content\/uploads\/2025\/01\/Elena-perez-barredo-80x80.jpg 80w, https:\/\/www.lafundacion.com\/wp-content\/uploads\/2025\/01\/Elena-perez-barredo-36x36.jpg 36w, https:\/\/www.lafundacion.com\/wp-content\/uploads\/2025\/01\/Elena-perez-barredo.jpg 280w\" sizes=\"(max-width: 180px) 100vw, 180px\" \/><\/div><\/div><\/div><br \/>\n<section  class='av_textblock_section av-mko19pxx-5ab31d7ef3f6ff9f62cccd489316ac7f '   itemscope=\"itemscope\" itemtype=\"https:\/\/schema.org\/BlogPosting\" itemprop=\"blogPost\" ><div class='avia_textblock'  itemprop=\"text\" ><h3 style=\"text-align: center;\"><span style=\"color: #00993f;\"><strong>Elena P\u00e9rez Barredo<\/strong><\/span><\/h3>\n<\/div><\/section><br \/>\n\n<style type=\"text\/css\" data-created_by=\"avia_inline_auto\" id=\"style-css-av-mko1a6p2-72b47c6925def2bc3f33147a2a243a22\">\n#top .av-special-heading.av-mko1a6p2-72b47c6925def2bc3f33147a2a243a22{\npadding-bottom:10px;\n}\nbody .av-special-heading.av-mko1a6p2-72b47c6925def2bc3f33147a2a243a22 .av-special-heading-tag .heading-char{\nfont-size:25px;\n}\n.av-special-heading.av-mko1a6p2-72b47c6925def2bc3f33147a2a243a22 .special-heading-inner-border{\nborder-color:#4ecac2;\n}\n.av-special-heading.av-mko1a6p2-72b47c6925def2bc3f33147a2a243a22 .av-subheading{\nfont-size:15px;\n}\nbody .av-special-heading.av-mko1a6p2-72b47c6925def2bc3f33147a2a243a22 .av-special-heading-tag .heading-wrap:before{\nborder-color:#4ecac2;\n}\nbody .av-special-heading.av-mko1a6p2-72b47c6925def2bc3f33147a2a243a22 .av-special-heading-tag .heading-wrap:after{\nborder-color:#4ecac2;\n}\n<\/style>\n<div  class='av-special-heading av-mko1a6p2-72b47c6925def2bc3f33147a2a243a22 av-special-heading-h5 custom-color-heading blockquote modern-quote modern-centered  avia-builder-el-38  el_after_av_textblock  avia-builder-el-last '><h5 class='av-special-heading-tag '  itemprop=\"headline\"  >Laneko eta Gizarte Segurantzako sailburuordea Eusko Jaurlaritza<\/h5><div class=\"special-heading-border\"><div class=\"special-heading-inner-border\"><\/div><\/div><\/div><\/p><\/div>\n<div  class='flex_column av-ssrvnj-09e2c17171d62c1e4a5303c2cd7117f0 av_one_fifth  avia-builder-el-39  el_after_av_one_fifth  el_before_av_one_fifth  flex_column_div  '     ><p>\n<style type=\"text\/css\" data-created_by=\"avia_inline_auto\" id=\"style-css-av-mko12pzs-91662971c53022619155b4a0e95a14ad\">\n.avia-image-container.av-mko12pzs-91662971c53022619155b4a0e95a14ad img.avia_image{\nbox-shadow:none;\n}\n.avia-image-container.av-mko12pzs-91662971c53022619155b4a0e95a14ad .av-image-caption-overlay-center{\ncolor:#ffffff;\n}\n<\/style>\n<div  class='avia-image-container av-mko12pzs-91662971c53022619155b4a0e95a14ad av-styling-circle av-hover-grow avia-align-center  avia-builder-el-40  el_before_av_textblock  avia-builder-el-first '   itemprop=\"image\" itemscope=\"itemscope\" itemtype=\"https:\/\/schema.org\/ImageObject\" ><div class=\"avia-image-container-inner\"><div class=\"avia-image-overlay-wrap\"><img decoding=\"async\" fetchpriority=\"high\" class='wp-image-240402 avia-img-lazy-loading-not-240402 avia_image ' src=\"https:\/\/www.lafundacion.com\/wp-content\/uploads\/2026\/01\/Jose-Luis-Del-Val-ponente-XXV-Congreso-Salud-Laboral-La-Fundacion-San-Prudencio-Vitoria-180x180.jpg\" alt='' title='Jose-Luis-Del-Val-ponente-XXV-Congreso-Salud-Laboral-La-Fundacion-San-Prudencio-Vitoria'  height=\"180\" width=\"180\"  itemprop=\"thumbnailUrl\" srcset=\"https:\/\/www.lafundacion.com\/wp-content\/uploads\/2026\/01\/Jose-Luis-Del-Val-ponente-XXV-Congreso-Salud-Laboral-La-Fundacion-San-Prudencio-Vitoria-180x180.jpg 180w, https:\/\/www.lafundacion.com\/wp-content\/uploads\/2026\/01\/Jose-Luis-Del-Val-ponente-XXV-Congreso-Salud-Laboral-La-Fundacion-San-Prudencio-Vitoria-300x300.jpg 300w, https:\/\/www.lafundacion.com\/wp-content\/uploads\/2026\/01\/Jose-Luis-Del-Val-ponente-XXV-Congreso-Salud-Laboral-La-Fundacion-San-Prudencio-Vitoria-80x80.jpg 80w, https:\/\/www.lafundacion.com\/wp-content\/uploads\/2026\/01\/Jose-Luis-Del-Val-ponente-XXV-Congreso-Salud-Laboral-La-Fundacion-San-Prudencio-Vitoria-36x36.jpg 36w, https:\/\/www.lafundacion.com\/wp-content\/uploads\/2026\/01\/Jose-Luis-Del-Val-ponente-XXV-Congreso-Salud-Laboral-La-Fundacion-San-Prudencio-Vitoria.jpg 431w\" sizes=\"(max-width: 180px) 100vw, 180px\" \/><\/div><\/div><\/div><br \/>\n<section  class='av_textblock_section av-mko11cln-89653529c504f9a111db7127876eb337 '   itemscope=\"itemscope\" itemtype=\"https:\/\/schema.org\/BlogPosting\" itemprop=\"blogPost\" ><div class='avia_textblock'  itemprop=\"text\" ><h3 style=\"text-align: center;\"><span style=\"color: #00993f;\"><strong>Jose Luis del Val<\/strong><\/span><\/h3>\n<\/div><\/section><br \/>\n\n<style type=\"text\/css\" data-created_by=\"avia_inline_auto\" id=\"style-css-av-mko12a01-801eb53e53606d0a32773668760a8e1f\">\n#top .av-special-heading.av-mko12a01-801eb53e53606d0a32773668760a8e1f{\npadding-bottom:10px;\n}\nbody .av-special-heading.av-mko12a01-801eb53e53606d0a32773668760a8e1f .av-special-heading-tag .heading-char{\nfont-size:25px;\n}\n.av-special-heading.av-mko12a01-801eb53e53606d0a32773668760a8e1f .special-heading-inner-border{\nborder-color:#4ecac2;\n}\n.av-special-heading.av-mko12a01-801eb53e53606d0a32773668760a8e1f .av-subheading{\nfont-size:15px;\n}\nbody .av-special-heading.av-mko12a01-801eb53e53606d0a32773668760a8e1f .av-special-heading-tag .heading-wrap:before{\nborder-color:#4ecac2;\n}\nbody .av-special-heading.av-mko12a01-801eb53e53606d0a32773668760a8e1f .av-special-heading-tag .heading-wrap:after{\nborder-color:#4ecac2;\n}\n<\/style>\n<div  class='av-special-heading av-mko12a01-801eb53e53606d0a32773668760a8e1f av-special-heading-h5 custom-color-heading blockquote modern-quote modern-centered  avia-builder-el-42  el_after_av_textblock  avia-builder-el-last '><h5 class='av-special-heading-tag '  itemprop=\"headline\"  >Industria-ingeniaria, informatikan doktorea Deustuko Unibertsitatean. AAko espezialista.<\/h5><div class=\"special-heading-border\"><div class=\"special-heading-inner-border\"><\/div><\/div><\/div><\/p><\/div>\n<div  class='flex_column av-1ccx8tb-0968a339dd0d8c96f7848c989e044d3f av_one_fifth  avia-builder-el-43  el_after_av_one_fifth  el_before_av_one_fifth  flex_column_div  '     ><p>\n<style type=\"text\/css\" data-created_by=\"avia_inline_auto\" id=\"style-css-av-1jw6537-3d53b8024232fb2892a584c596b02fe4\">\n.avia-image-container.av-1jw6537-3d53b8024232fb2892a584c596b02fe4 img.avia_image{\nbox-shadow:none;\n}\n.avia-image-container.av-1jw6537-3d53b8024232fb2892a584c596b02fe4 .av-image-caption-overlay-center{\ncolor:#ffffff;\n}\n<\/style>\n<div  class='avia-image-container av-1jw6537-3d53b8024232fb2892a584c596b02fe4 av-styling-circle av-hover-grow avia-align-center  avia-builder-el-44  el_before_av_textblock  avia-builder-el-first '   itemprop=\"image\" itemscope=\"itemscope\" itemtype=\"https:\/\/schema.org\/ImageObject\" ><div class=\"avia-image-container-inner\"><div class=\"avia-image-overlay-wrap\"><img decoding=\"async\" fetchpriority=\"high\" class='wp-image-23429 avia-img-lazy-loading-not-23429 avia_image ' src=\"https:\/\/www.lafundacion.com\/wp-content\/uploads\/2021\/10\/Jagoba-180x180.jpg\" alt='Jagoba G\u00f3mez Laneko segurtasun eta osasunari buruzko biltzarran' title='Jagoba'  height=\"180\" width=\"180\"  itemprop=\"thumbnailUrl\" srcset=\"https:\/\/www.lafundacion.com\/wp-content\/uploads\/2021\/10\/Jagoba-180x180.jpg 180w, https:\/\/www.lafundacion.com\/wp-content\/uploads\/2021\/10\/Jagoba-80x80.jpg 80w, https:\/\/www.lafundacion.com\/wp-content\/uploads\/2021\/10\/Jagoba-36x36.jpg 36w, https:\/\/www.lafundacion.com\/wp-content\/uploads\/2021\/10\/Jagoba.jpg 200w\" sizes=\"(max-width: 180px) 100vw, 180px\" \/><\/div><\/div><\/div><br \/>\n<section  class='av_textblock_section av-pe03s3-d6e903c4d5e8e1f7b62a9d6dd8646470 '   itemscope=\"itemscope\" itemtype=\"https:\/\/schema.org\/BlogPosting\" itemprop=\"blogPost\" ><div class='avia_textblock'  itemprop=\"text\" ><h3 style=\"text-align: center;\"><span style=\"color: #00993f;\"><strong>Jagoba G\u00f3mez<\/strong><\/span><\/h3>\n<\/div><\/section><br \/>\n\n<style type=\"text\/css\" data-created_by=\"avia_inline_auto\" id=\"style-css-av-14slds3-1c3d7e84824277cbef28c7ba2f212a6d\">\n#top .av-special-heading.av-14slds3-1c3d7e84824277cbef28c7ba2f212a6d{\npadding-bottom:10px;\n}\nbody .av-special-heading.av-14slds3-1c3d7e84824277cbef28c7ba2f212a6d .av-special-heading-tag .heading-char{\nfont-size:25px;\n}\n.av-special-heading.av-14slds3-1c3d7e84824277cbef28c7ba2f212a6d .special-heading-inner-border{\nborder-color:#4ecac2;\n}\n.av-special-heading.av-14slds3-1c3d7e84824277cbef28c7ba2f212a6d .av-subheading{\nfont-size:15px;\n}\nbody .av-special-heading.av-14slds3-1c3d7e84824277cbef28c7ba2f212a6d .av-special-heading-tag .heading-wrap:before{\nborder-color:#4ecac2;\n}\nbody .av-special-heading.av-14slds3-1c3d7e84824277cbef28c7ba2f212a6d .av-special-heading-tag .heading-wrap:after{\nborder-color:#4ecac2;\n}\n<\/style>\n<div  class='av-special-heading av-14slds3-1c3d7e84824277cbef28c7ba2f212a6d av-special-heading-h5 custom-color-heading blockquote modern-quote modern-centered  avia-builder-el-46  el_after_av_textblock  avia-builder-el-last '><h5 class='av-special-heading-tag '  itemprop=\"headline\"  >San Prudencio PZMren arduraduna<\/h5><div class=\"special-heading-border\"><div class=\"special-heading-inner-border\"><\/div><\/div><\/div><\/p><\/div>\n<div class='flex_column_table av-1b95hlr-d527084fa65bbf990766074f4af54a96 sc-av_one_fifth av-equal-height-column-flextable'><div  class='flex_column av-1b95hlr-d527084fa65bbf990766074f4af54a96 av_one_fifth  avia-builder-el-47  el_after_av_one_fifth  el_before_av_one_fifth  first flex_column_table_cell av-equal-height-column av-align-top  column-top-margin'     ><p>\n<style type=\"text\/css\" data-created_by=\"avia_inline_auto\" id=\"style-css-av-mkvc8mmk-5bdffa6c0f03ff447df6289671eeca27\">\n.avia-image-container.av-mkvc8mmk-5bdffa6c0f03ff447df6289671eeca27 img.avia_image{\nbox-shadow:none;\n}\n.avia-image-container.av-mkvc8mmk-5bdffa6c0f03ff447df6289671eeca27 .av-image-caption-overlay-center{\ncolor:#ffffff;\n}\n<\/style>\n<div  class='avia-image-container av-mkvc8mmk-5bdffa6c0f03ff447df6289671eeca27 av-styling-circle av-hover-grow avia-align-center  avia-builder-el-48  el_before_av_textblock  avia-builder-el-first '   itemprop=\"image\" itemscope=\"itemscope\" itemtype=\"https:\/\/schema.org\/ImageObject\" ><div class=\"avia-image-container-inner\"><div class=\"avia-image-overlay-wrap\"><img decoding=\"async\" fetchpriority=\"high\" class='wp-image-250294 avia-img-lazy-loading-not-250294 avia_image ' src=\"https:\/\/www.lafundacion.com\/wp-content\/uploads\/2026\/02\/Milagros-Lopez-de-Ocariz-XXV-Congreso-Salud-Laboral-Vitoria-La-Fundacion-San-Prudencio-180x180.jpg\" alt='' title='Milagros-Lopez-de-Ocariz-XXV-Congreso-Salud-Laboral-Vitoria-La-Fundacion-San-Prudencio'  height=\"180\" width=\"180\"  itemprop=\"thumbnailUrl\" srcset=\"https:\/\/www.lafundacion.com\/wp-content\/uploads\/2026\/02\/Milagros-Lopez-de-Ocariz-XXV-Congreso-Salud-Laboral-Vitoria-La-Fundacion-San-Prudencio-180x180.jpg 180w, https:\/\/www.lafundacion.com\/wp-content\/uploads\/2026\/02\/Milagros-Lopez-de-Ocariz-XXV-Congreso-Salud-Laboral-Vitoria-La-Fundacion-San-Prudencio-300x300.jpg 300w, https:\/\/www.lafundacion.com\/wp-content\/uploads\/2026\/02\/Milagros-Lopez-de-Ocariz-XXV-Congreso-Salud-Laboral-Vitoria-La-Fundacion-San-Prudencio-80x80.jpg 80w, https:\/\/www.lafundacion.com\/wp-content\/uploads\/2026\/02\/Milagros-Lopez-de-Ocariz-XXV-Congreso-Salud-Laboral-Vitoria-La-Fundacion-San-Prudencio-36x36.jpg 36w, https:\/\/www.lafundacion.com\/wp-content\/uploads\/2026\/02\/Milagros-Lopez-de-Ocariz-XXV-Congreso-Salud-Laboral-Vitoria-La-Fundacion-San-Prudencio.jpg 450w\" sizes=\"(max-width: 180px) 100vw, 180px\" \/><\/div><\/div><\/div><br \/>\n<section  class='av_textblock_section av-mkvbzdpb-3be26c6356a432008bdb8a6c85ac1137 '   itemscope=\"itemscope\" itemtype=\"https:\/\/schema.org\/BlogPosting\" itemprop=\"blogPost\" ><div class='avia_textblock'  itemprop=\"text\" ><h3 style=\"text-align: center;\"><span style=\"color: #00993f;\"><strong>Milagros L\u00f3pez de Oc\u00e1riz<\/strong><\/span><\/h3>\n<\/div><\/section><br \/>\n\n<style type=\"text\/css\" data-created_by=\"avia_inline_auto\" id=\"style-css-av-mkvc0vq9-99de46684eccd578610451dcc5a63fd4\">\n#top .av-special-heading.av-mkvc0vq9-99de46684eccd578610451dcc5a63fd4{\npadding-bottom:10px;\n}\nbody .av-special-heading.av-mkvc0vq9-99de46684eccd578610451dcc5a63fd4 .av-special-heading-tag .heading-char{\nfont-size:25px;\n}\n.av-special-heading.av-mkvc0vq9-99de46684eccd578610451dcc5a63fd4 .special-heading-inner-border{\nborder-color:#4ecac2;\n}\n.av-special-heading.av-mkvc0vq9-99de46684eccd578610451dcc5a63fd4 .av-subheading{\nfont-size:15px;\n}\nbody .av-special-heading.av-mkvc0vq9-99de46684eccd578610451dcc5a63fd4 .av-special-heading-tag .heading-wrap:before{\nborder-color:#4ecac2;\n}\nbody .av-special-heading.av-mkvc0vq9-99de46684eccd578610451dcc5a63fd4 .av-special-heading-tag .heading-wrap:after{\nborder-color:#4ecac2;\n}\n<\/style>\n<div  class='av-special-heading av-mkvc0vq9-99de46684eccd578610451dcc5a63fd4 av-special-heading-h5 custom-color-heading blockquote modern-quote modern-centered  avia-builder-el-50  el_after_av_textblock  avia-builder-el-last '><h5 class='av-special-heading-tag '  itemprop=\"headline\"  >Euskal Autonomia Erkidegoko Farmazialarien Kontseiluko lehendakaria<\/h5><div class=\"special-heading-border\"><div class=\"special-heading-inner-border\"><\/div><\/div><\/div><\/p><\/div>\n<div class='av-flex-placeholder'><\/div><div  class='flex_column av-4w4by7x-8023a701df0d9847b7e1932018df3408 av_one_fifth  avia-builder-el-51  el_after_av_one_fifth  el_before_av_one_fifth  flex_column_table_cell av-equal-height-column av-align-top  column-top-margin'     ><p>\n<style type=\"text\/css\" data-created_by=\"avia_inline_auto\" id=\"style-css-av-kufgvcop-dbdb2ede4703ca9103e7cae3dab9cfa8\">\n.avia-image-container.av-kufgvcop-dbdb2ede4703ca9103e7cae3dab9cfa8 img.avia_image{\nbox-shadow:none;\n}\n.avia-image-container.av-kufgvcop-dbdb2ede4703ca9103e7cae3dab9cfa8 .av-image-caption-overlay-center{\ncolor:#ffffff;\n}\n<\/style>\n<div  class='avia-image-container av-kufgvcop-dbdb2ede4703ca9103e7cae3dab9cfa8 av-styling-circle av-hover-grow avia-align-center  avia-builder-el-52  el_before_av_textblock  avia-builder-el-first '   itemprop=\"image\" itemscope=\"itemscope\" itemtype=\"https:\/\/schema.org\/ImageObject\" ><div class=\"avia-image-container-inner\"><div class=\"avia-image-overlay-wrap\"><img decoding=\"async\" fetchpriority=\"high\" class='wp-image-23425 avia-img-lazy-loading-not-23425 avia_image ' src=\"https:\/\/www.lafundacion.com\/wp-content\/uploads\/2021\/10\/Peiro-Jose-Maria-180x180.jpg\" alt='Jose Mar\u00eda Peir\u00f3 Laneko segurtasun eta osasunari buruzko biltzarran' title='Peir\u00f3,-Jose-Mar\u00eda'  height=\"180\" width=\"180\"  itemprop=\"thumbnailUrl\" srcset=\"https:\/\/www.lafundacion.com\/wp-content\/uploads\/2021\/10\/Peiro-Jose-Maria-180x180.jpg 180w, https:\/\/www.lafundacion.com\/wp-content\/uploads\/2021\/10\/Peiro-Jose-Maria-80x80.jpg 80w, https:\/\/www.lafundacion.com\/wp-content\/uploads\/2021\/10\/Peiro-Jose-Maria-36x36.jpg 36w\" sizes=\"(max-width: 180px) 100vw, 180px\" \/><\/div><\/div><\/div><br \/>\n<section  class='av_textblock_section av-kufgxlln-d3b5c8f884281b22ce208b315edd792d '   itemscope=\"itemscope\" itemtype=\"https:\/\/schema.org\/BlogPosting\" itemprop=\"blogPost\" ><div class='avia_textblock'  itemprop=\"text\" ><h3 style=\"text-align: center;\"><span style=\"color: #00993f;\"><strong>Jose M\u00aa Peir\u00f3<\/strong><\/span><\/h3>\n<\/div><\/section><br \/>\n\n<style type=\"text\/css\" data-created_by=\"avia_inline_auto\" id=\"style-css-av-kupfzs8j-7162017246eacc9d2b3d3322f88e6f84\">\n#top .av-special-heading.av-kupfzs8j-7162017246eacc9d2b3d3322f88e6f84{\npadding-bottom:10px;\n}\nbody .av-special-heading.av-kupfzs8j-7162017246eacc9d2b3d3322f88e6f84 .av-special-heading-tag .heading-char{\nfont-size:25px;\n}\n.av-special-heading.av-kupfzs8j-7162017246eacc9d2b3d3322f88e6f84 .special-heading-inner-border{\nborder-color:#4ecac2;\n}\n.av-special-heading.av-kupfzs8j-7162017246eacc9d2b3d3322f88e6f84 .av-subheading{\nfont-size:15px;\n}\nbody .av-special-heading.av-kupfzs8j-7162017246eacc9d2b3d3322f88e6f84 .av-special-heading-tag .heading-wrap:before{\nborder-color:#4ecac2;\n}\nbody .av-special-heading.av-kupfzs8j-7162017246eacc9d2b3d3322f88e6f84 .av-special-heading-tag .heading-wrap:after{\nborder-color:#4ecac2;\n}\n<\/style>\n<div  class='av-special-heading av-kupfzs8j-7162017246eacc9d2b3d3322f88e6f84 av-special-heading-h5 custom-color-heading blockquote modern-quote modern-centered  avia-builder-el-54  el_after_av_textblock  avia-builder-el-last '><h5 class='av-special-heading-tag '  itemprop=\"headline\"  >Balentziako Unibertsitateko Gizarte Psikologiako eta Erakundeetako katedradun emeritua<\/h5><div class=\"special-heading-border\"><div class=\"special-heading-inner-border\"><\/div><\/div><\/div><\/p><\/div>\n<div class='av-flex-placeholder'><\/div><div  class='flex_column av-10xkuyn-b710706f7ffdfe7c8700239e96395309 av_one_fifth  avia-builder-el-55  el_after_av_one_fifth  el_before_av_one_fifth  flex_column_table_cell av-equal-height-column av-align-top  column-top-margin'     ><p>\n<style type=\"text\/css\" data-created_by=\"avia_inline_auto\" id=\"style-css-av-mkpdjdo0-c9fcbc6fef40c7d69a434e7a60b1b52b\">\n.avia-image-container.av-mkpdjdo0-c9fcbc6fef40c7d69a434e7a60b1b52b img.avia_image{\nbox-shadow:none;\n}\n.avia-image-container.av-mkpdjdo0-c9fcbc6fef40c7d69a434e7a60b1b52b .av-image-caption-overlay-center{\ncolor:#ffffff;\n}\n<\/style>\n<div  class='avia-image-container av-mkpdjdo0-c9fcbc6fef40c7d69a434e7a60b1b52b av-styling-circle av-hover-grow avia-align-center  avia-builder-el-56  el_before_av_textblock  avia-builder-el-first '   itemprop=\"image\" itemscope=\"itemscope\" itemtype=\"https:\/\/schema.org\/ImageObject\" ><div class=\"avia-image-container-inner\"><div class=\"avia-image-overlay-wrap\"><img decoding=\"async\" fetchpriority=\"high\" class='wp-image-241478 avia-img-lazy-loading-not-241478 avia_image ' src=\"https:\/\/www.lafundacion.com\/wp-content\/uploads\/2026\/01\/Antonio-Diaz-Ruiz-180x180.jpg\" alt='' title='Dise\u00f1o sin t\u00edtulo - 1'  height=\"180\" width=\"180\"  itemprop=\"thumbnailUrl\" srcset=\"https:\/\/www.lafundacion.com\/wp-content\/uploads\/2026\/01\/Antonio-Diaz-Ruiz-180x180.jpg 180w, https:\/\/www.lafundacion.com\/wp-content\/uploads\/2026\/01\/Antonio-Diaz-Ruiz-300x300.jpg 300w, https:\/\/www.lafundacion.com\/wp-content\/uploads\/2026\/01\/Antonio-Diaz-Ruiz-80x80.jpg 80w, https:\/\/www.lafundacion.com\/wp-content\/uploads\/2026\/01\/Antonio-Diaz-Ruiz-768x768.jpg 768w, https:\/\/www.lafundacion.com\/wp-content\/uploads\/2026\/01\/Antonio-Diaz-Ruiz-36x36.jpg 36w, https:\/\/www.lafundacion.com\/wp-content\/uploads\/2026\/01\/Antonio-Diaz-Ruiz-705x705.jpg 705w, https:\/\/www.lafundacion.com\/wp-content\/uploads\/2026\/01\/Antonio-Diaz-Ruiz.jpg 900w\" sizes=\"(max-width: 180px) 100vw, 180px\" \/><\/div><\/div><\/div><br \/>\n<section  class='av_textblock_section av-mkpdfrlh-48de4f2e4380c3fecc2cdd238b449657 '   itemscope=\"itemscope\" itemtype=\"https:\/\/schema.org\/BlogPosting\" itemprop=\"blogPost\" ><div class='avia_textblock'  itemprop=\"text\" ><h3 style=\"text-align: center;\"><span style=\"color: #00993f;\"><strong>Antonio D\u00edaz Ruiz<\/strong><\/span><\/h3>\n<\/div><\/section><br \/>\n\n<style type=\"text\/css\" data-created_by=\"avia_inline_auto\" id=\"style-css-av-mkpdgamn-7e38dd010e44d0946bcbe09fe9187287\">\n#top .av-special-heading.av-mkpdgamn-7e38dd010e44d0946bcbe09fe9187287{\npadding-bottom:10px;\n}\nbody .av-special-heading.av-mkpdgamn-7e38dd010e44d0946bcbe09fe9187287 .av-special-heading-tag .heading-char{\nfont-size:25px;\n}\n.av-special-heading.av-mkpdgamn-7e38dd010e44d0946bcbe09fe9187287 .special-heading-inner-border{\nborder-color:#4ecac2;\n}\n.av-special-heading.av-mkpdgamn-7e38dd010e44d0946bcbe09fe9187287 .av-subheading{\nfont-size:15px;\n}\nbody .av-special-heading.av-mkpdgamn-7e38dd010e44d0946bcbe09fe9187287 .av-special-heading-tag .heading-wrap:before{\nborder-color:#4ecac2;\n}\nbody .av-special-heading.av-mkpdgamn-7e38dd010e44d0946bcbe09fe9187287 .av-special-heading-tag .heading-wrap:after{\nborder-color:#4ecac2;\n}\n<\/style>\n<div  class='av-special-heading av-mkpdgamn-7e38dd010e44d0946bcbe09fe9187287 av-special-heading-h5 custom-color-heading blockquote modern-quote modern-centered  avia-builder-el-58  el_after_av_textblock  avia-builder-el-last '><h5 class='av-special-heading-tag '  itemprop=\"headline\"  >Osasun eta Lan Ongizateko zuzendaria. APA.<\/h5><div class=\"special-heading-border\"><div class=\"special-heading-inner-border\"><\/div><\/div><\/div><\/p><\/div>\n<div class='av-flex-placeholder'><\/div><div  class='flex_column av-4pqbdr-1019fb1c282447dd1e6b68120daca075 av_one_fifth  avia-builder-el-59  el_after_av_one_fifth  el_before_av_one_fifth  flex_column_table_cell av-equal-height-column av-align-top  column-top-margin'     ><p>\n<style type=\"text\/css\" data-created_by=\"avia_inline_auto\" id=\"style-css-av-mkuwqn4f-1aa921d87949047e12cc01950f5055ab\">\n.avia-image-container.av-mkuwqn4f-1aa921d87949047e12cc01950f5055ab img.avia_image{\nbox-shadow:none;\n}\n.avia-image-container.av-mkuwqn4f-1aa921d87949047e12cc01950f5055ab .av-image-caption-overlay-center{\ncolor:#ffffff;\n}\n<\/style>\n<div  class='avia-image-container av-mkuwqn4f-1aa921d87949047e12cc01950f5055ab av-styling-circle av-hover-grow avia-align-center  avia-builder-el-60  el_before_av_textblock  avia-builder-el-first '   itemprop=\"image\" itemscope=\"itemscope\" itemtype=\"https:\/\/schema.org\/ImageObject\" ><div class=\"avia-image-container-inner\"><div class=\"avia-image-overlay-wrap\"><img decoding=\"async\" fetchpriority=\"high\" class='wp-image-235075 avia-img-lazy-loading-not-235075 avia_image ' src=\"https:\/\/www.lafundacion.com\/wp-content\/uploads\/2026\/01\/Pedro-Pablo-Sanz-XXV-Congreso-Salud-Laboral-Vitoria-180x180.jpg\" alt='' title='Pedro-Pablo-Sanz-XXV-Congreso-Salud-Laboral-Vitoria'  height=\"180\" width=\"180\"  itemprop=\"thumbnailUrl\" srcset=\"https:\/\/www.lafundacion.com\/wp-content\/uploads\/2026\/01\/Pedro-Pablo-Sanz-XXV-Congreso-Salud-Laboral-Vitoria-180x180.jpg 180w, https:\/\/www.lafundacion.com\/wp-content\/uploads\/2026\/01\/Pedro-Pablo-Sanz-XXV-Congreso-Salud-Laboral-Vitoria-80x80.jpg 80w, https:\/\/www.lafundacion.com\/wp-content\/uploads\/2026\/01\/Pedro-Pablo-Sanz-XXV-Congreso-Salud-Laboral-Vitoria-36x36.jpg 36w\" sizes=\"(max-width: 180px) 100vw, 180px\" \/><\/div><\/div><\/div><br \/>\n<section  class='av_textblock_section av-mkuwpxw0-bea78a8e7f6e83290bfbacec62df1a28 '   itemscope=\"itemscope\" itemtype=\"https:\/\/schema.org\/BlogPosting\" itemprop=\"blogPost\" ><div class='avia_textblock'  itemprop=\"text\" ><h3 style=\"text-align: center;\"><span style=\"color: #00993f;\"><strong>Pedro Pablo Sanz<\/strong><\/span><\/h3>\n<\/div><\/section><br \/>\n\n<style type=\"text\/css\" data-created_by=\"avia_inline_auto\" id=\"style-css-av-mkuwq9u5-0029eb22de7af3db9bb2b13f3c25addd\">\n#top .av-special-heading.av-mkuwq9u5-0029eb22de7af3db9bb2b13f3c25addd{\npadding-bottom:10px;\n}\nbody .av-special-heading.av-mkuwq9u5-0029eb22de7af3db9bb2b13f3c25addd .av-special-heading-tag .heading-char{\nfont-size:25px;\n}\n.av-special-heading.av-mkuwq9u5-0029eb22de7af3db9bb2b13f3c25addd .special-heading-inner-border{\nborder-color:#4ecac2;\n}\n.av-special-heading.av-mkuwq9u5-0029eb22de7af3db9bb2b13f3c25addd .av-subheading{\nfont-size:15px;\n}\nbody .av-special-heading.av-mkuwq9u5-0029eb22de7af3db9bb2b13f3c25addd .av-special-heading-tag .heading-wrap:before{\nborder-color:#4ecac2;\n}\nbody .av-special-heading.av-mkuwq9u5-0029eb22de7af3db9bb2b13f3c25addd .av-special-heading-tag .heading-wrap:after{\nborder-color:#4ecac2;\n}\n<\/style>\n<div  class='av-special-heading av-mkuwq9u5-0029eb22de7af3db9bb2b13f3c25addd av-special-heading-h5 custom-color-heading blockquote modern-quote modern-centered  avia-builder-el-62  el_after_av_textblock  avia-builder-el-last '><h5 class='av-special-heading-tag '  itemprop=\"headline\"  >AMAT-eko zuzendari kudeatzailea. Lan Istripuen Mutualitateen Elkartea<\/h5><div class=\"special-heading-border\"><div class=\"special-heading-inner-border\"><\/div><\/div><\/div><\/p><\/div>\n<div class='av-flex-placeholder'><\/div><div  class='flex_column av-14wnbmn-a15aca139b7edc90b22e427898c47049 av_one_fifth  avia-builder-el-63  el_after_av_one_fifth  el_before_av_one_fifth  flex_column_table_cell av-equal-height-column av-align-top  column-top-margin'     ><p>\n<style type=\"text\/css\" data-created_by=\"avia_inline_auto\" id=\"style-css-av-mkwdpkfp-facabfa785cd87b8f68575fe152b4d00\">\n.avia-image-container.av-mkwdpkfp-facabfa785cd87b8f68575fe152b4d00 img.avia_image{\nbox-shadow:none;\n}\n.avia-image-container.av-mkwdpkfp-facabfa785cd87b8f68575fe152b4d00 .av-image-caption-overlay-center{\ncolor:#ffffff;\n}\n<\/style>\n<div  class='avia-image-container av-mkwdpkfp-facabfa785cd87b8f68575fe152b4d00 av-styling-circle av-hover-grow avia-align-center  avia-builder-el-64  el_before_av_textblock  avia-builder-el-first '   itemprop=\"image\" itemscope=\"itemscope\" itemtype=\"https:\/\/schema.org\/ImageObject\" ><div class=\"avia-image-container-inner\"><div class=\"avia-image-overlay-wrap\"><img decoding=\"async\" fetchpriority=\"high\" class='wp-image-241488 avia-img-lazy-loading-not-241488 avia_image ' src=\"https:\/\/www.lafundacion.com\/wp-content\/uploads\/2026\/01\/Alfonso-Rios-CCOO-Euskadi-XXV-Congreso-Salud-Laboral-La-Fundacion-180x180.jpg\" alt='' title='Alfonso-Rios-CCOO-Euskadi-XXV-Congreso-Salud-Laboral-La-Fundacion'  height=\"180\" width=\"180\"  itemprop=\"thumbnailUrl\" srcset=\"https:\/\/www.lafundacion.com\/wp-content\/uploads\/2026\/01\/Alfonso-Rios-CCOO-Euskadi-XXV-Congreso-Salud-Laboral-La-Fundacion-180x180.jpg 180w, https:\/\/www.lafundacion.com\/wp-content\/uploads\/2026\/01\/Alfonso-Rios-CCOO-Euskadi-XXV-Congreso-Salud-Laboral-La-Fundacion-300x300.jpg 300w, https:\/\/www.lafundacion.com\/wp-content\/uploads\/2026\/01\/Alfonso-Rios-CCOO-Euskadi-XXV-Congreso-Salud-Laboral-La-Fundacion-80x80.jpg 80w, https:\/\/www.lafundacion.com\/wp-content\/uploads\/2026\/01\/Alfonso-Rios-CCOO-Euskadi-XXV-Congreso-Salud-Laboral-La-Fundacion-36x36.jpg 36w, https:\/\/www.lafundacion.com\/wp-content\/uploads\/2026\/01\/Alfonso-Rios-CCOO-Euskadi-XXV-Congreso-Salud-Laboral-La-Fundacion.jpg 450w\" sizes=\"(max-width: 180px) 100vw, 180px\" \/><\/div><\/div><\/div><br \/>\n<section  class='av_textblock_section av-mkwdm6g1-c7fd8d9212e9f5017c142956f5f76022 '   itemscope=\"itemscope\" itemtype=\"https:\/\/schema.org\/BlogPosting\" itemprop=\"blogPost\" ><div class='avia_textblock'  itemprop=\"text\" ><h3 style=\"text-align: center;\"><span style=\"color: #00993f;\"><strong>Alfonso R\u00edos<\/strong><\/span><\/h3>\n<\/div><\/section><br \/>\n\n<style type=\"text\/css\" data-created_by=\"avia_inline_auto\" id=\"style-css-av-mkwdmj3g-c7700b4896e10eb267ba6afd350fb5a0\">\n#top .av-special-heading.av-mkwdmj3g-c7700b4896e10eb267ba6afd350fb5a0{\npadding-bottom:10px;\n}\nbody .av-special-heading.av-mkwdmj3g-c7700b4896e10eb267ba6afd350fb5a0 .av-special-heading-tag .heading-char{\nfont-size:25px;\n}\n.av-special-heading.av-mkwdmj3g-c7700b4896e10eb267ba6afd350fb5a0 .special-heading-inner-border{\nborder-color:#4ecac2;\n}\n.av-special-heading.av-mkwdmj3g-c7700b4896e10eb267ba6afd350fb5a0 .av-subheading{\nfont-size:15px;\n}\nbody .av-special-heading.av-mkwdmj3g-c7700b4896e10eb267ba6afd350fb5a0 .av-special-heading-tag .heading-wrap:before{\nborder-color:#4ecac2;\n}\nbody .av-special-heading.av-mkwdmj3g-c7700b4896e10eb267ba6afd350fb5a0 .av-special-heading-tag .heading-wrap:after{\nborder-color:#4ecac2;\n}\n<\/style>\n<div  class='av-special-heading av-mkwdmj3g-c7700b4896e10eb267ba6afd350fb5a0 av-special-heading-h5 custom-color-heading blockquote modern-quote modern-centered  avia-builder-el-66  el_after_av_textblock  avia-builder-el-last '><h5 class='av-special-heading-tag '  itemprop=\"headline\"  >CCOO euskadiko langile komisioen Laneko Osasunaren Arduraduna<\/h5><div class=\"special-heading-border\"><div class=\"special-heading-inner-border\"><\/div><\/div><\/div><\/p><\/div><\/div><!--close column table wrapper. Autoclose: 1 -->\n<div  class='flex_column av-2ymyngf-5cd2dc1660f6e9973be7078b728c8e03 av_one_fifth  avia-builder-el-67  el_after_av_one_fifth  el_before_av_one_fifth  first flex_column_div  column-top-margin'     ><p>\n<style type=\"text\/css\" data-created_by=\"avia_inline_auto\" id=\"style-css-av-8nlwu7-11eece6eab8032ead0a9c12b953c438d\">\n.avia-image-container.av-8nlwu7-11eece6eab8032ead0a9c12b953c438d img.avia_image{\nbox-shadow:none;\n}\n.avia-image-container.av-8nlwu7-11eece6eab8032ead0a9c12b953c438d .av-image-caption-overlay-center{\ncolor:#ffffff;\n}\n<\/style>\n<div  class='avia-image-container av-8nlwu7-11eece6eab8032ead0a9c12b953c438d av-styling-circle av-hover-grow avia-align-center  avia-builder-el-68  el_before_av_textblock  avia-builder-el-first '   itemprop=\"image\" itemscope=\"itemscope\" itemtype=\"https:\/\/schema.org\/ImageObject\" ><div class=\"avia-image-container-inner\"><div class=\"avia-image-overlay-wrap\"><img decoding=\"async\" fetchpriority=\"high\" class='wp-image-241635 avia-img-lazy-loading-not-241635 avia_image ' src=\"https:\/\/www.lafundacion.com\/wp-content\/uploads\/2026\/01\/Juan-Carlos-Cardenas-UGT-Euskadi-XXV-Congreso-Salud-Laboral-Vitoria-La-Fundacion-180x180.jpg\" alt='' title='Juan-Carlos-Cardenas-UGT-Euskadi-XXV-Congreso-Salud-Laboral-Vitoria-La-Fundacion'  height=\"180\" width=\"180\"  itemprop=\"thumbnailUrl\" srcset=\"https:\/\/www.lafundacion.com\/wp-content\/uploads\/2026\/01\/Juan-Carlos-Cardenas-UGT-Euskadi-XXV-Congreso-Salud-Laboral-Vitoria-La-Fundacion-180x180.jpg 180w, https:\/\/www.lafundacion.com\/wp-content\/uploads\/2026\/01\/Juan-Carlos-Cardenas-UGT-Euskadi-XXV-Congreso-Salud-Laboral-Vitoria-La-Fundacion-300x300.jpg 300w, https:\/\/www.lafundacion.com\/wp-content\/uploads\/2026\/01\/Juan-Carlos-Cardenas-UGT-Euskadi-XXV-Congreso-Salud-Laboral-Vitoria-La-Fundacion-80x80.jpg 80w, https:\/\/www.lafundacion.com\/wp-content\/uploads\/2026\/01\/Juan-Carlos-Cardenas-UGT-Euskadi-XXV-Congreso-Salud-Laboral-Vitoria-La-Fundacion-36x36.jpg 36w, https:\/\/www.lafundacion.com\/wp-content\/uploads\/2026\/01\/Juan-Carlos-Cardenas-UGT-Euskadi-XXV-Congreso-Salud-Laboral-Vitoria-La-Fundacion.jpg 450w\" sizes=\"(max-width: 180px) 100vw, 180px\" \/><\/div><\/div><\/div><br \/>\n<section  class='av_textblock_section av-1zdkckf-3ebcfb9724503bff4e59ef2b6afaae73 '   itemscope=\"itemscope\" itemtype=\"https:\/\/schema.org\/BlogPosting\" itemprop=\"blogPost\" ><div class='avia_textblock'  itemprop=\"text\" ><h3 style=\"text-align: center;\"><span style=\"color: #00993f;\"><strong>Juan Carlos C\u00e1rdenas<\/strong><\/span><\/h3>\n<\/div><\/section><br \/>\n\n<style type=\"text\/css\" data-created_by=\"avia_inline_auto\" id=\"style-css-av-54oanz-99457d172eee3b5e3d206818daeb5a05\">\n#top .av-special-heading.av-54oanz-99457d172eee3b5e3d206818daeb5a05{\npadding-bottom:10px;\n}\nbody .av-special-heading.av-54oanz-99457d172eee3b5e3d206818daeb5a05 .av-special-heading-tag .heading-char{\nfont-size:25px;\n}\n.av-special-heading.av-54oanz-99457d172eee3b5e3d206818daeb5a05 .special-heading-inner-border{\nborder-color:#4ecac2;\n}\n.av-special-heading.av-54oanz-99457d172eee3b5e3d206818daeb5a05 .av-subheading{\nfont-size:15px;\n}\nbody .av-special-heading.av-54oanz-99457d172eee3b5e3d206818daeb5a05 .av-special-heading-tag .heading-wrap:before{\nborder-color:#4ecac2;\n}\nbody .av-special-heading.av-54oanz-99457d172eee3b5e3d206818daeb5a05 .av-special-heading-tag .heading-wrap:after{\nborder-color:#4ecac2;\n}\n<\/style>\n<div  class='av-special-heading av-54oanz-99457d172eee3b5e3d206818daeb5a05 av-special-heading-h5 custom-color-heading blockquote modern-quote modern-centered  avia-builder-el-70  el_after_av_textblock  avia-builder-el-last '><h5 class='av-special-heading-tag '  itemprop=\"headline\"  >Laneko Segurtasun, Osasun eta Ongizateko arduraduna.. UGT Euskadi<\/h5><div class=\"special-heading-border\"><div class=\"special-heading-inner-border\"><\/div><\/div><\/div><\/p><\/div>\n<div  class='flex_column av-2lfbg9r-d01ec74aea91cd85ab8c1c206bd6f20d av_one_fifth  avia-builder-el-71  el_after_av_one_fifth  el_before_av_one_fifth  flex_column_div  column-top-margin'     ><p>\n<style type=\"text\/css\" data-created_by=\"avia_inline_auto\" id=\"style-css-av-2a017kv-88a4b2790d84fa4e4504ea0bc0561a3a\">\n.avia-image-container.av-2a017kv-88a4b2790d84fa4e4504ea0bc0561a3a img.avia_image{\nbox-shadow:none;\n}\n.avia-image-container.av-2a017kv-88a4b2790d84fa4e4504ea0bc0561a3a .av-image-caption-overlay-center{\ncolor:#ffffff;\n}\n<\/style>\n<div  class='avia-image-container av-2a017kv-88a4b2790d84fa4e4504ea0bc0561a3a av-styling-circle av-hover-grow avia-align-center  avia-builder-el-72  el_before_av_textblock  avia-builder-el-first '   itemprop=\"image\" itemscope=\"itemscope\" itemtype=\"https:\/\/schema.org\/ImageObject\" ><div class=\"avia-image-container-inner\"><div class=\"avia-image-overlay-wrap\"><img decoding=\"async\" fetchpriority=\"high\" class='wp-image-23676 avia-img-lazy-loading-not-23676 avia_image ' src=\"https:\/\/www.lafundacion.com\/wp-content\/uploads\/2021\/10\/Ricardo-Minguez-180x180.jpg\" alt='Ricardo-M\u00ednguez-para-el-congreso-de-seguridada-y-salud-laboral-de-la-fundaci\u00f3n-san-prudencio' title='Ricardo-Minguez'  height=\"180\" width=\"180\"  itemprop=\"thumbnailUrl\" srcset=\"https:\/\/www.lafundacion.com\/wp-content\/uploads\/2021\/10\/Ricardo-Minguez-180x180.jpg 180w, https:\/\/www.lafundacion.com\/wp-content\/uploads\/2021\/10\/Ricardo-Minguez-80x80.jpg 80w, https:\/\/www.lafundacion.com\/wp-content\/uploads\/2021\/10\/Ricardo-Minguez-36x36.jpg 36w, https:\/\/www.lafundacion.com\/wp-content\/uploads\/2021\/10\/Ricardo-Minguez.jpg 200w\" sizes=\"(max-width: 180px) 100vw, 180px\" \/><\/div><\/div><\/div><br \/>\n<section  class='av_textblock_section av-1qfpexr-4ed475a23f248cafbe8486bf0a44b94f '   itemscope=\"itemscope\" itemtype=\"https:\/\/schema.org\/BlogPosting\" itemprop=\"blogPost\" ><div class='avia_textblock'  itemprop=\"text\" ><h3 style=\"text-align: center;\"><span style=\"color: #00993f;\"><strong>Ricardo M\u00ednguez<\/strong><\/span><\/h3>\n<\/div><\/section><br \/>\n\n<style type=\"text\/css\" data-created_by=\"avia_inline_auto\" id=\"style-css-av-1bv8o5b-ea9b53ca0db044f0a4ca07ba09d20576\">\n#top .av-special-heading.av-1bv8o5b-ea9b53ca0db044f0a4ca07ba09d20576{\npadding-bottom:10px;\n}\nbody .av-special-heading.av-1bv8o5b-ea9b53ca0db044f0a4ca07ba09d20576 .av-special-heading-tag .heading-char{\nfont-size:25px;\n}\n.av-special-heading.av-1bv8o5b-ea9b53ca0db044f0a4ca07ba09d20576 .special-heading-inner-border{\nborder-color:#4ecac2;\n}\n.av-special-heading.av-1bv8o5b-ea9b53ca0db044f0a4ca07ba09d20576 .av-subheading{\nfont-size:15px;\n}\nbody .av-special-heading.av-1bv8o5b-ea9b53ca0db044f0a4ca07ba09d20576 .av-special-heading-tag .heading-wrap:before{\nborder-color:#4ecac2;\n}\nbody .av-special-heading.av-1bv8o5b-ea9b53ca0db044f0a4ca07ba09d20576 .av-special-heading-tag .heading-wrap:after{\nborder-color:#4ecac2;\n}\n<\/style>\n<div  class='av-special-heading av-1bv8o5b-ea9b53ca0db044f0a4ca07ba09d20576 av-special-heading-h5 custom-color-heading blockquote modern-quote modern-centered  avia-builder-el-74  el_after_av_textblock  avia-builder-el-last '><h5 class='av-special-heading-tag '  itemprop=\"headline\"  >Lan-zuzenbideko espezialista eta Lan eta Gizarte Segurantzako Ikuskatzaileen Goi-mailako Kidegoko kidea eta SS. Cuatrecasas kontzeilaria<\/h5><div class=\"special-heading-border\"><div class=\"special-heading-inner-border\"><\/div><\/div><\/div><\/p><\/div>\n<div  class='flex_column av-2gssidb-397a75d9f425b7f9f5d90dfd80b0c096 av_one_fifth  avia-builder-el-75  el_after_av_one_fifth  el_before_av_one_fifth  flex_column_div  column-top-margin'     ><p>\n<style type=\"text\/css\" data-created_by=\"avia_inline_auto\" id=\"style-css-av-26km1vj-1bac84f965cd069080c95ca4956609f5\">\n.avia-image-container.av-26km1vj-1bac84f965cd069080c95ca4956609f5 img.avia_image{\nbox-shadow:none;\n}\n.avia-image-container.av-26km1vj-1bac84f965cd069080c95ca4956609f5 .av-image-caption-overlay-center{\ncolor:#ffffff;\n}\n<\/style>\n<div  class='avia-image-container av-26km1vj-1bac84f965cd069080c95ca4956609f5 av-styling-circle av-hover-grow avia-align-center  avia-builder-el-76  el_before_av_textblock  avia-builder-el-first '   itemprop=\"image\" itemscope=\"itemscope\" itemtype=\"https:\/\/schema.org\/ImageObject\" ><div class=\"avia-image-container-inner\"><div class=\"avia-image-overlay-wrap\"><img decoding=\"async\" fetchpriority=\"high\" class='wp-image-240364 avia-img-lazy-loading-not-240364 avia_image ' src=\"https:\/\/www.lafundacion.com\/wp-content\/uploads\/2026\/01\/Virginia-ponente-XXV-Congreso-Salud-Laboral-La-Fundacion-San-Prudencio-180x180.jpg\" alt='' title='Virginia-ponente-XXV-Congreso-Salud-Laboral-La-Fundacion-San-Prudencio'  height=\"180\" width=\"180\"  itemprop=\"thumbnailUrl\" srcset=\"https:\/\/www.lafundacion.com\/wp-content\/uploads\/2026\/01\/Virginia-ponente-XXV-Congreso-Salud-Laboral-La-Fundacion-San-Prudencio-180x180.jpg 180w, https:\/\/www.lafundacion.com\/wp-content\/uploads\/2026\/01\/Virginia-ponente-XXV-Congreso-Salud-Laboral-La-Fundacion-San-Prudencio-300x300.jpg 300w, https:\/\/www.lafundacion.com\/wp-content\/uploads\/2026\/01\/Virginia-ponente-XXV-Congreso-Salud-Laboral-La-Fundacion-San-Prudencio-80x80.jpg 80w, https:\/\/www.lafundacion.com\/wp-content\/uploads\/2026\/01\/Virginia-ponente-XXV-Congreso-Salud-Laboral-La-Fundacion-San-Prudencio-36x36.jpg 36w, https:\/\/www.lafundacion.com\/wp-content\/uploads\/2026\/01\/Virginia-ponente-XXV-Congreso-Salud-Laboral-La-Fundacion-San-Prudencio.jpg 350w\" sizes=\"(max-width: 180px) 100vw, 180px\" \/><\/div><\/div><\/div><br \/>\n<section  class='av_textblock_section av-6fetnj-b8724e6bdb857a4f2b7f2bdc75efafa3 '   itemscope=\"itemscope\" itemtype=\"https:\/\/schema.org\/BlogPosting\" itemprop=\"blogPost\" ><div class='avia_textblock'  itemprop=\"text\" ><h3 style=\"text-align: center;\"><span style=\"color: #00993f;\"><strong>Virginia M\u00fagica<\/strong><\/span><\/h3>\n<\/div><\/section><br \/>\n\n<style type=\"text\/css\" data-created_by=\"avia_inline_auto\" id=\"style-css-av-4r1gwv-df3a6e60b7048fc7e52657715019d769\">\n#top .av-special-heading.av-4r1gwv-df3a6e60b7048fc7e52657715019d769{\npadding-bottom:10px;\n}\nbody .av-special-heading.av-4r1gwv-df3a6e60b7048fc7e52657715019d769 .av-special-heading-tag .heading-char{\nfont-size:25px;\n}\n.av-special-heading.av-4r1gwv-df3a6e60b7048fc7e52657715019d769 .special-heading-inner-border{\nborder-color:#4ecac2;\n}\n.av-special-heading.av-4r1gwv-df3a6e60b7048fc7e52657715019d769 .av-subheading{\nfont-size:15px;\n}\nbody .av-special-heading.av-4r1gwv-df3a6e60b7048fc7e52657715019d769 .av-special-heading-tag .heading-wrap:before{\nborder-color:#4ecac2;\n}\nbody .av-special-heading.av-4r1gwv-df3a6e60b7048fc7e52657715019d769 .av-special-heading-tag .heading-wrap:after{\nborder-color:#4ecac2;\n}\n<\/style>\n<div  class='av-special-heading av-4r1gwv-df3a6e60b7048fc7e52657715019d769 av-special-heading-h5 custom-color-heading blockquote modern-quote modern-centered  avia-builder-el-78  el_after_av_textblock  avia-builder-el-last '><h5 class='av-special-heading-tag '  itemprop=\"headline\"  >Confebaskeko arlo juridikoaren eta lan-harremanen zuzendaria<\/h5><div class=\"special-heading-border\"><div class=\"special-heading-inner-border\"><\/div><\/div><\/div><\/p><\/div>\n<div  class='flex_column av-16yrsfz-5cf6db7a94c9fa5c5f9148ed63be2b41 av_one_fifth  avia-builder-el-79  el_after_av_one_fifth  el_before_av_one_fifth  flex_column_div  column-top-margin'     ><p>\n<style type=\"text\/css\" data-created_by=\"avia_inline_auto\" id=\"style-css-av-mkwdt44x-bb6040044272c23c4c312dd6ab32c846\">\n.avia-image-container.av-mkwdt44x-bb6040044272c23c4c312dd6ab32c846 img.avia_image{\nbox-shadow:none;\n}\n.avia-image-container.av-mkwdt44x-bb6040044272c23c4c312dd6ab32c846 .av-image-caption-overlay-center{\ncolor:#ffffff;\n}\n<\/style>\n<div  class='avia-image-container av-mkwdt44x-bb6040044272c23c4c312dd6ab32c846 av-styling-circle av-hover-grow avia-align-center  avia-builder-el-80  el_before_av_textblock  avia-builder-el-first '   itemprop=\"image\" itemscope=\"itemscope\" itemtype=\"https:\/\/schema.org\/ImageObject\" ><div class=\"avia-image-container-inner\"><div class=\"avia-image-overlay-wrap\"><img decoding=\"async\" fetchpriority=\"high\" class='wp-image-241495 avia-img-lazy-loading-not-241495 avia_image ' src=\"https:\/\/www.lafundacion.com\/wp-content\/uploads\/2026\/01\/Javier-Llaneza-Presidente-PREVERAS-XXV-Congreso-Salud-Laboral-La-Fundacion-Vitoria-180x180.jpg\" alt='' title='Javier-Llaneza-Presidente-PREVERAS-XXV-Congreso-Salud-Laboral-La-Fundacion-Vitoria'  height=\"180\" width=\"180\"  itemprop=\"thumbnailUrl\" srcset=\"https:\/\/www.lafundacion.com\/wp-content\/uploads\/2026\/01\/Javier-Llaneza-Presidente-PREVERAS-XXV-Congreso-Salud-Laboral-La-Fundacion-Vitoria-180x180.jpg 180w, https:\/\/www.lafundacion.com\/wp-content\/uploads\/2026\/01\/Javier-Llaneza-Presidente-PREVERAS-XXV-Congreso-Salud-Laboral-La-Fundacion-Vitoria-300x300.jpg 300w, https:\/\/www.lafundacion.com\/wp-content\/uploads\/2026\/01\/Javier-Llaneza-Presidente-PREVERAS-XXV-Congreso-Salud-Laboral-La-Fundacion-Vitoria-80x80.jpg 80w, https:\/\/www.lafundacion.com\/wp-content\/uploads\/2026\/01\/Javier-Llaneza-Presidente-PREVERAS-XXV-Congreso-Salud-Laboral-La-Fundacion-Vitoria-36x36.jpg 36w, https:\/\/www.lafundacion.com\/wp-content\/uploads\/2026\/01\/Javier-Llaneza-Presidente-PREVERAS-XXV-Congreso-Salud-Laboral-La-Fundacion-Vitoria.jpg 450w\" sizes=\"(max-width: 180px) 100vw, 180px\" \/><\/div><\/div><\/div><br \/>\n<section  class='av_textblock_section av-mkwdqf8o-bf4b3e4d155cfcd445792f8b200c2ddb '   itemscope=\"itemscope\" itemtype=\"https:\/\/schema.org\/BlogPosting\" itemprop=\"blogPost\" ><div class='avia_textblock'  itemprop=\"text\" ><h3 style=\"text-align: center;\"><span style=\"color: #00993f;\"><strong>F. Javier Llaneza<\/strong><\/span><\/h3>\n<\/div><\/section><br \/>\n\n<style type=\"text\/css\" data-created_by=\"avia_inline_auto\" id=\"style-css-av-mkwdqvky-e0eca7c1dfb7287297d5384391681638\">\n#top .av-special-heading.av-mkwdqvky-e0eca7c1dfb7287297d5384391681638{\npadding-bottom:10px;\n}\nbody .av-special-heading.av-mkwdqvky-e0eca7c1dfb7287297d5384391681638 .av-special-heading-tag .heading-char{\nfont-size:25px;\n}\n.av-special-heading.av-mkwdqvky-e0eca7c1dfb7287297d5384391681638 .special-heading-inner-border{\nborder-color:#4ecac2;\n}\n.av-special-heading.av-mkwdqvky-e0eca7c1dfb7287297d5384391681638 .av-subheading{\nfont-size:15px;\n}\nbody .av-special-heading.av-mkwdqvky-e0eca7c1dfb7287297d5384391681638 .av-special-heading-tag .heading-wrap:before{\nborder-color:#4ecac2;\n}\nbody .av-special-heading.av-mkwdqvky-e0eca7c1dfb7287297d5384391681638 .av-special-heading-tag .heading-wrap:after{\nborder-color:#4ecac2;\n}\n<\/style>\n<div  class='av-special-heading av-mkwdqvky-e0eca7c1dfb7287297d5384391681638 av-special-heading-h5 custom-color-heading blockquote modern-quote modern-centered  avia-builder-el-82  el_after_av_textblock  avia-builder-el-last '><h5 class='av-special-heading-tag '  itemprop=\"headline\"  >PREVERAS-eko Presidentea. Asturiasko Ergonomia Elkartea.<\/h5><div class=\"special-heading-border\"><div class=\"special-heading-inner-border\"><\/div><\/div><\/div><\/p><\/div>\n<div  class='flex_column av-13s7znj-1298bbf6c4029a60db9106a840b57d34 av_one_fifth  avia-builder-el-83  el_after_av_one_fifth  el_before_av_timeline  flex_column_div  column-top-margin'     ><p>\n<style type=\"text\/css\" data-created_by=\"avia_inline_auto\" id=\"style-css-av-mkv546fb-b0808a48602462f4ff4e14ae9bdde812\">\n.avia-image-container.av-mkv546fb-b0808a48602462f4ff4e14ae9bdde812 img.avia_image{\nbox-shadow:none;\n}\n.avia-image-container.av-mkv546fb-b0808a48602462f4ff4e14ae9bdde812 .av-image-caption-overlay-center{\ncolor:#ffffff;\n}\n<\/style>\n<div  class='avia-image-container av-mkv546fb-b0808a48602462f4ff4e14ae9bdde812 av-styling-circle av-hover-grow avia-align-center  avia-builder-el-84  el_before_av_textblock  avia-builder-el-first '   itemprop=\"image\" itemscope=\"itemscope\" itemtype=\"https:\/\/schema.org\/ImageObject\" ><div class=\"avia-image-container-inner\"><div class=\"avia-image-overlay-wrap\"><img decoding=\"async\" fetchpriority=\"high\" class='wp-image-23343 avia-img-lazy-loading-not-23343 avia_image ' src=\"https:\/\/www.lafundacion.com\/wp-content\/uploads\/2021\/10\/Manuel_velazquez_4-180x180.jpg\" alt='Hizlaria Komite zientifikoan Laneko segurtasun eta osasunari buruzko biltzarran' title='Manuel_velazquez_4'  height=\"180\" width=\"180\"  itemprop=\"thumbnailUrl\" srcset=\"https:\/\/www.lafundacion.com\/wp-content\/uploads\/2021\/10\/Manuel_velazquez_4-180x180.jpg 180w, https:\/\/www.lafundacion.com\/wp-content\/uploads\/2021\/10\/Manuel_velazquez_4-80x80.jpg 80w, https:\/\/www.lafundacion.com\/wp-content\/uploads\/2021\/10\/Manuel_velazquez_4-36x36.jpg 36w\" sizes=\"(max-width: 180px) 100vw, 180px\" \/><\/div><\/div><\/div><br \/>\n<section  class='av_textblock_section av-mkv53mqk-c3bdba3a039e3b3a861b825b6955becc '   itemscope=\"itemscope\" itemtype=\"https:\/\/schema.org\/BlogPosting\" itemprop=\"blogPost\" ><div class='avia_textblock'  itemprop=\"text\" ><h3 style=\"text-align: center;\"><span style=\"color: #00993f;\"><strong>Manuel Vel\u00e1zquez<\/strong><\/span><\/h3>\n<\/div><\/section><br \/>\n\n<style type=\"text\/css\" data-created_by=\"avia_inline_auto\" id=\"style-css-av-mkv53ryc-9ed22c2c384c7bd9ad5085cd3ce5d5c1\">\n#top .av-special-heading.av-mkv53ryc-9ed22c2c384c7bd9ad5085cd3ce5d5c1{\npadding-bottom:10px;\n}\nbody .av-special-heading.av-mkv53ryc-9ed22c2c384c7bd9ad5085cd3ce5d5c1 .av-special-heading-tag .heading-char{\nfont-size:25px;\n}\n.av-special-heading.av-mkv53ryc-9ed22c2c384c7bd9ad5085cd3ce5d5c1 .special-heading-inner-border{\nborder-color:#4ecac2;\n}\n.av-special-heading.av-mkv53ryc-9ed22c2c384c7bd9ad5085cd3ce5d5c1 .av-subheading{\nfont-size:15px;\n}\nbody .av-special-heading.av-mkv53ryc-9ed22c2c384c7bd9ad5085cd3ce5d5c1 .av-special-heading-tag .heading-wrap:before{\nborder-color:#4ecac2;\n}\nbody .av-special-heading.av-mkv53ryc-9ed22c2c384c7bd9ad5085cd3ce5d5c1 .av-special-heading-tag .heading-wrap:after{\nborder-color:#4ecac2;\n}\n<\/style>\n<div  class='av-special-heading av-mkv53ryc-9ed22c2c384c7bd9ad5085cd3ce5d5c1 av-special-heading-h5 custom-color-heading blockquote modern-quote modern-centered  avia-builder-el-86  el_after_av_textblock  avia-builder-el-last '><h5 class='av-special-heading-tag '  itemprop=\"headline\"  >Ohorezko Batzordeko lehendakaria eta lan-ikuskatzailea. OEITSSko Lan Unitate Transnazionaleko burua<\/h5><div class=\"special-heading-border\"><div class=\"special-heading-inner-border\"><\/div><\/div><\/div><\/p><\/div>\n\n<style type=\"text\/css\" data-created_by=\"avia_inline_auto\" id=\"style-css-sub-av-mkqnel07-e9da0477b497111287007dd26b572d3f\">\n.avia-timeline-container .av-milestone.av-mkqnbczf-5b922581b631eab7bc473a5c7ae4a7ad .av-milestone-icon-inner{\nbackground-color:#00993f;\n}\n.avia-timeline-container .av-milestone.av-mkqnbczf-5b922581b631eab7bc473a5c7ae4a7ad .av-milestone-indicator{\nbackground-color:#00993f;\n}\n.avia-timeline-container .av-milestone.av-mkqnbczf-5b922581b631eab7bc473a5c7ae4a7ad .av-milestone-article-footer{\nbackground-color:#00993f;\n}\n.avia-timeline-container .av-milestone.av-mkqnailt-58e4703e8f12b8f99c1c800eac0e8b75 .av-milestone-icon-inner{\nbackground-color:#00993f;\n}\n.avia-timeline-container .av-milestone.av-mkqnailt-58e4703e8f12b8f99c1c800eac0e8b75 .av-milestone-indicator{\nbackground-color:#00993f;\n}\n.avia-timeline-container .av-milestone.av-mkqnailt-58e4703e8f12b8f99c1c800eac0e8b75 .av-milestone-article-footer{\nbackground-color:#00993f;\n}\n.avia-timeline-container .av-milestone.av-mkqnbczf-9-3377dfd8edb4310815ec6c19fcd0e384 .av-milestone-icon-inner{\nbackground-color:#00993f;\n}\n.avia-timeline-container .av-milestone.av-mkqnbczf-9-3377dfd8edb4310815ec6c19fcd0e384 .av-milestone-indicator{\nbackground-color:#00993f;\n}\n.avia-timeline-container .av-milestone.av-mkqnbczf-9-3377dfd8edb4310815ec6c19fcd0e384 .av-milestone-article-footer{\nbackground-color:#00993f;\n}\n.avia-timeline-container .av-milestone.av-mkqnbczf-8-b06aca49892349dfde93dab625c9b6b5 .av-milestone-icon-inner{\nbackground-color:#00993f;\n}\n.avia-timeline-container .av-milestone.av-mkqnbczf-8-b06aca49892349dfde93dab625c9b6b5 .av-milestone-indicator{\nbackground-color:#00993f;\n}\n.avia-timeline-container .av-milestone.av-mkqnbczf-8-b06aca49892349dfde93dab625c9b6b5 .av-milestone-article-footer{\nbackground-color:#00993f;\n}\n.avia-timeline-container .av-milestone.av-mkqnbczf-7-8e675f18aebee8a78637398247d60c8d .av-milestone-icon-inner{\nbackground-color:#00993f;\n}\n.avia-timeline-container .av-milestone.av-mkqnbczf-7-8e675f18aebee8a78637398247d60c8d .av-milestone-indicator{\nbackground-color:#00993f;\n}\n.avia-timeline-container .av-milestone.av-mkqnbczf-7-8e675f18aebee8a78637398247d60c8d .av-milestone-article-footer{\nbackground-color:#00993f;\n}\n.avia-timeline-container .av-milestone.av-mkqnbczf-6-a2a9ce9b135133ef8029baff91a3c7da .av-milestone-icon-inner{\nbackground-color:#00993f;\n}\n.avia-timeline-container .av-milestone.av-mkqnbczf-6-a2a9ce9b135133ef8029baff91a3c7da .av-milestone-indicator{\nbackground-color:#00993f;\n}\n.avia-timeline-container .av-milestone.av-mkqnbczf-6-a2a9ce9b135133ef8029baff91a3c7da .av-milestone-article-footer{\nbackground-color:#00993f;\n}\n.avia-timeline-container .av-milestone.av-mkqnbczf-5-c9d03884d802988ecd3ffb165fe9ac7f .av-milestone-icon-inner{\nbackground-color:#00993f;\n}\n.avia-timeline-container .av-milestone.av-mkqnbczf-5-c9d03884d802988ecd3ffb165fe9ac7f .av-milestone-indicator{\nbackground-color:#00993f;\n}\n.avia-timeline-container .av-milestone.av-mkqnbczf-5-c9d03884d802988ecd3ffb165fe9ac7f .av-milestone-article-footer{\nbackground-color:#00993f;\n}\n.avia-timeline-container .av-milestone.av-mkqnbczf-4-ad7d1828483b30eb49a520404d684e78 .x-av-milestone-icon{\nborder-color:#00993f;\n}\n.avia-timeline-container .av-milestone.av-mkqnbczf-4-ad7d1828483b30eb49a520404d684e78 .av-milestone-icon-inner{\nbackground-color:#00993f;\nbackground-image:url(https:\/\/www.lafundacion.com\/wp-content\/uploads\/2023\/09\/Cafe-icono-Congreso-Salud-Laboral-peq-80x80.png);\n}\n.avia-timeline-container .av-milestone.av-mkqnbczf-4-ad7d1828483b30eb49a520404d684e78 .av-milestone-indicator{\nbackground-color:#00993f;\n}\n.avia-timeline-container .av-milestone.av-mkqnbczf-4-ad7d1828483b30eb49a520404d684e78 .av-milestone-article-footer{\nbackground-color:#00993f;\n}\n.avia-timeline-container .av-milestone.av-mkqnbczf-3-a38303c3e07282ac53fd9feddb7b6359 .av-milestone-icon-inner{\nbackground-color:#00993f;\n}\n.avia-timeline-container .av-milestone.av-mkqnbczf-3-a38303c3e07282ac53fd9feddb7b6359 .av-milestone-indicator{\nbackground-color:#00993f;\n}\n.avia-timeline-container .av-milestone.av-mkqnbczf-3-a38303c3e07282ac53fd9feddb7b6359 .av-milestone-article-footer{\nbackground-color:#00993f;\n}\n.avia-timeline-container .av-milestone.av-mkqnbczf-2-7d23bb012ccb524da37c39cd1d3305d5 .av-milestone-icon-inner{\nbackground-color:#00993f;\n}\n.avia-timeline-container .av-milestone.av-mkqnbczf-2-7d23bb012ccb524da37c39cd1d3305d5 .av-milestone-indicator{\nbackground-color:#00993f;\n}\n.avia-timeline-container .av-milestone.av-mkqnbczf-2-7d23bb012ccb524da37c39cd1d3305d5 .av-milestone-article-footer{\nbackground-color:#00993f;\n}\n.avia-timeline-container .av-milestone.av-mkqnbczf-1-933866c30458e342f860b809a914fb28 .av-milestone-icon-inner{\nbackground-color:#00993f;\n}\n.avia-timeline-container .av-milestone.av-mkqnbczf-1-933866c30458e342f860b809a914fb28 .av-milestone-indicator{\nbackground-color:#00993f;\n}\n.avia-timeline-container .av-milestone.av-mkqnbczf-1-933866c30458e342f860b809a914fb28 .av-milestone-article-footer{\nbackground-color:#00993f;\n}\n.avia-timeline-container .av-milestone.av-mkqnbczf-1-1-58c77bb37c7a7055c3c781bbb9aff117 .av-milestone-icon-inner{\nbackground-color:#00993f;\n}\n.avia-timeline-container .av-milestone.av-mkqnbczf-1-1-58c77bb37c7a7055c3c781bbb9aff117 .av-milestone-indicator{\nbackground-color:#00993f;\n}\n.avia-timeline-container .av-milestone.av-mkqnbczf-1-1-58c77bb37c7a7055c3c781bbb9aff117 .av-milestone-article-footer{\nbackground-color:#00993f;\n}\n<\/style>\n<div  id=\"avia-timeline-1\"  class='avia-timeline-container av-mkqnel07-e9da0477b497111287007dd26b572d3f av-slideshow-ui  avia-builder-el-87  el_after_av_one_fifth  el_before_av_hr ' ><ul class='avia-timeline avia-timeline-vertical av-milestone-placement-alternate avia-timeline- avia_animate_when_almost_visible avia-timeline-animate'>\n<li  class='av-milestone av-mkqnbczf-5b922581b631eab7bc473a5c7ae4a7ad av-animated-generic fade-in av-milestone-valign-baseline av-milestone-odd'><h2 class='av-milestone-date ' id='milestone-aurkezlea' ><strong>Aurkezlea<span class='av-milestone-indicator'><\/span><\/strong><\/h2><div class=\"av-milestone-icon-wrap\"><span class='av-milestone-icon milestone_icon avia-font-svg_entypo-fontello'><span class='av-milestone-icon-inner milestone_inner'><i class='milestone-char avia-svg-icon avia-font-svg_entypo-fontello' data-av_svg_icon='user' data-av_iconset='svg_entypo-fontello'><svg version=\"1.1\" xmlns=\"http:\/\/www.w3.org\/2000\/svg\" width=\"30\" height=\"32\" viewBox=\"0 0 30 32\" preserveAspectRatio=\"xMidYMid meet\" aria-labelledby='av-svg-title-7' aria-describedby='av-svg-desc-7' role=\"graphics-symbol\">\n<title id='av-svg-title-7'>User<\/title>\n<desc id='av-svg-desc-7'>User<\/desc>\n<path d=\"M23.552 23.104q6.528 2.304 6.528 3.904v3.392h-30.080v-3.392q0-1.6 6.528-3.904 3.008-1.088 4.096-2.208t1.088-3.040q0-0.704-0.704-1.568t-1.024-2.336q-0.064-0.384-0.288-0.576t-0.448-0.256-0.448-0.544-0.288-1.376q0-0.512 0.16-0.832t0.288-0.384l0.128-0.128q-0.256-1.6-0.384-2.816-0.128-1.728 1.312-3.584t5.024-1.856 5.056 1.856 1.28 3.584l-0.384 2.816q0.576 0.256 0.576 1.344-0.064 0.896-0.288 1.376t-0.448 0.544-0.448 0.256-0.288 0.576q-0.256 1.536-0.992 2.368t-0.736 1.536q0 1.92 1.12 3.040t4.064 2.208z\"><\/path>\n<\/svg><\/i><\/span><\/span><\/div><article class='av-milestone-content-wrap'><div class='av-milestone-contentbox'><header class=\"entry-content-header\" aria-label=\"Milestone: Sara Escudero\"><h4 class='av-milestone-title '>Sara Escudero<\/h4><\/header><div class='av-milestone-content'><\/div><\/div><footer class='av-milestone-article-footer entry-footer'><\/footer><\/article><\/li>\n<li  class='av-milestone av-mkqnailt-58e4703e8f12b8f99c1c800eac0e8b75 av-animated-generic fade-in av-milestone-valign-baseline av-milestone-even'><article class='av-milestone-content-wrap'><div class='av-milestone-contentbox'><header class=\"entry-content-header\" aria-label=\"Milestone: Akreditazioak\"><h4 class='av-milestone-title '>Akreditazioak<\/h4><\/header><div class='av-milestone-content'><\/div><\/div><footer class='av-milestone-article-footer entry-footer'><\/footer><\/article><div class=\"av-milestone-icon-wrap\"><span class='av-milestone-icon milestone_icon avia-font-svg_entypo-fontello'><span class='av-milestone-icon-inner milestone_inner'><i class='milestone-char avia-svg-icon avia-font-svg_entypo-fontello' data-av_svg_icon='newspaper' data-av_iconset='svg_entypo-fontello'><svg version=\"1.1\" xmlns=\"http:\/\/www.w3.org\/2000\/svg\" width=\"26\" height=\"32\" viewBox=\"0 0 26 32\" preserveAspectRatio=\"xMidYMid meet\" aria-labelledby='av-svg-title-8' aria-describedby='av-svg-desc-8' role=\"graphics-symbol\">\n<title id='av-svg-title-8'>Newspaper<\/title>\n<desc id='av-svg-desc-8'>Newspaper<\/desc>\n<path d=\"M22.4 1.6q1.344 0 2.272 0.928t0.928 2.272v22.4q0 1.28-0.928 2.24t-2.272 0.96h-19.2q-1.28 0-2.24-0.96t-0.96-2.24v-22.4q0-1.344 0.96-2.272t2.24-0.928h19.2zM22.4 27.2v-22.4h-19.2v22.4h19.2zM14.4 19.2v1.6h-8v-1.6h8zM19.2 12.8v1.6h-6.4v-1.6h6.4zM12.8 11.2v-3.2h6.4v3.2h-6.4zM11.2 8v6.4h-4.8v-6.4h4.8zM9.6 16v1.6h-3.2v-1.6h3.2zM11.2 17.6v-1.6h8v1.6h-8zM19.2 22.4v1.6h-12.8v-1.6h12.8zM16 20.8v-1.6h3.2v1.6h-3.2z\"><\/path>\n<\/svg><\/i><\/span><\/span><\/div><h2 class='av-milestone-date ' id='milestone-815' ><strong>8:15<span class='av-milestone-indicator'><\/span><\/strong><\/h2><\/li>\n<li  class='av-milestone av-mkqnbczf-9-3377dfd8edb4310815ec6c19fcd0e384 av-animated-generic fade-in av-milestone-valign-baseline av-milestone-odd'><h2 class='av-milestone-date ' id='milestone-830-900' ><strong>8:30-9:00<span class='av-milestone-indicator'><\/span><\/strong><\/h2><div class=\"av-milestone-icon-wrap\"><span class='av-milestone-icon milestone_icon avia-font-entypo-fontello'><span class='av-milestone-icon-inner milestone_inner'><i class='milestone-char avia-iconfont avia-font-entypo-fontello' data-av_icon='\ue80a' data-av_iconfont='entypo-fontello' ><\/i><\/span><\/span><\/div><article class='av-milestone-content-wrap'><div class='av-milestone-contentbox'><header class=\"entry-content-header\" aria-label=\"Milestone: Inaugurazioa\"><h4 class='av-milestone-title '>Inaugurazioa<\/h4><\/header><div class='av-milestone-content'><\/div><\/div><footer class='av-milestone-article-footer entry-footer'><\/footer><\/article><\/li>\n<li  class='av-milestone av-mkqnbczf-8-b06aca49892349dfde93dab625c9b6b5 av-animated-generic fade-in av-milestone-valign-baseline av-milestone-even'><article class='av-milestone-content-wrap'><div class='av-milestone-contentbox'><header class=\"entry-content-header\" aria-label=\"Milestone: Ongietorria\"><h4 class='av-milestone-title '>Ongietorria<\/h4><\/header><div class='av-milestone-content'><p><span style=\"color: #00993f;\"><strong>Elena P\u00e9rez Barredo.<\/strong><\/span> Laneko eta Gizarte Segurantzako sailburuordea Eusko Jaurlaritza.<\/p>\n<\/div><\/div><footer class='av-milestone-article-footer entry-footer'><\/footer><\/article><div class=\"av-milestone-icon-wrap\"><span class='av-milestone-icon milestone_icon avia-font-svg_entypo-fontello'><span class='av-milestone-icon-inner milestone_inner'><i class='milestone-char avia-svg-icon avia-font-svg_entypo-fontello' data-av_svg_icon='user' data-av_iconset='svg_entypo-fontello'><svg version=\"1.1\" xmlns=\"http:\/\/www.w3.org\/2000\/svg\" width=\"30\" height=\"32\" viewBox=\"0 0 30 32\" preserveAspectRatio=\"xMidYMid meet\" aria-labelledby='av-svg-title-9' aria-describedby='av-svg-desc-9' role=\"graphics-symbol\">\n<title id='av-svg-title-9'>User<\/title>\n<desc id='av-svg-desc-9'>User<\/desc>\n<path d=\"M23.552 23.104q6.528 2.304 6.528 3.904v3.392h-30.080v-3.392q0-1.6 6.528-3.904 3.008-1.088 4.096-2.208t1.088-3.040q0-0.704-0.704-1.568t-1.024-2.336q-0.064-0.384-0.288-0.576t-0.448-0.256-0.448-0.544-0.288-1.376q0-0.512 0.16-0.832t0.288-0.384l0.128-0.128q-0.256-1.6-0.384-2.816-0.128-1.728 1.312-3.584t5.024-1.856 5.056 1.856 1.28 3.584l-0.384 2.816q0.576 0.256 0.576 1.344-0.064 0.896-0.288 1.376t-0.448 0.544-0.448 0.256-0.288 0.576q-0.256 1.536-0.992 2.368t-0.736 1.536q0 1.92 1.12 3.040t4.064 2.208z\"><\/path>\n<\/svg><\/i><\/span><\/span><\/div><h2 class='av-milestone-date ' id='milestone-900-915' ><strong>9:00-9:15<span class='av-milestone-indicator'><\/span><\/strong><\/h2><\/li>\n<li  class='av-milestone av-mkqnbczf-7-8e675f18aebee8a78637398247d60c8d av-animated-generic fade-in av-milestone-valign-baseline av-milestone-odd'><h2 class='av-milestone-date ' id='milestone-915-0945' ><strong>9:15-09:45<span class='av-milestone-indicator'><\/span><\/strong><\/h2><div class=\"av-milestone-icon-wrap\"><span class='av-milestone-icon milestone_icon avia-font-svg_entypo-fontello'><span class='av-milestone-icon-inner milestone_inner'><i class='milestone-char avia-svg-icon avia-font-svg_entypo-fontello' data-av_svg_icon='user' data-av_iconset='svg_entypo-fontello'><svg version=\"1.1\" xmlns=\"http:\/\/www.w3.org\/2000\/svg\" width=\"30\" height=\"32\" viewBox=\"0 0 30 32\" preserveAspectRatio=\"xMidYMid meet\" aria-labelledby='av-svg-title-10' aria-describedby='av-svg-desc-10' role=\"graphics-symbol\">\n<title id='av-svg-title-10'>User<\/title>\n<desc id='av-svg-desc-10'>User<\/desc>\n<path d=\"M23.552 23.104q6.528 2.304 6.528 3.904v3.392h-30.080v-3.392q0-1.6 6.528-3.904 3.008-1.088 4.096-2.208t1.088-3.040q0-0.704-0.704-1.568t-1.024-2.336q-0.064-0.384-0.288-0.576t-0.448-0.256-0.448-0.544-0.288-1.376q0-0.512 0.16-0.832t0.288-0.384l0.128-0.128q-0.256-1.6-0.384-2.816-0.128-1.728 1.312-3.584t5.024-1.856 5.056 1.856 1.28 3.584l-0.384 2.816q0.576 0.256 0.576 1.344-0.064 0.896-0.288 1.376t-0.448 0.544-0.448 0.256-0.288 0.576q-0.256 1.536-0.992 2.368t-0.736 1.536q0 1.92 1.12 3.040t4.064 2.208z\"><\/path>\n<\/svg><\/i><\/span><\/span><\/div><article class='av-milestone-content-wrap'><div class='av-milestone-contentbox'><header class=\"entry-content-header\" aria-label=\"Milestone: Zure botere mentala\"><h4 class='av-milestone-title '>Zure botere mentala<\/h4><\/header><div class='av-milestone-content'><p><span style=\"color: #00993f;\"><strong>Anthony Blake.<\/strong><\/span> Mentalista.<\/p>\n<\/div><\/div><footer class='av-milestone-article-footer entry-footer'><\/footer><\/article><\/li>\n<li  class='av-milestone av-mkqnbczf-6-a2a9ce9b135133ef8029baff91a3c7da av-animated-generic fade-in av-milestone-valign-baseline av-milestone-even'><article class='av-milestone-content-wrap'><div class='av-milestone-contentbox'><header class=\"entry-content-header\" aria-label=\"Milestone: Adimen Artifiziala eta lan-osasuna: hobeto erabakitzea, irizpiderik galdu gabe\"><h4 class='av-milestone-title '>Adimen Artifiziala eta lan-osasuna: hobeto erabakitzea, irizpiderik galdu gabe<\/h4><\/header><div class='av-milestone-content'><p><span style=\"color: #00993f;\"><strong>Jos\u00e9 Luis del Val.<\/strong><\/span> Industria-ingeniaria eta informatikan doktorea Deustuko Unibertsitatean. Adimen artifizialeko espezialista.<\/p>\n<\/div><\/div><footer class='av-milestone-article-footer entry-footer'><\/footer><\/article><div class=\"av-milestone-icon-wrap\"><span class='av-milestone-icon milestone_icon avia-font-svg_entypo-fontello'><span class='av-milestone-icon-inner milestone_inner'><i class='milestone-char avia-svg-icon avia-font-svg_entypo-fontello' data-av_svg_icon='user' data-av_iconset='svg_entypo-fontello'><svg version=\"1.1\" xmlns=\"http:\/\/www.w3.org\/2000\/svg\" width=\"30\" height=\"32\" viewBox=\"0 0 30 32\" preserveAspectRatio=\"xMidYMid meet\" aria-labelledby='av-svg-title-11' aria-describedby='av-svg-desc-11' role=\"graphics-symbol\">\n<title id='av-svg-title-11'>User<\/title>\n<desc id='av-svg-desc-11'>User<\/desc>\n<path d=\"M23.552 23.104q6.528 2.304 6.528 3.904v3.392h-30.080v-3.392q0-1.6 6.528-3.904 3.008-1.088 4.096-2.208t1.088-3.040q0-0.704-0.704-1.568t-1.024-2.336q-0.064-0.384-0.288-0.576t-0.448-0.256-0.448-0.544-0.288-1.376q0-0.512 0.16-0.832t0.288-0.384l0.128-0.128q-0.256-1.6-0.384-2.816-0.128-1.728 1.312-3.584t5.024-1.856 5.056 1.856 1.28 3.584l-0.384 2.816q0.576 0.256 0.576 1.344-0.064 0.896-0.288 1.376t-0.448 0.544-0.448 0.256-0.288 0.576q-0.256 1.536-0.992 2.368t-0.736 1.536q0 1.92 1.12 3.040t4.064 2.208z\"><\/path>\n<\/svg><\/i><\/span><\/span><\/div><h2 class='av-milestone-date ' id='milestone-0945-1015' ><strong>09:45-10:15<span class='av-milestone-indicator'><\/span><\/strong><\/h2><\/li>\n<li  class='av-milestone av-mkqnbczf-5-c9d03884d802988ecd3ffb165fe9ac7f av-animated-generic fade-in av-milestone-valign-baseline av-milestone-odd'><h2 class='av-milestone-date ' id='milestone-1015-1100' ><strong>10:15-11:00<span class='av-milestone-indicator'><\/span><\/strong><\/h2><div class=\"av-milestone-icon-wrap\"><span class='av-milestone-icon milestone_icon avia-font-svg_entypo-fontello'><span class='av-milestone-icon-inner milestone_inner'><i class='milestone-char avia-svg-icon avia-font-svg_entypo-fontello' data-av_svg_icon='user' data-av_iconset='svg_entypo-fontello'><svg version=\"1.1\" xmlns=\"http:\/\/www.w3.org\/2000\/svg\" width=\"30\" height=\"32\" viewBox=\"0 0 30 32\" preserveAspectRatio=\"xMidYMid meet\" aria-labelledby='av-svg-title-12' aria-describedby='av-svg-desc-12' role=\"graphics-symbol\">\n<title id='av-svg-title-12'>User<\/title>\n<desc id='av-svg-desc-12'>User<\/desc>\n<path d=\"M23.552 23.104q6.528 2.304 6.528 3.904v3.392h-30.080v-3.392q0-1.6 6.528-3.904 3.008-1.088 4.096-2.208t1.088-3.040q0-0.704-0.704-1.568t-1.024-2.336q-0.064-0.384-0.288-0.576t-0.448-0.256-0.448-0.544-0.288-1.376q0-0.512 0.16-0.832t0.288-0.384l0.128-0.128q-0.256-1.6-0.384-2.816-0.128-1.728 1.312-3.584t5.024-1.856 5.056 1.856 1.28 3.584l-0.384 2.816q0.576 0.256 0.576 1.344-0.064 0.896-0.288 1.376t-0.448 0.544-0.448 0.256-0.288 0.576q-0.256 1.536-0.992 2.368t-0.736 1.536q0 1.92 1.12 3.040t4.064 2.208z\"><\/path>\n<\/svg><\/i><\/span><\/span><\/div><article class='av-milestone-content-wrap'><div class='av-milestone-contentbox'><header class=\"entry-content-header\" aria-label=\"Milestone: Laneko Arriskuen Prebentzioari buruzko Legearen erreforma: Ikuspegi teknikoa\"><h4 class='av-milestone-title '>Laneko Arriskuen Prebentzioari buruzko Legearen erreforma: Ikuspegi teknikoa<\/h4><\/header><div class='av-milestone-content'><p><span style=\"color: #00993f;\"><strong>Jagoba G\u00f3mez.<\/strong><\/span> San Prudencio PZMren arduraduna.<\/p>\n<\/div><\/div><footer class='av-milestone-article-footer entry-footer'><\/footer><\/article><\/li>\n<li  class='av-milestone av-mkqnbczf-4-ad7d1828483b30eb49a520404d684e78 av-animated-generic fade-in av-milestone-valign-baseline av-milestone-even'><article class='av-milestone-content-wrap'><div class='av-milestone-contentbox'><header class=\"entry-content-header\" aria-label=\"Milestone: Kafea\"><h4 class='av-milestone-title '>Kafea<\/h4><\/header><div class='av-milestone-content'><\/div><\/div><footer class='av-milestone-article-footer entry-footer'><\/footer><\/article><div class=\"av-milestone-icon-wrap\"><span class='av-milestone-icon milestone_icon milestone-icon-hasborder'><span class='av-milestone-icon-inner milestone_inner'>&nbsp;<\/span><\/span><\/div><h2 class='av-milestone-date ' id='milestone-1100-1130' ><strong>11:00-11:30<span class='av-milestone-indicator'><\/span><\/strong><\/h2><\/li>\n<li  class='av-milestone av-mkqnbczf-3-a38303c3e07282ac53fd9feddb7b6359 av-animated-generic fade-in av-milestone-valign-baseline av-milestone-odd'><h2 class='av-milestone-date ' id='milestone-1130-1200' ><strong>11:30-12:00<span class='av-milestone-indicator'><\/span><\/strong><\/h2><div class=\"av-milestone-icon-wrap\"><span class='av-milestone-icon milestone_icon avia-font-svg_entypo-fontello'><span class='av-milestone-icon-inner milestone_inner'><i class='milestone-char avia-svg-icon avia-font-svg_entypo-fontello' data-av_svg_icon='user' data-av_iconset='svg_entypo-fontello'><svg version=\"1.1\" xmlns=\"http:\/\/www.w3.org\/2000\/svg\" width=\"30\" height=\"32\" viewBox=\"0 0 30 32\" preserveAspectRatio=\"xMidYMid meet\" aria-labelledby='av-svg-title-13' aria-describedby='av-svg-desc-13' role=\"graphics-symbol\">\n<title id='av-svg-title-13'>User<\/title>\n<desc id='av-svg-desc-13'>User<\/desc>\n<path d=\"M23.552 23.104q6.528 2.304 6.528 3.904v3.392h-30.080v-3.392q0-1.6 6.528-3.904 3.008-1.088 4.096-2.208t1.088-3.040q0-0.704-0.704-1.568t-1.024-2.336q-0.064-0.384-0.288-0.576t-0.448-0.256-0.448-0.544-0.288-1.376q0-0.512 0.16-0.832t0.288-0.384l0.128-0.128q-0.256-1.6-0.384-2.816-0.128-1.728 1.312-3.584t5.024-1.856 5.056 1.856 1.28 3.584l-0.384 2.816q0.576 0.256 0.576 1.344-0.064 0.896-0.288 1.376t-0.448 0.544-0.448 0.256-0.288 0.576q-0.256 1.536-0.992 2.368t-0.736 1.536q0 1.92 1.12 3.040t4.064 2.208z\"><\/path>\n<\/svg><\/i><\/span><\/span><\/div><article class='av-milestone-content-wrap'><div class='av-milestone-contentbox'><header class=\"entry-content-header\" aria-label=\"Milestone: Farmakoak eta lana: arrisku ikusezina. Nola hel diezaioke enpresak sendagaien kontsumoaren problematikari?\"><h4 class='av-milestone-title '>Farmakoak eta lana: arrisku ikusezina. Nola hel diezaioke enpresak sendagaien kontsumoaren problematikari?<\/h4><\/header><div class='av-milestone-content'><p><span style=\"color: #00993f;\"><strong>Milagros L\u00f3pez de Oc\u00e1riz.<\/strong><\/span> Euskal Autonomia Erkidegoko Farmazialarien Kontseiluko lehendakaria.<\/p>\n<\/div><\/div><footer class='av-milestone-article-footer entry-footer'><\/footer><\/article><\/li>\n<li  class='av-milestone av-mkqnbczf-2-7d23bb012ccb524da37c39cd1d3305d5 av-animated-generic fade-in av-milestone-valign-baseline av-milestone-even'><article class='av-milestone-content-wrap'><div class='av-milestone-contentbox'><header class=\"entry-content-header\" aria-label=\"Milestone: Espainian aldi baterako ezintasunagatiko bajen igoera xehatuz: iraupen luzea, errepikapenak eta diagnostikoak.\"><h4 class='av-milestone-title '>Espainian aldi baterako ezintasunagatiko bajen igoera xehatuz: iraupen luzea, errepikapenak eta diagnostikoak.<\/h4><\/header><div class='av-milestone-content'><p><span style=\"color: #00993f;\"><strong>Jose M\u00aa Peir\u00f3.<\/strong><\/span> Balentziako Unibertsitateko Gizarte Psikologiako eta Erakundeetako katedradun emeritua.<\/p>\n<\/div><\/div><footer class='av-milestone-article-footer entry-footer'><\/footer><\/article><div class=\"av-milestone-icon-wrap\"><span class='av-milestone-icon milestone_icon avia-font-svg_entypo-fontello'><span class='av-milestone-icon-inner milestone_inner'><i class='milestone-char avia-svg-icon avia-font-svg_entypo-fontello' data-av_svg_icon='user' data-av_iconset='svg_entypo-fontello'><svg version=\"1.1\" xmlns=\"http:\/\/www.w3.org\/2000\/svg\" width=\"30\" height=\"32\" viewBox=\"0 0 30 32\" preserveAspectRatio=\"xMidYMid meet\" aria-labelledby='av-svg-title-14' aria-describedby='av-svg-desc-14' role=\"graphics-symbol\">\n<title id='av-svg-title-14'>User<\/title>\n<desc id='av-svg-desc-14'>User<\/desc>\n<path d=\"M23.552 23.104q6.528 2.304 6.528 3.904v3.392h-30.080v-3.392q0-1.6 6.528-3.904 3.008-1.088 4.096-2.208t1.088-3.040q0-0.704-0.704-1.568t-1.024-2.336q-0.064-0.384-0.288-0.576t-0.448-0.256-0.448-0.544-0.288-1.376q0-0.512 0.16-0.832t0.288-0.384l0.128-0.128q-0.256-1.6-0.384-2.816-0.128-1.728 1.312-3.584t5.024-1.856 5.056 1.856 1.28 3.584l-0.384 2.816q0.576 0.256 0.576 1.344-0.064 0.896-0.288 1.376t-0.448 0.544-0.448 0.256-0.288 0.576q-0.256 1.536-0.992 2.368t-0.736 1.536q0 1.92 1.12 3.040t4.064 2.208z\"><\/path>\n<\/svg><\/i><\/span><\/span><\/div><h2 class='av-milestone-date ' id='milestone-1200-1230' ><strong>12:00-12:30<span class='av-milestone-indicator'><\/span><\/strong><\/h2><\/li>\n<li  class='av-milestone av-mkqnbczf-1-933866c30458e342f860b809a914fb28 av-animated-generic fade-in av-milestone-valign-baseline av-milestone-odd'><h2 class='av-milestone-date ' id='milestone-1230-1345' ><strong>12:30-13:45<span class='av-milestone-indicator'><\/span><\/strong><\/h2><div class=\"av-milestone-icon-wrap\"><span class='av-milestone-icon milestone_icon avia-font-svg_entypo-fontello'><span class='av-milestone-icon-inner milestone_inner'><i class='milestone-char avia-svg-icon avia-font-svg_entypo-fontello' data-av_svg_icon='user' data-av_iconset='svg_entypo-fontello'><svg version=\"1.1\" xmlns=\"http:\/\/www.w3.org\/2000\/svg\" width=\"30\" height=\"32\" viewBox=\"0 0 30 32\" preserveAspectRatio=\"xMidYMid meet\" aria-labelledby='av-svg-title-15' aria-describedby='av-svg-desc-15' role=\"graphics-symbol\">\n<title id='av-svg-title-15'>User<\/title>\n<desc id='av-svg-desc-15'>User<\/desc>\n<path d=\"M23.552 23.104q6.528 2.304 6.528 3.904v3.392h-30.080v-3.392q0-1.6 6.528-3.904 3.008-1.088 4.096-2.208t1.088-3.040q0-0.704-0.704-1.568t-1.024-2.336q-0.064-0.384-0.288-0.576t-0.448-0.256-0.448-0.544-0.288-1.376q0-0.512 0.16-0.832t0.288-0.384l0.128-0.128q-0.256-1.6-0.384-2.816-0.128-1.728 1.312-3.584t5.024-1.856 5.056 1.856 1.28 3.584l-0.384 2.816q0.576 0.256 0.576 1.344-0.064 0.896-0.288 1.376t-0.448 0.544-0.448 0.256-0.288 0.576q-0.256 1.536-0.992 2.368t-0.736 1.536q0 1.92 1.12 3.040t4.064 2.208z\"><\/path>\n<\/svg><\/i><\/span><\/span><\/div><article class='av-milestone-content-wrap'><div class='av-milestone-contentbox'><header class=\"entry-content-header\" aria-label=\"Milestone: Polemika: Absentismoa, kausa edo ondorioa?\"><h4 class='av-milestone-title '>Polemika: Absentismoa, kausa edo ondorioa?<\/h4><\/header><div class='av-milestone-content'><ul>\n<li><strong>Alfonso R\u00edos.<\/strong> CCOO euskadiko langile komisioen Laneko Osasunaren Arduraduna.<\/li>\n<li><strong>Antonio Diaz Ruiz.<\/strong> Osasun eta Lan Ongizateko zuzendaria. APA.<\/li>\n<li><strong>F. Javier Llaneza.<\/strong> PREVERAS-eko Presidentea. Asturiasko Ergonomia Elkartea.<\/li>\n<li><strong><strong>Juan Carlos C\u00e1rdenas Bonelli.<\/strong><\/strong>Laneko Segurtasun, Osasun eta Ongizateko arduraduna. UGT Euskadi.<\/li>\n<li><strong>Pedro Pablo Sanz.<\/strong> Lan Istripuen Mutualitateen Elkarteko zuzendari kudeatzailea. AMAT.<\/li>\n<li><strong>Virginia M\u00fagica.<\/strong> CONFEBASKeko Lan Harremanen zuzendaria.<\/li>\n<\/ul>\n<p>Moderatzailea: <strong>Ricardo M\u00ednguez. <\/strong>Lan-zuzenbideko espezialista eta Lan eta Gizarte Segurantzako Ikuskatzaileen Goi-mailako Kidegoko kidea eta SS. Cuatrecasas kontzeilaria.<\/p>\n<\/div><\/div><footer class='av-milestone-article-footer entry-footer'><\/footer><\/article><\/li>\n<li  class='av-milestone av-mkqnbczf-1-1-58c77bb37c7a7055c3c781bbb9aff117 av-animated-generic fade-in av-milestone-valign-baseline av-milestone-even'><article class='av-milestone-content-wrap'><div class='av-milestone-contentbox'><header class=\"entry-content-header\" aria-label=\"Milestone: Ondorioak\"><h4 class='av-milestone-title '>Ondorioak<\/h4><\/header><div class='av-milestone-content'><p><strong>Manuel Vel\u00e1zquez.<\/strong> Ohorezko Batzordeko lehendakaria. Lan-ikuskatzailea.<\/p>\n<\/div><\/div><footer class='av-milestone-article-footer entry-footer'><\/footer><\/article><div class=\"av-milestone-icon-wrap\"><span class='av-milestone-icon milestone_icon avia-font-svg_entypo-fontello'><span class='av-milestone-icon-inner milestone_inner'><i class='milestone-char avia-svg-icon avia-font-svg_entypo-fontello' data-av_svg_icon='user' data-av_iconset='svg_entypo-fontello'><svg version=\"1.1\" xmlns=\"http:\/\/www.w3.org\/2000\/svg\" width=\"30\" height=\"32\" viewBox=\"0 0 30 32\" preserveAspectRatio=\"xMidYMid meet\" aria-labelledby='av-svg-title-16' aria-describedby='av-svg-desc-16' role=\"graphics-symbol\">\n<title id='av-svg-title-16'>User<\/title>\n<desc id='av-svg-desc-16'>User<\/desc>\n<path d=\"M23.552 23.104q6.528 2.304 6.528 3.904v3.392h-30.080v-3.392q0-1.6 6.528-3.904 3.008-1.088 4.096-2.208t1.088-3.040q0-0.704-0.704-1.568t-1.024-2.336q-0.064-0.384-0.288-0.576t-0.448-0.256-0.448-0.544-0.288-1.376q0-0.512 0.16-0.832t0.288-0.384l0.128-0.128q-0.256-1.6-0.384-2.816-0.128-1.728 1.312-3.584t5.024-1.856 5.056 1.856 1.28 3.584l-0.384 2.816q0.576 0.256 0.576 1.344-0.064 0.896-0.288 1.376t-0.448 0.544-0.448 0.256-0.288 0.576q-0.256 1.536-0.992 2.368t-0.736 1.536q0 1.92 1.12 3.040t4.064 2.208z\"><\/path>\n<\/svg><\/i><\/span><\/span><\/div><h2 class='av-milestone-date ' id='milestone-1345-1400' ><strong>13:45-14:00<span class='av-milestone-indicator'><\/span><\/strong><\/h2><\/li>\n<\/ul><\/div>\n<div  class='hr av-kreizf-c5b9bc62443182f0e7f6f85753890fc6 hr-default  avia-builder-el-88  el_after_av_timeline  el_before_av_heading '><span class='hr-inner '><span class=\"hr-inner-style\"><\/span><\/span><\/div>\n\n<style type=\"text\/css\" data-created_by=\"avia_inline_auto\" id=\"style-css-av-lvs7j7-c23b37a1109c6e93f979540e81ab16cd\">\n#top .av-special-heading.av-lvs7j7-c23b37a1109c6e93f979540e81ab16cd{\npadding-bottom:10px;\n}\nbody .av-special-heading.av-lvs7j7-c23b37a1109c6e93f979540e81ab16cd .av-special-heading-tag .heading-char{\nfont-size:25px;\n}\n.av-special-heading.av-lvs7j7-c23b37a1109c6e93f979540e81ab16cd .av-subheading{\nfont-size:15px;\n}\n<\/style>\n<div  class='av-special-heading av-lvs7j7-c23b37a1109c6e93f979540e81ab16cd av-special-heading-h3  avia-builder-el-89  el_after_av_hr  el_before_av_one_full '><h3 class='av-special-heading-tag '  itemprop=\"headline\"  >Antolatzailea:<\/h3><div class=\"special-heading-border\"><div class=\"special-heading-inner-border\"><\/div><\/div><\/div>\n\n<style type=\"text\/css\" data-created_by=\"avia_inline_auto\" id=\"style-css-av-1ptr9vt-a1838bf301981f30745fe7c1565e07db\">\n.flex_column.av-1ptr9vt-a1838bf301981f30745fe7c1565e07db{\nborder-radius:0px 0px 0px 0px;\npadding:0px 0px 0px 0px;\n}\n<\/style>\n<div  class='flex_column av-1ptr9vt-a1838bf301981f30745fe7c1565e07db av_one_full  avia-builder-el-90  el_after_av_heading  el_before_av_one_half  first flex_column_div av-zero-column-padding  '     ><style type=\"text\/css\" data-created_by=\"avia_inline_auto\" id=\"style-css-av-166ovux-187b1026d5d8375d570f439687b9019c\">\n.avia-image-container.av-166ovux-187b1026d5d8375d570f439687b9019c img.avia_image{\nbox-shadow:none;\n}\n.avia-image-container.av-166ovux-187b1026d5d8375d570f439687b9019c .av-image-caption-overlay-center{\ncolor:#ffffff;\n}\n<\/style>\n<div  class='avia-image-container av-166ovux-187b1026d5d8375d570f439687b9019c av-styling- avia-align-center  avia-builder-el-91  avia-builder-el-no-sibling '   itemprop=\"image\" itemscope=\"itemscope\" itemtype=\"https:\/\/schema.org\/ImageObject\" ><div class=\"avia-image-container-inner\"><div class=\"avia-image-overlay-wrap\"><img decoding=\"async\" fetchpriority=\"high\" class='wp-image-23556 avia-img-lazy-loading-not-23556 avia_image ' src=\"https:\/\/www.lafundacion.com\/wp-content\/uploads\/2021\/10\/logo-laf-claim-sin-fondo.png\" alt='' title='logo laf claim sin fondo'  height=\"231\" width=\"487\"  itemprop=\"thumbnailUrl\" srcset=\"https:\/\/www.lafundacion.com\/wp-content\/uploads\/2021\/10\/logo-laf-claim-sin-fondo.png 487w, https:\/\/www.lafundacion.com\/wp-content\/uploads\/2021\/10\/logo-laf-claim-sin-fondo-300x142.png 300w\" sizes=\"(max-width: 487px) 100vw, 487px\" \/><\/div><\/div><\/div><\/div>\n<div  class='flex_column av-1al4fp9-837714a8e9d3aef056b08ee876ada432 av_one_half  avia-builder-el-92  el_after_av_one_full  el_before_av_one_half  first flex_column_div  column-top-margin'     ><p>\n<style type=\"text\/css\" data-created_by=\"avia_inline_auto\" id=\"style-css-av-kuffbc0a-ae7ad7344117b97c0da8a0cdf200a917\">\n#top .av-special-heading.av-kuffbc0a-ae7ad7344117b97c0da8a0cdf200a917{\npadding-bottom:10px;\n}\nbody .av-special-heading.av-kuffbc0a-ae7ad7344117b97c0da8a0cdf200a917 .av-special-heading-tag .heading-char{\nfont-size:25px;\n}\n.av-special-heading.av-kuffbc0a-ae7ad7344117b97c0da8a0cdf200a917 .av-subheading{\nfont-size:15px;\n}\n<\/style>\n<div  class='av-special-heading av-kuffbc0a-ae7ad7344117b97c0da8a0cdf200a917 av-special-heading-h3  avia-builder-el-93  el_before_av_image  avia-builder-el-first '><h3 class='av-special-heading-tag '  itemprop=\"headline\"  >Laguntzaile nagusia:<\/h3><div class=\"special-heading-border\"><div class=\"special-heading-inner-border\"><\/div><\/div><\/div><br \/>\n\n<style type=\"text\/css\" data-created_by=\"avia_inline_auto\" id=\"style-css-av-kuffekwd-eed7573d7b093c9f96b3dc8ad12ba175\">\n.avia-image-container.av-kuffekwd-eed7573d7b093c9f96b3dc8ad12ba175 img.avia_image{\nbox-shadow:none;\n}\n.avia-image-container.av-kuffekwd-eed7573d7b093c9f96b3dc8ad12ba175 .av-image-caption-overlay-center{\ncolor:#ffffff;\n}\n<\/style>\n<div  class='avia-image-container av-kuffekwd-eed7573d7b093c9f96b3dc8ad12ba175 av-styling- avia-align-center  avia-builder-el-94  el_after_av_heading  avia-builder-el-last '   itemprop=\"image\" itemscope=\"itemscope\" itemtype=\"https:\/\/schema.org\/ImageObject\" ><div class=\"avia-image-container-inner\"><div class=\"avia-image-overlay-wrap\"><img decoding=\"async\" fetchpriority=\"high\" class='wp-image-23014 avia-img-lazy-loading-not-23014 avia_image ' src=\"https:\/\/www.lafundacion.com\/wp-content\/uploads\/2021\/10\/logo-DFA-300x93.jpg\" alt='' title='logo DFA'  height=\"93\" width=\"300\"  itemprop=\"thumbnailUrl\" srcset=\"https:\/\/www.lafundacion.com\/wp-content\/uploads\/2021\/10\/logo-DFA-300x93.jpg 300w, https:\/\/www.lafundacion.com\/wp-content\/uploads\/2021\/10\/logo-DFA-1030x319.jpg 1030w, https:\/\/www.lafundacion.com\/wp-content\/uploads\/2021\/10\/logo-DFA-768x238.jpg 768w, https:\/\/www.lafundacion.com\/wp-content\/uploads\/2021\/10\/logo-DFA-1536x475.jpg 1536w, https:\/\/www.lafundacion.com\/wp-content\/uploads\/2021\/10\/logo-DFA-2048x634.jpg 2048w, https:\/\/www.lafundacion.com\/wp-content\/uploads\/2021\/10\/logo-DFA-1500x464.jpg 1500w, https:\/\/www.lafundacion.com\/wp-content\/uploads\/2021\/10\/logo-DFA-705x218.jpg 705w\" sizes=\"(max-width: 300px) 100vw, 300px\" \/><\/div><\/div><\/div><\/p><\/div>\n<div  class='flex_column av-rdybj1-27c2773b70037d1f006d96de6f301b1a av_one_half  avia-builder-el-95  el_after_av_one_half  avia-builder-el-last  flex_column_div  column-top-margin'     ><p>\n<style type=\"text\/css\" data-created_by=\"avia_inline_auto\" id=\"style-css-av-kvkpxpxp-186cf20ccd53563af3c6c56c0412bf16\">\n#top .av-special-heading.av-kvkpxpxp-186cf20ccd53563af3c6c56c0412bf16{\npadding-bottom:10px;\n}\nbody .av-special-heading.av-kvkpxpxp-186cf20ccd53563af3c6c56c0412bf16 .av-special-heading-tag .heading-char{\nfont-size:25px;\n}\n.av-special-heading.av-kvkpxpxp-186cf20ccd53563af3c6c56c0412bf16 .av-subheading{\nfont-size:15px;\n}\n<\/style>\n<div  class='av-special-heading av-kvkpxpxp-186cf20ccd53563af3c6c56c0412bf16 av-special-heading-h3  avia-builder-el-96  el_before_av_image  avia-builder-el-first '><h3 class='av-special-heading-tag '  itemprop=\"headline\"  >Laguntzailea:<\/h3><div class=\"special-heading-border\"><div class=\"special-heading-inner-border\"><\/div><\/div><\/div><br \/>\n\n<style type=\"text\/css\" data-created_by=\"avia_inline_auto\" id=\"style-css-av-kvkq5wy6-0e685f46a2b80e108122bd183f07e8ec\">\n.avia-image-container.av-kvkq5wy6-0e685f46a2b80e108122bd183f07e8ec img.avia_image{\nbox-shadow:none;\n}\n.avia-image-container.av-kvkq5wy6-0e685f46a2b80e108122bd183f07e8ec .av-image-caption-overlay-center{\ncolor:#ffffff;\n}\n<\/style>\n<div  class='avia-image-container av-kvkq5wy6-0e685f46a2b80e108122bd183f07e8ec av-styling- avia-align-center  avia-builder-el-97  el_after_av_heading  avia-builder-el-last '   itemprop=\"image\" itemscope=\"itemscope\" itemtype=\"https:\/\/schema.org\/ImageObject\" ><div class=\"avia-image-container-inner\"><div class=\"avia-image-overlay-wrap\"><img decoding=\"async\" fetchpriority=\"high\" class='wp-image-23012 avia-img-lazy-loading-not-23012 avia_image ' src=\"https:\/\/www.lafundacion.com\/wp-content\/uploads\/2021\/10\/logo-Ayuntamiento-Vitoria-Gasteiz-300x87.png\" alt='logotipo ayuntamiento Vitoria-Gasteiz' title='Vitoria-Gasteiz-ko udalaren logotipoa'  height=\"87\" width=\"300\"  itemprop=\"thumbnailUrl\" srcset=\"https:\/\/www.lafundacion.com\/wp-content\/uploads\/2021\/10\/logo-Ayuntamiento-Vitoria-Gasteiz-300x87.png 300w, https:\/\/www.lafundacion.com\/wp-content\/uploads\/2021\/10\/logo-Ayuntamiento-Vitoria-Gasteiz-1030x298.png 1030w, https:\/\/www.lafundacion.com\/wp-content\/uploads\/2021\/10\/logo-Ayuntamiento-Vitoria-Gasteiz-768x222.png 768w, https:\/\/www.lafundacion.com\/wp-content\/uploads\/2021\/10\/logo-Ayuntamiento-Vitoria-Gasteiz-705x204.png 705w, https:\/\/www.lafundacion.com\/wp-content\/uploads\/2021\/10\/logo-Ayuntamiento-Vitoria-Gasteiz.png 1176w\" sizes=\"(max-width: 300px) 100vw, 300px\" \/><\/div><\/div><\/div><\/p><\/div>\n","protected":false},"excerpt":{"rendered":"","protected":false},"author":2,"featured_media":235248,"comment_status":"closed","ping_status":"closed","sticky":false,"template":"","format":"standard","meta":{"_acf_changed":false,"footnotes":""},"categories":[4,93],"tags":[],"class_list":["post-82912","post","type-post","status-publish","format-standard","has-post-thumbnail","hentry","category-noticias","category-noticias-eu"],"acf":[],"yoast_head":"<!-- This site is optimized with the Yoast SEO plugin v27.4 - https:\/\/yoast.com\/product\/yoast-seo-wordpress\/ -->\r\n<title>Laneko segurtasun eta osasunaren Fundaci\u00f3n San Prudencioren XXV. Biltzarra &#187; La Fundaci\u00f3n San Prudencio<\/title>\r\n<meta name=\"description\" content=\"Gasteizen, Osasun Emozionalaren eta Lan Osasunaren arloko aditu handienak bilduko dituen Kongresua. Bertan, arlo horretako enpresetan lan-absentismoa murrizteko ekintzak abiaraziko dira.\" \/>\r\n<meta name=\"robots\" content=\"index, follow, max-snippet:-1, max-image-preview:large, max-video-preview:-1\" \/>\r\n<link rel=\"canonical\" href=\"https:\/\/www.lafundacion.com\/eu\/noticias\/laneko-segurtasun-eta-osasunaren-fundacion-san-prudencioko-xxv-biltzarra\/\" \/>\r\n<meta property=\"og:locale\" content=\"eu_ES\" \/>\r\n<meta property=\"og:type\" content=\"article\" \/>\r\n<meta property=\"og:title\" content=\"2026ko La Fundaci\u00f3n San Prudencioren Lan Osasunaren Biltzarra\" \/>\r\n<meta property=\"og:description\" content=\"Jardunaldia Gasteizen, La Fundaci\u00f3n San Prudenciok antolatuta. 40 aditu baino gehiago dituzten enpresei zuzenduta dago, arazo emozionalak aztertzeko lan eremuan.\" \/>\r\n<meta property=\"og:url\" content=\"https:\/\/www.lafundacion.com\/eu\/noticias\/laneko-segurtasun-eta-osasunaren-fundacion-san-prudencioko-xxv-biltzarra\/\" \/>\r\n<meta property=\"og:site_name\" content=\"La Fundaci\u00f3n San Prudencio\" \/>\r\n<meta property=\"article:published_time\" content=\"2026-01-23T10:22:17+00:00\" \/>\r\n<meta property=\"article:modified_time\" content=\"2026-03-16T08:55:59+00:00\" \/>\r\n<meta property=\"og:image\" content=\"https:\/\/www.lafundacion.com\/wp-content\/uploads\/2022\/09\/banner-web-Home-actualizado2022-EUS.jpg\" \/>\r\n\t<meta property=\"og:image:width\" content=\"1500\" \/>\r\n\t<meta property=\"og:image:height\" content=\"430\" \/>\r\n\t<meta property=\"og:image:type\" content=\"image\/jpeg\" \/>\r\n<meta name=\"author\" content=\"La Fundaci\u00f3n San Prudencio\" \/>\r\n<meta name=\"twitter:card\" content=\"summary_large_image\" \/>\r\n<meta name=\"twitter:title\" content=\"Laneko segurtasun eta osasunaren Fundaci\u00f3n San Prudencioren XXV. Biltzarra\" \/>\r\n<meta name=\"twitter:description\" content=\"Jardunaldia Gasteizen, La Fundaci\u00f3n San Prudenciok antolatuta. 40 aditu baino gehiago dituzten enpresei zuzenduta dago, arazo emozionalak aztertzeko lan eremuan.\" \/>\r\n<meta name=\"twitter:image\" content=\"https:\/\/www.lafundacion.com\/wp-content\/uploads\/2022\/09\/banner-web-Home-actualizado2022-EUS.jpg\" \/>\r\n<meta name=\"twitter:label1\" content=\"Written by\" \/>\n\t<meta name=\"twitter:data1\" content=\"La Fundaci\u00f3n San Prudencio\" \/>\n\t<meta name=\"twitter:label2\" content=\"Est. reading time\" \/>\n\t<meta name=\"twitter:data2\" content=\"8 minutes\" \/>\r\n<script type=\"application\/ld+json\" class=\"yoast-schema-graph\">{\"@context\":\"https:\\\/\\\/schema.org\",\"@graph\":[{\"@type\":\"Article\",\"@id\":\"https:\\\/\\\/www.lafundacion.com\\\/eu\\\/noticias\\\/laneko-segurtasun-eta-osasunaren-fundacion-san-prudencioko-xxv-biltzarra\\\/#article\",\"isPartOf\":{\"@id\":\"https:\\\/\\\/www.lafundacion.com\\\/eu\\\/noticias\\\/laneko-segurtasun-eta-osasunaren-fundacion-san-prudencioko-xxv-biltzarra\\\/\"},\"author\":{\"name\":\"La Fundaci\u00f3n San Prudencio\",\"@id\":\"https:\\\/\\\/www.lafundacion.com\\\/#\\\/schema\\\/person\\\/39119d98dad187760c7ba6ffe0d62170\"},\"headline\":\"Laneko segurtasun eta osasunaren Fundaci\u00f3n San Prudencioren XXV. Biltzarra\",\"datePublished\":\"2026-01-23T10:22:17+00:00\",\"dateModified\":\"2026-03-16T08:55:59+00:00\",\"mainEntityOfPage\":{\"@id\":\"https:\\\/\\\/www.lafundacion.com\\\/eu\\\/noticias\\\/laneko-segurtasun-eta-osasunaren-fundacion-san-prudencioko-xxv-biltzarra\\\/\"},\"wordCount\":18038,\"publisher\":{\"@id\":\"https:\\\/\\\/www.lafundacion.com\\\/#organization\"},\"image\":{\"@id\":\"https:\\\/\\\/www.lafundacion.com\\\/eu\\\/noticias\\\/laneko-segurtasun-eta-osasunaren-fundacion-san-prudencioko-xxv-biltzarra\\\/#primaryimage\"},\"thumbnailUrl\":\"https:\\\/\\\/www.lafundacion.com\\\/wp-content\\\/uploads\\\/2025\\\/01\\\/XXV-Congreso-Fundacion-San-Prudencio-Seguridad-Salud-Laboral-Salud-Emocional-2026-2.jpg\",\"articleSection\":[\"Noticias\",\"Noticias\"],\"inLanguage\":\"eu-ES\"},{\"@type\":\"WebPage\",\"@id\":\"https:\\\/\\\/www.lafundacion.com\\\/eu\\\/noticias\\\/laneko-segurtasun-eta-osasunaren-fundacion-san-prudencioko-xxv-biltzarra\\\/\",\"url\":\"https:\\\/\\\/www.lafundacion.com\\\/eu\\\/noticias\\\/laneko-segurtasun-eta-osasunaren-fundacion-san-prudencioko-xxv-biltzarra\\\/\",\"name\":\"Laneko segurtasun eta osasunaren Fundaci\u00f3n San Prudencioren XXV. Biltzarra &#187; La Fundaci\u00f3n San Prudencio\",\"isPartOf\":{\"@id\":\"https:\\\/\\\/www.lafundacion.com\\\/#website\"},\"primaryImageOfPage\":{\"@id\":\"https:\\\/\\\/www.lafundacion.com\\\/eu\\\/noticias\\\/laneko-segurtasun-eta-osasunaren-fundacion-san-prudencioko-xxv-biltzarra\\\/#primaryimage\"},\"image\":{\"@id\":\"https:\\\/\\\/www.lafundacion.com\\\/eu\\\/noticias\\\/laneko-segurtasun-eta-osasunaren-fundacion-san-prudencioko-xxv-biltzarra\\\/#primaryimage\"},\"thumbnailUrl\":\"https:\\\/\\\/www.lafundacion.com\\\/wp-content\\\/uploads\\\/2025\\\/01\\\/XXV-Congreso-Fundacion-San-Prudencio-Seguridad-Salud-Laboral-Salud-Emocional-2026-2.jpg\",\"datePublished\":\"2026-01-23T10:22:17+00:00\",\"dateModified\":\"2026-03-16T08:55:59+00:00\",\"description\":\"Gasteizen, Osasun Emozionalaren eta Lan Osasunaren arloko aditu handienak bilduko dituen Kongresua. Bertan, arlo horretako enpresetan lan-absentismoa murrizteko ekintzak abiaraziko dira.\",\"breadcrumb\":{\"@id\":\"https:\\\/\\\/www.lafundacion.com\\\/eu\\\/noticias\\\/laneko-segurtasun-eta-osasunaren-fundacion-san-prudencioko-xxv-biltzarra\\\/#breadcrumb\"},\"inLanguage\":\"eu-ES\",\"potentialAction\":[{\"@type\":\"ReadAction\",\"target\":[\"https:\\\/\\\/www.lafundacion.com\\\/eu\\\/noticias\\\/laneko-segurtasun-eta-osasunaren-fundacion-san-prudencioko-xxv-biltzarra\\\/\"]}]},{\"@type\":\"ImageObject\",\"inLanguage\":\"eu-ES\",\"@id\":\"https:\\\/\\\/www.lafundacion.com\\\/eu\\\/noticias\\\/laneko-segurtasun-eta-osasunaren-fundacion-san-prudencioko-xxv-biltzarra\\\/#primaryimage\",\"url\":\"https:\\\/\\\/www.lafundacion.com\\\/wp-content\\\/uploads\\\/2025\\\/01\\\/XXV-Congreso-Fundacion-San-Prudencio-Seguridad-Salud-Laboral-Salud-Emocional-2026-2.jpg\",\"contentUrl\":\"https:\\\/\\\/www.lafundacion.com\\\/wp-content\\\/uploads\\\/2025\\\/01\\\/XXV-Congreso-Fundacion-San-Prudencio-Seguridad-Salud-Laboral-Salud-Emocional-2026-2.jpg\",\"width\":650,\"height\":434},{\"@type\":\"BreadcrumbList\",\"@id\":\"https:\\\/\\\/www.lafundacion.com\\\/eu\\\/noticias\\\/laneko-segurtasun-eta-osasunaren-fundacion-san-prudencioko-xxv-biltzarra\\\/#breadcrumb\",\"itemListElement\":[{\"@type\":\"ListItem\",\"position\":1,\"name\":\"Portada\",\"item\":\"https:\\\/\\\/www.lafundacion.com\\\/eu\\\/hasiera\\\/\"},{\"@type\":\"ListItem\",\"position\":2,\"name\":\"Laneko segurtasun eta osasunaren Fundaci\u00f3n San Prudencioren XXV. Biltzarra\"}]},{\"@type\":\"WebSite\",\"@id\":\"https:\\\/\\\/www.lafundacion.com\\\/#website\",\"url\":\"https:\\\/\\\/www.lafundacion.com\\\/\",\"name\":\"La Fundaci\u00f3n San Prudencio\",\"description\":\"La Fundaci\u00f3n Laboral San Prudencio en Vitoria-Gasteiz\",\"publisher\":{\"@id\":\"https:\\\/\\\/www.lafundacion.com\\\/#organization\"},\"potentialAction\":[{\"@type\":\"SearchAction\",\"target\":{\"@type\":\"EntryPoint\",\"urlTemplate\":\"https:\\\/\\\/www.lafundacion.com\\\/?s={search_term_string}\"},\"query-input\":{\"@type\":\"PropertyValueSpecification\",\"valueRequired\":true,\"valueName\":\"search_term_string\"}}],\"inLanguage\":\"eu-ES\"},{\"@type\":\"Organization\",\"@id\":\"https:\\\/\\\/www.lafundacion.com\\\/#organization\",\"name\":\"La Fundaci\u00f3n San Prudencio\",\"url\":\"https:\\\/\\\/www.lafundacion.com\\\/\",\"logo\":{\"@type\":\"ImageObject\",\"inLanguage\":\"eu-ES\",\"@id\":\"https:\\\/\\\/www.lafundacion.com\\\/#\\\/schema\\\/logo\\\/image\\\/\",\"url\":\"https:\\\/\\\/www.lafundacion.com\\\/wp-content\\\/uploads\\\/2020\\\/03\\\/logo-la-fundacion.png\",\"contentUrl\":\"https:\\\/\\\/www.lafundacion.com\\\/wp-content\\\/uploads\\\/2020\\\/03\\\/logo-la-fundacion.png\",\"width\":323,\"height\":129,\"caption\":\"La Fundaci\u00f3n San Prudencio\"},\"image\":{\"@id\":\"https:\\\/\\\/www.lafundacion.com\\\/#\\\/schema\\\/logo\\\/image\\\/\"}},{\"@type\":\"Person\",\"@id\":\"https:\\\/\\\/www.lafundacion.com\\\/#\\\/schema\\\/person\\\/39119d98dad187760c7ba6ffe0d62170\",\"name\":\"La Fundaci\u00f3n San Prudencio\",\"image\":{\"@type\":\"ImageObject\",\"inLanguage\":\"eu-ES\",\"@id\":\"https:\\\/\\\/secure.gravatar.com\\\/avatar\\\/0c3b0b5573637a9c53bbefa7ba0c7deb19d94f60a43f46e0300cd05fc3625862?s=96&d=mm&r=g\",\"url\":\"https:\\\/\\\/secure.gravatar.com\\\/avatar\\\/0c3b0b5573637a9c53bbefa7ba0c7deb19d94f60a43f46e0300cd05fc3625862?s=96&d=mm&r=g\",\"contentUrl\":\"https:\\\/\\\/secure.gravatar.com\\\/avatar\\\/0c3b0b5573637a9c53bbefa7ba0c7deb19d94f60a43f46e0300cd05fc3625862?s=96&d=mm&r=g\",\"caption\":\"La Fundaci\u00f3n San Prudencio\"}}]}<\/script>\r\n<!-- \/ Yoast SEO plugin. -->","yoast_head_json":{"title":"Laneko segurtasun eta osasunaren Fundaci\u00f3n San Prudencioren XXV. Biltzarra &#187; La Fundaci\u00f3n San Prudencio","description":"Gasteizen, Osasun Emozionalaren eta Lan Osasunaren arloko aditu handienak bilduko dituen Kongresua. Bertan, arlo horretako enpresetan lan-absentismoa murrizteko ekintzak abiaraziko dira.","robots":{"index":"index","follow":"follow","max-snippet":"max-snippet:-1","max-image-preview":"max-image-preview:large","max-video-preview":"max-video-preview:-1"},"canonical":"https:\/\/www.lafundacion.com\/eu\/noticias\/laneko-segurtasun-eta-osasunaren-fundacion-san-prudencioko-xxv-biltzarra\/","og_locale":"eu_ES","og_type":"article","og_title":"2026ko La Fundaci\u00f3n San Prudencioren Lan Osasunaren Biltzarra","og_description":"Jardunaldia Gasteizen, La Fundaci\u00f3n San Prudenciok antolatuta. 40 aditu baino gehiago dituzten enpresei zuzenduta dago, arazo emozionalak aztertzeko lan eremuan.","og_url":"https:\/\/www.lafundacion.com\/eu\/noticias\/laneko-segurtasun-eta-osasunaren-fundacion-san-prudencioko-xxv-biltzarra\/","og_site_name":"La Fundaci\u00f3n San Prudencio","article_published_time":"2026-01-23T10:22:17+00:00","article_modified_time":"2026-03-16T08:55:59+00:00","og_image":[{"width":1500,"height":430,"url":"https:\/\/www.lafundacion.com\/wp-content\/uploads\/2022\/09\/banner-web-Home-actualizado2022-EUS.jpg","type":"image\/jpeg"}],"author":"La Fundaci\u00f3n San Prudencio","twitter_card":"summary_large_image","twitter_title":"Laneko segurtasun eta osasunaren Fundaci\u00f3n San Prudencioren XXV. Biltzarra","twitter_description":"Jardunaldia Gasteizen, La Fundaci\u00f3n San Prudenciok antolatuta. 40 aditu baino gehiago dituzten enpresei zuzenduta dago, arazo emozionalak aztertzeko lan eremuan.","twitter_image":"https:\/\/www.lafundacion.com\/wp-content\/uploads\/2022\/09\/banner-web-Home-actualizado2022-EUS.jpg","twitter_misc":{"Written by":"La Fundaci\u00f3n San Prudencio","Est. reading time":"8 minutes"},"schema":{"@context":"https:\/\/schema.org","@graph":[{"@type":"Article","@id":"https:\/\/www.lafundacion.com\/eu\/noticias\/laneko-segurtasun-eta-osasunaren-fundacion-san-prudencioko-xxv-biltzarra\/#article","isPartOf":{"@id":"https:\/\/www.lafundacion.com\/eu\/noticias\/laneko-segurtasun-eta-osasunaren-fundacion-san-prudencioko-xxv-biltzarra\/"},"author":{"name":"La Fundaci\u00f3n San Prudencio","@id":"https:\/\/www.lafundacion.com\/#\/schema\/person\/39119d98dad187760c7ba6ffe0d62170"},"headline":"Laneko segurtasun eta osasunaren Fundaci\u00f3n San Prudencioren XXV. Biltzarra","datePublished":"2026-01-23T10:22:17+00:00","dateModified":"2026-03-16T08:55:59+00:00","mainEntityOfPage":{"@id":"https:\/\/www.lafundacion.com\/eu\/noticias\/laneko-segurtasun-eta-osasunaren-fundacion-san-prudencioko-xxv-biltzarra\/"},"wordCount":18038,"publisher":{"@id":"https:\/\/www.lafundacion.com\/#organization"},"image":{"@id":"https:\/\/www.lafundacion.com\/eu\/noticias\/laneko-segurtasun-eta-osasunaren-fundacion-san-prudencioko-xxv-biltzarra\/#primaryimage"},"thumbnailUrl":"https:\/\/www.lafundacion.com\/wp-content\/uploads\/2025\/01\/XXV-Congreso-Fundacion-San-Prudencio-Seguridad-Salud-Laboral-Salud-Emocional-2026-2.jpg","articleSection":["Noticias","Noticias"],"inLanguage":"eu-ES"},{"@type":"WebPage","@id":"https:\/\/www.lafundacion.com\/eu\/noticias\/laneko-segurtasun-eta-osasunaren-fundacion-san-prudencioko-xxv-biltzarra\/","url":"https:\/\/www.lafundacion.com\/eu\/noticias\/laneko-segurtasun-eta-osasunaren-fundacion-san-prudencioko-xxv-biltzarra\/","name":"Laneko segurtasun eta osasunaren Fundaci\u00f3n San Prudencioren XXV. Biltzarra &#187; La Fundaci\u00f3n San Prudencio","isPartOf":{"@id":"https:\/\/www.lafundacion.com\/#website"},"primaryImageOfPage":{"@id":"https:\/\/www.lafundacion.com\/eu\/noticias\/laneko-segurtasun-eta-osasunaren-fundacion-san-prudencioko-xxv-biltzarra\/#primaryimage"},"image":{"@id":"https:\/\/www.lafundacion.com\/eu\/noticias\/laneko-segurtasun-eta-osasunaren-fundacion-san-prudencioko-xxv-biltzarra\/#primaryimage"},"thumbnailUrl":"https:\/\/www.lafundacion.com\/wp-content\/uploads\/2025\/01\/XXV-Congreso-Fundacion-San-Prudencio-Seguridad-Salud-Laboral-Salud-Emocional-2026-2.jpg","datePublished":"2026-01-23T10:22:17+00:00","dateModified":"2026-03-16T08:55:59+00:00","description":"Gasteizen, Osasun Emozionalaren eta Lan Osasunaren arloko aditu handienak bilduko dituen Kongresua. Bertan, arlo horretako enpresetan lan-absentismoa murrizteko ekintzak abiaraziko dira.","breadcrumb":{"@id":"https:\/\/www.lafundacion.com\/eu\/noticias\/laneko-segurtasun-eta-osasunaren-fundacion-san-prudencioko-xxv-biltzarra\/#breadcrumb"},"inLanguage":"eu-ES","potentialAction":[{"@type":"ReadAction","target":["https:\/\/www.lafundacion.com\/eu\/noticias\/laneko-segurtasun-eta-osasunaren-fundacion-san-prudencioko-xxv-biltzarra\/"]}]},{"@type":"ImageObject","inLanguage":"eu-ES","@id":"https:\/\/www.lafundacion.com\/eu\/noticias\/laneko-segurtasun-eta-osasunaren-fundacion-san-prudencioko-xxv-biltzarra\/#primaryimage","url":"https:\/\/www.lafundacion.com\/wp-content\/uploads\/2025\/01\/XXV-Congreso-Fundacion-San-Prudencio-Seguridad-Salud-Laboral-Salud-Emocional-2026-2.jpg","contentUrl":"https:\/\/www.lafundacion.com\/wp-content\/uploads\/2025\/01\/XXV-Congreso-Fundacion-San-Prudencio-Seguridad-Salud-Laboral-Salud-Emocional-2026-2.jpg","width":650,"height":434},{"@type":"BreadcrumbList","@id":"https:\/\/www.lafundacion.com\/eu\/noticias\/laneko-segurtasun-eta-osasunaren-fundacion-san-prudencioko-xxv-biltzarra\/#breadcrumb","itemListElement":[{"@type":"ListItem","position":1,"name":"Portada","item":"https:\/\/www.lafundacion.com\/eu\/hasiera\/"},{"@type":"ListItem","position":2,"name":"Laneko segurtasun eta osasunaren Fundaci\u00f3n San Prudencioren XXV. Biltzarra"}]},{"@type":"WebSite","@id":"https:\/\/www.lafundacion.com\/#website","url":"https:\/\/www.lafundacion.com\/","name":"La Fundaci\u00f3n San Prudencio","description":"La Fundaci\u00f3n Laboral San Prudencio en Vitoria-Gasteiz","publisher":{"@id":"https:\/\/www.lafundacion.com\/#organization"},"potentialAction":[{"@type":"SearchAction","target":{"@type":"EntryPoint","urlTemplate":"https:\/\/www.lafundacion.com\/?s={search_term_string}"},"query-input":{"@type":"PropertyValueSpecification","valueRequired":true,"valueName":"search_term_string"}}],"inLanguage":"eu-ES"},{"@type":"Organization","@id":"https:\/\/www.lafundacion.com\/#organization","name":"La Fundaci\u00f3n San Prudencio","url":"https:\/\/www.lafundacion.com\/","logo":{"@type":"ImageObject","inLanguage":"eu-ES","@id":"https:\/\/www.lafundacion.com\/#\/schema\/logo\/image\/","url":"https:\/\/www.lafundacion.com\/wp-content\/uploads\/2020\/03\/logo-la-fundacion.png","contentUrl":"https:\/\/www.lafundacion.com\/wp-content\/uploads\/2020\/03\/logo-la-fundacion.png","width":323,"height":129,"caption":"La Fundaci\u00f3n San Prudencio"},"image":{"@id":"https:\/\/www.lafundacion.com\/#\/schema\/logo\/image\/"}},{"@type":"Person","@id":"https:\/\/www.lafundacion.com\/#\/schema\/person\/39119d98dad187760c7ba6ffe0d62170","name":"La Fundaci\u00f3n San Prudencio","image":{"@type":"ImageObject","inLanguage":"eu-ES","@id":"https:\/\/secure.gravatar.com\/avatar\/0c3b0b5573637a9c53bbefa7ba0c7deb19d94f60a43f46e0300cd05fc3625862?s=96&d=mm&r=g","url":"https:\/\/secure.gravatar.com\/avatar\/0c3b0b5573637a9c53bbefa7ba0c7deb19d94f60a43f46e0300cd05fc3625862?s=96&d=mm&r=g","contentUrl":"https:\/\/secure.gravatar.com\/avatar\/0c3b0b5573637a9c53bbefa7ba0c7deb19d94f60a43f46e0300cd05fc3625862?s=96&d=mm&r=g","caption":"La Fundaci\u00f3n San Prudencio"}}]}},"_links":{"self":[{"href":"https:\/\/www.lafundacion.com\/eu\/wp-json\/wp\/v2\/posts\/82912","targetHints":{"allow":["GET"]}}],"collection":[{"href":"https:\/\/www.lafundacion.com\/eu\/wp-json\/wp\/v2\/posts"}],"about":[{"href":"https:\/\/www.lafundacion.com\/eu\/wp-json\/wp\/v2\/types\/post"}],"author":[{"embeddable":true,"href":"https:\/\/www.lafundacion.com\/eu\/wp-json\/wp\/v2\/users\/2"}],"replies":[{"embeddable":true,"href":"https:\/\/www.lafundacion.com\/eu\/wp-json\/wp\/v2\/comments?post=82912"}],"version-history":[{"count":170,"href":"https:\/\/www.lafundacion.com\/eu\/wp-json\/wp\/v2\/posts\/82912\/revisions"}],"predecessor-version":[{"id":309995,"href":"https:\/\/www.lafundacion.com\/eu\/wp-json\/wp\/v2\/posts\/82912\/revisions\/309995"}],"wp:featuredmedia":[{"embeddable":true,"href":"https:\/\/www.lafundacion.com\/eu\/wp-json\/wp\/v2\/media\/235248"}],"wp:attachment":[{"href":"https:\/\/www.lafundacion.com\/eu\/wp-json\/wp\/v2\/media?parent=82912"}],"wp:term":[{"taxonomy":"category","embeddable":true,"href":"https:\/\/www.lafundacion.com\/eu\/wp-json\/wp\/v2\/categories?post=82912"},{"taxonomy":"post_tag","embeddable":true,"href":"https:\/\/www.lafundacion.com\/eu\/wp-json\/wp\/v2\/tags?post=82912"}],"curies":[{"name":"wp","href":"https:\/\/api.w.org\/{rel}","templated":true}]}}