{"id":73746,"date":"2024-09-16T11:03:15","date_gmt":"2024-09-16T09:03:15","guid":{"rendered":"https:\/\/www.lafundacion.com\/?p=73746"},"modified":"2024-09-20T13:27:09","modified_gmt":"2024-09-20T11:27:09","slug":"espacio-arte-la-fundacion-iraila24","status":"publish","type":"post","link":"https:\/\/www.lafundacion.com\/eu\/noticias-eu\/espacio-arte-la-fundacion-iraila24\/","title":{"rendered":"Iraileko La Fundacioneko &#8220;Espacio Arte&#8221;"},"content":{"rendered":"<div id='full_slider_1'  class='avia-fullwidth-slider main_color avia-shadow   avia-builder-el-0  el_before_av_one_full  avia-builder-el-first   container_wrap fullsize'  ><div  class='avia-slideshow av-l1vxl7ni-fe1dc6d4bc6e8cf36a68643d02f94c08 avia-slideshow-featured av_slideshow_full avia-slide-slider av-slideshow-ui av-control-default av-slideshow-manual av-loop-once av-loop-manual-endless av-default-height-applied   avia-slideshow-1' data-slideshow-options=\"{&quot;animation&quot;:&quot;slide&quot;,&quot;autoplay&quot;:false,&quot;loop_autoplay&quot;:&quot;once&quot;,&quot;interval&quot;:5,&quot;loop_manual&quot;:&quot;manual-endless&quot;,&quot;autoplay_stopper&quot;:false,&quot;noNavigation&quot;:false,&quot;bg_slider&quot;:false,&quot;keep_padding&quot;:false,&quot;hoverpause&quot;:false,&quot;show_slide_delay&quot;:0}\"  itemprop=\"image\" itemscope=\"itemscope\" itemtype=\"https:\/\/schema.org\/ImageObject\" ><ul class='avia-slideshow-inner ' style='padding-bottom: 28.666666666667%;'><li  class='avia-slideshow-slide av-l1vxl7ni-fe1dc6d4bc6e8cf36a68643d02f94c08__0  av-single-slide slide-1 slide-odd'><div data-rel='slideshow-1' class='avia-slide-wrap '   ><div class='av-slideshow-caption av-l1vxl7ni-fe1dc6d4bc6e8cf36a68643d02f94c08__0 caption_fullwidth caption_left caption_left_framed caption_framed'><div class=\"container caption_container\"><div class=\"slideshow_caption\"><div class=\"slideshow_inner_caption\"><div class=\"slideshow_align_caption\"><h2 class='avia-caption-title '  itemprop=\"name\" >Espacio Arte irailak 25 19:00retan<\/h2><\/div><\/div><\/div><\/div><\/div><img decoding=\"async\" fetchpriority=\"high\" class=\"wp-image-75341 avia-img-lazy-loading-not-75341\"  src=\"https:\/\/www.lafundacion.com\/wp-content\/uploads\/2024\/09\/Banner-principal-Espacio-Arte-exposicion-septiembre-vitoria-2024.jpg\" width=\"1500\" height=\"430\" title='Banner-principal-Espacio-Arte-exposicion-septiembre-vitoria-2024' alt=''  itemprop=\"thumbnailUrl\" srcset=\"https:\/\/www.lafundacion.com\/wp-content\/uploads\/2024\/09\/Banner-principal-Espacio-Arte-exposicion-septiembre-vitoria-2024.jpg 1500w, https:\/\/www.lafundacion.com\/wp-content\/uploads\/2024\/09\/Banner-principal-Espacio-Arte-exposicion-septiembre-vitoria-2024-300x86.jpg 300w, https:\/\/www.lafundacion.com\/wp-content\/uploads\/2024\/09\/Banner-principal-Espacio-Arte-exposicion-septiembre-vitoria-2024-1030x295.jpg 1030w, https:\/\/www.lafundacion.com\/wp-content\/uploads\/2024\/09\/Banner-principal-Espacio-Arte-exposicion-septiembre-vitoria-2024-768x220.jpg 768w, https:\/\/www.lafundacion.com\/wp-content\/uploads\/2024\/09\/Banner-principal-Espacio-Arte-exposicion-septiembre-vitoria-2024-705x202.jpg 705w, https:\/\/www.lafundacion.com\/wp-content\/uploads\/2024\/09\/Banner-principal-Espacio-Arte-exposicion-septiembre-vitoria-2024-350x100.jpg 350w\" sizes=\"(max-width: 1500px) 100vw, 1500px\" \/><\/div><\/li><\/ul><\/div><\/div><div id='after_full_slider_1'  class='main_color av_default_container_wrap container_wrap fullsize'  ><div class='container av-section-cont-open' ><div class='template-page content  av-content-full alpha units'><div class='post-entry post-entry-type-page post-entry-73746'><div class='entry-content-wrapper clearfix'>\n<div  class='flex_column av-2wkkjku-e895f6c18e752d8ea7bbd8a9680f84fe av_one_full  avia-builder-el-1  el_after_av_slideshow_full  el_before_av_hr  avia-builder-el-first  first flex_column_div  '     ><section  class='av_textblock_section av-l1ukkp2p-f45a494e976a0c3e9ca3a0b1ce36e552 '   itemscope=\"itemscope\" itemtype=\"https:\/\/schema.org\/BlogPosting\" itemprop=\"blogPost\" ><div class='avia_textblock'  itemprop=\"text\" ><h1 style=\"text-align: center;\"><strong>IRAILAREN 25EAN ESPACIO ARTEREN EKITALDI BERRI BATEZ GOZATUKO DUGU, ERAKUSKETA, POESIA ERREZITALDIA ETA GOGOETAK ETA ZUZENEKO MUSIKA EMANALDIAREKIN <\/strong><\/h1>\n<h4 style=\"text-align: center;\"><\/h4>\n<\/div><\/section><\/div>\n<div  class='hr av-21od3zk-b4ca7628caacf685a02b86a0bcc4a1f2 hr-default  avia-builder-el-3  el_after_av_one_full  el_before_av_three_fourth '><span class='hr-inner '><span class=\"hr-inner-style\"><\/span><\/span><\/div>\n<div  class='flex_column av-1jnrhkg-0e9db24d65bca9de0aed6813f34a96f8 av_three_fourth  avia-builder-el-4  el_after_av_hr  el_before_av_one_fourth  first flex_column_div  '     ><section  class='av_textblock_section av-lex0cv44-e011ef85334a148daaa3ed0064a2cf43 '   itemscope=\"itemscope\" itemtype=\"https:\/\/schema.org\/BlogPosting\" itemprop=\"blogPost\" ><div class='avia_textblock'  itemprop=\"text\" ><h3><strong>Oraingo honetan, Miren Elorrieta eta Jose Antonio Larrauriren erakusketa izango dugu<\/strong><\/h3>\n<\/div><\/section><br \/>\n<section  class='av_textblock_section av-lgev15l1-0fb1e5ea9cf5ae818c6dea5850fd3e25 '   itemscope=\"itemscope\" itemtype=\"https:\/\/schema.org\/BlogPosting\" itemprop=\"blogPost\" ><div class='avia_textblock'  itemprop=\"text\" ><h4><strong><em>Miren Elorrieta:<\/em><\/strong><\/h4>\n<p>Miren Elorrieta, artista autodidakta, 1971n Vi\u00f1a del Marren (Txile) jaioa. Bere haurtzaroa Txile eta Gasteiz artean eman zuen. Hainbat belaunalditatik datorkio pinturarekiko zaletasuna. Txikitatik erabiltzen du bere irudimena edozein azaleren gainean artea irudikatzeko. Marraztu, margotu, modelatu&#8230; Pertsona autodidakta da, bere ametsa lortzeko borrokalaria, emozioaren bila jarraitzen du, edozein euskarriren gainean artea sortuz, oihalean espezializatuz.<\/p>\n<p>Gasteizko bihotzean dago bere estudioa, Nueva Fuera kaleko 20. zenbakiko behealdean, Abrevaderorekin izkina eginez, &#8220;M\u00c9TAYER STUDIO&#8221; by Miren Elorrieta, eta lau erakusleiho ditu, hainbat aldiz sarituak izan direnak. Estudio horretan, bere egurrezko eta kristalezko atetik, artista zuzenean lantzen ikusten duzu. Bere lanen bidez, bere sentimenduak, sentiberatasuna eta emozioak adierazten ditu. Pinturagatik eta pinturarako bizi da, eta publikoak eta lagunek bultzatzen dute aurrera egitera.<\/p>\n<\/div><\/section><\/p><\/div>\n<div  class='flex_column av-3n6xps-34769c36b58e111b96f802493720e665 av_one_fourth  avia-builder-el-7  el_after_av_three_fourth  el_before_av_hr  flex_column_div  '     ><p>\n<style type=\"text\/css\" data-created_by=\"avia_inline_auto\" id=\"style-css-av-lgeuli2y-bcb4217258cfb196ccf252e9fd85761a\">\n.avia-image-container.av-lgeuli2y-bcb4217258cfb196ccf252e9fd85761a img.avia_image{\nbox-shadow:none;\n}\n.avia-image-container.av-lgeuli2y-bcb4217258cfb196ccf252e9fd85761a .av-image-caption-overlay-center{\ncolor:#ffffff;\n}\n<\/style>\n<div  class='avia-image-container av-lgeuli2y-bcb4217258cfb196ccf252e9fd85761a av-styling- avia-align-center  avia-builder-el-8  el_before_av_image  avia-builder-el-first '   itemprop=\"image\" itemscope=\"itemscope\" itemtype=\"https:\/\/schema.org\/ImageObject\" ><div class=\"avia-image-container-inner\"><div class=\"avia-image-overlay-wrap\"><img decoding=\"async\" fetchpriority=\"high\" class='wp-image-75320 avia-img-lazy-loading-not-75320 avia_image ' src=\"https:\/\/www.lafundacion.com\/wp-content\/uploads\/2024\/07\/Ma\u0301s-clara-obra-Miren-Elorrieta-Espacio-Arte-La-Fundacion-San-Prudencio.jpg\" alt='' title='Ma\u0301s-clara-obra-Miren-Elorrieta-Espacio-Arte-La-Fundacion-San-Prudencio'  height=\"625\" width=\"750\"  itemprop=\"thumbnailUrl\" srcset=\"https:\/\/www.lafundacion.com\/wp-content\/uploads\/2024\/07\/Ma\u0301s-clara-obra-Miren-Elorrieta-Espacio-Arte-La-Fundacion-San-Prudencio.jpg 750w, https:\/\/www.lafundacion.com\/wp-content\/uploads\/2024\/07\/Ma\u0301s-clara-obra-Miren-Elorrieta-Espacio-Arte-La-Fundacion-San-Prudencio-300x250.jpg 300w, https:\/\/www.lafundacion.com\/wp-content\/uploads\/2024\/07\/Ma\u0301s-clara-obra-Miren-Elorrieta-Espacio-Arte-La-Fundacion-San-Prudencio-705x588.jpg 705w\" sizes=\"(max-width: 750px) 100vw, 750px\" \/><\/div><\/div><\/div><br \/>\n\n<style type=\"text\/css\" data-created_by=\"avia_inline_auto\" id=\"style-css-av-kz9xrl-dbe5162f93b6d2f9d85c670e29bd0987\">\n.avia-image-container.av-kz9xrl-dbe5162f93b6d2f9d85c670e29bd0987 img.avia_image{\nbox-shadow:none;\n}\n.avia-image-container.av-kz9xrl-dbe5162f93b6d2f9d85c670e29bd0987 .av-image-caption-overlay-center{\ncolor:#ffffff;\n}\n<\/style>\n<div  class='avia-image-container av-kz9xrl-dbe5162f93b6d2f9d85c670e29bd0987 av-styling- avia-align-center  avia-builder-el-9  el_after_av_image  el_before_av_image '   itemprop=\"image\" itemscope=\"itemscope\" itemtype=\"https:\/\/schema.org\/ImageObject\" ><div class=\"avia-image-container-inner\"><div class=\"avia-image-overlay-wrap\"><img decoding=\"async\" fetchpriority=\"high\" class='wp-image-75324 avia-img-lazy-loading-not-75324 avia_image ' src=\"https:\/\/www.lafundacion.com\/wp-content\/uploads\/2024\/07\/Obra-Miren-Elorrieta-Espacio-Arte-La-Fundacion-San-Prudencio.jpg\" alt='' title='Obra-Miren-Elorrieta-Espacio-Arte-La-Fundacion-San-Prudencio'  height=\"736\" width=\"750\"  itemprop=\"thumbnailUrl\" srcset=\"https:\/\/www.lafundacion.com\/wp-content\/uploads\/2024\/07\/Obra-Miren-Elorrieta-Espacio-Arte-La-Fundacion-San-Prudencio.jpg 750w, https:\/\/www.lafundacion.com\/wp-content\/uploads\/2024\/07\/Obra-Miren-Elorrieta-Espacio-Arte-La-Fundacion-San-Prudencio-300x294.jpg 300w, https:\/\/www.lafundacion.com\/wp-content\/uploads\/2024\/07\/Obra-Miren-Elorrieta-Espacio-Arte-La-Fundacion-San-Prudencio-80x80.jpg 80w, https:\/\/www.lafundacion.com\/wp-content\/uploads\/2024\/07\/Obra-Miren-Elorrieta-Espacio-Arte-La-Fundacion-San-Prudencio-36x36.jpg 36w, https:\/\/www.lafundacion.com\/wp-content\/uploads\/2024\/07\/Obra-Miren-Elorrieta-Espacio-Arte-La-Fundacion-San-Prudencio-705x692.jpg 705w\" sizes=\"(max-width: 750px) 100vw, 750px\" \/><\/div><\/div><\/div><br \/>\n\n<style type=\"text\/css\" data-created_by=\"avia_inline_auto\" id=\"style-css-av-m14u5gei-8b1aff3b2b7facc81652741756ededc8\">\n.avia-image-container.av-m14u5gei-8b1aff3b2b7facc81652741756ededc8 img.avia_image{\nbox-shadow:none;\n}\n.avia-image-container.av-m14u5gei-8b1aff3b2b7facc81652741756ededc8 .av-image-caption-overlay-center{\ncolor:#ffffff;\n}\n<\/style>\n<div  class='avia-image-container av-m14u5gei-8b1aff3b2b7facc81652741756ededc8 av-styling- avia-align-center  avia-builder-el-10  el_after_av_image  avia-builder-el-last '   itemprop=\"image\" itemscope=\"itemscope\" itemtype=\"https:\/\/schema.org\/ImageObject\" ><div class=\"avia-image-container-inner\"><div class=\"avia-image-overlay-wrap\"><img decoding=\"async\" fetchpriority=\"high\" class='wp-image-75470 avia-img-lazy-loading-not-75470 avia_image ' src=\"https:\/\/www.lafundacion.com\/wp-content\/uploads\/2024\/09\/Obra-Miren-Elorrieta-Espacio-Arte-La-Fundacion-San-Prudencio-poesia.jpg\" alt='' title='Obra-Miren-Elorrieta-Espacio-Arte-La-Fundacion-San-Prudencio-poesia'  height=\"1000\" width=\"750\"  itemprop=\"thumbnailUrl\" srcset=\"https:\/\/www.lafundacion.com\/wp-content\/uploads\/2024\/09\/Obra-Miren-Elorrieta-Espacio-Arte-La-Fundacion-San-Prudencio-poesia.jpg 750w, https:\/\/www.lafundacion.com\/wp-content\/uploads\/2024\/09\/Obra-Miren-Elorrieta-Espacio-Arte-La-Fundacion-San-Prudencio-poesia-225x300.jpg 225w, https:\/\/www.lafundacion.com\/wp-content\/uploads\/2024\/09\/Obra-Miren-Elorrieta-Espacio-Arte-La-Fundacion-San-Prudencio-poesia-529x705.jpg 529w\" sizes=\"(max-width: 750px) 100vw, 750px\" \/><\/div><\/div><\/div><\/p><\/div>\n<div  class='hr av-60s5d9t-7fccd392ba52ec944809de059d72a79e hr-default  avia-builder-el-11  el_after_av_one_fourth  el_before_av_two_fifth '><span class='hr-inner '><span class=\"hr-inner-style\"><\/span><\/span><\/div>\n<div  class='flex_column av-2lwktqp-328f07c7a5c97684b5eac94f6db4540b av_two_fifth  avia-builder-el-12  el_after_av_hr  el_before_av_three_fifth  first flex_column_div  '     ><p>\n<style type=\"text\/css\" data-created_by=\"avia_inline_auto\" id=\"style-css-av-lwes2ej0-979022468748a80253ff30cb25eedd66\">\n.avia-image-container.av-lwes2ej0-979022468748a80253ff30cb25eedd66 img.avia_image{\nbox-shadow:none;\n}\n.avia-image-container.av-lwes2ej0-979022468748a80253ff30cb25eedd66 .av-image-caption-overlay-center{\ncolor:#ffffff;\n}\n<\/style>\n<div  class='avia-image-container av-lwes2ej0-979022468748a80253ff30cb25eedd66 av-styling- avia-align-center  avia-builder-el-13  el_before_av_image  avia-builder-el-first '   itemprop=\"image\" itemscope=\"itemscope\" itemtype=\"https:\/\/schema.org\/ImageObject\" ><div class=\"avia-image-container-inner\"><div class=\"avia-image-overlay-wrap\"><img decoding=\"async\" fetchpriority=\"high\" class='wp-image-75749 avia-img-lazy-loading-not-75749 avia_image ' src=\"https:\/\/www.lafundacion.com\/wp-content\/uploads\/2024\/09\/Obras-tridimensional-escultura-jose-antonio-larrauri-espacio-arte-la-fundacion-vitoria.jpg\" alt='' title='Obras-tridimensional-escultura-jose-antonio-larrauri-espacio-arte-la-fundacion-vitoria'  height=\"563\" width=\"750\"  itemprop=\"thumbnailUrl\" srcset=\"https:\/\/www.lafundacion.com\/wp-content\/uploads\/2024\/09\/Obras-tridimensional-escultura-jose-antonio-larrauri-espacio-arte-la-fundacion-vitoria.jpg 750w, https:\/\/www.lafundacion.com\/wp-content\/uploads\/2024\/09\/Obras-tridimensional-escultura-jose-antonio-larrauri-espacio-arte-la-fundacion-vitoria-300x225.jpg 300w, https:\/\/www.lafundacion.com\/wp-content\/uploads\/2024\/09\/Obras-tridimensional-escultura-jose-antonio-larrauri-espacio-arte-la-fundacion-vitoria-705x529.jpg 705w\" sizes=\"(max-width: 750px) 100vw, 750px\" \/><\/div><\/div><\/div><br \/>\n\n<style type=\"text\/css\" data-created_by=\"avia_inline_auto\" id=\"style-css-av-m1amj2fz-b94eaf3d2ca7058272c77db080ea70f5\">\n.avia-image-container.av-m1amj2fz-b94eaf3d2ca7058272c77db080ea70f5 img.avia_image{\nbox-shadow:none;\n}\n.avia-image-container.av-m1amj2fz-b94eaf3d2ca7058272c77db080ea70f5 .av-image-caption-overlay-center{\ncolor:#ffffff;\n}\n<\/style>\n<div  class='avia-image-container av-m1amj2fz-b94eaf3d2ca7058272c77db080ea70f5 av-styling- avia-align-center  avia-builder-el-14  el_after_av_image  avia-builder-el-last '   itemprop=\"image\" itemscope=\"itemscope\" itemtype=\"https:\/\/schema.org\/ImageObject\" ><div class=\"avia-image-container-inner\"><div class=\"avia-image-overlay-wrap\"><img decoding=\"async\" fetchpriority=\"high\" class='wp-image-75751 avia-img-lazy-loading-not-75751 avia_image ' src=\"https:\/\/www.lafundacion.com\/wp-content\/uploads\/2024\/09\/Obras-tridimensional-escultura-jose-antonio-larrauri-espacio-arte-la-fundacion-vitoria-2.jpg\" alt='' title='Obras-tridimensional-escultura-jose-antonio-larrauri-espacio-arte-la-fundacion-vitoria-2'  height=\"563\" width=\"750\"  itemprop=\"thumbnailUrl\" srcset=\"https:\/\/www.lafundacion.com\/wp-content\/uploads\/2024\/09\/Obras-tridimensional-escultura-jose-antonio-larrauri-espacio-arte-la-fundacion-vitoria-2.jpg 750w, https:\/\/www.lafundacion.com\/wp-content\/uploads\/2024\/09\/Obras-tridimensional-escultura-jose-antonio-larrauri-espacio-arte-la-fundacion-vitoria-2-300x225.jpg 300w, https:\/\/www.lafundacion.com\/wp-content\/uploads\/2024\/09\/Obras-tridimensional-escultura-jose-antonio-larrauri-espacio-arte-la-fundacion-vitoria-2-705x529.jpg 705w\" sizes=\"(max-width: 750px) 100vw, 750px\" \/><\/div><\/div><\/div><\/p><\/div>\n<div  class='flex_column av-v8elkj-fc8e80334fca36ed816f6a168b867e47 av_three_fifth  avia-builder-el-15  el_after_av_two_fifth  el_before_av_hr  flex_column_div  '     ><section  class='av_textblock_section av-lvoyqhdv-e5d35e4ac0a5512d5a7bf4a964a9f247 '   itemscope=\"itemscope\" itemtype=\"https:\/\/schema.org\/BlogPosting\" itemprop=\"blogPost\" ><div class='avia_textblock'  itemprop=\"text\" ><h4><em><b>Jose Antonio Larrauri:<\/b><\/em><\/h4>\n<p>Bere lan artistikoa bere marrazki bidimentsionalak egitura metaliko tridimentsional bihurtzean zentratzen da, non urrezko proportzioa funtsezkoa da bere sormen prozesuan. Naturan inspiratu zen, itsasoko elementuak, fosilak, harriak, lurra, egurra&#8230; hartuz. Alanbre gozoa erabiliz hasi zen, eta, horri esker, barnealdean eta baliabide mugatuekin lan egin ahal izan zuen, nire eskulturen manipulazioa eta diseinua erraztuz. Hala ere, etorkizunerako asmo handiko ikuspegia du: maketa horiek tamaina handian eta material sendoagoekin egitea nahi du, burdina kasu. Horrek, bere obraren eskala handitzeaz gain, ikusleak piezen barruan sartzeko aukera emango die, zentzumen-esperientzia paregabea eskainiz. Argiarekin eta bolumenarekin jolasten du, hormetan itzalak proiektatzen dituzten espazioak eta formak sortzeko, bere lanari dimentsio berri bat gehituz. Horrela, bere artea marrazkiaren, eskulturaren eta argiaren fusio bihurtzen da, ikusleak naturaren, formaren eta espazioaren arteko harremana modu inguratzailean aztertzera gonbidatuz. Laburbilduz, bere obra bidaia bat da, ukigarria dena etereoarekin lotzen duena, naturala dena artistikoarekin, eta bi dimentsiokoa dena hiru dimentsiokoarekin.<\/p>\n<\/div><\/section><\/div>\n<div  class='hr av-x0y2sx-a88eb74bad4b5af406f6976bd6d890bd hr-default  avia-builder-el-17  el_after_av_three_fifth  el_before_av_textblock '><span class='hr-inner '><span class=\"hr-inner-style\"><\/span><\/span><\/div>\n<section  class='av_textblock_section av-m10gh6jt-386b66045f76249c5f721e9bce84780b '   itemscope=\"itemscope\" itemtype=\"https:\/\/schema.org\/BlogPosting\" itemprop=\"blogPost\" ><div class='avia_textblock'  itemprop=\"text\" ><h3 style=\"text-align: center;\">Erakusketa urriaren 31a arte ikusi ahal izango da.<\/h3>\n<\/div><\/section>\n<\/div><\/div><\/div><!-- close content main div --><\/div><\/div>\n<style type=\"text\/css\" data-created_by=\"avia_inline_auto\" id=\"style-css-av-5qd2a5t-0d7cf96ce7ef05aef96fbbaa4cee5af2\">\n.avia-section.av-5qd2a5t-0d7cf96ce7ef05aef96fbbaa4cee5af2{\nbackground-color:#e8e8e8;\nbackground-image:unset;\n}\n<\/style>\n<div id='av_section_1'  class='avia-section av-5qd2a5t-0d7cf96ce7ef05aef96fbbaa4cee5af2 main_color avia-section-default avia-no-border-styling  avia-builder-el-19  el_after_av_textblock  el_before_av_hr  avia-bg-style-scroll container_wrap fullsize'  ><div class='container av-section-cont-open' ><div class='template-page content  av-content-full alpha units'><div class='post-entry post-entry-type-page post-entry-73746'><div class='entry-content-wrapper clearfix'>\n<div  class='flex_column av-4fshmnl-e703dc561c4ef951f898db7efec88d21 av_one_fourth  avia-builder-el-20  el_before_av_one_fourth  avia-builder-el-first  first flex_column_div  '     ><style type=\"text\/css\" data-created_by=\"avia_inline_auto\" id=\"style-css-av-3r4q6j5-32bf1117d21fb542fa376ad4f00c9349\">\n.avia-image-container.av-3r4q6j5-32bf1117d21fb542fa376ad4f00c9349 img.avia_image{\nbox-shadow:none;\n}\n.avia-image-container.av-3r4q6j5-32bf1117d21fb542fa376ad4f00c9349 .av-image-caption-overlay-center{\ncolor:#ffffff;\n}\n<\/style>\n<div  class='avia-image-container av-3r4q6j5-32bf1117d21fb542fa376ad4f00c9349 av-styling- avia-align-center  avia-builder-el-21  avia-builder-el-no-sibling '   itemprop=\"image\" itemscope=\"itemscope\" itemtype=\"https:\/\/schema.org\/ImageObject\" ><div class=\"avia-image-container-inner\"><div class=\"avia-image-overlay-wrap\"><img decoding=\"async\" fetchpriority=\"high\" class='wp-image-73761 avia-img-lazy-loading-not-73761 avia_image ' src=\"https:\/\/www.lafundacion.com\/wp-content\/uploads\/2024\/07\/Libro-de-todo-de-mi-de-nada-Laura-Mambrilla-Espacio-Arte-La-Fundacion-San-Prudencio-presentacion.jpg\" alt='Libro De todo, de m\u00ed, de nada' title='Libro-de-todo-de-mi-de-nada-Laura-Mambrilla-Espacio-Arte-La-Fundacion-San-Prudencio-presentacion'  height=\"750\" width=\"494\"  itemprop=\"thumbnailUrl\" srcset=\"https:\/\/www.lafundacion.com\/wp-content\/uploads\/2024\/07\/Libro-de-todo-de-mi-de-nada-Laura-Mambrilla-Espacio-Arte-La-Fundacion-San-Prudencio-presentacion.jpg 494w, https:\/\/www.lafundacion.com\/wp-content\/uploads\/2024\/07\/Libro-de-todo-de-mi-de-nada-Laura-Mambrilla-Espacio-Arte-La-Fundacion-San-Prudencio-presentacion-198x300.jpg 198w, https:\/\/www.lafundacion.com\/wp-content\/uploads\/2024\/07\/Libro-de-todo-de-mi-de-nada-Laura-Mambrilla-Espacio-Arte-La-Fundacion-San-Prudencio-presentacion-464x705.jpg 464w\" sizes=\"(max-width: 494px) 100vw, 494px\" \/><\/div><\/div><\/div><\/div><div  class='flex_column av-56ex8a9-d9d77d963605b2cebcecb69ce455fce9 av_one_fourth  avia-builder-el-22  el_after_av_one_fourth  el_before_av_one_half  flex_column_div  '     ><style type=\"text\/css\" data-created_by=\"avia_inline_auto\" id=\"style-css-av-4yzf66p-82161e8b765d77cd912b8829a5f926c6\">\n.avia-image-container.av-4yzf66p-82161e8b765d77cd912b8829a5f926c6 img.avia_image{\nbox-shadow:none;\n}\n.avia-image-container.av-4yzf66p-82161e8b765d77cd912b8829a5f926c6 .av-image-caption-overlay-center{\ncolor:#ffffff;\n}\n<\/style>\n<div  class='avia-image-container av-4yzf66p-82161e8b765d77cd912b8829a5f926c6 av-styling- avia-align-center  avia-builder-el-23  avia-builder-el-no-sibling '   itemprop=\"image\" itemscope=\"itemscope\" itemtype=\"https:\/\/schema.org\/ImageObject\" ><div class=\"avia-image-container-inner\"><div class=\"avia-image-overlay-wrap\"><img decoding=\"async\" fetchpriority=\"high\" class='wp-image-73759 avia-img-lazy-loading-not-73759 avia_image ' src=\"https:\/\/www.lafundacion.com\/wp-content\/uploads\/2024\/07\/Libro-contraportada-de-todo-de-mi-de-nada-Laura-Mambrilla-Espacio-Arte-La-Fundacion-San-Prudencio-presentacion.jpg\" alt='' title='Libro-contraportada-de-todo-de-mi-de-nada-Laura-Mambrilla-Espacio-Arte-La-Fundacion-San-Prudencio-presentacion'  height=\"750\" width=\"494\"  itemprop=\"thumbnailUrl\" srcset=\"https:\/\/www.lafundacion.com\/wp-content\/uploads\/2024\/07\/Libro-contraportada-de-todo-de-mi-de-nada-Laura-Mambrilla-Espacio-Arte-La-Fundacion-San-Prudencio-presentacion.jpg 494w, https:\/\/www.lafundacion.com\/wp-content\/uploads\/2024\/07\/Libro-contraportada-de-todo-de-mi-de-nada-Laura-Mambrilla-Espacio-Arte-La-Fundacion-San-Prudencio-presentacion-198x300.jpg 198w, https:\/\/www.lafundacion.com\/wp-content\/uploads\/2024\/07\/Libro-contraportada-de-todo-de-mi-de-nada-Laura-Mambrilla-Espacio-Arte-La-Fundacion-San-Prudencio-presentacion-464x705.jpg 464w\" sizes=\"(max-width: 494px) 100vw, 494px\" \/><\/div><\/div><\/div><\/div><div  class='flex_column av-3nj8egh-7991762b66f5aa0a9373e8d8fb3ee132 av_one_half  avia-builder-el-24  el_after_av_one_fourth  avia-builder-el-last  flex_column_div  '     ><section  class='av_textblock_section av-30pm7n5-de7dd746390e81480a20c643820d7120 '   itemscope=\"itemscope\" itemtype=\"https:\/\/schema.org\/BlogPosting\" itemprop=\"blogPost\" ><div class='avia_textblock'  itemprop=\"text\" ><h3>Poesia errezitaldia, gogoetak eta poema liburuaren aurkezpena &#8220;De todo, de m\u00ed, de nada&#8221;<\/h3>\n<p><strong>Laura Mambrilla Ramos<\/strong><\/p>\n<p>Entzunaretoan, olerki errezitaldi batekin eta aipatutako liburuaren aurkezpenarekin gozatuko dugu.<\/p>\n<p>Egilearen arabera, &#8220;De todo, de m\u00ed, de nada&#8221; nire bizipenei, esperientziei, prozesuei eta uneei buruzko idazki-multzoa da. Orain dela gutxi arte niretzat bakarrik gordetako koaderno batean zeuden idazki-multzo bat. Egun batean haiek partekatu nahi eta behar nituela sentitu nuen, argia ikus zezaten, mundura atera zitezen. Dagokien mundua, inspirazio-iturri izan duen mundua.<\/p>\n<p>Liburua Espacio Arte ekitaldian bertan erosi ahal izango duzue 16,95 euroren truke.<\/p>\n<\/div><\/section><br \/>\n<div  class='avia-buttonrow-wrap av-2nljm35-53182bf289a3831c295c97ddb8bfeeb3 avia-buttonrow-center  avia-builder-el-26  el_after_av_textblock  avia-builder-el-last '>\n\n<style type=\"text\/css\" data-created_by=\"avia_inline_auto\" id=\"style-css-av-2501oc1-cd366312c21cd0b25b842c956cbd4e18\">\n#top #wrap_all .avia-button.av-2501oc1-cd366312c21cd0b25b842c956cbd4e18{\nmargin-bottom:5px;\nmargin-right:3px;\nmargin-left:3px;\n}\n<\/style>\n<a href='https:\/\/www.elkar.eus\/es\/liburu_fitxa\/de-todo-de-mi-de-nada\/mambrilla-ramos-laura\/9788409462278'  class='avia-button av-2501oc1-cd366312c21cd0b25b842c956cbd4e18 avia-icon_select-yes-left-icon avia-size-small avia-color-theme-color'   aria-label=\"Liburua ELKAR-en\"><span class='avia_button_icon avia_button_icon_left avia-svg-icon avia-font-svg_entypo-fontello' data-av_svg_icon='5' data-av_iconset='svg_entypo-fontello'><\/span><span class='avia_iconbox_title' >Liburua ELKAR-en<\/span><\/a>\n\n<style type=\"text\/css\" data-created_by=\"avia_inline_auto\" id=\"style-css-av-1rpb0sx-ed38836f56874b2a99e5bfe627f01649\">\n#top #wrap_all .avia-button.av-1rpb0sx-ed38836f56874b2a99e5bfe627f01649{\nmargin-bottom:5px;\nmargin-right:3px;\nmargin-left:3px;\n}\n<\/style>\n<a href='https:\/\/www.casadellibro.com\/libro-de-todo-de-mi-de-nada\/9788409462278\/13366170'  class='avia-button av-1rpb0sx-ed38836f56874b2a99e5bfe627f01649 avia-icon_select-yes-left-icon avia-size-small avia-color-theme-color'   aria-label=\"Liburua La Casa del Libron\"><span class='avia_button_icon avia_button_icon_left avia-svg-icon avia-font-svg_entypo-fontello' data-av_svg_icon='4' data-av_iconset='svg_entypo-fontello'><\/span><span class='avia_iconbox_title' >Liburua La Casa del Libron<\/span><\/a>\n\n<style type=\"text\/css\" data-created_by=\"avia_inline_auto\" id=\"style-css-av-lysn0gt7-d9e72533df617d635e30f2ee40de5f34\">\n#top #wrap_all .avia-button.av-lysn0gt7-d9e72533df617d635e30f2ee40de5f34{\nmargin-bottom:5px;\nmargin-right:3px;\nmargin-left:3px;\n}\n<\/style>\n<a href='https:\/\/www.instagram.com\/lauramambrillaramos\/'  class='avia-button av-lysn0gt7-d9e72533df617d635e30f2ee40de5f34 avia-icon_select-yes-left-icon avia-size-small avia-color-theme-color'   aria-label=\"Instagram\"><span class='avia_button_icon avia_button_icon_left avia-iconfont avia-font-entypo-fontello' data-av_icon='\uf16d' data-av_iconfont='entypo-fontello' ><\/span><span class='avia_iconbox_title' >Instagram<\/span><\/a>\n<\/div><\/p><\/div>\n<\/div><\/div><\/div><!-- close content main div --><\/div><\/div><div id='after_section_1'  class='main_color av_default_container_wrap container_wrap fullsize'  ><div class='container av-section-cont-open' ><div class='template-page content  av-content-full alpha units'><div class='post-entry post-entry-type-page post-entry-73746'><div class='entry-content-wrapper clearfix'>\n<div  class='hr av-12obbao-f827b0821c9dc969a9601d6da9adc09c hr-default  avia-builder-el-27  el_after_av_section  el_before_av_two_fifth  avia-builder-el-first '><span class='hr-inner '><span class=\"hr-inner-style\"><\/span><\/span><\/div>\n<div  class='flex_column av-17g74cw-0b4556a412451e3b3a851e0a1cdf1836 av_two_fifth  avia-builder-el-28  el_after_av_hr  el_before_av_three_fifth  first flex_column_div  '     ><style type=\"text\/css\" data-created_by=\"avia_inline_auto\" id=\"style-css-av-m62j4g-7d0d46aa679cb09f8f0d83f95ebad677\">\n.avia-image-container.av-m62j4g-7d0d46aa679cb09f8f0d83f95ebad677 img.avia_image{\nbox-shadow:none;\n}\n.avia-image-container.av-m62j4g-7d0d46aa679cb09f8f0d83f95ebad677 .av-image-caption-overlay-center{\ncolor:#ffffff;\n}\n<\/style>\n<div  class='avia-image-container av-m62j4g-7d0d46aa679cb09f8f0d83f95ebad677 av-styling- avia-align-center  avia-builder-el-29  avia-builder-el-no-sibling '   itemprop=\"image\" itemscope=\"itemscope\" itemtype=\"https:\/\/schema.org\/ImageObject\" ><div class=\"avia-image-container-inner\"><div class=\"avia-image-overlay-wrap\"><img decoding=\"async\" fetchpriority=\"high\" class='wp-image-75686 avia-img-lazy-loading-not-75686 avia_image ' src=\"https:\/\/www.lafundacion.com\/wp-content\/uploads\/2024\/09\/concierto-violin-Espacio-Arte-La-Fundacion-San-Prudencio.jpg\" alt='' title='concierto-violin-Espacio-Arte-La-Fundacion-San-Prudencio'  height=\"436\" width=\"750\"  itemprop=\"thumbnailUrl\" srcset=\"https:\/\/www.lafundacion.com\/wp-content\/uploads\/2024\/09\/concierto-violin-Espacio-Arte-La-Fundacion-San-Prudencio.jpg 750w, https:\/\/www.lafundacion.com\/wp-content\/uploads\/2024\/09\/concierto-violin-Espacio-Arte-La-Fundacion-San-Prudencio-300x174.jpg 300w, https:\/\/www.lafundacion.com\/wp-content\/uploads\/2024\/09\/concierto-violin-Espacio-Arte-La-Fundacion-San-Prudencio-705x410.jpg 705w\" sizes=\"(max-width: 750px) 100vw, 750px\" \/><\/div><\/div><\/div><\/div>\n<div  class='flex_column av-1akexku-6e1bf75fa1060157e7498beef1f8dd36 av_three_fifth  avia-builder-el-30  el_after_av_two_fifth  el_before_av_hr  flex_column_div  '     ><p><section  class='av_textblock_section av-l1uj5dha-6fdb57b8c89b5d1882365ee5e3b08a54 '   itemscope=\"itemscope\" itemtype=\"https:\/\/schema.org\/BlogPosting\" itemprop=\"blogPost\" ><div class='avia_textblock'  itemprop=\"text\" ><p>Azkenik, Vitoria-Gasteizko Jesus Guridi Musika Kontserbatorioko <strong>Susana San Jos\u00e9 Jarqu\u00edn<\/strong> ikaslearen zuzeneko <strong>emanaldi musikal<\/strong> batekin gozatuko dugu. \u00a0J.S. Bach eta Astor Piazzollaren piezak <strong>biolinarekin joko ditu.<\/strong><\/p>\n<\/div><\/section><br \/>\n\n<style type=\"text\/css\" data-created_by=\"avia_inline_auto\" id=\"style-css-av-1ma6eim-f463779a41766e162cb675ffc668a35c\">\n.avia-image-container.av-1ma6eim-f463779a41766e162cb675ffc668a35c img.avia_image{\nbox-shadow:none;\n}\n.avia-image-container.av-1ma6eim-f463779a41766e162cb675ffc668a35c .av-image-caption-overlay-center{\ncolor:#ffffff;\n}\n<\/style>\n<div  class='avia-image-container av-1ma6eim-f463779a41766e162cb675ffc668a35c av-styling- av-img-linked avia-align-center  avia-builder-el-32  el_after_av_textblock  el_before_av_textblock '   itemprop=\"image\" itemscope=\"itemscope\" itemtype=\"https:\/\/schema.org\/ImageObject\" ><div class=\"avia-image-container-inner\"><div class=\"avia-image-overlay-wrap\"><a href=\"https:\/\/conservatoriovitoria.com\/index.php\/eu\/\" class='avia_image '  target=\"_blank\"  rel=\"noopener noreferrer\" aria-label='logo-conservatorio-jesus-guridi-vitoria-gasteiz'><img decoding=\"async\" fetchpriority=\"high\" class='wp-image-33676 avia-img-lazy-loading-not-33676 avia_image ' src=\"https:\/\/www.lafundacion.com\/wp-content\/uploads\/2022\/04\/logo-conservatorio-jesus-guridi-vitoria-gasteiz.png\" alt='logo conservatorio de m\u00fasica Vitoria con La Fundaci\u00f3n' title='logo-conservatorio-jesus-guridi-vitoria-gasteiz'  height=\"105\" width=\"173\"  itemprop=\"thumbnailUrl\"  \/><\/a><\/div><\/div><\/div><br \/>\n<section  class='av_textblock_section av-lgezfsiz-bcc5b55e620a9c370b35d4a3ae732e18 '   itemscope=\"itemscope\" itemtype=\"https:\/\/schema.org\/BlogPosting\" itemprop=\"blogPost\" ><div class='avia_textblock'  itemprop=\"text\" ><p>La Fundacion San Prudencioren eta <a href=\"https:\/\/www.conservatoriovitoria.com\/index.php?lang=eu\">CM Jes\u00fas Guridi MK Kontserbatorioare<\/a>n arteko lankidetza-hitzarmena.<\/p>\n<\/div><\/section><\/p><\/div>\n<div  class='hr av-uc2uoh-acc4220f5fc5f53cf5e7b129943b2608 hr-default  avia-builder-el-34  el_after_av_three_fifth  el_before_av_section  avia-builder-el-last '><span class='hr-inner '><span class=\"hr-inner-style\"><\/span><\/span><\/div>\n<\/div><\/div><\/div><!-- close content main div --><\/div><\/div><div id='av_section_2'  class='avia-section av-1yybgep-9a7de1dc3b2ab920f911a06f6f8cffa4 main_color avia-section-default avia-no-border-styling  avia-builder-el-35  el_after_av_hr  el_before_av_section  avia-bg-style-scroll container_wrap fullsize'  ><div class='container av-section-cont-open' ><div class='template-page content  av-content-full alpha units'><div class='post-entry post-entry-type-page post-entry-73746'><div class='entry-content-wrapper clearfix'>\n<\/div><\/div><\/div><!-- close content main div --><\/div><\/div>\n<style type=\"text\/css\" data-created_by=\"avia_inline_auto\" id=\"style-css-av-l1um380x-28e7cec99113ec24184cc3fe9c463ff9\">\n.avia-section.av-l1um380x-28e7cec99113ec24184cc3fe9c463ff9{\nbackground-color:#e2e2e2;\nbackground-image:unset;\n}\n<\/style>\n<div id='av_section_3'  class='avia-section av-l1um380x-28e7cec99113ec24184cc3fe9c463ff9 main_color avia-section-default avia-no-border-styling  avia-builder-el-36  el_after_av_section  el_before_av_section  avia-bg-style-scroll container_wrap fullsize'  ><div class='container av-section-cont-open' ><div class='template-page content  av-content-full alpha units'><div class='post-entry post-entry-type-page post-entry-73746'><div class='entry-content-wrapper clearfix'>\n<section  class='av_textblock_section av-voyjg1-213dfcedb9af577cdc85cf722ea6a9a7 '   itemscope=\"itemscope\" itemtype=\"https:\/\/schema.org\/BlogPosting\" itemprop=\"blogPost\" ><div class='avia_textblock'  itemprop=\"text\" ><h3>Erreserbatu zure plaza ekitaldira joateko!<\/h3>\n\n<div class=\"wpcf7 no-js\" id=\"wpcf7-f12026-o1\" lang=\"eu-ES\" dir=\"ltr\" data-wpcf7-id=\"12026\">\n<div class=\"screen-reader-response\"><p role=\"status\" aria-live=\"polite\" aria-atomic=\"true\"><\/p> <ul><\/ul><\/div>\n<form action=\"\/eu\/wp-json\/wp\/v2\/posts\/73746#wpcf7-f12026-o1\" method=\"post\" class=\"wpcf7-form init wpcf7-acceptance-as-validation\" aria-label=\"Contact form\" novalidate=\"novalidate\" data-status=\"init\">\n<fieldset class=\"hidden-fields-container\"><input type=\"hidden\" name=\"_wpcf7\" value=\"12026\" \/><input type=\"hidden\" name=\"_wpcf7_version\" value=\"6.1.5\" \/><input type=\"hidden\" name=\"_wpcf7_locale\" value=\"eu_ES\" \/><input type=\"hidden\" name=\"_wpcf7_unit_tag\" value=\"wpcf7-f12026-o1\" \/><input type=\"hidden\" name=\"_wpcf7_container_post\" value=\"0\" \/><input type=\"hidden\" name=\"_wpcf7_posted_data_hash\" value=\"\" \/><input type=\"hidden\" name=\"_wpcf7_recaptcha_response\" value=\"\" \/>\n<\/fieldset>\n<p><label> Izen-abizenak <span class=\"asterisco\">(*)<\/span><br \/>\n<span class=\"wpcf7-form-control-wrap\" data-name=\"your-name\"><input size=\"40\" maxlength=\"400\" class=\"wpcf7-form-control wpcf7-text wpcf7-validates-as-required\" aria-required=\"true\" aria-invalid=\"false\" value=\"\" type=\"text\" name=\"your-name\" \/><\/span> <\/label>\n<\/p>\n<p><label> Helbide elektronikoa <span class=\"asterisco\">(*)<\/span><br \/>\n<span class=\"wpcf7-form-control-wrap\" data-name=\"your-email\"><input size=\"40\" maxlength=\"400\" class=\"wpcf7-form-control wpcf7-email wpcf7-validates-as-required wpcf7-text wpcf7-validates-as-email\" aria-required=\"true\" aria-invalid=\"false\" value=\"\" type=\"email\" name=\"your-email\" \/><\/span> <\/label>\n<\/p>\n<p><label> Sakelako telefono zenbakia<br \/>\n<span class=\"wpcf7-form-control-wrap\" data-name=\"tel-639\"><input size=\"40\" maxlength=\"400\" class=\"wpcf7-form-control wpcf7-tel wpcf7-text wpcf7-validates-as-tel\" aria-invalid=\"false\" value=\"\" type=\"tel\" name=\"tel-639\" \/><\/span> <\/label>\n<\/p>\n<p><label><span class=\"wpcf7-form-control-wrap\" data-name=\"acceptance-172\"><span class=\"wpcf7-form-control wpcf7-acceptance\"><span class=\"wpcf7-list-item\"><label><input type=\"checkbox\" name=\"acceptance-172\" value=\"1\" aria-invalid=\"false\" \/><span class=\"wpcf7-list-item-label\"><a href=\"#politica\" class=\"open-popup-link\">Pribatutasun politika irakurri dut eta onartzen dut<\/a><\/span><\/label><\/span><\/span><\/span><\/label>\n<\/p>\n<p><input class=\"wpcf7-form-control wpcf7-submit has-spinner\" type=\"submit\" value=\"Bidali\" \/>\n<\/p>\n<div id=\"politica\" class=\"politica white-popup mfp-hide\">\n\t<p><strong>PRIBATUTASUN POLITIKA<\/strong><br \/>\n<strong>Arduraduna:<\/strong> FUNDACI\u00d3N LABORAL SAN PRUDENCIO.<br \/>\n<strong>Xedea:<\/strong> Enpresaren Gizarte Erantzukizuna kudeatzeko eta aplikatzeko zerbitzuak ematea, enpresei eta langileei zerbitzuak eta laguntza emanez, besteak beste honako arlo hauetan: gizarte-prestazioak, gizarte- eta laguntza-zerbitzuak, gizarte- eta lan-zerbitzuak, hezkuntza eta kultura, sentsibilizazioa eta kontzientziazioa, gizarte-berrikuntza eta une bakoitzean eskaintzen direnak. Horri dagokionez, jakinarazten dizugu jarraian adierazten diren La Fundaci\u00f3nen edo taldeko enpresen sektore espezifiko eta jarduera sektore zehatzen informazio edo publizitatea jaso ahal izango duzula: eskaintzen dituzten zerbitzu eta prestazioei buruzko guztiak, bai eta une bakoitzean egokitzat jotzen direnak ere, norberaren bizi kalitatea eta lanekoa hobetzeko helburuarekin.\n\t<\/p>\n\t<p><strong>Legitimazioa:<\/strong> Parte zaren erlazio juridikoaren exekuzioa.\n\t<\/p>\n\t<p><strong>Hartzaileak:<\/strong> Fundaci\u00f3n taldeko enpresak eta legez horren beharra duten erakunde ofizialak.\n\t<\/p>\n\t<p><strong>Eskubideak:<\/strong> Informazio gehigarrian adierazitako datuak eta beste eskubide batzuk eskuratzeko, zuzentzeko eta ezabatzeko eskubidea duzu email bat dpo@lafundacion.com helbidera bidaliz.\n\t<\/p>\n\t<p><strong>Informazio gehigarria:<\/strong><a href=\"\/eu\/pribatutasun-politika\/\" target=\"_blank\">Lege Oharra eta Pribatutasun politika<\/a>\n\t<\/p>\n<\/div><div class=\"wpcf7-response-output\" aria-hidden=\"true\"><\/div>\n<\/form>\n<\/div>\n\n<\/div><\/section>\n\n<\/div><\/div><\/div><!-- close content main div --><\/div><\/div>\n<style type=\"text\/css\" data-created_by=\"avia_inline_auto\" id=\"style-css-av-1rjpjpt-b21d4457a03eb779954d4592fd75ba1a\">\n.avia-section.av-1rjpjpt-b21d4457a03eb779954d4592fd75ba1a{\nbackground-color:#009fe3;\nbackground-image:unset;\n}\n<\/style>\n<div id='av_section_4'  class='avia-section av-1rjpjpt-b21d4457a03eb779954d4592fd75ba1a main_color avia-section-default avia-no-border-styling  avia-builder-el-38  el_after_av_section  avia-builder-el-last  avia-bg-style-scroll container_wrap fullsize'  ><div class='container av-section-cont-open' ><div class='template-page content  av-content-full alpha units'><div class='post-entry post-entry-type-page post-entry-73746'><div class='entry-content-wrapper clearfix'>\n<section  class='av_textblock_section av-48p4ep-ff70f10240802789e2aaad2ce4ff1669 '   itemscope=\"itemscope\" itemtype=\"https:\/\/schema.org\/BlogPosting\" itemprop=\"blogPost\" ><div class='avia_textblock'  itemprop=\"text\" ><p><span style=\"color: #ffffff;\">Norbait ezagutzen baduzu edo zuk zeuk argazkiak, ilustrazioak, musika, pintura, poesia, antzerkia, dantza, bakarrizketak eta abar egiten badituzu eta zure artea erakutsi edo zure lanak erakutsi nahi badituzu, jar zaitez harremanetan La Fundacion San Prudenciorekin 945 222 900 telefonoan edo bidali zure posta elektronikoa info@lafundacion.com helbidera.<\/span><\/p>\n<\/div><\/section>\n<div  class='avia-button-wrap av-ngej0x-cc5944cc4c0509fd6fc75c686fda3255-wrap avia-button-center  avia-builder-el-40  el_after_av_textblock  avia-builder-el-last '><a href='https:\/\/www.lafundacion.com\/eu\/pertsonak\/espacio-arte-gunea\/'  class='avia-button av-ngej0x-cc5944cc4c0509fd6fc75c686fda3255 av-link-btn avia-icon_select-yes-left-icon avia-size-medium avia-position-center avia-color-grey'   aria-label=\"Espacio Arten artista gisa aurkezteari buruzko informazio gehiago\"><span class='avia_button_icon avia_button_icon_left avia-iconfont avia-font-entypo-fontello' data-av_icon='\ue81e' data-av_iconfont='entypo-fontello' ><\/span><span class='avia_iconbox_title' >Espacio Arten artista gisa aurkezteari buruzko informazio gehiago<\/span><\/a><\/div>\n\n","protected":false},"excerpt":{"rendered":"","protected":false},"author":2,"featured_media":75998,"comment_status":"closed","ping_status":"closed","sticky":false,"template":"","format":"standard","meta":{"_acf_changed":false,"footnotes":""},"categories":[93],"tags":[431,662,474,473,428,534,462,536,754,753,535],"class_list":["post-73746","post","type-post","status-publish","format-standard","has-post-thumbnail","hentry","category-noticias-eu","tag-artistas-vitoria-eu","tag-emakume-artistak","tag-erakusketa","tag-espacio-arte-la-fundacion-eu","tag-exposicion-vitoria-eu","tag-gasteizko-ekitaldia","tag-gasteizko-erakusketa","tag-obra-arte-eu","tag-poesia-eu","tag-poetak-maiatzean","tag-zuzeneko-musika"],"acf":[],"yoast_head":"<!-- This site is optimized with the Yoast SEO plugin v27.4 - https:\/\/yoast.com\/product\/yoast-seo-wordpress\/ -->\r\n<title>Iraileko La Fundacioneko &quot;Espacio Arte&quot; &#187; La Fundaci\u00f3n San Prudencio<\/title>\r\n<meta name=\"description\" content=\"Erakusketa berria La Fundacionen Espacio Arten. Irailaren 25ean, zuzeneko erakusketa, poesia eta musikarekin.\" \/>\r\n<meta name=\"robots\" content=\"index, follow, max-snippet:-1, max-image-preview:large, max-video-preview:-1\" \/>\r\n<link rel=\"canonical\" href=\"https:\/\/www.lafundacion.com\/noticias\/espacio-arte-la-fundacion-septiembre24\/\" \/>\r\n<meta property=\"og:locale\" content=\"eu_ES\" \/>\r\n<meta property=\"og:type\" content=\"article\" \/>\r\n<meta property=\"og:title\" content=\"Erakusketa berria irailean Espacio Arten\" \/>\r\n<meta property=\"og:description\" content=\"Erakusketa berria La Fundacionen Espacio Arten. Irailaren 25ean, zuzeneko erakusketa, poesia eta musikarekin.\" \/>\r\n<meta property=\"og:url\" content=\"https:\/\/www.lafundacion.com\/noticias\/espacio-arte-la-fundacion-septiembre24\/\" \/>\r\n<meta property=\"og:site_name\" content=\"La Fundaci\u00f3n San Prudencio\" \/>\r\n<meta property=\"article:published_time\" content=\"2024-09-16T09:03:15+00:00\" \/>\r\n<meta property=\"article:modified_time\" content=\"2024-09-20T11:27:09+00:00\" \/>\r\n<meta property=\"og:image\" content=\"https:\/\/www.lafundacion.com\/wp-content\/uploads\/2022\/10\/Ilustraciones-Agora-La-Fundacion-San-Prudencio-750x430.jpg\" \/>\r\n<meta name=\"author\" content=\"La Fundaci\u00f3n San Prudencio\" \/>\r\n<meta name=\"twitter:card\" content=\"summary_large_image\" \/>\r\n<meta name=\"twitter:title\" content=\"Erakusketa berria maiatzean Espacio Arten\" \/>\r\n<meta name=\"twitter:image\" content=\"https:\/\/www.lafundacion.com\/wp-content\/uploads\/2022\/10\/Ilustraciones-Agora-La-Fundacion-San-Prudencio-750x430.jpg\" \/>\r\n<meta name=\"twitter:label1\" content=\"Written by\" \/>\n\t<meta name=\"twitter:data1\" content=\"La Fundaci\u00f3n San Prudencio\" \/>\n\t<meta name=\"twitter:label2\" content=\"Est. reading time\" \/>\n\t<meta name=\"twitter:data2\" content=\"5 minutes\" \/>\r\n<script type=\"application\/ld+json\" class=\"yoast-schema-graph\">{\"@context\":\"https:\\\/\\\/schema.org\",\"@graph\":[{\"@type\":\"Article\",\"@id\":\"https:\\\/\\\/www.lafundacion.com\\\/noticias\\\/espacio-arte-la-fundacion-septiembre24\\\/#article\",\"isPartOf\":{\"@id\":\"https:\\\/\\\/www.lafundacion.com\\\/noticias\\\/espacio-arte-la-fundacion-septiembre24\\\/\"},\"author\":{\"name\":\"La Fundaci\u00f3n San Prudencio\",\"@id\":\"https:\\\/\\\/www.lafundacion.com\\\/#\\\/schema\\\/person\\\/39119d98dad187760c7ba6ffe0d62170\"},\"headline\":\"Iraileko La Fundacioneko &#8220;Espacio Arte&#8221;\",\"datePublished\":\"2024-09-16T09:03:15+00:00\",\"dateModified\":\"2024-09-20T11:27:09+00:00\",\"mainEntityOfPage\":{\"@id\":\"https:\\\/\\\/www.lafundacion.com\\\/noticias\\\/espacio-arte-la-fundacion-septiembre24\\\/\"},\"wordCount\":8676,\"publisher\":{\"@id\":\"https:\\\/\\\/www.lafundacion.com\\\/#organization\"},\"image\":{\"@id\":\"https:\\\/\\\/www.lafundacion.com\\\/noticias\\\/espacio-arte-la-fundacion-septiembre24\\\/#primaryimage\"},\"thumbnailUrl\":\"https:\\\/\\\/www.lafundacion.com\\\/wp-content\\\/uploads\\\/2024\\\/09\\\/Laura-Mambrilla-recitando-poesia-Espacio-Arte-La-Fundacion-San-Prudencio-2024.jpg\",\"keywords\":[\"artistas Vitoria\",\"emakume artistak\",\"ERAKUSKETA\",\"Espacio Arte La Fundaci\u00f3n\",\"exposici\u00f3n Vitoria\",\"gasteizko ekitaldia\",\"Gasteizko erakusketa\",\"obra arte\",\"poes\u00eda\",\"poetak maiatzean\",\"zuzeneko musika\"],\"articleSection\":[\"Noticias\"],\"inLanguage\":\"eu-ES\"},{\"@type\":\"WebPage\",\"@id\":\"https:\\\/\\\/www.lafundacion.com\\\/noticias\\\/espacio-arte-la-fundacion-septiembre24\\\/\",\"url\":\"https:\\\/\\\/www.lafundacion.com\\\/noticias\\\/espacio-arte-la-fundacion-septiembre24\\\/\",\"name\":\"Iraileko La Fundacioneko \\\"Espacio Arte\\\" &#187; La Fundaci\u00f3n San Prudencio\",\"isPartOf\":{\"@id\":\"https:\\\/\\\/www.lafundacion.com\\\/#website\"},\"primaryImageOfPage\":{\"@id\":\"https:\\\/\\\/www.lafundacion.com\\\/noticias\\\/espacio-arte-la-fundacion-septiembre24\\\/#primaryimage\"},\"image\":{\"@id\":\"https:\\\/\\\/www.lafundacion.com\\\/noticias\\\/espacio-arte-la-fundacion-septiembre24\\\/#primaryimage\"},\"thumbnailUrl\":\"https:\\\/\\\/www.lafundacion.com\\\/wp-content\\\/uploads\\\/2024\\\/09\\\/Laura-Mambrilla-recitando-poesia-Espacio-Arte-La-Fundacion-San-Prudencio-2024.jpg\",\"datePublished\":\"2024-09-16T09:03:15+00:00\",\"dateModified\":\"2024-09-20T11:27:09+00:00\",\"description\":\"Erakusketa berria La Fundacionen Espacio Arten. Irailaren 25ean, zuzeneko erakusketa, poesia eta musikarekin.\",\"breadcrumb\":{\"@id\":\"https:\\\/\\\/www.lafundacion.com\\\/noticias\\\/espacio-arte-la-fundacion-septiembre24\\\/#breadcrumb\"},\"inLanguage\":\"eu-ES\",\"potentialAction\":[{\"@type\":\"ReadAction\",\"target\":[\"https:\\\/\\\/www.lafundacion.com\\\/noticias\\\/espacio-arte-la-fundacion-septiembre24\\\/\"]}]},{\"@type\":\"ImageObject\",\"inLanguage\":\"eu-ES\",\"@id\":\"https:\\\/\\\/www.lafundacion.com\\\/noticias\\\/espacio-arte-la-fundacion-septiembre24\\\/#primaryimage\",\"url\":\"https:\\\/\\\/www.lafundacion.com\\\/wp-content\\\/uploads\\\/2024\\\/09\\\/Laura-Mambrilla-recitando-poesia-Espacio-Arte-La-Fundacion-San-Prudencio-2024.jpg\",\"contentUrl\":\"https:\\\/\\\/www.lafundacion.com\\\/wp-content\\\/uploads\\\/2024\\\/09\\\/Laura-Mambrilla-recitando-poesia-Espacio-Arte-La-Fundacion-San-Prudencio-2024.jpg\",\"width\":750,\"height\":500},{\"@type\":\"BreadcrumbList\",\"@id\":\"https:\\\/\\\/www.lafundacion.com\\\/noticias\\\/espacio-arte-la-fundacion-septiembre24\\\/#breadcrumb\",\"itemListElement\":[{\"@type\":\"ListItem\",\"position\":1,\"name\":\"Portada\",\"item\":\"https:\\\/\\\/www.lafundacion.com\\\/eu\\\/hasiera\\\/\"},{\"@type\":\"ListItem\",\"position\":2,\"name\":\"Iraileko La Fundacioneko \u00abEspacio Arte\u00bb\"}]},{\"@type\":\"WebSite\",\"@id\":\"https:\\\/\\\/www.lafundacion.com\\\/#website\",\"url\":\"https:\\\/\\\/www.lafundacion.com\\\/\",\"name\":\"La Fundaci\u00f3n San Prudencio\",\"description\":\"La Fundaci\u00f3n Laboral San Prudencio en Vitoria-Gasteiz\",\"publisher\":{\"@id\":\"https:\\\/\\\/www.lafundacion.com\\\/#organization\"},\"potentialAction\":[{\"@type\":\"SearchAction\",\"target\":{\"@type\":\"EntryPoint\",\"urlTemplate\":\"https:\\\/\\\/www.lafundacion.com\\\/?s={search_term_string}\"},\"query-input\":{\"@type\":\"PropertyValueSpecification\",\"valueRequired\":true,\"valueName\":\"search_term_string\"}}],\"inLanguage\":\"eu-ES\"},{\"@type\":\"Organization\",\"@id\":\"https:\\\/\\\/www.lafundacion.com\\\/#organization\",\"name\":\"La Fundaci\u00f3n San Prudencio\",\"url\":\"https:\\\/\\\/www.lafundacion.com\\\/\",\"logo\":{\"@type\":\"ImageObject\",\"inLanguage\":\"eu-ES\",\"@id\":\"https:\\\/\\\/www.lafundacion.com\\\/#\\\/schema\\\/logo\\\/image\\\/\",\"url\":\"https:\\\/\\\/www.lafundacion.com\\\/wp-content\\\/uploads\\\/2020\\\/03\\\/logo-la-fundacion.png\",\"contentUrl\":\"https:\\\/\\\/www.lafundacion.com\\\/wp-content\\\/uploads\\\/2020\\\/03\\\/logo-la-fundacion.png\",\"width\":323,\"height\":129,\"caption\":\"La Fundaci\u00f3n San Prudencio\"},\"image\":{\"@id\":\"https:\\\/\\\/www.lafundacion.com\\\/#\\\/schema\\\/logo\\\/image\\\/\"}},{\"@type\":\"Person\",\"@id\":\"https:\\\/\\\/www.lafundacion.com\\\/#\\\/schema\\\/person\\\/39119d98dad187760c7ba6ffe0d62170\",\"name\":\"La Fundaci\u00f3n San Prudencio\",\"image\":{\"@type\":\"ImageObject\",\"inLanguage\":\"eu-ES\",\"@id\":\"https:\\\/\\\/secure.gravatar.com\\\/avatar\\\/0c3b0b5573637a9c53bbefa7ba0c7deb19d94f60a43f46e0300cd05fc3625862?s=96&d=mm&r=g\",\"url\":\"https:\\\/\\\/secure.gravatar.com\\\/avatar\\\/0c3b0b5573637a9c53bbefa7ba0c7deb19d94f60a43f46e0300cd05fc3625862?s=96&d=mm&r=g\",\"contentUrl\":\"https:\\\/\\\/secure.gravatar.com\\\/avatar\\\/0c3b0b5573637a9c53bbefa7ba0c7deb19d94f60a43f46e0300cd05fc3625862?s=96&d=mm&r=g\",\"caption\":\"La Fundaci\u00f3n San Prudencio\"}}]}<\/script>\r\n<!-- \/ Yoast SEO plugin. -->","yoast_head_json":{"title":"Iraileko La Fundacioneko \"Espacio Arte\" &#187; La Fundaci\u00f3n San Prudencio","description":"Erakusketa berria La Fundacionen Espacio Arten. Irailaren 25ean, zuzeneko erakusketa, poesia eta musikarekin.","robots":{"index":"index","follow":"follow","max-snippet":"max-snippet:-1","max-image-preview":"max-image-preview:large","max-video-preview":"max-video-preview:-1"},"canonical":"https:\/\/www.lafundacion.com\/noticias\/espacio-arte-la-fundacion-septiembre24\/","og_locale":"eu_ES","og_type":"article","og_title":"Erakusketa berria irailean Espacio Arten","og_description":"Erakusketa berria La Fundacionen Espacio Arten. Irailaren 25ean, zuzeneko erakusketa, poesia eta musikarekin.","og_url":"https:\/\/www.lafundacion.com\/noticias\/espacio-arte-la-fundacion-septiembre24\/","og_site_name":"La Fundaci\u00f3n San Prudencio","article_published_time":"2024-09-16T09:03:15+00:00","article_modified_time":"2024-09-20T11:27:09+00:00","og_image":[{"url":"https:\/\/www.lafundacion.com\/wp-content\/uploads\/2022\/10\/Ilustraciones-Agora-La-Fundacion-San-Prudencio-750x430.jpg","type":"","width":"","height":""}],"author":"La Fundaci\u00f3n San Prudencio","twitter_card":"summary_large_image","twitter_title":"Erakusketa berria maiatzean Espacio Arten","twitter_image":"https:\/\/www.lafundacion.com\/wp-content\/uploads\/2022\/10\/Ilustraciones-Agora-La-Fundacion-San-Prudencio-750x430.jpg","twitter_misc":{"Written by":"La Fundaci\u00f3n San Prudencio","Est. reading time":"5 minutes"},"schema":{"@context":"https:\/\/schema.org","@graph":[{"@type":"Article","@id":"https:\/\/www.lafundacion.com\/noticias\/espacio-arte-la-fundacion-septiembre24\/#article","isPartOf":{"@id":"https:\/\/www.lafundacion.com\/noticias\/espacio-arte-la-fundacion-septiembre24\/"},"author":{"name":"La Fundaci\u00f3n San Prudencio","@id":"https:\/\/www.lafundacion.com\/#\/schema\/person\/39119d98dad187760c7ba6ffe0d62170"},"headline":"Iraileko La Fundacioneko &#8220;Espacio Arte&#8221;","datePublished":"2024-09-16T09:03:15+00:00","dateModified":"2024-09-20T11:27:09+00:00","mainEntityOfPage":{"@id":"https:\/\/www.lafundacion.com\/noticias\/espacio-arte-la-fundacion-septiembre24\/"},"wordCount":8676,"publisher":{"@id":"https:\/\/www.lafundacion.com\/#organization"},"image":{"@id":"https:\/\/www.lafundacion.com\/noticias\/espacio-arte-la-fundacion-septiembre24\/#primaryimage"},"thumbnailUrl":"https:\/\/www.lafundacion.com\/wp-content\/uploads\/2024\/09\/Laura-Mambrilla-recitando-poesia-Espacio-Arte-La-Fundacion-San-Prudencio-2024.jpg","keywords":["artistas Vitoria","emakume artistak","ERAKUSKETA","Espacio Arte La Fundaci\u00f3n","exposici\u00f3n Vitoria","gasteizko ekitaldia","Gasteizko erakusketa","obra arte","poes\u00eda","poetak maiatzean","zuzeneko musika"],"articleSection":["Noticias"],"inLanguage":"eu-ES"},{"@type":"WebPage","@id":"https:\/\/www.lafundacion.com\/noticias\/espacio-arte-la-fundacion-septiembre24\/","url":"https:\/\/www.lafundacion.com\/noticias\/espacio-arte-la-fundacion-septiembre24\/","name":"Iraileko La Fundacioneko \"Espacio Arte\" &#187; La Fundaci\u00f3n San Prudencio","isPartOf":{"@id":"https:\/\/www.lafundacion.com\/#website"},"primaryImageOfPage":{"@id":"https:\/\/www.lafundacion.com\/noticias\/espacio-arte-la-fundacion-septiembre24\/#primaryimage"},"image":{"@id":"https:\/\/www.lafundacion.com\/noticias\/espacio-arte-la-fundacion-septiembre24\/#primaryimage"},"thumbnailUrl":"https:\/\/www.lafundacion.com\/wp-content\/uploads\/2024\/09\/Laura-Mambrilla-recitando-poesia-Espacio-Arte-La-Fundacion-San-Prudencio-2024.jpg","datePublished":"2024-09-16T09:03:15+00:00","dateModified":"2024-09-20T11:27:09+00:00","description":"Erakusketa berria La Fundacionen Espacio Arten. Irailaren 25ean, zuzeneko erakusketa, poesia eta musikarekin.","breadcrumb":{"@id":"https:\/\/www.lafundacion.com\/noticias\/espacio-arte-la-fundacion-septiembre24\/#breadcrumb"},"inLanguage":"eu-ES","potentialAction":[{"@type":"ReadAction","target":["https:\/\/www.lafundacion.com\/noticias\/espacio-arte-la-fundacion-septiembre24\/"]}]},{"@type":"ImageObject","inLanguage":"eu-ES","@id":"https:\/\/www.lafundacion.com\/noticias\/espacio-arte-la-fundacion-septiembre24\/#primaryimage","url":"https:\/\/www.lafundacion.com\/wp-content\/uploads\/2024\/09\/Laura-Mambrilla-recitando-poesia-Espacio-Arte-La-Fundacion-San-Prudencio-2024.jpg","contentUrl":"https:\/\/www.lafundacion.com\/wp-content\/uploads\/2024\/09\/Laura-Mambrilla-recitando-poesia-Espacio-Arte-La-Fundacion-San-Prudencio-2024.jpg","width":750,"height":500},{"@type":"BreadcrumbList","@id":"https:\/\/www.lafundacion.com\/noticias\/espacio-arte-la-fundacion-septiembre24\/#breadcrumb","itemListElement":[{"@type":"ListItem","position":1,"name":"Portada","item":"https:\/\/www.lafundacion.com\/eu\/hasiera\/"},{"@type":"ListItem","position":2,"name":"Iraileko La Fundacioneko \u00abEspacio Arte\u00bb"}]},{"@type":"WebSite","@id":"https:\/\/www.lafundacion.com\/#website","url":"https:\/\/www.lafundacion.com\/","name":"La Fundaci\u00f3n San Prudencio","description":"La Fundaci\u00f3n Laboral San Prudencio en Vitoria-Gasteiz","publisher":{"@id":"https:\/\/www.lafundacion.com\/#organization"},"potentialAction":[{"@type":"SearchAction","target":{"@type":"EntryPoint","urlTemplate":"https:\/\/www.lafundacion.com\/?s={search_term_string}"},"query-input":{"@type":"PropertyValueSpecification","valueRequired":true,"valueName":"search_term_string"}}],"inLanguage":"eu-ES"},{"@type":"Organization","@id":"https:\/\/www.lafundacion.com\/#organization","name":"La Fundaci\u00f3n San Prudencio","url":"https:\/\/www.lafundacion.com\/","logo":{"@type":"ImageObject","inLanguage":"eu-ES","@id":"https:\/\/www.lafundacion.com\/#\/schema\/logo\/image\/","url":"https:\/\/www.lafundacion.com\/wp-content\/uploads\/2020\/03\/logo-la-fundacion.png","contentUrl":"https:\/\/www.lafundacion.com\/wp-content\/uploads\/2020\/03\/logo-la-fundacion.png","width":323,"height":129,"caption":"La Fundaci\u00f3n San Prudencio"},"image":{"@id":"https:\/\/www.lafundacion.com\/#\/schema\/logo\/image\/"}},{"@type":"Person","@id":"https:\/\/www.lafundacion.com\/#\/schema\/person\/39119d98dad187760c7ba6ffe0d62170","name":"La Fundaci\u00f3n San Prudencio","image":{"@type":"ImageObject","inLanguage":"eu-ES","@id":"https:\/\/secure.gravatar.com\/avatar\/0c3b0b5573637a9c53bbefa7ba0c7deb19d94f60a43f46e0300cd05fc3625862?s=96&d=mm&r=g","url":"https:\/\/secure.gravatar.com\/avatar\/0c3b0b5573637a9c53bbefa7ba0c7deb19d94f60a43f46e0300cd05fc3625862?s=96&d=mm&r=g","contentUrl":"https:\/\/secure.gravatar.com\/avatar\/0c3b0b5573637a9c53bbefa7ba0c7deb19d94f60a43f46e0300cd05fc3625862?s=96&d=mm&r=g","caption":"La Fundaci\u00f3n San Prudencio"}}]}},"_links":{"self":[{"href":"https:\/\/www.lafundacion.com\/eu\/wp-json\/wp\/v2\/posts\/73746","targetHints":{"allow":["GET"]}}],"collection":[{"href":"https:\/\/www.lafundacion.com\/eu\/wp-json\/wp\/v2\/posts"}],"about":[{"href":"https:\/\/www.lafundacion.com\/eu\/wp-json\/wp\/v2\/types\/post"}],"author":[{"embeddable":true,"href":"https:\/\/www.lafundacion.com\/eu\/wp-json\/wp\/v2\/users\/2"}],"replies":[{"embeddable":true,"href":"https:\/\/www.lafundacion.com\/eu\/wp-json\/wp\/v2\/comments?post=73746"}],"version-history":[{"count":31,"href":"https:\/\/www.lafundacion.com\/eu\/wp-json\/wp\/v2\/posts\/73746\/revisions"}],"predecessor-version":[{"id":75759,"href":"https:\/\/www.lafundacion.com\/eu\/wp-json\/wp\/v2\/posts\/73746\/revisions\/75759"}],"wp:featuredmedia":[{"embeddable":true,"href":"https:\/\/www.lafundacion.com\/eu\/wp-json\/wp\/v2\/media\/75998"}],"wp:attachment":[{"href":"https:\/\/www.lafundacion.com\/eu\/wp-json\/wp\/v2\/media?parent=73746"}],"wp:term":[{"taxonomy":"category","embeddable":true,"href":"https:\/\/www.lafundacion.com\/eu\/wp-json\/wp\/v2\/categories?post=73746"},{"taxonomy":"post_tag","embeddable":true,"href":"https:\/\/www.lafundacion.com\/eu\/wp-json\/wp\/v2\/tags?post=73746"}],"curies":[{"name":"wp","href":"https:\/\/api.w.org\/{rel}","templated":true}]}}