{"id":69548,"date":"2024-04-19T15:32:19","date_gmt":"2024-04-19T13:32:19","guid":{"rendered":"https:\/\/www.lafundacion.com\/uncategorized-eu\/poetak-maiatzea-ekitaldia-2024\/"},"modified":"2024-05-22T17:08:08","modified_gmt":"2024-05-22T15:08:08","slug":"poetak-maiatzea-ekitaldia-2024","status":"publish","type":"post","link":"https:\/\/www.lafundacion.com\/eu\/noticias-eu\/poetak-maiatzea-ekitaldia-2024\/","title":{"rendered":"Poetak Maiatzean La Fundacioneko &#8220;Espacio Arten&#8221;"},"content":{"rendered":"<div id='full_slider_1'  class='avia-fullwidth-slider main_color avia-shadow   avia-builder-el-0  el_before_av_one_full  avia-builder-el-first   container_wrap fullsize'  ><div  class='avia-slideshow av-l1vxl7ni-fe1dc6d4bc6e8cf36a68643d02f94c08 avia-slideshow-featured av_slideshow_full avia-slide-slider av-slideshow-ui av-control-default av-slideshow-manual av-loop-once av-loop-manual-endless av-default-height-applied   avia-slideshow-1' data-slideshow-options=\"{&quot;animation&quot;:&quot;slide&quot;,&quot;autoplay&quot;:false,&quot;loop_autoplay&quot;:&quot;once&quot;,&quot;interval&quot;:5,&quot;loop_manual&quot;:&quot;manual-endless&quot;,&quot;autoplay_stopper&quot;:false,&quot;noNavigation&quot;:false,&quot;bg_slider&quot;:false,&quot;keep_padding&quot;:false,&quot;hoverpause&quot;:false,&quot;show_slide_delay&quot;:0}\"  itemprop=\"image\" itemscope=\"itemscope\" itemtype=\"https:\/\/schema.org\/ImageObject\" ><ul class='avia-slideshow-inner ' style='padding-bottom: 28.666666666667%;'><li  class='avia-slideshow-slide av-l1vxl7ni-fe1dc6d4bc6e8cf36a68643d02f94c08__0  slide-1 slide-odd'><div data-rel='slideshow-1' class='avia-slide-wrap '   ><img decoding=\"async\" fetchpriority=\"high\" class=\"wp-image-69527 avia-img-lazy-loading-not-69527\"  src=\"https:\/\/www.lafundacion.com\/wp-content\/uploads\/2024\/04\/Banner-asociacion-espanola-contra-el-cancer-alava-La-Fundacion-San-Prudencio-Espacio-Arte.jpg\" width=\"1500\" height=\"430\" title='Banner-asociacion-espa\u00f1ola-contra-el-cancer-alava-La-Fundacion-San-Prudencio-Espacio-Arte' alt=''  itemprop=\"thumbnailUrl\" srcset=\"https:\/\/www.lafundacion.com\/wp-content\/uploads\/2024\/04\/Banner-asociacion-espanola-contra-el-cancer-alava-La-Fundacion-San-Prudencio-Espacio-Arte.jpg 1500w, https:\/\/www.lafundacion.com\/wp-content\/uploads\/2024\/04\/Banner-asociacion-espanola-contra-el-cancer-alava-La-Fundacion-San-Prudencio-Espacio-Arte-300x86.jpg 300w, https:\/\/www.lafundacion.com\/wp-content\/uploads\/2024\/04\/Banner-asociacion-espanola-contra-el-cancer-alava-La-Fundacion-San-Prudencio-Espacio-Arte-1030x295.jpg 1030w, https:\/\/www.lafundacion.com\/wp-content\/uploads\/2024\/04\/Banner-asociacion-espanola-contra-el-cancer-alava-La-Fundacion-San-Prudencio-Espacio-Arte-768x220.jpg 768w, https:\/\/www.lafundacion.com\/wp-content\/uploads\/2024\/04\/Banner-asociacion-espanola-contra-el-cancer-alava-La-Fundacion-San-Prudencio-Espacio-Arte-705x202.jpg 705w, https:\/\/www.lafundacion.com\/wp-content\/uploads\/2024\/04\/Banner-asociacion-espanola-contra-el-cancer-alava-La-Fundacion-San-Prudencio-Espacio-Arte-350x100.jpg 350w\" sizes=\"(max-width: 1500px) 100vw, 1500px\" \/><\/div><\/li><li  class='avia-slideshow-slide av-l1vxl7ni-fe1dc6d4bc6e8cf36a68643d02f94c08__1  slide-2 slide-even'><div data-rel='slideshow-1' class='avia-slide-wrap '   ><img decoding=\"async\" fetchpriority=\"high\" class=\"wp-image-69529 avia-img-lazy-loading-not-69529\"  src=\"https:\/\/www.lafundacion.com\/wp-content\/uploads\/2024\/04\/Banner-web-Poetas-de-mayo-AECC-2024-vitoria-La-Fundacion-San-Prudencio-Espacio-Arte.jpg\" width=\"1500\" height=\"430\" title='Banner-web-Poetas-de-mayo-AECC-2024-vitoria-La-Fundacion-San-Prudencio-Espacio-Arte' alt=''  itemprop=\"thumbnailUrl\" srcset=\"https:\/\/www.lafundacion.com\/wp-content\/uploads\/2024\/04\/Banner-web-Poetas-de-mayo-AECC-2024-vitoria-La-Fundacion-San-Prudencio-Espacio-Arte.jpg 1500w, https:\/\/www.lafundacion.com\/wp-content\/uploads\/2024\/04\/Banner-web-Poetas-de-mayo-AECC-2024-vitoria-La-Fundacion-San-Prudencio-Espacio-Arte-300x86.jpg 300w, https:\/\/www.lafundacion.com\/wp-content\/uploads\/2024\/04\/Banner-web-Poetas-de-mayo-AECC-2024-vitoria-La-Fundacion-San-Prudencio-Espacio-Arte-1030x295.jpg 1030w, https:\/\/www.lafundacion.com\/wp-content\/uploads\/2024\/04\/Banner-web-Poetas-de-mayo-AECC-2024-vitoria-La-Fundacion-San-Prudencio-Espacio-Arte-768x220.jpg 768w, https:\/\/www.lafundacion.com\/wp-content\/uploads\/2024\/04\/Banner-web-Poetas-de-mayo-AECC-2024-vitoria-La-Fundacion-San-Prudencio-Espacio-Arte-705x202.jpg 705w, https:\/\/www.lafundacion.com\/wp-content\/uploads\/2024\/04\/Banner-web-Poetas-de-mayo-AECC-2024-vitoria-La-Fundacion-San-Prudencio-Espacio-Arte-350x100.jpg 350w\" sizes=\"(max-width: 1500px) 100vw, 1500px\" \/><\/div><\/li><\/ul><div class='avia-slideshow-arrows avia-slideshow-controls' ><a href='#prev' class='prev-slide  avia-svg-icon avia-font-svg_entypo-fontello' data-av_svg_icon='left-open-big' data-av_iconset='svg_entypo-fontello' tabindex='-1' title=\"Previous\"><svg version=\"1.1\" xmlns=\"http:\/\/www.w3.org\/2000\/svg\" width=\"15\" height=\"32\" viewBox=\"0 0 15 32\" preserveAspectRatio=\"xMidYMid meet\" aria-labelledby='av-svg-title-1' aria-describedby='av-svg-desc-1' role=\"graphics-symbol\" aria-hidden=\"true\">\n<title id='av-svg-title-1'>Previous<\/title>\n<desc id='av-svg-desc-1'>Previous<\/desc>\n<path d=\"M14.464 27.84q0.832 0.832 0 1.536-0.832 0.832-1.536 0l-12.544-12.608q-0.768-0.768 0-1.6l12.544-12.608q0.704-0.832 1.536 0 0.832 0.704 0 1.536l-11.456 11.904z\"><\/path>\n<\/svg><span class='avia_hidden_link_text'>Previous<\/span><\/a><a href='#next' class='next-slide  avia-svg-icon avia-font-svg_entypo-fontello' data-av_svg_icon='right-open-big' data-av_iconset='svg_entypo-fontello' tabindex='-1' title=\"Next\"><svg version=\"1.1\" xmlns=\"http:\/\/www.w3.org\/2000\/svg\" width=\"15\" height=\"32\" viewBox=\"0 0 15 32\" preserveAspectRatio=\"xMidYMid meet\" aria-labelledby='av-svg-title-2' aria-describedby='av-svg-desc-2' role=\"graphics-symbol\" aria-hidden=\"true\">\n<title id='av-svg-title-2'>Next<\/title>\n<desc id='av-svg-desc-2'>Next<\/desc>\n<path d=\"M0.416 27.84l11.456-11.84-11.456-11.904q-0.832-0.832 0-1.536 0.832-0.832 1.536 0l12.544 12.608q0.768 0.832 0 1.6l-12.544 12.608q-0.704 0.832-1.536 0-0.832-0.704 0-1.536z\"><\/path>\n<\/svg><span class='avia_hidden_link_text'>Next<\/span><\/a><\/div><div class='avia-slideshow-dots avia-slideshow-controls'><a href='#1' class='goto-slide active' >1<\/a><a href='#2' class='goto-slide ' >2<\/a><\/div><\/div><\/div><div id='after_full_slider_1'  class='main_color av_default_container_wrap container_wrap fullsize'  ><div class='container av-section-cont-open' ><div class='template-page content  av-content-full alpha units'><div class='post-entry post-entry-type-page post-entry-69548'><div class='entry-content-wrapper clearfix'>\n<div  class='flex_column av-2wkkjku-e895f6c18e752d8ea7bbd8a9680f84fe av_one_full  avia-builder-el-1  el_after_av_slideshow_full  el_before_av_hr  avia-builder-el-first  first flex_column_div  '     ><section  class='av_textblock_section av-l1ukkp2p-f45a494e976a0c3e9ca3a0b1ce36e552 '   itemscope=\"itemscope\" itemtype=\"https:\/\/schema.org\/BlogPosting\" itemprop=\"blogPost\" ><div class='avia_textblock'  itemprop=\"text\" ><h1 style=\"text-align: center;\"><strong>&#8220;AACC&#8221; MINBIZIAREN AURKAKO ELKARTEAREN ERAKUSKETA, POETAK MAIATZEANen ERREZITALDIA ETA ZUZENEKO GITARRA EMANALDIA MAIATZAREN 14AN &#8220;ESPACIO ARTEN&#8221;<\/strong><\/h1>\n<h4 style=\"text-align: center;\"><\/h4>\n<\/div><\/section><\/div>\n<div  class='hr av-21od3zk-b4ca7628caacf685a02b86a0bcc4a1f2 hr-default  avia-builder-el-3  el_after_av_one_full  el_before_av_one_half '><span class='hr-inner '><span class=\"hr-inner-style\"><\/span><\/span><\/div>\n<div  class='flex_column av-1jnrhkg-0e9db24d65bca9de0aed6813f34a96f8 av_one_half  avia-builder-el-4  el_after_av_hr  el_before_av_one_half  first flex_column_div  '     ><p><section  class='av_textblock_section av-lex0cv44-e011ef85334a148daaa3ed0064a2cf43 '   itemscope=\"itemscope\" itemtype=\"https:\/\/schema.org\/BlogPosting\" itemprop=\"blogPost\" ><div class='avia_textblock'  itemprop=\"text\" ><p><strong>Oraingoan, Ibarrola Marrazketa Akademiak, &#8220;Poetak Maiatzean&#8221; jaialdiaren lankidetzan, &#8220;Es el camino&#8221; erakusketa aurkeztu digu, Minbiziaren Aurkako Arabako Elkartearen alde<\/strong><\/p>\n<\/div><\/section><br \/>\n<section  class='av_textblock_section av-lgev15l1-0fb1e5ea9cf5ae818c6dea5850fd3e25 '   itemscope=\"itemscope\" itemtype=\"https:\/\/schema.org\/BlogPosting\" itemprop=\"blogPost\" ><div class='avia_textblock'  itemprop=\"text\" ><p>Erakusketa kolektibo bat da, baliabide eta teknika desberdinekin egindako 100 pintura baino gehiagorekin. Akademiako ikasleek garatu eta heldu egin dute 2023-24 ikasturtean zehar. Horiekin batera, nazioarteko poetek egindako 8 poema aurkeztu ziren, Maiatzeko Poeten edizio honetan.<\/p>\n<p>Talde-lan honetatik, prozesuan zehar minbizia duten pertsonei <strong>laguntzearen eta babesaren garrantzia<\/strong> islatu nahi izan dugu, prozesu pertsonal eta desberdin bat bakoitzarentzat. Eskuen gaia erakusketaren ardatz gisa hartuta, guztiok minbiziaren aurka elkarrekin jarduteko beharraz sentsibilizatu nahi dugu.<\/p>\n<p><strong>&#8220;Es el camino&#8221; erakusketa ikusi ahal izango da Dato 43<\/strong><\/p>\n<p>Lanak salgai jarri dira, eta bildutako guztia Minbiziaren Aurkako Arabako Elkartearen onkologia ikerketarako proiektuetarako erabiliko da. Euro bakoitzak kontatzen du. Minbiziaren aurka Araban, minbiziaren biziraupenaren % 70 lortzeko erronka proposatu da.<\/p>\n<\/div><\/section><\/p><\/div>\n<div  class='flex_column av-3n6xps-34769c36b58e111b96f802493720e665 av_one_half  avia-builder-el-7  el_after_av_one_half  el_before_av_section  avia-builder-el-last  flex_column_div  '     ><style type=\"text\/css\" data-created_by=\"avia_inline_auto\" id=\"style-css-av-lgeuli2y-b8ea1d83c30b87abc935e51e2d36e590\">\n.avia-image-container.av-lgeuli2y-b8ea1d83c30b87abc935e51e2d36e590 img.avia_image{\nbox-shadow:none;\n}\n.avia-image-container.av-lgeuli2y-b8ea1d83c30b87abc935e51e2d36e590 .av-image-caption-overlay-center{\ncolor:#ffffff;\n}\n<\/style>\n<div  class='avia-image-container av-lgeuli2y-b8ea1d83c30b87abc935e51e2d36e590 av-styling- av-img-linked avia-align-center  avia-builder-el-8  avia-builder-el-no-sibling '   itemprop=\"image\" itemscope=\"itemscope\" itemtype=\"https:\/\/schema.org\/ImageObject\" ><div class=\"avia-image-container-inner\"><div class=\"avia-image-overlay-wrap\"><a href=\"https:\/\/poetasenmayo.com\/es\/eventos\/eventos-en-vitoria\/326-inauguracion-exposicion-es-el-camino-aecc\" class='avia_image '  target=\"_blank\"  rel=\"noopener noreferrer\" aria-label='14-05-Inauguracion-AECC'><img decoding=\"async\" fetchpriority=\"high\" class='wp-image-69525 avia-img-lazy-loading-not-69525 avia_image ' src=\"https:\/\/www.lafundacion.com\/wp-content\/uploads\/2024\/04\/14-05-Inauguracion-AECC.jpg\" alt='' title='14-05-Inauguracion-AECC'  height=\"350\" width=\"525\"  itemprop=\"thumbnailUrl\" srcset=\"https:\/\/www.lafundacion.com\/wp-content\/uploads\/2024\/04\/14-05-Inauguracion-AECC.jpg 525w, https:\/\/www.lafundacion.com\/wp-content\/uploads\/2024\/04\/14-05-Inauguracion-AECC-300x200.jpg 300w\" sizes=\"(max-width: 525px) 100vw, 525px\" \/><\/a><\/div><\/div><\/div><\/div>\n<\/div><\/div><\/div><!-- close content main div --><\/div><\/div>\n<style type=\"text\/css\" data-created_by=\"avia_inline_auto\" id=\"style-css-av-tlcecz-825479a0a746ea688d0c999822a9ca3c\">\n.avia-section.av-tlcecz-825479a0a746ea688d0c999822a9ca3c{\nbackground-color:#e8e8e8;\nbackground-image:unset;\n}\n<\/style>\n<div id='av_section_1'  class='avia-section av-tlcecz-825479a0a746ea688d0c999822a9ca3c main_color avia-section-default avia-no-border-styling  avia-builder-el-9  el_after_av_one_half  el_before_av_hr  avia-bg-style-scroll container_wrap fullsize'  ><div class='container av-section-cont-open' ><div class='template-page content  av-content-full alpha units'><div class='post-entry post-entry-type-page post-entry-69548'><div class='entry-content-wrapper clearfix'>\n<div  class='flex_column av-10xouyb-abc179c8b2222b7812bb40d8bfb4b66f av_two_fifth  avia-builder-el-10  el_before_av_three_fifth  avia-builder-el-first  first flex_column_div  '     ><p>\n<style type=\"text\/css\" data-created_by=\"avia_inline_auto\" id=\"style-css-av-t9q3kg-84d9ebf0e27f582c8b0350b272afb1c9\">\n.avia-image-container.av-t9q3kg-84d9ebf0e27f582c8b0350b272afb1c9 img.avia_image{\nbox-shadow:none;\n}\n.avia-image-container.av-t9q3kg-84d9ebf0e27f582c8b0350b272afb1c9 .av-image-caption-overlay-center{\ncolor:#ffffff;\n}\n<\/style>\n<div  class='avia-image-container av-t9q3kg-84d9ebf0e27f582c8b0350b272afb1c9 av-styling- av-img-linked avia-align-center  avia-builder-el-11  el_before_av_image  avia-builder-el-first '   itemprop=\"image\" itemscope=\"itemscope\" itemtype=\"https:\/\/schema.org\/ImageObject\" ><div class=\"avia-image-container-inner\"><div class=\"avia-image-overlay-wrap\"><a href=\"https:\/\/poetasenmayo.com\/eu\/\" class='avia_image '  target=\"_blank\"  rel=\"noopener noreferrer\" aria-label='logo-2024-poetas-en-mayo'><img decoding=\"async\" fetchpriority=\"high\" class='wp-image-69531 avia-img-lazy-loading-not-69531 avia_image ' src=\"https:\/\/www.lafundacion.com\/wp-content\/uploads\/2024\/04\/logo-2024-poetas-en-mayo-300x222.jpg\" alt='' title='logo-2024-poetas-en-mayo'  height=\"222\" width=\"300\"  itemprop=\"thumbnailUrl\" srcset=\"https:\/\/www.lafundacion.com\/wp-content\/uploads\/2024\/04\/logo-2024-poetas-en-mayo-300x222.jpg 300w, https:\/\/www.lafundacion.com\/wp-content\/uploads\/2024\/04\/logo-2024-poetas-en-mayo-768x569.jpg 768w, https:\/\/www.lafundacion.com\/wp-content\/uploads\/2024\/04\/logo-2024-poetas-en-mayo-705x522.jpg 705w, https:\/\/www.lafundacion.com\/wp-content\/uploads\/2024\/04\/logo-2024-poetas-en-mayo.jpg 910w\" sizes=\"(max-width: 300px) 100vw, 300px\" \/><\/a><\/div><\/div><\/div><br \/>\n\n<style type=\"text\/css\" data-created_by=\"avia_inline_auto\" id=\"style-css-av-lwes2ej0-78de7f74fc51fbd515ffb8c33cb26e17\">\n.avia-image-container.av-lwes2ej0-78de7f74fc51fbd515ffb8c33cb26e17 img.avia_image{\nbox-shadow:none;\n}\n.avia-image-container.av-lwes2ej0-78de7f74fc51fbd515ffb8c33cb26e17 .av-image-caption-overlay-center{\ncolor:#ffffff;\n}\n<\/style>\n<div  class='avia-image-container av-lwes2ej0-78de7f74fc51fbd515ffb8c33cb26e17 av-styling- avia-align-center  avia-builder-el-12  el_after_av_image  avia-builder-el-last '   itemprop=\"image\" itemscope=\"itemscope\" itemtype=\"https:\/\/schema.org\/ImageObject\" ><div class=\"avia-image-container-inner\"><div class=\"avia-image-overlay-wrap\"><img decoding=\"async\" fetchpriority=\"high\" class='wp-image-70830 avia-img-lazy-loading-not-70830 avia_image ' src=\"https:\/\/www.lafundacion.com\/wp-content\/uploads\/2024\/05\/0037-300x176.jpg\" alt='' title='0037'  height=\"176\" width=\"300\"  itemprop=\"thumbnailUrl\" srcset=\"https:\/\/www.lafundacion.com\/wp-content\/uploads\/2024\/05\/0037-300x176.jpg 300w, https:\/\/www.lafundacion.com\/wp-content\/uploads\/2024\/05\/0037-1030x603.jpg 1030w, https:\/\/www.lafundacion.com\/wp-content\/uploads\/2024\/05\/0037-768x449.jpg 768w, https:\/\/www.lafundacion.com\/wp-content\/uploads\/2024\/05\/0037-1536x899.jpg 1536w, https:\/\/www.lafundacion.com\/wp-content\/uploads\/2024\/05\/0037-2048x1199.jpg 2048w, https:\/\/www.lafundacion.com\/wp-content\/uploads\/2024\/05\/0037-1500x878.jpg 1500w, https:\/\/www.lafundacion.com\/wp-content\/uploads\/2024\/05\/0037-705x413.jpg 705w\" sizes=\"(max-width: 300px) 100vw, 300px\" \/><\/div><\/div><\/div><\/p><\/div><div  class='flex_column av-v8elkj-fc8e80334fca36ed816f6a168b867e47 av_three_fifth  avia-builder-el-13  el_after_av_two_fifth  avia-builder-el-last  flex_column_div  '     ><section  class='av_textblock_section av-lvoyqhdv-e5d35e4ac0a5512d5a7bf4a964a9f247 '   itemscope=\"itemscope\" itemtype=\"https:\/\/schema.org\/BlogPosting\" itemprop=\"blogPost\" ><div class='avia_textblock'  itemprop=\"text\" ><p><strong>Poesia errezitaldia &#8220;Poetak Maiatzean&#8221;<\/strong><\/p>\n<p>Entzunaretoan, Maiatzeko Poeten Jaialdiaren barruan, nazioarteko egileen olerki errezitaldi batekin gozatu genuen:<\/p>\n<ul>\n<li>Andrea Font\u00e1n &#8211; Argentina<\/li>\n<li>Elisabetta Bagli &#8211; Italia<\/li>\n<li>Laura Hern\u00e1ndez Mu\u00f1oz &#8211; M\u00e9xico<\/li>\n<li>Mairym Cruz Bernal &#8211; Puerto Rico<\/li>\n<li>Maria Juliana Vi\u00f1afa\u00f1e &#8211; Puerto Rico<\/li>\n<li>Mar\u00eda Palitachi &#8211; Rep\u00fablica Dominicana<\/li>\n<li>Vli Bogoheva &#8211; Bulgaria<\/li>\n<li>Walberto V\u00e1zquez Pag\u00e1n &#8211; Puerto Rico<\/li>\n<\/ul>\n<\/div><\/section><\/div>\n<\/div><\/div><\/div><!-- close content main div --><\/div><\/div><div id='after_section_1'  class='main_color av_default_container_wrap container_wrap fullsize'  ><div class='container av-section-cont-open' ><div class='template-page content  av-content-full alpha units'><div class='post-entry post-entry-type-page post-entry-69548'><div class='entry-content-wrapper clearfix'>\n<div  class='hr av-12obbao-f827b0821c9dc969a9601d6da9adc09c hr-default  avia-builder-el-15  el_after_av_section  el_before_av_two_fifth  avia-builder-el-first '><span class='hr-inner '><span class=\"hr-inner-style\"><\/span><\/span><\/div>\n<div  class='flex_column av-17g74cw-0b4556a412451e3b3a851e0a1cdf1836 av_two_fifth  avia-builder-el-16  el_after_av_hr  el_before_av_three_fifth  first flex_column_div  '     ><p>\n<style type=\"text\/css\" data-created_by=\"avia_inline_auto\" id=\"style-css-av-m62j4g-707a2e15f97f3e6cebae6d95916648ae\">\n.avia-image-container.av-m62j4g-707a2e15f97f3e6cebae6d95916648ae img.avia_image{\nbox-shadow:none;\n}\n.avia-image-container.av-m62j4g-707a2e15f97f3e6cebae6d95916648ae .av-image-caption-overlay-center{\ncolor:#ffffff;\n}\n<\/style>\n<div  class='avia-image-container av-m62j4g-707a2e15f97f3e6cebae6d95916648ae av-styling- avia-align-center  avia-builder-el-17  el_before_av_image  avia-builder-el-first '   itemprop=\"image\" itemscope=\"itemscope\" itemtype=\"https:\/\/schema.org\/ImageObject\" ><div class=\"avia-image-container-inner\"><div class=\"avia-image-overlay-wrap\"><img decoding=\"async\" fetchpriority=\"high\" class='wp-image-64510 avia-img-lazy-loading-not-64510 avia_image ' src=\"https:\/\/www.lafundacion.com\/wp-content\/uploads\/2024\/01\/concierto-guitarra-Espacio-Arte-enero-2024-la-fundacion.jpg\" alt='' title='concierto-guitarra-Espacio-Arte-enero-2024-la-fundacion'  height=\"299\" width=\"450\"  itemprop=\"thumbnailUrl\" srcset=\"https:\/\/www.lafundacion.com\/wp-content\/uploads\/2024\/01\/concierto-guitarra-Espacio-Arte-enero-2024-la-fundacion.jpg 450w, https:\/\/www.lafundacion.com\/wp-content\/uploads\/2024\/01\/concierto-guitarra-Espacio-Arte-enero-2024-la-fundacion-300x199.jpg 300w\" sizes=\"(max-width: 450px) 100vw, 450px\" \/><\/div><\/div><\/div><br \/>\n\n<style type=\"text\/css\" data-created_by=\"avia_inline_auto\" id=\"style-css-av-1ma6eim-f463779a41766e162cb675ffc668a35c\">\n.avia-image-container.av-1ma6eim-f463779a41766e162cb675ffc668a35c img.avia_image{\nbox-shadow:none;\n}\n.avia-image-container.av-1ma6eim-f463779a41766e162cb675ffc668a35c .av-image-caption-overlay-center{\ncolor:#ffffff;\n}\n<\/style>\n<div  class='avia-image-container av-1ma6eim-f463779a41766e162cb675ffc668a35c av-styling- av-img-linked avia-align-center  avia-builder-el-18  el_after_av_image  el_before_av_textblock '   itemprop=\"image\" itemscope=\"itemscope\" itemtype=\"https:\/\/schema.org\/ImageObject\" ><div class=\"avia-image-container-inner\"><div class=\"avia-image-overlay-wrap\"><a href=\"https:\/\/conservatoriovitoria.com\/index.php\/eu\/\" class='avia_image '  target=\"_blank\"  rel=\"noopener noreferrer\" aria-label='logo-conservatorio-jesus-guridi-vitoria-gasteiz'><img decoding=\"async\" fetchpriority=\"high\" class='wp-image-33676 avia-img-lazy-loading-not-33676 avia_image ' src=\"https:\/\/www.lafundacion.com\/wp-content\/uploads\/2022\/04\/logo-conservatorio-jesus-guridi-vitoria-gasteiz.png\" alt='logo conservatorio de m\u00fasica Vitoria con La Fundaci\u00f3n' title='logo-conservatorio-jesus-guridi-vitoria-gasteiz'  height=\"105\" width=\"173\"  itemprop=\"thumbnailUrl\"  \/><\/a><\/div><\/div><\/div><br \/>\n<section  class='av_textblock_section av-lgezfsiz-bcc5b55e620a9c370b35d4a3ae732e18 '   itemscope=\"itemscope\" itemtype=\"https:\/\/schema.org\/BlogPosting\" itemprop=\"blogPost\" ><div class='avia_textblock'  itemprop=\"text\" ><p>La Fundacion San Prudencioren eta <a href=\"https:\/\/www.conservatoriovitoria.com\/index.php?lang=eu\">CM Jes\u00fas Guridi MK Kontserbatorioare<\/a>n arteko lankidetza-hitzarmena.<\/p>\n<\/div><\/section><\/p><\/div>\n<div  class='flex_column av-1akexku-6e1bf75fa1060157e7498beef1f8dd36 av_three_fifth  avia-builder-el-20  el_after_av_two_fifth  el_before_av_slideshow_full  avia-builder-el-last  flex_column_div  '     ><section  class='av_textblock_section av-l1uj5dha-6fdb57b8c89b5d1882365ee5e3b08a54 '   itemscope=\"itemscope\" itemtype=\"https:\/\/schema.org\/BlogPosting\" itemprop=\"blogPost\" ><div class='avia_textblock'  itemprop=\"text\" ><p>Azkenik, eta arratsaldeari amaiera emateko,<strong> zuzeneko musika emanaldiaz<\/strong> gozatu genuen.<\/p>\n<p>Oraingoan, Maria Borislavova, Maider Trujillo, Julia S\u00e1enz, June Ullibarri, Eder Fern\u00e1ndez, Elena Betolaza, Marina Gonz\u00e1lez, Ane Garitano, Ane Guti\u00e9rrez, Urko Mugeta, Aimar Busto, Iris Alonso, Unax Enekotegi eta Unai Egurrolak osatutako gitarra taldearekin.<\/p>\n<p>Interpretatuko dute:<\/p>\n<p>Alfonsina y el mar &#8211; Ariel Ramirez, Ar.: Roland Dyens<br \/>\nAllegretto 7a sinfonia &#8211; L.V. Beethoven, Transc.: Ibon Diaz<br \/>\nAustin Tango &#8211; Rolan Dyens<br \/>\nG.F. Haendel sarabanda<\/p>\n<\/div><\/section><\/div>\n<\/div><\/div><\/div><!-- close content main div --><\/div><\/div><div id='full_slider_2'  class='avia-fullwidth-slider main_color avia-shadow   avia-builder-el-22  el_after_av_three_fifth  el_before_av_section   slider-not-first container_wrap fullsize'  ><div  class='avia-slideshow av-lwes1u73-dde78bd47d2bed787f3688d50b3838f8 avia-slideshow-featured av_slideshow_full avia-slide-slider av-slideshow-ui av-control-default av-slideshow-manual av-loop-once av-loop-manual-endless av-default-height-applied   avia-slideshow-2' data-slideshow-options=\"{&quot;animation&quot;:&quot;slide&quot;,&quot;autoplay&quot;:false,&quot;loop_autoplay&quot;:&quot;once&quot;,&quot;interval&quot;:5,&quot;loop_manual&quot;:&quot;manual-endless&quot;,&quot;autoplay_stopper&quot;:false,&quot;noNavigation&quot;:false,&quot;bg_slider&quot;:false,&quot;keep_padding&quot;:false,&quot;hoverpause&quot;:false,&quot;show_slide_delay&quot;:0}\"  itemprop=\"image\" itemscope=\"itemscope\" itemtype=\"https:\/\/schema.org\/ImageObject\" ><ul class='avia-slideshow-inner ' style='padding-bottom: 28.666666666667%;'><li  class='avia-slideshow-slide av-lwes1u73-dde78bd47d2bed787f3688d50b3838f8__0  av-single-slide slide-1 slide-odd'><div data-rel='slideshow-2' class='avia-slide-wrap '   ><div class='av-slideshow-caption av-lwes1u73-dde78bd47d2bed787f3688d50b3838f8__0 caption_fullwidth caption_left caption_left_framed caption_framed'><div class=\"container caption_container\"><div class=\"slideshow_caption\"><div class=\"slideshow_inner_caption\"><div class=\"slideshow_align_caption\"><h2 class='avia-caption-title '  itemprop=\"name\" >Espacio Arteko argazki bilduma<\/h2><br\/><a href='https:\/\/www.lafundacion.com\/eu\/argazkiak\/maiatzeko-espacio-arteko-argazki-bilduma\/'  class='avia-slideshow-button avia-button avia-color-light ' data-duration='800' data-easing='easeInOutQuad'>Ikusi albuma<\/a><\/div><\/div><\/div><\/div><\/div><img decoding=\"async\" fetchpriority=\"high\" class=\"wp-image-70818 avia-img-lazy-loading-not-70818\"  src=\"https:\/\/www.lafundacion.com\/wp-content\/uploads\/2024\/05\/Banner-Espacio-Arte-mayo-2024-AECC-Academia-Ibarrola-Conservatorio-Poetas-en-mayo-vitoria.jpg\" width=\"1500\" height=\"430\" title='Banner-Espacio-Arte-mayo-2024-AECC-Academia-Ibarrola-Conservatorio-Poetas-en-mayo-vitoria' alt=''  itemprop=\"thumbnailUrl\" srcset=\"https:\/\/www.lafundacion.com\/wp-content\/uploads\/2024\/05\/Banner-Espacio-Arte-mayo-2024-AECC-Academia-Ibarrola-Conservatorio-Poetas-en-mayo-vitoria.jpg 1500w, https:\/\/www.lafundacion.com\/wp-content\/uploads\/2024\/05\/Banner-Espacio-Arte-mayo-2024-AECC-Academia-Ibarrola-Conservatorio-Poetas-en-mayo-vitoria-300x86.jpg 300w, https:\/\/www.lafundacion.com\/wp-content\/uploads\/2024\/05\/Banner-Espacio-Arte-mayo-2024-AECC-Academia-Ibarrola-Conservatorio-Poetas-en-mayo-vitoria-1030x295.jpg 1030w, https:\/\/www.lafundacion.com\/wp-content\/uploads\/2024\/05\/Banner-Espacio-Arte-mayo-2024-AECC-Academia-Ibarrola-Conservatorio-Poetas-en-mayo-vitoria-768x220.jpg 768w, https:\/\/www.lafundacion.com\/wp-content\/uploads\/2024\/05\/Banner-Espacio-Arte-mayo-2024-AECC-Academia-Ibarrola-Conservatorio-Poetas-en-mayo-vitoria-705x202.jpg 705w, https:\/\/www.lafundacion.com\/wp-content\/uploads\/2024\/05\/Banner-Espacio-Arte-mayo-2024-AECC-Academia-Ibarrola-Conservatorio-Poetas-en-mayo-vitoria-350x100.jpg 350w\" sizes=\"(max-width: 1500px) 100vw, 1500px\" \/><\/div><\/li><\/ul><\/div><\/div>\n\n<style type=\"text\/css\" data-created_by=\"avia_inline_auto\" id=\"style-css-av-l1um380x-0c5d9119669b7f55ecbd8f0d196df4ec\">\n.avia-section.av-l1um380x-0c5d9119669b7f55ecbd8f0d196df4ec{\nbackground-color:#e2e2e2;\nbackground-image:unset;\n}\n<\/style>\n<div id='av_section_2'  class='avia-section av-l1um380x-0c5d9119669b7f55ecbd8f0d196df4ec main_color avia-section-default avia-no-border-styling  avia-builder-el-23  el_after_av_slideshow_full  avia-builder-el-last  avia-bg-style-scroll container_wrap fullsize'  ><div class='container av-section-cont-open' ><div class='template-page content  av-content-full alpha units'><div class='post-entry post-entry-type-page post-entry-69548'><div class='entry-content-wrapper clearfix'>\n<section  class='av_textblock_section av-l1ulg6ku-c7c939182d02109b8b0a0c85b426dd56 '   itemscope=\"itemscope\" itemtype=\"https:\/\/schema.org\/BlogPosting\" itemprop=\"blogPost\" ><div class='avia_textblock'  itemprop=\"text\" ><p>Norbait ezagutzen baduzu edo zuk zeuk argazkiak, ilustrazioak, musika, pintura, poesia, antzerkia, dantza, bakarrizketak eta abar egiten badituzu eta zure artea erakutsi edo zure lanak erakutsi nahi badituzu, jar zaitez harremanetan La Fundacion San Prudenciorekin <a href=\"tel:945222900\">945 222 900<\/a> telefonoan edo bidali zure posta elektronikoa <a href=\"mailto:info@lafundacion.com\">info@lafundacion.com<\/a> helbidera.<\/p>\n<\/div><\/section>\n<div  class='avia-button-wrap av-l1ulgirh-9e03300f5418406ec5966059a1e01a3e-wrap avia-button-center  avia-builder-el-25  el_after_av_textblock  avia-builder-el-last '><a href='https:\/\/www.lafundacion.com\/eu\/pertsonak\/espacio-arte-gunea\/'  class='avia-button av-l1ulgirh-9e03300f5418406ec5966059a1e01a3e av-link-btn avia-icon_select-yes-left-icon avia-size-medium avia-position-center avia-color-theme-color'   aria-label=\"Espacio Arteko informazio gehiago\"><span class='avia_button_icon avia_button_icon_left avia-iconfont avia-font-entypo-fontello' data-av_icon='\ue81e' data-av_iconfont='entypo-fontello' ><\/span><span class='avia_iconbox_title' >Espacio Arteko informazio gehiago<\/span><\/a><\/div>\n\n","protected":false},"excerpt":{"rendered":"","protected":false},"author":2,"featured_media":69533,"comment_status":"closed","ping_status":"closed","sticky":false,"template":"","format":"standard","meta":{"_acf_changed":false,"footnotes":""},"categories":[93],"tags":[431,662,474,473,428,534,462,536,754,753,535],"class_list":["post-69548","post","type-post","status-publish","format-standard","has-post-thumbnail","hentry","category-noticias-eu","tag-artistas-vitoria-eu","tag-emakume-artistak","tag-erakusketa","tag-espacio-arte-la-fundacion-eu","tag-exposicion-vitoria-eu","tag-gasteizko-ekitaldia","tag-gasteizko-erakusketa","tag-obra-arte-eu","tag-poesia-eu","tag-poetak-maiatzean","tag-zuzeneko-musika"],"acf":[],"yoast_head":"<!-- This site is optimized with the Yoast SEO plugin v27.4 - https:\/\/yoast.com\/product\/yoast-seo-wordpress\/ -->\r\n<title>Poetak Maiatzean La Fundacioneko &quot;Espacio Arten&quot; &#187; La Fundaci\u00f3n San Prudencio<\/title>\r\n<meta name=\"description\" content=\"Erakusketa berria La Fundacioneko Espacio Arten maiatzaren 14an Nazioarteko Poesia Jaialdia, erakusketa, poesia eta zuzeneko musikarekin.\" \/>\r\n<meta name=\"robots\" content=\"index, follow, max-snippet:-1, max-image-preview:large, max-video-preview:-1\" \/>\r\n<link rel=\"canonical\" href=\"https:\/\/www.lafundacion.com\/eu\/noticias-eu\/poetak-maiatzea-ekitaldia-2024\/\" \/>\r\n<meta property=\"og:locale\" content=\"eu_ES\" \/>\r\n<meta property=\"og:type\" content=\"article\" \/>\r\n<meta property=\"og:title\" content=\"Erakusketa berria maiatzean Espacio Arten\" \/>\r\n<meta property=\"og:description\" content=\"Erakusketa berria La Fundacioneko Espacio Arten maiatzaren 14an Nazioarteko Poesia Jaialdia, erakusketa, poesia eta zuzeneko musikarekin.\" \/>\r\n<meta property=\"og:url\" content=\"https:\/\/www.lafundacion.com\/eu\/noticias-eu\/poetak-maiatzea-ekitaldia-2024\/\" \/>\r\n<meta property=\"og:site_name\" content=\"La Fundaci\u00f3n San Prudencio\" \/>\r\n<meta property=\"article:published_time\" content=\"2024-04-19T13:32:19+00:00\" \/>\r\n<meta property=\"article:modified_time\" content=\"2024-05-22T15:08:08+00:00\" \/>\r\n<meta property=\"og:image\" content=\"https:\/\/www.lafundacion.com\/wp-content\/uploads\/2022\/10\/Ilustraciones-Agora-La-Fundacion-San-Prudencio-750x430.jpg\" \/>\r\n<meta name=\"author\" content=\"La Fundaci\u00f3n San Prudencio\" \/>\r\n<meta name=\"twitter:card\" content=\"summary_large_image\" \/>\r\n<meta name=\"twitter:title\" content=\"Erakusketa berria maiatzean Espacio Arten\" \/>\r\n<meta name=\"twitter:image\" content=\"https:\/\/www.lafundacion.com\/wp-content\/uploads\/2022\/10\/Ilustraciones-Agora-La-Fundacion-San-Prudencio-750x430.jpg\" \/>\r\n<meta name=\"twitter:label1\" content=\"Written by\" \/>\n\t<meta name=\"twitter:data1\" content=\"La Fundaci\u00f3n San Prudencio\" \/>\n\t<meta name=\"twitter:label2\" content=\"Est. reading time\" \/>\n\t<meta name=\"twitter:data2\" content=\"4 minutes\" \/>\r\n<script type=\"application\/ld+json\" class=\"yoast-schema-graph\">{\"@context\":\"https:\\\/\\\/schema.org\",\"@graph\":[{\"@type\":\"Article\",\"@id\":\"https:\\\/\\\/www.lafundacion.com\\\/eu\\\/noticias-eu\\\/poetak-maiatzea-ekitaldia-2024\\\/#article\",\"isPartOf\":{\"@id\":\"https:\\\/\\\/www.lafundacion.com\\\/eu\\\/noticias-eu\\\/poetak-maiatzea-ekitaldia-2024\\\/\"},\"author\":{\"name\":\"La Fundaci\u00f3n San Prudencio\",\"@id\":\"https:\\\/\\\/www.lafundacion.com\\\/#\\\/schema\\\/person\\\/39119d98dad187760c7ba6ffe0d62170\"},\"headline\":\"Poetak Maiatzean La Fundacioneko &#8220;Espacio Arten&#8221;\",\"datePublished\":\"2024-04-19T13:32:19+00:00\",\"dateModified\":\"2024-05-22T15:08:08+00:00\",\"mainEntityOfPage\":{\"@id\":\"https:\\\/\\\/www.lafundacion.com\\\/eu\\\/noticias-eu\\\/poetak-maiatzea-ekitaldia-2024\\\/\"},\"wordCount\":4948,\"publisher\":{\"@id\":\"https:\\\/\\\/www.lafundacion.com\\\/#organization\"},\"image\":{\"@id\":\"https:\\\/\\\/www.lafundacion.com\\\/eu\\\/noticias-eu\\\/poetak-maiatzea-ekitaldia-2024\\\/#primaryimage\"},\"thumbnailUrl\":\"https:\\\/\\\/www.lafundacion.com\\\/wp-content\\\/uploads\\\/2024\\\/04\\\/cartel-poetas-en-mayo-2024.webp\",\"keywords\":[\"artistas Vitoria\",\"emakume artistak\",\"ERAKUSKETA\",\"Espacio Arte La Fundaci\u00f3n\",\"exposici\u00f3n Vitoria\",\"gasteizko ekitaldia\",\"Gasteizko erakusketa\",\"obra arte\",\"poes\u00eda\",\"poetak maiatzean\",\"zuzeneko musika\"],\"articleSection\":[\"Noticias\"],\"inLanguage\":\"eu-ES\"},{\"@type\":\"WebPage\",\"@id\":\"https:\\\/\\\/www.lafundacion.com\\\/eu\\\/noticias-eu\\\/poetak-maiatzea-ekitaldia-2024\\\/\",\"url\":\"https:\\\/\\\/www.lafundacion.com\\\/eu\\\/noticias-eu\\\/poetak-maiatzea-ekitaldia-2024\\\/\",\"name\":\"Poetak Maiatzean La Fundacioneko \\\"Espacio Arten\\\" &#187; La Fundaci\u00f3n San Prudencio\",\"isPartOf\":{\"@id\":\"https:\\\/\\\/www.lafundacion.com\\\/#website\"},\"primaryImageOfPage\":{\"@id\":\"https:\\\/\\\/www.lafundacion.com\\\/eu\\\/noticias-eu\\\/poetak-maiatzea-ekitaldia-2024\\\/#primaryimage\"},\"image\":{\"@id\":\"https:\\\/\\\/www.lafundacion.com\\\/eu\\\/noticias-eu\\\/poetak-maiatzea-ekitaldia-2024\\\/#primaryimage\"},\"thumbnailUrl\":\"https:\\\/\\\/www.lafundacion.com\\\/wp-content\\\/uploads\\\/2024\\\/04\\\/cartel-poetas-en-mayo-2024.webp\",\"datePublished\":\"2024-04-19T13:32:19+00:00\",\"dateModified\":\"2024-05-22T15:08:08+00:00\",\"description\":\"Erakusketa berria La Fundacioneko Espacio Arten maiatzaren 14an Nazioarteko Poesia Jaialdia, erakusketa, poesia eta zuzeneko musikarekin.\",\"breadcrumb\":{\"@id\":\"https:\\\/\\\/www.lafundacion.com\\\/eu\\\/noticias-eu\\\/poetak-maiatzea-ekitaldia-2024\\\/#breadcrumb\"},\"inLanguage\":\"eu-ES\",\"potentialAction\":[{\"@type\":\"ReadAction\",\"target\":[\"https:\\\/\\\/www.lafundacion.com\\\/eu\\\/noticias-eu\\\/poetak-maiatzea-ekitaldia-2024\\\/\"]}]},{\"@type\":\"ImageObject\",\"inLanguage\":\"eu-ES\",\"@id\":\"https:\\\/\\\/www.lafundacion.com\\\/eu\\\/noticias-eu\\\/poetak-maiatzea-ekitaldia-2024\\\/#primaryimage\",\"url\":\"https:\\\/\\\/www.lafundacion.com\\\/wp-content\\\/uploads\\\/2024\\\/04\\\/cartel-poetas-en-mayo-2024.webp\",\"contentUrl\":\"https:\\\/\\\/www.lafundacion.com\\\/wp-content\\\/uploads\\\/2024\\\/04\\\/cartel-poetas-en-mayo-2024.webp\",\"width\":848,\"height\":1060},{\"@type\":\"BreadcrumbList\",\"@id\":\"https:\\\/\\\/www.lafundacion.com\\\/eu\\\/noticias-eu\\\/poetak-maiatzea-ekitaldia-2024\\\/#breadcrumb\",\"itemListElement\":[{\"@type\":\"ListItem\",\"position\":1,\"name\":\"Portada\",\"item\":\"https:\\\/\\\/www.lafundacion.com\\\/eu\\\/hasiera\\\/\"},{\"@type\":\"ListItem\",\"position\":2,\"name\":\"Poetak Maiatzean La Fundacioneko \u00abEspacio Arten\u00bb\"}]},{\"@type\":\"WebSite\",\"@id\":\"https:\\\/\\\/www.lafundacion.com\\\/#website\",\"url\":\"https:\\\/\\\/www.lafundacion.com\\\/\",\"name\":\"La Fundaci\u00f3n San Prudencio\",\"description\":\"La Fundaci\u00f3n Laboral San Prudencio en Vitoria-Gasteiz\",\"publisher\":{\"@id\":\"https:\\\/\\\/www.lafundacion.com\\\/#organization\"},\"potentialAction\":[{\"@type\":\"SearchAction\",\"target\":{\"@type\":\"EntryPoint\",\"urlTemplate\":\"https:\\\/\\\/www.lafundacion.com\\\/?s={search_term_string}\"},\"query-input\":{\"@type\":\"PropertyValueSpecification\",\"valueRequired\":true,\"valueName\":\"search_term_string\"}}],\"inLanguage\":\"eu-ES\"},{\"@type\":\"Organization\",\"@id\":\"https:\\\/\\\/www.lafundacion.com\\\/#organization\",\"name\":\"La Fundaci\u00f3n San Prudencio\",\"url\":\"https:\\\/\\\/www.lafundacion.com\\\/\",\"logo\":{\"@type\":\"ImageObject\",\"inLanguage\":\"eu-ES\",\"@id\":\"https:\\\/\\\/www.lafundacion.com\\\/#\\\/schema\\\/logo\\\/image\\\/\",\"url\":\"https:\\\/\\\/www.lafundacion.com\\\/wp-content\\\/uploads\\\/2020\\\/03\\\/logo-la-fundacion.png\",\"contentUrl\":\"https:\\\/\\\/www.lafundacion.com\\\/wp-content\\\/uploads\\\/2020\\\/03\\\/logo-la-fundacion.png\",\"width\":323,\"height\":129,\"caption\":\"La Fundaci\u00f3n San Prudencio\"},\"image\":{\"@id\":\"https:\\\/\\\/www.lafundacion.com\\\/#\\\/schema\\\/logo\\\/image\\\/\"}},{\"@type\":\"Person\",\"@id\":\"https:\\\/\\\/www.lafundacion.com\\\/#\\\/schema\\\/person\\\/39119d98dad187760c7ba6ffe0d62170\",\"name\":\"La Fundaci\u00f3n San Prudencio\",\"image\":{\"@type\":\"ImageObject\",\"inLanguage\":\"eu-ES\",\"@id\":\"https:\\\/\\\/secure.gravatar.com\\\/avatar\\\/0c3b0b5573637a9c53bbefa7ba0c7deb19d94f60a43f46e0300cd05fc3625862?s=96&d=mm&r=g\",\"url\":\"https:\\\/\\\/secure.gravatar.com\\\/avatar\\\/0c3b0b5573637a9c53bbefa7ba0c7deb19d94f60a43f46e0300cd05fc3625862?s=96&d=mm&r=g\",\"contentUrl\":\"https:\\\/\\\/secure.gravatar.com\\\/avatar\\\/0c3b0b5573637a9c53bbefa7ba0c7deb19d94f60a43f46e0300cd05fc3625862?s=96&d=mm&r=g\",\"caption\":\"La Fundaci\u00f3n San Prudencio\"}}]}<\/script>\r\n<!-- \/ Yoast SEO plugin. -->","yoast_head_json":{"title":"Poetak Maiatzean La Fundacioneko \"Espacio Arten\" &#187; La Fundaci\u00f3n San Prudencio","description":"Erakusketa berria La Fundacioneko Espacio Arten maiatzaren 14an Nazioarteko Poesia Jaialdia, erakusketa, poesia eta zuzeneko musikarekin.","robots":{"index":"index","follow":"follow","max-snippet":"max-snippet:-1","max-image-preview":"max-image-preview:large","max-video-preview":"max-video-preview:-1"},"canonical":"https:\/\/www.lafundacion.com\/eu\/noticias-eu\/poetak-maiatzea-ekitaldia-2024\/","og_locale":"eu_ES","og_type":"article","og_title":"Erakusketa berria maiatzean Espacio Arten","og_description":"Erakusketa berria La Fundacioneko Espacio Arten maiatzaren 14an Nazioarteko Poesia Jaialdia, erakusketa, poesia eta zuzeneko musikarekin.","og_url":"https:\/\/www.lafundacion.com\/eu\/noticias-eu\/poetak-maiatzea-ekitaldia-2024\/","og_site_name":"La Fundaci\u00f3n San Prudencio","article_published_time":"2024-04-19T13:32:19+00:00","article_modified_time":"2024-05-22T15:08:08+00:00","og_image":[{"url":"https:\/\/www.lafundacion.com\/wp-content\/uploads\/2022\/10\/Ilustraciones-Agora-La-Fundacion-San-Prudencio-750x430.jpg","type":"","width":"","height":""}],"author":"La Fundaci\u00f3n San Prudencio","twitter_card":"summary_large_image","twitter_title":"Erakusketa berria maiatzean Espacio Arten","twitter_image":"https:\/\/www.lafundacion.com\/wp-content\/uploads\/2022\/10\/Ilustraciones-Agora-La-Fundacion-San-Prudencio-750x430.jpg","twitter_misc":{"Written by":"La Fundaci\u00f3n San Prudencio","Est. reading time":"4 minutes"},"schema":{"@context":"https:\/\/schema.org","@graph":[{"@type":"Article","@id":"https:\/\/www.lafundacion.com\/eu\/noticias-eu\/poetak-maiatzea-ekitaldia-2024\/#article","isPartOf":{"@id":"https:\/\/www.lafundacion.com\/eu\/noticias-eu\/poetak-maiatzea-ekitaldia-2024\/"},"author":{"name":"La Fundaci\u00f3n San Prudencio","@id":"https:\/\/www.lafundacion.com\/#\/schema\/person\/39119d98dad187760c7ba6ffe0d62170"},"headline":"Poetak Maiatzean La Fundacioneko &#8220;Espacio Arten&#8221;","datePublished":"2024-04-19T13:32:19+00:00","dateModified":"2024-05-22T15:08:08+00:00","mainEntityOfPage":{"@id":"https:\/\/www.lafundacion.com\/eu\/noticias-eu\/poetak-maiatzea-ekitaldia-2024\/"},"wordCount":4948,"publisher":{"@id":"https:\/\/www.lafundacion.com\/#organization"},"image":{"@id":"https:\/\/www.lafundacion.com\/eu\/noticias-eu\/poetak-maiatzea-ekitaldia-2024\/#primaryimage"},"thumbnailUrl":"https:\/\/www.lafundacion.com\/wp-content\/uploads\/2024\/04\/cartel-poetas-en-mayo-2024.webp","keywords":["artistas Vitoria","emakume artistak","ERAKUSKETA","Espacio Arte La Fundaci\u00f3n","exposici\u00f3n Vitoria","gasteizko ekitaldia","Gasteizko erakusketa","obra arte","poes\u00eda","poetak maiatzean","zuzeneko musika"],"articleSection":["Noticias"],"inLanguage":"eu-ES"},{"@type":"WebPage","@id":"https:\/\/www.lafundacion.com\/eu\/noticias-eu\/poetak-maiatzea-ekitaldia-2024\/","url":"https:\/\/www.lafundacion.com\/eu\/noticias-eu\/poetak-maiatzea-ekitaldia-2024\/","name":"Poetak Maiatzean La Fundacioneko \"Espacio Arten\" &#187; La Fundaci\u00f3n San Prudencio","isPartOf":{"@id":"https:\/\/www.lafundacion.com\/#website"},"primaryImageOfPage":{"@id":"https:\/\/www.lafundacion.com\/eu\/noticias-eu\/poetak-maiatzea-ekitaldia-2024\/#primaryimage"},"image":{"@id":"https:\/\/www.lafundacion.com\/eu\/noticias-eu\/poetak-maiatzea-ekitaldia-2024\/#primaryimage"},"thumbnailUrl":"https:\/\/www.lafundacion.com\/wp-content\/uploads\/2024\/04\/cartel-poetas-en-mayo-2024.webp","datePublished":"2024-04-19T13:32:19+00:00","dateModified":"2024-05-22T15:08:08+00:00","description":"Erakusketa berria La Fundacioneko Espacio Arten maiatzaren 14an Nazioarteko Poesia Jaialdia, erakusketa, poesia eta zuzeneko musikarekin.","breadcrumb":{"@id":"https:\/\/www.lafundacion.com\/eu\/noticias-eu\/poetak-maiatzea-ekitaldia-2024\/#breadcrumb"},"inLanguage":"eu-ES","potentialAction":[{"@type":"ReadAction","target":["https:\/\/www.lafundacion.com\/eu\/noticias-eu\/poetak-maiatzea-ekitaldia-2024\/"]}]},{"@type":"ImageObject","inLanguage":"eu-ES","@id":"https:\/\/www.lafundacion.com\/eu\/noticias-eu\/poetak-maiatzea-ekitaldia-2024\/#primaryimage","url":"https:\/\/www.lafundacion.com\/wp-content\/uploads\/2024\/04\/cartel-poetas-en-mayo-2024.webp","contentUrl":"https:\/\/www.lafundacion.com\/wp-content\/uploads\/2024\/04\/cartel-poetas-en-mayo-2024.webp","width":848,"height":1060},{"@type":"BreadcrumbList","@id":"https:\/\/www.lafundacion.com\/eu\/noticias-eu\/poetak-maiatzea-ekitaldia-2024\/#breadcrumb","itemListElement":[{"@type":"ListItem","position":1,"name":"Portada","item":"https:\/\/www.lafundacion.com\/eu\/hasiera\/"},{"@type":"ListItem","position":2,"name":"Poetak Maiatzean La Fundacioneko \u00abEspacio Arten\u00bb"}]},{"@type":"WebSite","@id":"https:\/\/www.lafundacion.com\/#website","url":"https:\/\/www.lafundacion.com\/","name":"La Fundaci\u00f3n San Prudencio","description":"La Fundaci\u00f3n Laboral San Prudencio en Vitoria-Gasteiz","publisher":{"@id":"https:\/\/www.lafundacion.com\/#organization"},"potentialAction":[{"@type":"SearchAction","target":{"@type":"EntryPoint","urlTemplate":"https:\/\/www.lafundacion.com\/?s={search_term_string}"},"query-input":{"@type":"PropertyValueSpecification","valueRequired":true,"valueName":"search_term_string"}}],"inLanguage":"eu-ES"},{"@type":"Organization","@id":"https:\/\/www.lafundacion.com\/#organization","name":"La Fundaci\u00f3n San Prudencio","url":"https:\/\/www.lafundacion.com\/","logo":{"@type":"ImageObject","inLanguage":"eu-ES","@id":"https:\/\/www.lafundacion.com\/#\/schema\/logo\/image\/","url":"https:\/\/www.lafundacion.com\/wp-content\/uploads\/2020\/03\/logo-la-fundacion.png","contentUrl":"https:\/\/www.lafundacion.com\/wp-content\/uploads\/2020\/03\/logo-la-fundacion.png","width":323,"height":129,"caption":"La Fundaci\u00f3n San Prudencio"},"image":{"@id":"https:\/\/www.lafundacion.com\/#\/schema\/logo\/image\/"}},{"@type":"Person","@id":"https:\/\/www.lafundacion.com\/#\/schema\/person\/39119d98dad187760c7ba6ffe0d62170","name":"La Fundaci\u00f3n San Prudencio","image":{"@type":"ImageObject","inLanguage":"eu-ES","@id":"https:\/\/secure.gravatar.com\/avatar\/0c3b0b5573637a9c53bbefa7ba0c7deb19d94f60a43f46e0300cd05fc3625862?s=96&d=mm&r=g","url":"https:\/\/secure.gravatar.com\/avatar\/0c3b0b5573637a9c53bbefa7ba0c7deb19d94f60a43f46e0300cd05fc3625862?s=96&d=mm&r=g","contentUrl":"https:\/\/secure.gravatar.com\/avatar\/0c3b0b5573637a9c53bbefa7ba0c7deb19d94f60a43f46e0300cd05fc3625862?s=96&d=mm&r=g","caption":"La Fundaci\u00f3n San Prudencio"}}]}},"_links":{"self":[{"href":"https:\/\/www.lafundacion.com\/eu\/wp-json\/wp\/v2\/posts\/69548","targetHints":{"allow":["GET"]}}],"collection":[{"href":"https:\/\/www.lafundacion.com\/eu\/wp-json\/wp\/v2\/posts"}],"about":[{"href":"https:\/\/www.lafundacion.com\/eu\/wp-json\/wp\/v2\/types\/post"}],"author":[{"embeddable":true,"href":"https:\/\/www.lafundacion.com\/eu\/wp-json\/wp\/v2\/users\/2"}],"replies":[{"embeddable":true,"href":"https:\/\/www.lafundacion.com\/eu\/wp-json\/wp\/v2\/comments?post=69548"}],"version-history":[{"count":23,"href":"https:\/\/www.lafundacion.com\/eu\/wp-json\/wp\/v2\/posts\/69548\/revisions"}],"predecessor-version":[{"id":71344,"href":"https:\/\/www.lafundacion.com\/eu\/wp-json\/wp\/v2\/posts\/69548\/revisions\/71344"}],"wp:featuredmedia":[{"embeddable":true,"href":"https:\/\/www.lafundacion.com\/eu\/wp-json\/wp\/v2\/media\/69533"}],"wp:attachment":[{"href":"https:\/\/www.lafundacion.com\/eu\/wp-json\/wp\/v2\/media?parent=69548"}],"wp:term":[{"taxonomy":"category","embeddable":true,"href":"https:\/\/www.lafundacion.com\/eu\/wp-json\/wp\/v2\/categories?post=69548"},{"taxonomy":"post_tag","embeddable":true,"href":"https:\/\/www.lafundacion.com\/eu\/wp-json\/wp\/v2\/tags?post=69548"}],"curies":[{"name":"wp","href":"https:\/\/api.w.org\/{rel}","templated":true}]}}