{"id":63849,"date":"2023-12-21T09:00:35","date_gmt":"2023-12-21T08:00:35","guid":{"rendered":"https:\/\/www.lafundacion.com\/?p=63849"},"modified":"2024-02-08T13:58:59","modified_gmt":"2024-02-08T12:58:59","slug":"ekitaldia-espacio-arte-urtarrila-2024","status":"publish","type":"post","link":"https:\/\/www.lafundacion.com\/eu\/noticias-eu\/ekitaldia-espacio-arte-urtarrila-2024\/","title":{"rendered":"La Fundacionen &#8220;Espacio Arte&#8221; ekitaldia urtarrilak 2024"},"content":{"rendered":"<div id='full_slider_1'  class='avia-fullwidth-slider main_color avia-shadow   avia-builder-el-0  el_before_av_one_full  avia-builder-el-first   container_wrap fullsize'  ><div  class='avia-slideshow av-l1vxl7ni-2e75defe598acd1e91493a82f65d665e avia-slideshow-featured av_slideshow_full avia-slide-slider av-slideshow-ui av-control-default av-slideshow-manual av-loop-once av-loop-manual-endless av-default-height-applied   avia-slideshow-1' data-slideshow-options=\"{&quot;animation&quot;:&quot;slide&quot;,&quot;autoplay&quot;:false,&quot;loop_autoplay&quot;:&quot;once&quot;,&quot;interval&quot;:5,&quot;loop_manual&quot;:&quot;manual-endless&quot;,&quot;autoplay_stopper&quot;:false,&quot;noNavigation&quot;:false,&quot;bg_slider&quot;:false,&quot;keep_padding&quot;:false,&quot;hoverpause&quot;:false,&quot;show_slide_delay&quot;:0}\"  itemprop=\"image\" itemscope=\"itemscope\" itemtype=\"https:\/\/schema.org\/ImageObject\" ><ul class='avia-slideshow-inner ' style='padding-bottom: 28.666666666667%;'><li  class='avia-slideshow-slide av-l1vxl7ni-2e75defe598acd1e91493a82f65d665e__0  av-single-slide slide-1 slide-odd'><div data-rel='slideshow-1' class='avia-slide-wrap '   ><img decoding=\"async\" fetchpriority=\"high\" class=\"wp-image-63881 avia-img-lazy-loading-not-63881\"  src=\"https:\/\/www.lafundacion.com\/wp-content\/uploads\/2023\/12\/Banner-evento-espacio-arte-la-fundacion-Vitoria-Enero2024.jpg\" width=\"1500\" height=\"430\" title='Banner-evento-espacio-arte-la-fundacion-Vitoria-Enero2024' alt=''  itemprop=\"thumbnailUrl\" srcset=\"https:\/\/www.lafundacion.com\/wp-content\/uploads\/2023\/12\/Banner-evento-espacio-arte-la-fundacion-Vitoria-Enero2024.jpg 1500w, https:\/\/www.lafundacion.com\/wp-content\/uploads\/2023\/12\/Banner-evento-espacio-arte-la-fundacion-Vitoria-Enero2024-300x86.jpg 300w, https:\/\/www.lafundacion.com\/wp-content\/uploads\/2023\/12\/Banner-evento-espacio-arte-la-fundacion-Vitoria-Enero2024-1030x295.jpg 1030w, https:\/\/www.lafundacion.com\/wp-content\/uploads\/2023\/12\/Banner-evento-espacio-arte-la-fundacion-Vitoria-Enero2024-768x220.jpg 768w, https:\/\/www.lafundacion.com\/wp-content\/uploads\/2023\/12\/Banner-evento-espacio-arte-la-fundacion-Vitoria-Enero2024-705x202.jpg 705w, https:\/\/www.lafundacion.com\/wp-content\/uploads\/2023\/12\/Banner-evento-espacio-arte-la-fundacion-Vitoria-Enero2024-350x100.jpg 350w\" sizes=\"(max-width: 1500px) 100vw, 1500px\" \/><\/div><\/li><\/ul><\/div><\/div><div id='after_full_slider_1'  class='main_color av_default_container_wrap container_wrap fullsize'  ><div class='container av-section-cont-open' ><div class='template-page content  av-content-full alpha units'><div class='post-entry post-entry-type-page post-entry-63849'><div class='entry-content-wrapper clearfix'>\n<div  class='flex_column av-2wkkjku-e895f6c18e752d8ea7bbd8a9680f84fe av_one_full  avia-builder-el-1  el_after_av_slideshow_full  el_before_av_one_full  avia-builder-el-first  first flex_column_div  '     ><section  class='av_textblock_section av-l1ukkp2p-2421f8706ff5918d9959c34a3e0b3062 '   itemscope=\"itemscope\" itemtype=\"https:\/\/schema.org\/BlogPosting\" itemprop=\"blogPost\" ><div class='avia_textblock'  itemprop=\"text\" ><h1 style=\"text-align: center;\"><strong>URTARRILAREN 11KO &#8220;ESPACIO ARTE&#8221; ERAKUSKETA FUNDACI\u00d3N SAN PRUDENCION<\/strong><\/h1>\n<\/div><\/section><\/div>\n<div  class='flex_column av-kipqai-d06332f630073387fc6dc367367805ee av_one_full  avia-builder-el-3  el_after_av_one_full  el_before_av_textblock  first flex_column_div  column-top-margin'     ><section  class='av_textblock_section av-lk6jmb68-691b2d894e78e555786c12e4de7ae4bf '   itemscope=\"itemscope\" itemtype=\"https:\/\/schema.org\/BlogPosting\" itemprop=\"blogPost\" ><div class='avia_textblock'  itemprop=\"text\" ><h3 style=\"text-align: center;\">Urtarrilaren 11ean 19:00etan argazki erakusketa berri baten inaugurazioa izango dugu, poesia liburuaren aurkezpena, poesia errezitala eta zuzeneko musika emanaldiarekin<\/h3>\n<\/div><\/section><\/div>\n<section  class='av_textblock_section av-1mof6d6-0e18dcade135ce1a1123690cfd00cf86 '   itemscope=\"itemscope\" itemtype=\"https:\/\/schema.org\/BlogPosting\" itemprop=\"blogPost\" ><div class='avia_textblock'  itemprop=\"text\" ><p style=\"font-style: inherit; font-weight: inherit;\"><span style=\"font-style: inherit; font-weight: inherit;\">Kasu honetan, <a href=\"https:\/\/davidguerrero.info\/\">David Guerrero<\/a> argazkilari artistaren erakusketa bat da.<\/span><\/p>\n<\/div><\/section>\n<div  class='flex_column av-3l31t5n-6b6b86af2c4233466f6b1ef5280937af av_one_half  avia-builder-el-6  el_after_av_textblock  el_before_av_one_half  first flex_column_div  column-top-margin'     ><p><div  class='avia-slideshow av-lqckj8cu-2349abce873ccb0cffaedceb833027e2 avia-slideshow-no scaling av_slideshow avia-slide-slider  avia-builder-el-7  el_before_av_slideshow  avia-builder-el-first  av-slideshow-ui av-control-default av-slideshow-manual av-loop-once av-loop-manual-endless av-default-height-applied avia-slideshow-2' data-slideshow-options=\"{&quot;animation&quot;:&quot;slide&quot;,&quot;autoplay&quot;:false,&quot;loop_autoplay&quot;:&quot;once&quot;,&quot;interval&quot;:5,&quot;loop_manual&quot;:&quot;manual-endless&quot;,&quot;autoplay_stopper&quot;:false,&quot;noNavigation&quot;:false,&quot;bg_slider&quot;:false,&quot;keep_padding&quot;:false,&quot;hoverpause&quot;:false,&quot;show_slide_delay&quot;:0}\"  itemprop=\"image\" itemscope=\"itemscope\" itemtype=\"https:\/\/schema.org\/ImageObject\" ><ul class='avia-slideshow-inner ' style='padding-bottom: 66.6796875%;'><li  class='avia-slideshow-slide av-lqckj8cu-2349abce873ccb0cffaedceb833027e2__0  slide-1 slide-odd'><div data-rel='slideshow-2' class='avia-slide-wrap '   ><img decoding=\"async\" fetchpriority=\"high\" class=\"wp-image-64585 avia-img-lazy-loading-not-64585\"  src=\"https:\/\/www.lafundacion.com\/wp-content\/uploads\/2023\/12\/Espacio-Cultural-Enero-2024-011-min-scaled.jpg\" width=\"2560\" height=\"1707\" title='Espacio Cultural Enero 2024 - 011-min' alt=''  itemprop=\"thumbnailUrl\" srcset=\"https:\/\/www.lafundacion.com\/wp-content\/uploads\/2023\/12\/Espacio-Cultural-Enero-2024-011-min-scaled.jpg 2560w, https:\/\/www.lafundacion.com\/wp-content\/uploads\/2023\/12\/Espacio-Cultural-Enero-2024-011-min-300x200.jpg 300w, https:\/\/www.lafundacion.com\/wp-content\/uploads\/2023\/12\/Espacio-Cultural-Enero-2024-011-min-1030x687.jpg 1030w, https:\/\/www.lafundacion.com\/wp-content\/uploads\/2023\/12\/Espacio-Cultural-Enero-2024-011-min-768x512.jpg 768w, https:\/\/www.lafundacion.com\/wp-content\/uploads\/2023\/12\/Espacio-Cultural-Enero-2024-011-min-1536x1024.jpg 1536w, https:\/\/www.lafundacion.com\/wp-content\/uploads\/2023\/12\/Espacio-Cultural-Enero-2024-011-min-2048x1365.jpg 2048w, https:\/\/www.lafundacion.com\/wp-content\/uploads\/2023\/12\/Espacio-Cultural-Enero-2024-011-min-1500x1000.jpg 1500w, https:\/\/www.lafundacion.com\/wp-content\/uploads\/2023\/12\/Espacio-Cultural-Enero-2024-011-min-705x470.jpg 705w\" sizes=\"(max-width: 2560px) 100vw, 2560px\" \/><\/div><\/li><li  class='avia-slideshow-slide av-lqckj8cu-2349abce873ccb0cffaedceb833027e2__1  slide-2 slide-even'><div data-rel='slideshow-2' class='avia-slide-wrap '   ><img decoding=\"async\" fetchpriority=\"high\" class=\"wp-image-64589 avia-img-lazy-loading-not-64589\"  src=\"https:\/\/www.lafundacion.com\/wp-content\/uploads\/2023\/12\/Espacio-Cultural-Enero-2024-013-min-scaled.jpg\" width=\"2560\" height=\"1707\" title='Espacio Cultural Enero 2024 - 013-min' alt=''  itemprop=\"thumbnailUrl\" srcset=\"https:\/\/www.lafundacion.com\/wp-content\/uploads\/2023\/12\/Espacio-Cultural-Enero-2024-013-min-scaled.jpg 2560w, https:\/\/www.lafundacion.com\/wp-content\/uploads\/2023\/12\/Espacio-Cultural-Enero-2024-013-min-300x200.jpg 300w, https:\/\/www.lafundacion.com\/wp-content\/uploads\/2023\/12\/Espacio-Cultural-Enero-2024-013-min-1030x687.jpg 1030w, https:\/\/www.lafundacion.com\/wp-content\/uploads\/2023\/12\/Espacio-Cultural-Enero-2024-013-min-768x512.jpg 768w, https:\/\/www.lafundacion.com\/wp-content\/uploads\/2023\/12\/Espacio-Cultural-Enero-2024-013-min-1536x1024.jpg 1536w, https:\/\/www.lafundacion.com\/wp-content\/uploads\/2023\/12\/Espacio-Cultural-Enero-2024-013-min-2048x1365.jpg 2048w, https:\/\/www.lafundacion.com\/wp-content\/uploads\/2023\/12\/Espacio-Cultural-Enero-2024-013-min-1500x1000.jpg 1500w, https:\/\/www.lafundacion.com\/wp-content\/uploads\/2023\/12\/Espacio-Cultural-Enero-2024-013-min-705x470.jpg 705w\" sizes=\"(max-width: 2560px) 100vw, 2560px\" \/><\/div><\/li><li  class='avia-slideshow-slide av-lqckj8cu-2349abce873ccb0cffaedceb833027e2__2  slide-3 slide-odd'><div data-rel='slideshow-2' class='avia-slide-wrap '   ><img decoding=\"async\" fetchpriority=\"high\" class=\"wp-image-64587 avia-img-lazy-loading-not-64587\"  src=\"https:\/\/www.lafundacion.com\/wp-content\/uploads\/2023\/12\/Espacio-Cultural-Enero-2024-012-min-scaled.jpg\" width=\"2560\" height=\"1707\" title='Espacio Cultural Enero 2024 - 012-min' alt=''  itemprop=\"thumbnailUrl\" srcset=\"https:\/\/www.lafundacion.com\/wp-content\/uploads\/2023\/12\/Espacio-Cultural-Enero-2024-012-min-scaled.jpg 2560w, https:\/\/www.lafundacion.com\/wp-content\/uploads\/2023\/12\/Espacio-Cultural-Enero-2024-012-min-300x200.jpg 300w, https:\/\/www.lafundacion.com\/wp-content\/uploads\/2023\/12\/Espacio-Cultural-Enero-2024-012-min-1030x687.jpg 1030w, https:\/\/www.lafundacion.com\/wp-content\/uploads\/2023\/12\/Espacio-Cultural-Enero-2024-012-min-768x512.jpg 768w, https:\/\/www.lafundacion.com\/wp-content\/uploads\/2023\/12\/Espacio-Cultural-Enero-2024-012-min-1536x1024.jpg 1536w, https:\/\/www.lafundacion.com\/wp-content\/uploads\/2023\/12\/Espacio-Cultural-Enero-2024-012-min-2048x1365.jpg 2048w, https:\/\/www.lafundacion.com\/wp-content\/uploads\/2023\/12\/Espacio-Cultural-Enero-2024-012-min-1500x1000.jpg 1500w, https:\/\/www.lafundacion.com\/wp-content\/uploads\/2023\/12\/Espacio-Cultural-Enero-2024-012-min-705x470.jpg 705w\" sizes=\"(max-width: 2560px) 100vw, 2560px\" \/><\/div><\/li><\/ul><div class='avia-slideshow-arrows avia-slideshow-controls' ><a href='#prev' class='prev-slide  avia-svg-icon avia-font-svg_entypo-fontello' data-av_svg_icon='left-open-big' data-av_iconset='svg_entypo-fontello' tabindex='-1' title=\"Previous\"><svg version=\"1.1\" xmlns=\"http:\/\/www.w3.org\/2000\/svg\" width=\"15\" height=\"32\" viewBox=\"0 0 15 32\" preserveAspectRatio=\"xMidYMid meet\" aria-labelledby='av-svg-title-1' aria-describedby='av-svg-desc-1' role=\"graphics-symbol\" aria-hidden=\"true\">\n<title id='av-svg-title-1'>Previous<\/title>\n<desc id='av-svg-desc-1'>Previous<\/desc>\n<path d=\"M14.464 27.84q0.832 0.832 0 1.536-0.832 0.832-1.536 0l-12.544-12.608q-0.768-0.768 0-1.6l12.544-12.608q0.704-0.832 1.536 0 0.832 0.704 0 1.536l-11.456 11.904z\"><\/path>\n<\/svg><span class='avia_hidden_link_text'>Previous<\/span><\/a><a href='#next' class='next-slide  avia-svg-icon avia-font-svg_entypo-fontello' data-av_svg_icon='right-open-big' data-av_iconset='svg_entypo-fontello' tabindex='-1' title=\"Next\"><svg version=\"1.1\" xmlns=\"http:\/\/www.w3.org\/2000\/svg\" width=\"15\" height=\"32\" viewBox=\"0 0 15 32\" preserveAspectRatio=\"xMidYMid meet\" aria-labelledby='av-svg-title-2' aria-describedby='av-svg-desc-2' role=\"graphics-symbol\" aria-hidden=\"true\">\n<title id='av-svg-title-2'>Next<\/title>\n<desc id='av-svg-desc-2'>Next<\/desc>\n<path d=\"M0.416 27.84l11.456-11.84-11.456-11.904q-0.832-0.832 0-1.536 0.832-0.832 1.536 0l12.544 12.608q0.768 0.832 0 1.6l-12.544 12.608q-0.704 0.832-1.536 0-0.832-0.704 0-1.536z\"><\/path>\n<\/svg><span class='avia_hidden_link_text'>Next<\/span><\/a><\/div><div class='avia-slideshow-dots avia-slideshow-controls'><a href='#1' class='goto-slide active' >1<\/a><a href='#2' class='goto-slide ' >2<\/a><a href='#3' class='goto-slide ' >3<\/a><\/div><\/div><br \/>\n<div  class='avia-slideshow av-lsczcwnb-961ad5869dfe24f7a6867e5f4b0ab22c avia-slideshow-no scaling av_slideshow avia-slide-slider  avia-builder-el-8  el_after_av_slideshow  avia-builder-el-last  av-slideshow-ui av-control-default av-slideshow-manual av-loop-once av-loop-manual-endless av-default-height-applied avia-slideshow-3' data-slideshow-options=\"{&quot;animation&quot;:&quot;slide&quot;,&quot;autoplay&quot;:false,&quot;loop_autoplay&quot;:&quot;once&quot;,&quot;interval&quot;:5,&quot;loop_manual&quot;:&quot;manual-endless&quot;,&quot;autoplay_stopper&quot;:false,&quot;noNavigation&quot;:false,&quot;bg_slider&quot;:false,&quot;keep_padding&quot;:false,&quot;hoverpause&quot;:false,&quot;show_slide_delay&quot;:0}\"  itemprop=\"image\" itemscope=\"itemscope\" itemtype=\"https:\/\/schema.org\/ImageObject\" ><ul class='avia-slideshow-inner ' style='padding-bottom: 150.74626865672%;'><li  class='avia-slideshow-slide av-lsczcwnb-961ad5869dfe24f7a6867e5f4b0ab22c__0  slide-1 slide-odd'><div data-rel='slideshow-3' class='avia-slide-wrap '   ><img decoding=\"async\" fetchpriority=\"high\" class=\"wp-image-63892 avia-img-lazy-loading-not-63892\"  src=\"https:\/\/www.lafundacion.com\/wp-content\/uploads\/2023\/12\/David-guerrero-fotografo-exposicion-Espacio-Arte-La-Fundacion-San-Prudencio-rio.jpg\" width=\"603\" height=\"909\" title='David-guerrero-fotografo-exposicion-Espacio-Arte-La-Fundacion-San-Prudencio-rio' alt=''  itemprop=\"thumbnailUrl\" srcset=\"https:\/\/www.lafundacion.com\/wp-content\/uploads\/2023\/12\/David-guerrero-fotografo-exposicion-Espacio-Arte-La-Fundacion-San-Prudencio-rio.jpg 603w, https:\/\/www.lafundacion.com\/wp-content\/uploads\/2023\/12\/David-guerrero-fotografo-exposicion-Espacio-Arte-La-Fundacion-San-Prudencio-rio-199x300.jpg 199w, https:\/\/www.lafundacion.com\/wp-content\/uploads\/2023\/12\/David-guerrero-fotografo-exposicion-Espacio-Arte-La-Fundacion-San-Prudencio-rio-468x705.jpg 468w\" sizes=\"(max-width: 603px) 100vw, 603px\" \/><\/div><\/li><li  class='avia-slideshow-slide av-lsczcwnb-961ad5869dfe24f7a6867e5f4b0ab22c__1  slide-2 slide-even'><div data-rel='slideshow-3' class='avia-slide-wrap '   ><img decoding=\"async\" fetchpriority=\"high\" class=\"wp-image-63890 avia-img-lazy-loading-not-63890\"  src=\"https:\/\/www.lafundacion.com\/wp-content\/uploads\/2023\/12\/David-guerrero-fotografo-exposicion-Espacio-Arte-La-Fundacion-San-Prudencio-persona.jpg\" width=\"603\" height=\"909\" title='David-guerrero-fotografo-exposicion-Espacio-Arte-La-Fundacion-San-Prudencio-persona' alt=''  itemprop=\"thumbnailUrl\" srcset=\"https:\/\/www.lafundacion.com\/wp-content\/uploads\/2023\/12\/David-guerrero-fotografo-exposicion-Espacio-Arte-La-Fundacion-San-Prudencio-persona.jpg 603w, https:\/\/www.lafundacion.com\/wp-content\/uploads\/2023\/12\/David-guerrero-fotografo-exposicion-Espacio-Arte-La-Fundacion-San-Prudencio-persona-199x300.jpg 199w, https:\/\/www.lafundacion.com\/wp-content\/uploads\/2023\/12\/David-guerrero-fotografo-exposicion-Espacio-Arte-La-Fundacion-San-Prudencio-persona-468x705.jpg 468w\" sizes=\"(max-width: 603px) 100vw, 603px\" \/><\/div><\/li><li  class='avia-slideshow-slide av-lsczcwnb-961ad5869dfe24f7a6867e5f4b0ab22c__2  slide-3 slide-odd'><div data-rel='slideshow-3' class='avia-slide-wrap '   ><img decoding=\"async\" fetchpriority=\"high\" class=\"wp-image-63886 avia-img-lazy-loading-not-63886\"  src=\"https:\/\/www.lafundacion.com\/wp-content\/uploads\/2023\/12\/David-guerrero-fotografo-exposicion-Espacio-Arte-La-Fundacion-San-Prudencio-naturaleza.jpg\" width=\"603\" height=\"909\" title='David-guerrero-fotografo-exposicion-Espacio-Arte-La-Fundacion-San-Prudencio-naturaleza' alt=''  itemprop=\"thumbnailUrl\" srcset=\"https:\/\/www.lafundacion.com\/wp-content\/uploads\/2023\/12\/David-guerrero-fotografo-exposicion-Espacio-Arte-La-Fundacion-San-Prudencio-naturaleza.jpg 603w, https:\/\/www.lafundacion.com\/wp-content\/uploads\/2023\/12\/David-guerrero-fotografo-exposicion-Espacio-Arte-La-Fundacion-San-Prudencio-naturaleza-199x300.jpg 199w, https:\/\/www.lafundacion.com\/wp-content\/uploads\/2023\/12\/David-guerrero-fotografo-exposicion-Espacio-Arte-La-Fundacion-San-Prudencio-naturaleza-468x705.jpg 468w\" sizes=\"(max-width: 603px) 100vw, 603px\" \/><\/div><\/li><\/ul><div class='avia-slideshow-arrows avia-slideshow-controls' ><a href='#prev' class='prev-slide  avia-svg-icon avia-font-svg_entypo-fontello' data-av_svg_icon='left-open-big' data-av_iconset='svg_entypo-fontello' tabindex='-1' title=\"Previous\"><svg version=\"1.1\" xmlns=\"http:\/\/www.w3.org\/2000\/svg\" width=\"15\" height=\"32\" viewBox=\"0 0 15 32\" preserveAspectRatio=\"xMidYMid meet\" aria-labelledby='av-svg-title-3' aria-describedby='av-svg-desc-3' role=\"graphics-symbol\" aria-hidden=\"true\">\n<title id='av-svg-title-3'>Previous<\/title>\n<desc id='av-svg-desc-3'>Previous<\/desc>\n<path d=\"M14.464 27.84q0.832 0.832 0 1.536-0.832 0.832-1.536 0l-12.544-12.608q-0.768-0.768 0-1.6l12.544-12.608q0.704-0.832 1.536 0 0.832 0.704 0 1.536l-11.456 11.904z\"><\/path>\n<\/svg><span class='avia_hidden_link_text'>Previous<\/span><\/a><a href='#next' class='next-slide  avia-svg-icon avia-font-svg_entypo-fontello' data-av_svg_icon='right-open-big' data-av_iconset='svg_entypo-fontello' tabindex='-1' title=\"Next\"><svg version=\"1.1\" xmlns=\"http:\/\/www.w3.org\/2000\/svg\" width=\"15\" height=\"32\" viewBox=\"0 0 15 32\" preserveAspectRatio=\"xMidYMid meet\" aria-labelledby='av-svg-title-4' aria-describedby='av-svg-desc-4' role=\"graphics-symbol\" aria-hidden=\"true\">\n<title id='av-svg-title-4'>Next<\/title>\n<desc id='av-svg-desc-4'>Next<\/desc>\n<path d=\"M0.416 27.84l11.456-11.84-11.456-11.904q-0.832-0.832 0-1.536 0.832-0.832 1.536 0l12.544 12.608q0.768 0.832 0 1.6l-12.544 12.608q-0.704 0.832-1.536 0-0.832-0.704 0-1.536z\"><\/path>\n<\/svg><span class='avia_hidden_link_text'>Next<\/span><\/a><\/div><div class='avia-slideshow-dots avia-slideshow-controls'><a href='#1' class='goto-slide active' >1<\/a><a href='#2' class='goto-slide ' >2<\/a><a href='#3' class='goto-slide ' >3<\/a><\/div><\/div><\/p><\/div><div  class='flex_column av-2mmeqsb-e2f064df90f3d84ceaf8cb2352cdf73f av_one_half  avia-builder-el-9  el_after_av_one_half  el_before_av_hr  flex_column_div  column-top-margin'     ><section  class='av_textblock_section av-ln399dcd-a3e13030b929087e7bf03faf3ce8c9b1 '   itemscope=\"itemscope\" itemtype=\"https:\/\/schema.org\/BlogPosting\" itemprop=\"blogPost\" ><div class='avia_textblock'  itemprop=\"text\" ><h3><strong>S\u00cdLICE ANEXA proiektua<\/strong><\/h3>\n<p>S\u00edlice Anexa proiektu fotografiko pertsonal gisa sortu zen 2017ko neguan, bere haurtzaroan eta nerabezaroan Silanesen, bere amaren familiari lotutako herri txiki batean, bizitako sentsazio eta emozioen birsortze intimoa adieraziz. Txoko hori, artista gutxi gorabehera hiru hamarkada lehenagotik hurbiltzen ez zena, noizbehinka baino ez zen bisitatzen, eta oraindik ere bertako oroimenean jarraitzen du, artista haur gisa gogoratua izan zen lekua.<\/p>\n<p>Gaztelan kokatua eta arroken sendotasunak besarkaturik, Silanes aitonak bilobarekin duen adiskidetasuna gogorarazten duen eszenatoki gisa agertzen da. Erantsitako silizea arimak eusten dion espazio-denbora horrekiko lotura bat da, leku irrikatu baina iragankor bat bere iraupenean. Proiektu hau ospearen barruko ariketa gisa aurkezten da, nire izpirituaren eta denboraren zeharkaldiaren arteko bidaia emozional gisa. Agertoki fisikoa eta egungo biztanleak protagonista bihurtzen dira ikusizko birsortze honetan, eta emozioz eta oroitzapenez beteriko unibertso ukigarri eta magiko batera sartzeko ate gisa balio dute, harriarekin bat eginez.<\/p>\n<p>S\u00edlice-ren lehen erakusketa 2020an egin zen Gasteizko Arte Eskolan. Hala ere, inaugurazioaren biharamunean Alarma Estatuaren adierazpenarekin bat egin zuen, COVID-19aren pandemiaren ondorioz. Horrek aretoaren itxiera ekarri zuen jendearentzat, erakusketa izoztuz eta konfinamendu hilabeteetan iluntasuna eta isiltasuna xurgatu zituen gailu bihurtuz. Ondoren, 2022an, Centro de Interpretaci\u00f3n Montes Obarenes Pancorboko (Burgos) kartzelaren egoitza zaharrean, jarri zuten berriro erakusketa.<\/p>\n<\/div><\/section><br \/>\n<div  class='avia-buttonrow-wrap av-ln39jv7f-53d6983095d71648da6bde7a8bcd3605 avia-buttonrow-center  avia-builder-el-11  el_after_av_textblock  avia-builder-el-last '>\n\n<style type=\"text\/css\" data-created_by=\"avia_inline_auto\" id=\"style-css-av-ln39i6h5-35ec82658b13301e346fe559df03cb33\">\n#top #wrap_all .avia-button.av-ln39i6h5-35ec82658b13301e346fe559df03cb33{\nmargin-bottom:5px;\nmargin-right:3px;\nmargin-left:3px;\n}\n<\/style>\n<a href='https:\/\/davidguerrero.info\/'  class='avia-button av-ln39i6h5-35ec82658b13301e346fe559df03cb33 avia-icon_select-yes-left-icon avia-size-medium avia-color-theme-color'  target=\"_blank\"  rel=\"noopener noreferrer\"  aria-label=\"IKUSI WEB ORRIA\"><span class='avia_button_icon avia_button_icon_left avia-iconfont avia-font-entypo-fontello' data-av_icon='\ue822' data-av_iconfont='entypo-fontello' ><\/span><span class='avia_iconbox_title' >IKUSI WEB ORRIA<\/span><\/a>\n\n<style type=\"text\/css\" data-created_by=\"avia_inline_auto\" id=\"style-css-av-ln39jlon-52e0a4e06b9d594573bea206c34b59bb\">\n#top #wrap_all .avia-button.av-ln39jlon-52e0a4e06b9d594573bea206c34b59bb{\nmargin-bottom:5px;\nmargin-right:3px;\nmargin-left:3px;\n}\n<\/style>\n<a href='https:\/\/davidguerrero.info\/silice-anexa'  class='avia-button av-ln39jlon-52e0a4e06b9d594573bea206c34b59bb avia-icon_select-yes-left-icon avia-size-medium avia-color-theme-color'  target=\"_blank\"  rel=\"noopener noreferrer\"  aria-label=\"BERE PROIEKTUA\"><span class='avia_button_icon avia_button_icon_left avia-iconfont avia-font-entypo-fontello' data-av_icon='\ue822' data-av_iconfont='entypo-fontello' ><\/span><span class='avia_iconbox_title' >BERE PROIEKTUA<\/span><\/a>\n<\/div><\/p><\/div><\/p>\n<div  class='hr av-oiohl4-7f9fc2f31796aa25d0f440430158576c hr-default  avia-builder-el-12  el_after_av_one_half  el_before_av_textblock '><span class='hr-inner '><span class=\"hr-inner-style\"><\/span><\/span><\/div>\n\n<style type=\"text\/css\" data-created_by=\"avia_inline_auto\" id=\"style-css-av-1o8x9x7-d44c32894b6ff050a7249c94fab60194\">\n#top .av_textblock_section.av-1o8x9x7-d44c32894b6ff050a7249c94fab60194 .avia_textblock{\ncolor:#595959;\n}\n<\/style>\n<section  class='av_textblock_section av-1o8x9x7-d44c32894b6ff050a7249c94fab60194 '   itemscope=\"itemscope\" itemtype=\"https:\/\/schema.org\/BlogPosting\" itemprop=\"blogPost\" ><div class='avia_textblock av_inherit_color'  itemprop=\"text\" ><h3><\/h3>\n<h3><\/h3>\n<h3><\/h3>\n<h2 style=\"text-align: center;\">Erakusketa urtarrilaren 11tik otsailaren 22ra arte ikusi ahal izango da.<\/h2>\n<\/div><\/section>\n<\/div><\/div><\/div><!-- close content main div --><\/div><\/div>\n<style type=\"text\/css\" data-created_by=\"avia_inline_auto\" id=\"style-css-av-vb2ufv-eaadeb85119322d4728931ca377b3c4a\">\n.avia-section.av-vb2ufv-eaadeb85119322d4728931ca377b3c4a{\nbackground-color:#f2f2f2;\nbackground-image:unset;\n}\n<\/style>\n<div id='av_section_1'  class='avia-section av-vb2ufv-eaadeb85119322d4728931ca377b3c4a main_color avia-section-default avia-no-border-styling  avia-builder-el-14  el_after_av_textblock  el_before_av_hr  avia-bg-style-scroll container_wrap fullsize'  ><div class='container av-section-cont-open' ><div class='template-page content  av-content-full alpha units'><div class='post-entry post-entry-type-page post-entry-63849'><div class='entry-content-wrapper clearfix'>\n<div  class='flex_column av-1jnrhkg-0e9db24d65bca9de0aed6813f34a96f8 av_three_fifth  avia-builder-el-15  el_before_av_two_fifth  avia-builder-el-first  first flex_column_div  '     ><p><section  class='av_textblock_section av-lk6q2i51-a6104754cf9e90657c05077211925819 '   itemscope=\"itemscope\" itemtype=\"https:\/\/schema.org\/BlogPosting\" itemprop=\"blogPost\" ><div class='avia_textblock'  itemprop=\"text\" ><p>Bestetik, inaugurazioan,<b> Luc\u00eda L\u00f3pez-Villalta Jim\u00e9nezen <\/b>eskutik poesia errezital batez gozatzeko aukera izango dugu.<\/p>\n<p>Bilboko Merkataritza Eskolan Enpresa Diplomaturaren baliokidea den Enpresa Idazkaritzako ikasketak amaitu ondoren, urte batzuetan Bizkaiko Notariotzetan eta Gasteizko Dato kaleko beste notario batean aritu zen lanean.<\/p>\n<p>Magisteritzan diplomatua, Donostiako EHUn. Ikasketa horiek amaituta, urte batzuk eman zituen Gasteizko ia Institutu guztietan Gaztelania eta Literatura klaseak ematen.<\/p>\n<p>Teologia Ikasketak Gasteizko Teologia Fakultatean.<\/p>\n<p>Zuzenbidean lizentziatua Leioako EHUn.<\/p>\n<p>Praktika Juridikoko Masterra, Deustuko Unibertsitatean eta Abokatuen Elkargoan.<\/p>\n<p>Gaur egun, Abokatutzaren lana idazketarekin uztartzen du, eta poemak ere baditu, beste liburu ilustratu bat osatzeko, egilearen olioz margotutako koadroekin, kontakizunekin eta hiru nobelekin; hori guztia argitaratu gabea da.<\/p>\n<p>Pintura-ikasketak egin zituen hiru urtez, Carmelo Basterra pintoreak emanak Gasteizko Arte eta Lanbide Eskolan.<\/p>\n<p>Pinturarako eta pinturarako zaletasunak hainbat pintura-erakusketa egitera eraman du, besteak beste, Kordoi Etxean eta Dato kaleko Euskadiko Kutxan. Hori egiteko aukera non eman azaltzen jarraitzea espero du.<\/p>\n<p>Haurtzarotik hasi zen poesia idazten. Bi poema liburu argitaratu ditu, bata taldekoa eta bestea banakakoa. Azken honen izenburua &#8220;Alba Oscura&#8221; da.<\/p>\n<p>Gaur egun Arabako Literatur Sortzaileen Elkarteko kide da.<\/p>\n<\/div><\/section><br \/>\n<div  class='hr av-mrmjei-e2b6159767f113058a2b0b7b0d994834 hr-default  avia-builder-el-17  el_after_av_textblock  avia-builder-el-last '><span class='hr-inner '><span class=\"hr-inner-style\"><\/span><\/span><\/div><\/p><\/div>\n<style type=\"text\/css\" data-created_by=\"avia_inline_auto\" id=\"style-css-av-3n6xps-8ea904fda2da94793372db1129511e20\">\n.flex_column.av-3n6xps-8ea904fda2da94793372db1129511e20{\npadding:4px 4px 4px 4px;\nbackground-color:#f2f2f2;\n}\n\n@media only screen and (min-width: 990px){ \n.flex_column.av-3n6xps-8ea904fda2da94793372db1129511e20{\npadding:2px 2px 2px 2px;\n}\n}\n<\/style>\n<div  class='flex_column av-3n6xps-8ea904fda2da94793372db1129511e20 av_two_fifth  avia-builder-el-18  el_after_av_three_fifth  avia-builder-el-last  flex_column_div  '     ><p>\n<style type=\"text\/css\" data-created_by=\"avia_inline_auto\" id=\"style-css-av-lk6jp7ll-ddc0e243a736c2d3d8e4e5ff6728c67c\">\n.avia-image-container.av-lk6jp7ll-ddc0e243a736c2d3d8e4e5ff6728c67c img.avia_image{\nbox-shadow:none;\n}\n.avia-image-container.av-lk6jp7ll-ddc0e243a736c2d3d8e4e5ff6728c67c .av-image-caption-overlay-center{\ncolor:#ffffff;\n}\n<\/style>\n<div  class='avia-image-container av-lk6jp7ll-ddc0e243a736c2d3d8e4e5ff6728c67c av-styling- avia-align-center  avia-builder-el-19  el_before_av_image  avia-builder-el-first '   itemprop=\"image\" itemscope=\"itemscope\" itemtype=\"https:\/\/schema.org\/ImageObject\" ><div class=\"avia-image-container-inner\"><div class=\"avia-image-overlay-wrap\"><img decoding=\"async\" fetchpriority=\"high\" class='wp-image-63899 avia-img-lazy-loading-not-63899 avia_image ' src=\"https:\/\/www.lafundacion.com\/wp-content\/uploads\/2023\/12\/Libro-Alba-Oscura-Lucia-lopez-Villalta.png\" alt='' title='Libro-Alba-Oscura-Lucia-lopez-Villalta'  height=\"1198\" width=\"1200\"  itemprop=\"thumbnailUrl\" srcset=\"https:\/\/www.lafundacion.com\/wp-content\/uploads\/2023\/12\/Libro-Alba-Oscura-Lucia-lopez-Villalta.png 1200w, https:\/\/www.lafundacion.com\/wp-content\/uploads\/2023\/12\/Libro-Alba-Oscura-Lucia-lopez-Villalta-300x300.png 300w, https:\/\/www.lafundacion.com\/wp-content\/uploads\/2023\/12\/Libro-Alba-Oscura-Lucia-lopez-Villalta-1030x1028.png 1030w, https:\/\/www.lafundacion.com\/wp-content\/uploads\/2023\/12\/Libro-Alba-Oscura-Lucia-lopez-Villalta-80x80.png 80w, https:\/\/www.lafundacion.com\/wp-content\/uploads\/2023\/12\/Libro-Alba-Oscura-Lucia-lopez-Villalta-768x767.png 768w, https:\/\/www.lafundacion.com\/wp-content\/uploads\/2023\/12\/Libro-Alba-Oscura-Lucia-lopez-Villalta-36x36.png 36w, https:\/\/www.lafundacion.com\/wp-content\/uploads\/2023\/12\/Libro-Alba-Oscura-Lucia-lopez-Villalta-180x180.png 180w, https:\/\/www.lafundacion.com\/wp-content\/uploads\/2023\/12\/Libro-Alba-Oscura-Lucia-lopez-Villalta-705x705.png 705w\" sizes=\"(max-width: 1200px) 100vw, 1200px\" \/><\/div><\/div><\/div><br \/>\n\n<style type=\"text\/css\" data-created_by=\"avia_inline_auto\" id=\"style-css-av-lsczeqde-dc2efc31060e0c1cee815bd8b933c358\">\n.avia-image-container.av-lsczeqde-dc2efc31060e0c1cee815bd8b933c358 img.avia_image{\nbox-shadow:none;\n}\n.avia-image-container.av-lsczeqde-dc2efc31060e0c1cee815bd8b933c358 .av-image-caption-overlay-center{\ncolor:#ffffff;\n}\n<\/style>\n<div  class='avia-image-container av-lsczeqde-dc2efc31060e0c1cee815bd8b933c358 av-styling- avia-align-center  avia-builder-el-20  el_after_av_image  avia-builder-el-last '   itemprop=\"image\" itemscope=\"itemscope\" itemtype=\"https:\/\/schema.org\/ImageObject\" ><div class=\"avia-image-container-inner\"><div class=\"avia-image-overlay-wrap\"><img decoding=\"async\" fetchpriority=\"high\" class='wp-image-65250 avia-img-lazy-loading-not-65250 avia_image ' src=\"https:\/\/www.lafundacion.com\/wp-content\/uploads\/2023\/12\/Espacio-Cultural-Enero-2024-068-min-1030x624.jpg\" alt='' title='Espacio Cultural Enero 2024 - 068-min'  height=\"624\" width=\"1030\"  itemprop=\"thumbnailUrl\" srcset=\"https:\/\/www.lafundacion.com\/wp-content\/uploads\/2023\/12\/Espacio-Cultural-Enero-2024-068-min-1030x624.jpg 1030w, https:\/\/www.lafundacion.com\/wp-content\/uploads\/2023\/12\/Espacio-Cultural-Enero-2024-068-min-300x182.jpg 300w, https:\/\/www.lafundacion.com\/wp-content\/uploads\/2023\/12\/Espacio-Cultural-Enero-2024-068-min-768x465.jpg 768w, https:\/\/www.lafundacion.com\/wp-content\/uploads\/2023\/12\/Espacio-Cultural-Enero-2024-068-min-1536x930.jpg 1536w, https:\/\/www.lafundacion.com\/wp-content\/uploads\/2023\/12\/Espacio-Cultural-Enero-2024-068-min-2048x1240.jpg 2048w, https:\/\/www.lafundacion.com\/wp-content\/uploads\/2023\/12\/Espacio-Cultural-Enero-2024-068-min-1500x908.jpg 1500w, https:\/\/www.lafundacion.com\/wp-content\/uploads\/2023\/12\/Espacio-Cultural-Enero-2024-068-min-705x427.jpg 705w\" sizes=\"(max-width: 1030px) 100vw, 1030px\" \/><\/div><\/div><\/div><\/p><\/div><\/div><\/div><\/div><!-- close content main div --><\/div><\/div><div id='after_section_1'  class='main_color av_default_container_wrap container_wrap fullsize'  ><div class='container av-section-cont-open' ><div class='template-page content  av-content-full alpha units'><div class='post-entry post-entry-type-page post-entry-63849'><div class='entry-content-wrapper clearfix'><div  class='hr av-12obbao-f827b0821c9dc969a9601d6da9adc09c hr-default  avia-builder-el-21  el_after_av_section  el_before_av_two_fifth  avia-builder-el-first '><span class='hr-inner '><span class=\"hr-inner-style\"><\/span><\/span><\/div><\/p>\n<div  class='flex_column av-17g74cw-0b4556a412451e3b3a851e0a1cdf1836 av_two_fifth  avia-builder-el-22  el_after_av_hr  el_before_av_three_fifth  first flex_column_div  '     ><style type=\"text\/css\" data-created_by=\"avia_inline_auto\" id=\"style-css-av-m62j4g-4927eaabce5e62db50b6bad2aac2e134\">\n.avia-image-container.av-m62j4g-4927eaabce5e62db50b6bad2aac2e134 img.avia_image{\nbox-shadow:none;\n}\n.avia-image-container.av-m62j4g-4927eaabce5e62db50b6bad2aac2e134 .av-image-caption-overlay-center{\ncolor:#ffffff;\n}\n<\/style>\n<div  class='avia-image-container av-m62j4g-4927eaabce5e62db50b6bad2aac2e134 av-styling- avia-align-center  avia-builder-el-23  avia-builder-el-no-sibling '   itemprop=\"image\" itemscope=\"itemscope\" itemtype=\"https:\/\/schema.org\/ImageObject\" ><div class=\"avia-image-container-inner\"><div class=\"avia-image-overlay-wrap\"><img decoding=\"async\" fetchpriority=\"high\" class='wp-image-64582 avia-img-lazy-loading-not-64582 avia_image ' src=\"https:\/\/www.lafundacion.com\/wp-content\/uploads\/2023\/12\/Eder-Fernandez-alumno-del-Conservatorio.jpg\" alt='' title='Eder Fern\u00e1ndez alumno del Conservatorio'  height=\"1334\" width=\"2000\"  itemprop=\"thumbnailUrl\" srcset=\"https:\/\/www.lafundacion.com\/wp-content\/uploads\/2023\/12\/Eder-Fernandez-alumno-del-Conservatorio.jpg 2000w, https:\/\/www.lafundacion.com\/wp-content\/uploads\/2023\/12\/Eder-Fernandez-alumno-del-Conservatorio-300x200.jpg 300w, https:\/\/www.lafundacion.com\/wp-content\/uploads\/2023\/12\/Eder-Fernandez-alumno-del-Conservatorio-1030x687.jpg 1030w, https:\/\/www.lafundacion.com\/wp-content\/uploads\/2023\/12\/Eder-Fernandez-alumno-del-Conservatorio-768x512.jpg 768w, https:\/\/www.lafundacion.com\/wp-content\/uploads\/2023\/12\/Eder-Fernandez-alumno-del-Conservatorio-1536x1025.jpg 1536w, https:\/\/www.lafundacion.com\/wp-content\/uploads\/2023\/12\/Eder-Fernandez-alumno-del-Conservatorio-1500x1001.jpg 1500w, https:\/\/www.lafundacion.com\/wp-content\/uploads\/2023\/12\/Eder-Fernandez-alumno-del-Conservatorio-705x470.jpg 705w\" sizes=\"(max-width: 2000px) 100vw, 2000px\" \/><\/div><\/div><\/div><\/div>\n<div  class='flex_column av-1akexku-6e1bf75fa1060157e7498beef1f8dd36 av_three_fifth  avia-builder-el-24  el_after_av_two_fifth  el_before_av_hr  flex_column_div  '     ><p><section  class='av_textblock_section av-l1uj5dha-6fae8722800ec360ce158e11bb1704ff '   itemscope=\"itemscope\" itemtype=\"https:\/\/schema.org\/BlogPosting\" itemprop=\"blogPost\" ><div class='avia_textblock'  itemprop=\"text\" ><p>Azkenik, gitarrako zuzeneko emanaldi batekin\u00a0 bukatuko dugu ekitaldia, <strong>Eder Fern\u00e1ndez-ren <\/strong>eskutik, <strong>Jes\u00fas Guridi Musika Kontserbatoriari esker.<\/strong><\/p>\n<\/div><\/section><br \/>\n\n<style type=\"text\/css\" data-created_by=\"avia_inline_auto\" id=\"style-css-av-1ma6eim-343c7e02e41a73fba5488c5df287986a\">\n.avia-image-container.av-1ma6eim-343c7e02e41a73fba5488c5df287986a img.avia_image{\nbox-shadow:none;\n}\n.avia-image-container.av-1ma6eim-343c7e02e41a73fba5488c5df287986a .av-image-caption-overlay-center{\ncolor:#ffffff;\n}\n<\/style>\n<div  class='avia-image-container av-1ma6eim-343c7e02e41a73fba5488c5df287986a av-styling- av-img-linked avia-align-center  avia-builder-el-26  el_after_av_textblock  avia-builder-el-last '   itemprop=\"image\" itemscope=\"itemscope\" itemtype=\"https:\/\/schema.org\/ImageObject\" ><div class=\"avia-image-container-inner\"><div class=\"avia-image-overlay-wrap\"><a href=\"https:\/\/conservatoriovitoria.com\/index.php\/es\/\" class='avia_image '  target=\"_blank\"  rel=\"noopener noreferrer\" aria-label='logo-conservatorio-jesus-guridi-vitoria-gasteiz'><img decoding=\"async\" fetchpriority=\"high\" class='wp-image-33676 avia-img-lazy-loading-not-33676 avia_image ' src=\"https:\/\/www.lafundacion.com\/wp-content\/uploads\/2022\/04\/logo-conservatorio-jesus-guridi-vitoria-gasteiz.png\" alt='logo conservatorio de m\u00fasica Vitoria con La Fundaci\u00f3n' title='logo-conservatorio-jesus-guridi-vitoria-gasteiz'  height=\"105\" width=\"173\"  itemprop=\"thumbnailUrl\"  \/><\/a><\/div><\/div><\/div><\/p><\/div>\n<div  class='hr av-oska88-552a87c3e1963fcf7d391ba13898b0e9 hr-default  avia-builder-el-27  el_after_av_three_fifth  el_before_av_one_full '><span class='hr-inner '><span class=\"hr-inner-style\"><\/span><\/span><\/div>\n<div  class='flex_column av-t90lrc-08379cb59838f090e3233ef5e4de324c av_one_full  avia-builder-el-28  el_after_av_hr  el_before_av_hr  first flex_column_div  '     ><div  class='avia-button-wrap avia-button-center  avia-builder-el-29  avia-builder-el-no-sibling '>\n<style type=\"text\/css\" data-created_by=\"avia_inline_auto\" id=\"style-css-av-lrafqzfd-462997e318d0b738a6efdef005ff5064\">\n#top #wrap_all .avia-button.av-lrafqzfd-462997e318d0b738a6efdef005ff5064:hover{\ncolor:white;\ntransition:all 0.4s ease-in-out;\n}\n#top #wrap_all .avia-button.av-lrafqzfd-462997e318d0b738a6efdef005ff5064:hover .avia-svg-icon svg:first-child{\nfill:white;\nstroke:white;\n}\n<\/style>\n<a href='https:\/\/www.lafundacion.com\/eu\/argazkiak\/errege-magoen-ekitaldiko-bilduma\/' class='avia-color-theme-color avia-font-color-theme-color avia-button avia-button-fullwidth av-lrafqzfd-462997e318d0b738a6efdef005ff5064 avia-icon_select-yes-left-icon avia-color-theme-color'   aria-label=\"Ekitaldiaren argazki guztiak ikusi\"><span class='avia_button_icon avia_button_icon_left avia-iconfont avia-font-entypo-fontello' data-av_icon='\ue80e' data-av_iconfont='entypo-fontello' ><\/span><span class='avia_iconbox_title' >Ekitaldiaren argazki guztiak ikusi<\/span><span class='avia_button_background avia-button avia-button-fullwidth avia-color-theme-color-highlight'><\/span><\/a><\/div><\/div>\n<div  class='hr av-ozn73u-8554ef1d51f5f205d74a4e8109ac8402 hr-default  avia-builder-el-30  el_after_av_one_full  el_before_av_section  avia-builder-el-last '><span class='hr-inner '><span class=\"hr-inner-style\"><\/span><\/span><\/div>\n<\/div><\/div><\/div><!-- close content main div --><\/div><\/div>\n<style type=\"text\/css\" data-created_by=\"avia_inline_auto\" id=\"style-css-av-l1um380x-0c5d9119669b7f55ecbd8f0d196df4ec\">\n.avia-section.av-l1um380x-0c5d9119669b7f55ecbd8f0d196df4ec{\nbackground-color:#e2e2e2;\nbackground-image:unset;\n}\n<\/style>\n<div id='av_section_2'  class='avia-section av-l1um380x-0c5d9119669b7f55ecbd8f0d196df4ec main_color avia-section-default avia-no-border-styling  avia-builder-el-31  el_after_av_hr  avia-builder-el-last  avia-bg-style-scroll container_wrap fullsize'  ><div class='container av-section-cont-open' ><div class='template-page content  av-content-full alpha units'><div class='post-entry post-entry-type-page post-entry-63849'><div class='entry-content-wrapper clearfix'>\n<section  class='av_textblock_section av-l1ulg6ku-c7c939182d02109b8b0a0c85b426dd56 '   itemscope=\"itemscope\" itemtype=\"https:\/\/schema.org\/BlogPosting\" itemprop=\"blogPost\" ><div class='avia_textblock'  itemprop=\"text\" ><p>Norbait ezagutzen baduzu edo zuk zeuk argazkiak, ilustrazioak, musika, pintura, poesia, antzerkia, dantza, bakarrizketak eta abar egiten badituzu, eta zure artea erakutsi edo zure lanak erakutsi nahi badituzu, jar zaitez harremanetan La Fundaci\u00f3n San Prudenciorekin <a href=\"tel:+34945222900\">945 222 900<\/a> telefonoan edo bidali e-maila <a href=\"mailto:info@lafundacion.com\">info@lafundacion.com<\/a> helbidera.<\/p>\n<\/div><\/section>\n<div  class='avia-button-wrap av-l1ulgirh-7278011b8fc46a41cbf4646a6581c9bb-wrap avia-button-center  avia-builder-el-33  el_after_av_textblock  avia-builder-el-last '><a href='https:\/\/www.lafundacion.com\/eu\/pertsonak\/espacio-arte-gunea\/'  class='avia-button av-l1ulgirh-7278011b8fc46a41cbf4646a6581c9bb av-link-btn avia-icon_select-yes-left-icon avia-size-medium avia-position-center avia-color-theme-color'   aria-label=\"Espacio Arteri buruz informazio gehiago\"><span class='avia_button_icon avia_button_icon_left avia-iconfont avia-font-entypo-fontello' data-av_icon='\ue81e' data-av_iconfont='entypo-fontello' ><\/span><span class='avia_iconbox_title' >Espacio Arteri buruz informazio gehiago<\/span><\/a><\/div>\n\n","protected":false},"excerpt":{"rendered":"","protected":false},"author":2,"featured_media":64591,"comment_status":"closed","ping_status":"closed","sticky":false,"template":"","format":"standard","meta":{"_acf_changed":false,"footnotes":""},"categories":[93],"tags":[431,631,662,474,473,428,534,462,536,535],"class_list":["post-63849","post","type-post","status-publish","format-standard","has-post-thumbnail","hentry","category-noticias-eu","tag-artistas-vitoria-eu","tag-danzastral-eu","tag-emakume-artistak","tag-erakusketa","tag-espacio-arte-la-fundacion-eu","tag-exposicion-vitoria-eu","tag-gasteizko-ekitaldia","tag-gasteizko-erakusketa","tag-obra-arte-eu","tag-zuzeneko-musika"],"acf":[],"yoast_head":"<!-- This site is optimized with the Yoast SEO plugin v27.4 - https:\/\/yoast.com\/product\/yoast-seo-wordpress\/ -->\r\n<title>La Fundacionen &quot;Espacio Arte&quot; ekitaldia urtarrilak 2024 &#187; La Fundaci\u00f3n San Prudencio<\/title>\r\n<meta name=\"description\" content=\"Erakusketa berria La Fundacionen Espacio Arten. Irailaren 5ean, ASPACE erakusketarekin, poesiarekin eta musikarekin.\" \/>\r\n<meta name=\"robots\" content=\"index, follow, max-snippet:-1, max-image-preview:large, max-video-preview:-1\" \/>\r\n<link rel=\"canonical\" href=\"https:\/\/www.lafundacion.com\/noticias\/evento-espacio-arte-enero-2024\/\" \/>\r\n<meta property=\"og:locale\" content=\"eu_ES\" \/>\r\n<meta property=\"og:type\" content=\"article\" \/>\r\n<meta property=\"og:title\" content=\"La Fundacionen Espacio Arteren erakusketa berria ID-Arterekin\" \/>\r\n<meta property=\"og:description\" content=\"Erakusketa berria La Fundacionen Espacio Arten. Irailaren 5ean, ASPACE erakusketarekin, poesiarekin eta musikarekin.\" \/>\r\n<meta property=\"og:url\" content=\"https:\/\/www.lafundacion.com\/noticias\/evento-espacio-arte-enero-2024\/\" \/>\r\n<meta property=\"og:site_name\" content=\"La Fundaci\u00f3n San Prudencio\" \/>\r\n<meta property=\"article:published_time\" content=\"2023-12-21T08:00:35+00:00\" \/>\r\n<meta property=\"article:modified_time\" content=\"2024-02-08T12:58:59+00:00\" \/>\r\n<meta property=\"og:image\" content=\"https:\/\/www.lafundacion.com\/wp-content\/uploads\/2022\/10\/Ilustraciones-Agora-La-Fundacion-San-Prudencio-750x430.jpg\" \/>\r\n<meta name=\"author\" content=\"La Fundaci\u00f3n San Prudencio\" \/>\r\n<meta name=\"twitter:card\" content=\"summary_large_image\" \/>\r\n<meta name=\"twitter:title\" content=\"La Fundacionen Espacio Arteren erakusketa berria martxoan\" \/>\r\n<meta name=\"twitter:image\" content=\"https:\/\/www.lafundacion.com\/wp-content\/uploads\/2022\/10\/Ilustraciones-Agora-La-Fundacion-San-Prudencio-750x430.jpg\" \/>\r\n<meta name=\"twitter:label1\" content=\"Written by\" \/>\n\t<meta name=\"twitter:data1\" content=\"La Fundaci\u00f3n San Prudencio\" \/>\n\t<meta name=\"twitter:label2\" content=\"Est. reading time\" \/>\n\t<meta name=\"twitter:data2\" content=\"12 minutes\" \/>\r\n<script type=\"application\/ld+json\" class=\"yoast-schema-graph\">{\"@context\":\"https:\\\/\\\/schema.org\",\"@graph\":[{\"@type\":\"Article\",\"@id\":\"https:\\\/\\\/www.lafundacion.com\\\/noticias\\\/evento-espacio-arte-enero-2024\\\/#article\",\"isPartOf\":{\"@id\":\"https:\\\/\\\/www.lafundacion.com\\\/noticias\\\/evento-espacio-arte-enero-2024\\\/\"},\"author\":{\"name\":\"La Fundaci\u00f3n San Prudencio\",\"@id\":\"https:\\\/\\\/www.lafundacion.com\\\/#\\\/schema\\\/person\\\/39119d98dad187760c7ba6ffe0d62170\"},\"headline\":\"La Fundacionen &#8220;Espacio Arte&#8221; ekitaldia urtarrilak 2024\",\"datePublished\":\"2023-12-21T08:00:35+00:00\",\"dateModified\":\"2024-02-08T12:58:59+00:00\",\"mainEntityOfPage\":{\"@id\":\"https:\\\/\\\/www.lafundacion.com\\\/noticias\\\/evento-espacio-arte-enero-2024\\\/\"},\"wordCount\":5993,\"publisher\":{\"@id\":\"https:\\\/\\\/www.lafundacion.com\\\/#organization\"},\"image\":{\"@id\":\"https:\\\/\\\/www.lafundacion.com\\\/noticias\\\/evento-espacio-arte-enero-2024\\\/#primaryimage\"},\"thumbnailUrl\":\"https:\\\/\\\/www.lafundacion.com\\\/wp-content\\\/uploads\\\/2024\\\/01\\\/Banner-espacio-arte-la-fundacion-Vitoria-Enero2024.jpg\",\"keywords\":[\"artistas Vitoria\",\"Danzastral\",\"emakume artistak\",\"ERAKUSKETA\",\"Espacio Arte La Fundaci\u00f3n\",\"exposici\u00f3n Vitoria\",\"gasteizko ekitaldia\",\"Gasteizko erakusketa\",\"obra arte\",\"zuzeneko musika\"],\"articleSection\":[\"Noticias\"],\"inLanguage\":\"eu-ES\"},{\"@type\":\"WebPage\",\"@id\":\"https:\\\/\\\/www.lafundacion.com\\\/noticias\\\/evento-espacio-arte-enero-2024\\\/\",\"url\":\"https:\\\/\\\/www.lafundacion.com\\\/noticias\\\/evento-espacio-arte-enero-2024\\\/\",\"name\":\"La Fundacionen \\\"Espacio Arte\\\" ekitaldia urtarrilak 2024 &#187; La Fundaci\u00f3n San Prudencio\",\"isPartOf\":{\"@id\":\"https:\\\/\\\/www.lafundacion.com\\\/#website\"},\"primaryImageOfPage\":{\"@id\":\"https:\\\/\\\/www.lafundacion.com\\\/noticias\\\/evento-espacio-arte-enero-2024\\\/#primaryimage\"},\"image\":{\"@id\":\"https:\\\/\\\/www.lafundacion.com\\\/noticias\\\/evento-espacio-arte-enero-2024\\\/#primaryimage\"},\"thumbnailUrl\":\"https:\\\/\\\/www.lafundacion.com\\\/wp-content\\\/uploads\\\/2024\\\/01\\\/Banner-espacio-arte-la-fundacion-Vitoria-Enero2024.jpg\",\"datePublished\":\"2023-12-21T08:00:35+00:00\",\"dateModified\":\"2024-02-08T12:58:59+00:00\",\"description\":\"Erakusketa berria La Fundacionen Espacio Arten. Irailaren 5ean, ASPACE erakusketarekin, poesiarekin eta musikarekin.\",\"breadcrumb\":{\"@id\":\"https:\\\/\\\/www.lafundacion.com\\\/noticias\\\/evento-espacio-arte-enero-2024\\\/#breadcrumb\"},\"inLanguage\":\"eu-ES\",\"potentialAction\":[{\"@type\":\"ReadAction\",\"target\":[\"https:\\\/\\\/www.lafundacion.com\\\/noticias\\\/evento-espacio-arte-enero-2024\\\/\"]}]},{\"@type\":\"ImageObject\",\"inLanguage\":\"eu-ES\",\"@id\":\"https:\\\/\\\/www.lafundacion.com\\\/noticias\\\/evento-espacio-arte-enero-2024\\\/#primaryimage\",\"url\":\"https:\\\/\\\/www.lafundacion.com\\\/wp-content\\\/uploads\\\/2024\\\/01\\\/Banner-espacio-arte-la-fundacion-Vitoria-Enero2024.jpg\",\"contentUrl\":\"https:\\\/\\\/www.lafundacion.com\\\/wp-content\\\/uploads\\\/2024\\\/01\\\/Banner-espacio-arte-la-fundacion-Vitoria-Enero2024.jpg\",\"width\":1500,\"height\":430},{\"@type\":\"BreadcrumbList\",\"@id\":\"https:\\\/\\\/www.lafundacion.com\\\/noticias\\\/evento-espacio-arte-enero-2024\\\/#breadcrumb\",\"itemListElement\":[{\"@type\":\"ListItem\",\"position\":1,\"name\":\"Portada\",\"item\":\"https:\\\/\\\/www.lafundacion.com\\\/eu\\\/hasiera\\\/\"},{\"@type\":\"ListItem\",\"position\":2,\"name\":\"La Fundacionen \u00abEspacio Arte\u00bb ekitaldia urtarrilak 2024\"}]},{\"@type\":\"WebSite\",\"@id\":\"https:\\\/\\\/www.lafundacion.com\\\/#website\",\"url\":\"https:\\\/\\\/www.lafundacion.com\\\/\",\"name\":\"La Fundaci\u00f3n San Prudencio\",\"description\":\"La Fundaci\u00f3n Laboral San Prudencio en Vitoria-Gasteiz\",\"publisher\":{\"@id\":\"https:\\\/\\\/www.lafundacion.com\\\/#organization\"},\"potentialAction\":[{\"@type\":\"SearchAction\",\"target\":{\"@type\":\"EntryPoint\",\"urlTemplate\":\"https:\\\/\\\/www.lafundacion.com\\\/?s={search_term_string}\"},\"query-input\":{\"@type\":\"PropertyValueSpecification\",\"valueRequired\":true,\"valueName\":\"search_term_string\"}}],\"inLanguage\":\"eu-ES\"},{\"@type\":\"Organization\",\"@id\":\"https:\\\/\\\/www.lafundacion.com\\\/#organization\",\"name\":\"La Fundaci\u00f3n San Prudencio\",\"url\":\"https:\\\/\\\/www.lafundacion.com\\\/\",\"logo\":{\"@type\":\"ImageObject\",\"inLanguage\":\"eu-ES\",\"@id\":\"https:\\\/\\\/www.lafundacion.com\\\/#\\\/schema\\\/logo\\\/image\\\/\",\"url\":\"https:\\\/\\\/www.lafundacion.com\\\/wp-content\\\/uploads\\\/2020\\\/03\\\/logo-la-fundacion.png\",\"contentUrl\":\"https:\\\/\\\/www.lafundacion.com\\\/wp-content\\\/uploads\\\/2020\\\/03\\\/logo-la-fundacion.png\",\"width\":323,\"height\":129,\"caption\":\"La Fundaci\u00f3n San Prudencio\"},\"image\":{\"@id\":\"https:\\\/\\\/www.lafundacion.com\\\/#\\\/schema\\\/logo\\\/image\\\/\"}},{\"@type\":\"Person\",\"@id\":\"https:\\\/\\\/www.lafundacion.com\\\/#\\\/schema\\\/person\\\/39119d98dad187760c7ba6ffe0d62170\",\"name\":\"La Fundaci\u00f3n San Prudencio\",\"image\":{\"@type\":\"ImageObject\",\"inLanguage\":\"eu-ES\",\"@id\":\"https:\\\/\\\/secure.gravatar.com\\\/avatar\\\/0c3b0b5573637a9c53bbefa7ba0c7deb19d94f60a43f46e0300cd05fc3625862?s=96&d=mm&r=g\",\"url\":\"https:\\\/\\\/secure.gravatar.com\\\/avatar\\\/0c3b0b5573637a9c53bbefa7ba0c7deb19d94f60a43f46e0300cd05fc3625862?s=96&d=mm&r=g\",\"contentUrl\":\"https:\\\/\\\/secure.gravatar.com\\\/avatar\\\/0c3b0b5573637a9c53bbefa7ba0c7deb19d94f60a43f46e0300cd05fc3625862?s=96&d=mm&r=g\",\"caption\":\"La Fundaci\u00f3n San Prudencio\"}}]}<\/script>\r\n<!-- \/ Yoast SEO plugin. -->","yoast_head_json":{"title":"La Fundacionen \"Espacio Arte\" ekitaldia urtarrilak 2024 &#187; La Fundaci\u00f3n San Prudencio","description":"Erakusketa berria La Fundacionen Espacio Arten. Irailaren 5ean, ASPACE erakusketarekin, poesiarekin eta musikarekin.","robots":{"index":"index","follow":"follow","max-snippet":"max-snippet:-1","max-image-preview":"max-image-preview:large","max-video-preview":"max-video-preview:-1"},"canonical":"https:\/\/www.lafundacion.com\/noticias\/evento-espacio-arte-enero-2024\/","og_locale":"eu_ES","og_type":"article","og_title":"La Fundacionen Espacio Arteren erakusketa berria ID-Arterekin","og_description":"Erakusketa berria La Fundacionen Espacio Arten. Irailaren 5ean, ASPACE erakusketarekin, poesiarekin eta musikarekin.","og_url":"https:\/\/www.lafundacion.com\/noticias\/evento-espacio-arte-enero-2024\/","og_site_name":"La Fundaci\u00f3n San Prudencio","article_published_time":"2023-12-21T08:00:35+00:00","article_modified_time":"2024-02-08T12:58:59+00:00","og_image":[{"url":"https:\/\/www.lafundacion.com\/wp-content\/uploads\/2022\/10\/Ilustraciones-Agora-La-Fundacion-San-Prudencio-750x430.jpg","type":"","width":"","height":""}],"author":"La Fundaci\u00f3n San Prudencio","twitter_card":"summary_large_image","twitter_title":"La Fundacionen Espacio Arteren erakusketa berria martxoan","twitter_image":"https:\/\/www.lafundacion.com\/wp-content\/uploads\/2022\/10\/Ilustraciones-Agora-La-Fundacion-San-Prudencio-750x430.jpg","twitter_misc":{"Written by":"La Fundaci\u00f3n San Prudencio","Est. reading time":"12 minutes"},"schema":{"@context":"https:\/\/schema.org","@graph":[{"@type":"Article","@id":"https:\/\/www.lafundacion.com\/noticias\/evento-espacio-arte-enero-2024\/#article","isPartOf":{"@id":"https:\/\/www.lafundacion.com\/noticias\/evento-espacio-arte-enero-2024\/"},"author":{"name":"La Fundaci\u00f3n San Prudencio","@id":"https:\/\/www.lafundacion.com\/#\/schema\/person\/39119d98dad187760c7ba6ffe0d62170"},"headline":"La Fundacionen &#8220;Espacio Arte&#8221; ekitaldia urtarrilak 2024","datePublished":"2023-12-21T08:00:35+00:00","dateModified":"2024-02-08T12:58:59+00:00","mainEntityOfPage":{"@id":"https:\/\/www.lafundacion.com\/noticias\/evento-espacio-arte-enero-2024\/"},"wordCount":5993,"publisher":{"@id":"https:\/\/www.lafundacion.com\/#organization"},"image":{"@id":"https:\/\/www.lafundacion.com\/noticias\/evento-espacio-arte-enero-2024\/#primaryimage"},"thumbnailUrl":"https:\/\/www.lafundacion.com\/wp-content\/uploads\/2024\/01\/Banner-espacio-arte-la-fundacion-Vitoria-Enero2024.jpg","keywords":["artistas Vitoria","Danzastral","emakume artistak","ERAKUSKETA","Espacio Arte La Fundaci\u00f3n","exposici\u00f3n Vitoria","gasteizko ekitaldia","Gasteizko erakusketa","obra arte","zuzeneko musika"],"articleSection":["Noticias"],"inLanguage":"eu-ES"},{"@type":"WebPage","@id":"https:\/\/www.lafundacion.com\/noticias\/evento-espacio-arte-enero-2024\/","url":"https:\/\/www.lafundacion.com\/noticias\/evento-espacio-arte-enero-2024\/","name":"La Fundacionen \"Espacio Arte\" ekitaldia urtarrilak 2024 &#187; La Fundaci\u00f3n San Prudencio","isPartOf":{"@id":"https:\/\/www.lafundacion.com\/#website"},"primaryImageOfPage":{"@id":"https:\/\/www.lafundacion.com\/noticias\/evento-espacio-arte-enero-2024\/#primaryimage"},"image":{"@id":"https:\/\/www.lafundacion.com\/noticias\/evento-espacio-arte-enero-2024\/#primaryimage"},"thumbnailUrl":"https:\/\/www.lafundacion.com\/wp-content\/uploads\/2024\/01\/Banner-espacio-arte-la-fundacion-Vitoria-Enero2024.jpg","datePublished":"2023-12-21T08:00:35+00:00","dateModified":"2024-02-08T12:58:59+00:00","description":"Erakusketa berria La Fundacionen Espacio Arten. Irailaren 5ean, ASPACE erakusketarekin, poesiarekin eta musikarekin.","breadcrumb":{"@id":"https:\/\/www.lafundacion.com\/noticias\/evento-espacio-arte-enero-2024\/#breadcrumb"},"inLanguage":"eu-ES","potentialAction":[{"@type":"ReadAction","target":["https:\/\/www.lafundacion.com\/noticias\/evento-espacio-arte-enero-2024\/"]}]},{"@type":"ImageObject","inLanguage":"eu-ES","@id":"https:\/\/www.lafundacion.com\/noticias\/evento-espacio-arte-enero-2024\/#primaryimage","url":"https:\/\/www.lafundacion.com\/wp-content\/uploads\/2024\/01\/Banner-espacio-arte-la-fundacion-Vitoria-Enero2024.jpg","contentUrl":"https:\/\/www.lafundacion.com\/wp-content\/uploads\/2024\/01\/Banner-espacio-arte-la-fundacion-Vitoria-Enero2024.jpg","width":1500,"height":430},{"@type":"BreadcrumbList","@id":"https:\/\/www.lafundacion.com\/noticias\/evento-espacio-arte-enero-2024\/#breadcrumb","itemListElement":[{"@type":"ListItem","position":1,"name":"Portada","item":"https:\/\/www.lafundacion.com\/eu\/hasiera\/"},{"@type":"ListItem","position":2,"name":"La Fundacionen \u00abEspacio Arte\u00bb ekitaldia urtarrilak 2024"}]},{"@type":"WebSite","@id":"https:\/\/www.lafundacion.com\/#website","url":"https:\/\/www.lafundacion.com\/","name":"La Fundaci\u00f3n San Prudencio","description":"La Fundaci\u00f3n Laboral San Prudencio en Vitoria-Gasteiz","publisher":{"@id":"https:\/\/www.lafundacion.com\/#organization"},"potentialAction":[{"@type":"SearchAction","target":{"@type":"EntryPoint","urlTemplate":"https:\/\/www.lafundacion.com\/?s={search_term_string}"},"query-input":{"@type":"PropertyValueSpecification","valueRequired":true,"valueName":"search_term_string"}}],"inLanguage":"eu-ES"},{"@type":"Organization","@id":"https:\/\/www.lafundacion.com\/#organization","name":"La Fundaci\u00f3n San Prudencio","url":"https:\/\/www.lafundacion.com\/","logo":{"@type":"ImageObject","inLanguage":"eu-ES","@id":"https:\/\/www.lafundacion.com\/#\/schema\/logo\/image\/","url":"https:\/\/www.lafundacion.com\/wp-content\/uploads\/2020\/03\/logo-la-fundacion.png","contentUrl":"https:\/\/www.lafundacion.com\/wp-content\/uploads\/2020\/03\/logo-la-fundacion.png","width":323,"height":129,"caption":"La Fundaci\u00f3n San Prudencio"},"image":{"@id":"https:\/\/www.lafundacion.com\/#\/schema\/logo\/image\/"}},{"@type":"Person","@id":"https:\/\/www.lafundacion.com\/#\/schema\/person\/39119d98dad187760c7ba6ffe0d62170","name":"La Fundaci\u00f3n San Prudencio","image":{"@type":"ImageObject","inLanguage":"eu-ES","@id":"https:\/\/secure.gravatar.com\/avatar\/0c3b0b5573637a9c53bbefa7ba0c7deb19d94f60a43f46e0300cd05fc3625862?s=96&d=mm&r=g","url":"https:\/\/secure.gravatar.com\/avatar\/0c3b0b5573637a9c53bbefa7ba0c7deb19d94f60a43f46e0300cd05fc3625862?s=96&d=mm&r=g","contentUrl":"https:\/\/secure.gravatar.com\/avatar\/0c3b0b5573637a9c53bbefa7ba0c7deb19d94f60a43f46e0300cd05fc3625862?s=96&d=mm&r=g","caption":"La Fundaci\u00f3n San Prudencio"}}]}},"_links":{"self":[{"href":"https:\/\/www.lafundacion.com\/eu\/wp-json\/wp\/v2\/posts\/63849","targetHints":{"allow":["GET"]}}],"collection":[{"href":"https:\/\/www.lafundacion.com\/eu\/wp-json\/wp\/v2\/posts"}],"about":[{"href":"https:\/\/www.lafundacion.com\/eu\/wp-json\/wp\/v2\/types\/post"}],"author":[{"embeddable":true,"href":"https:\/\/www.lafundacion.com\/eu\/wp-json\/wp\/v2\/users\/2"}],"replies":[{"embeddable":true,"href":"https:\/\/www.lafundacion.com\/eu\/wp-json\/wp\/v2\/comments?post=63849"}],"version-history":[{"count":32,"href":"https:\/\/www.lafundacion.com\/eu\/wp-json\/wp\/v2\/posts\/63849\/revisions"}],"predecessor-version":[{"id":65288,"href":"https:\/\/www.lafundacion.com\/eu\/wp-json\/wp\/v2\/posts\/63849\/revisions\/65288"}],"wp:featuredmedia":[{"embeddable":true,"href":"https:\/\/www.lafundacion.com\/eu\/wp-json\/wp\/v2\/media\/64591"}],"wp:attachment":[{"href":"https:\/\/www.lafundacion.com\/eu\/wp-json\/wp\/v2\/media?parent=63849"}],"wp:term":[{"taxonomy":"category","embeddable":true,"href":"https:\/\/www.lafundacion.com\/eu\/wp-json\/wp\/v2\/categories?post=63849"},{"taxonomy":"post_tag","embeddable":true,"href":"https:\/\/www.lafundacion.com\/eu\/wp-json\/wp\/v2\/tags?post=63849"}],"curies":[{"name":"wp","href":"https:\/\/api.w.org\/{rel}","templated":true}]}}