{"id":57495,"date":"2023-07-26T10:21:21","date_gmt":"2023-07-26T08:21:21","guid":{"rendered":"https:\/\/www.lafundacion.com\/?p=57495"},"modified":"2023-07-26T10:42:10","modified_gmt":"2023-07-26T08:42:10","slug":"zirku-saio-dibertigarria-la-fundacion","status":"publish","type":"post","link":"https:\/\/www.lafundacion.com\/eu\/noticias-eu\/zirku-saio-dibertigarria-la-fundacion\/","title":{"rendered":"Hemen da La Fundacioneko titularrentzako Zirkua!"},"content":{"rendered":"<div id='full_slider_1'  class='avia-fullwidth-slider main_color avia-shadow   avia-builder-el-0  el_before_av_two_fifth  avia-builder-el-first   container_wrap fullsize'  ><div  class='avia-slideshow av-l4wk634z-8c3ac96761eeb99c73b4f8f7eb53c934 avia-slideshow-featured av_slideshow_full avia-slide-slider av-slideshow-ui av-control-default av-slideshow-manual av-loop-once av-loop-manual-endless av-default-height-applied   avia-slideshow-1' data-slideshow-options=\"{&quot;animation&quot;:&quot;slide&quot;,&quot;autoplay&quot;:false,&quot;loop_autoplay&quot;:&quot;once&quot;,&quot;interval&quot;:5,&quot;loop_manual&quot;:&quot;manual-endless&quot;,&quot;autoplay_stopper&quot;:false,&quot;noNavigation&quot;:false,&quot;bg_slider&quot;:false,&quot;keep_padding&quot;:false,&quot;hoverpause&quot;:false,&quot;show_slide_delay&quot;:0}\"  itemprop=\"image\" itemscope=\"itemscope\" itemtype=\"https:\/\/schema.org\/ImageObject\" ><ul class='avia-slideshow-inner ' style='padding-bottom: 28.666666666667%;'><li  class='avia-slideshow-slide av-l4wk634z-8c3ac96761eeb99c73b4f8f7eb53c934__0  av-single-slide slide-1 slide-odd'><div data-rel='slideshow-1' class='avia-slide-wrap '   ><img decoding=\"async\" fetchpriority=\"high\" class=\"wp-image-55941 avia-img-lazy-loading-not-55941\"  src=\"https:\/\/www.lafundacion.com\/wp-content\/uploads\/2023\/06\/banner-circo-la-fundacion-2023-EUS.jpg\" width=\"1500\" height=\"430\" title='banner-circo-la-fundacion-2023-EUS' alt=''  itemprop=\"thumbnailUrl\" srcset=\"https:\/\/www.lafundacion.com\/wp-content\/uploads\/2023\/06\/banner-circo-la-fundacion-2023-EUS.jpg 1500w, https:\/\/www.lafundacion.com\/wp-content\/uploads\/2023\/06\/banner-circo-la-fundacion-2023-EUS-300x86.jpg 300w, https:\/\/www.lafundacion.com\/wp-content\/uploads\/2023\/06\/banner-circo-la-fundacion-2023-EUS-1030x295.jpg 1030w, https:\/\/www.lafundacion.com\/wp-content\/uploads\/2023\/06\/banner-circo-la-fundacion-2023-EUS-768x220.jpg 768w, https:\/\/www.lafundacion.com\/wp-content\/uploads\/2023\/06\/banner-circo-la-fundacion-2023-EUS-705x202.jpg 705w\" sizes=\"(max-width: 1500px) 100vw, 1500px\" \/><\/div><\/li><\/ul><\/div><\/div><div id='after_full_slider_1'  class='main_color av_default_container_wrap container_wrap fullsize'  ><div class='container av-section-cont-open' ><div class='template-page content  av-content-full alpha units'><div class='post-entry post-entry-type-page post-entry-57495'><div class='entry-content-wrapper clearfix'>\n<div  class='flex_column av-3egeee5-4a86a85541c77a14d68b8922d993c83b av_two_fifth  avia-builder-el-1  el_after_av_slideshow_full  el_before_av_one_fourth  avia-builder-el-first  first flex_column_div  '     ><section  class='av_textblock_section av-846sh3-06e10b5a6b162cbc3c31b8a5db56aa27 '   itemscope=\"itemscope\" itemtype=\"https:\/\/schema.org\/BlogPosting\" itemprop=\"blogPost\" ><div class='avia_textblock'  itemprop=\"text\" ><p><strong>LA FUNDACI\u00d3N SAN PRUDENCIORENTZAKO ZIRKU FUNTZIO DIBERTIGARRIA!<\/strong><\/p>\n<p>Uztailaren <strong>24an La Fundaci\u00f3n-eko familiak zirkuaren<\/strong> sesio berezi honetara hurbildu ziren. de julio.<\/p>\n<h3><\/h3>\n<\/div><\/section><\/div>\n<div  class='flex_column av-2uo3e8t-a3d1f21a444c71c17097934dff3fe6a1 av_one_fourth  avia-builder-el-3  el_after_av_two_fifth  el_before_av_one_fourth  flex_column_div  '     ><style type=\"text\/css\" data-created_by=\"avia_inline_auto\" id=\"style-css-av-lkjfc091-ad18d80ab92de5152fc2017c94396bbe\">\n.avia-image-container.av-lkjfc091-ad18d80ab92de5152fc2017c94396bbe img.avia_image{\nbox-shadow:none;\n}\n.avia-image-container.av-lkjfc091-ad18d80ab92de5152fc2017c94396bbe .av-image-caption-overlay-center{\ncolor:#ffffff;\n}\n<\/style>\n<div  class='avia-image-container av-lkjfc091-ad18d80ab92de5152fc2017c94396bbe av-styling- avia-align-center  avia-builder-el-4  avia-builder-el-no-sibling '   itemprop=\"image\" itemscope=\"itemscope\" itemtype=\"https:\/\/schema.org\/ImageObject\" ><div class=\"avia-image-container-inner\"><div class=\"avia-image-overlay-wrap\"><img decoding=\"async\" fetchpriority=\"high\" class='wp-image-57503 avia-img-lazy-loading-not-57503 avia_image ' src=\"https:\/\/www.lafundacion.com\/wp-content\/uploads\/2023\/07\/circo-090-300x200.jpg\" alt='' title='circo - 090'  height=\"200\" width=\"300\"  itemprop=\"thumbnailUrl\" srcset=\"https:\/\/www.lafundacion.com\/wp-content\/uploads\/2023\/07\/circo-090-300x200.jpg 300w, https:\/\/www.lafundacion.com\/wp-content\/uploads\/2023\/07\/circo-090-1030x687.jpg 1030w, https:\/\/www.lafundacion.com\/wp-content\/uploads\/2023\/07\/circo-090-768x512.jpg 768w, https:\/\/www.lafundacion.com\/wp-content\/uploads\/2023\/07\/circo-090-1536x1024.jpg 1536w, https:\/\/www.lafundacion.com\/wp-content\/uploads\/2023\/07\/circo-090-2048x1365.jpg 2048w, https:\/\/www.lafundacion.com\/wp-content\/uploads\/2023\/07\/circo-090-1500x1000.jpg 1500w, https:\/\/www.lafundacion.com\/wp-content\/uploads\/2023\/07\/circo-090-705x470.jpg 705w\" sizes=\"(max-width: 300px) 100vw, 300px\" \/><\/div><\/div><\/div><\/div>\n<div  class='flex_column av-qb5lhy-cf63bc805331a8099fb864efd8363267 av_one_fourth  avia-builder-el-5  el_after_av_one_fourth  el_before_av_one_full  flex_column_div  '     ><style type=\"text\/css\" data-created_by=\"avia_inline_auto\" id=\"style-css-av-lkjfc7m4-30e24485dec958176818f1e7bfddad96\">\n.avia-image-container.av-lkjfc7m4-30e24485dec958176818f1e7bfddad96 img.avia_image{\nbox-shadow:none;\n}\n.avia-image-container.av-lkjfc7m4-30e24485dec958176818f1e7bfddad96 .av-image-caption-overlay-center{\ncolor:#ffffff;\n}\n<\/style>\n<div  class='avia-image-container av-lkjfc7m4-30e24485dec958176818f1e7bfddad96 av-styling- avia-align-center  avia-builder-el-6  avia-builder-el-no-sibling '   itemprop=\"image\" itemscope=\"itemscope\" itemtype=\"https:\/\/schema.org\/ImageObject\" ><div class=\"avia-image-container-inner\"><div class=\"avia-image-overlay-wrap\"><img decoding=\"async\" fetchpriority=\"high\" class='wp-image-57507 avia-img-lazy-loading-not-57507 avia_image ' src=\"https:\/\/www.lafundacion.com\/wp-content\/uploads\/2023\/07\/circo-120-300x200.jpg\" alt='' title='circo - 120'  height=\"200\" width=\"300\"  itemprop=\"thumbnailUrl\" srcset=\"https:\/\/www.lafundacion.com\/wp-content\/uploads\/2023\/07\/circo-120-300x200.jpg 300w, https:\/\/www.lafundacion.com\/wp-content\/uploads\/2023\/07\/circo-120-1030x687.jpg 1030w, https:\/\/www.lafundacion.com\/wp-content\/uploads\/2023\/07\/circo-120-768x512.jpg 768w, https:\/\/www.lafundacion.com\/wp-content\/uploads\/2023\/07\/circo-120-1536x1024.jpg 1536w, https:\/\/www.lafundacion.com\/wp-content\/uploads\/2023\/07\/circo-120-2048x1365.jpg 2048w, https:\/\/www.lafundacion.com\/wp-content\/uploads\/2023\/07\/circo-120-1500x1000.jpg 1500w, https:\/\/www.lafundacion.com\/wp-content\/uploads\/2023\/07\/circo-120-705x470.jpg 705w\" sizes=\"(max-width: 300px) 100vw, 300px\" \/><\/div><\/div><\/div><\/div>\n<div  class='flex_column av-2w5y2e-1920f677654e2ff0624785c3ab6ad845 av_one_full  avia-builder-el-7  el_after_av_one_fourth  el_before_av_one_full  first flex_column_div  column-top-margin'     ><section  class='av_textblock_section av-lkjfq5cu-005eb591095adf1d1a7b7c137bb137fb '   itemscope=\"itemscope\" itemtype=\"https:\/\/schema.org\/BlogPosting\" itemprop=\"blogPost\" ><div class='avia_textblock'  itemprop=\"text\" ><p>Aurten ere,\u00a0 el <strong>Gran Circo Holiday<\/strong>, bere orekari, gimnasta, kontorsionista, pailazo eta bere talde guztiarekin, haur eta nagusien gozamena izan zuen Mendizabalako esparruan.<\/p>\n<\/div><\/section><\/div>\n<div  class='flex_column av-r3djkm-2d803ce8c9680fc7b526c8b74be84081 av_one_full  avia-builder-el-9  el_after_av_one_full  avia-builder-el-last  first flex_column_div  column-top-margin'     ><div  class='avia-button-wrap avia-button-center  avia-builder-el-10  avia-builder-el-no-sibling '>\n<style type=\"text\/css\" data-created_by=\"avia_inline_auto\" id=\"style-css-av-lkjf8ikr-d968ab0a2ecf2d4c79af5632aedc0f84\">\n#top #wrap_all .avia-button.av-lkjf8ikr-d968ab0a2ecf2d4c79af5632aedc0f84:hover{\ncolor:white;\ntransition:all 0.4s ease-in-out;\n}\n#top #wrap_all .avia-button.av-lkjf8ikr-d968ab0a2ecf2d4c79af5632aedc0f84:hover .avia-svg-icon svg:first-child{\nfill:white;\nstroke:white;\n}\n<\/style>\n<a href='https:\/\/www.lafundacion.com\/eu\/argazkiak\/zirkuaren-ekitaldiko-argazkiak\/' class='avia-color-theme-color avia-font-color-theme-color avia-button avia-button-fullwidth av-lkjf8ikr-d968ab0a2ecf2d4c79af5632aedc0f84 avia-icon_select-no avia-color-theme-color'  target=\"_blank\"  rel=\"noopener noreferrer\"  aria-label=\"Argazkiak ikusteko egin klik hemen\"><span class='avia_iconbox_title' >Argazkiak ikusteko egin klik hemen<\/span><span class='avia_button_background avia-button avia-button-fullwidth avia-color-theme-color-highlight'><\/span><\/a><\/div><\/div>\n","protected":false},"excerpt":{"rendered":"","protected":false},"author":2,"featured_media":19170,"comment_status":"closed","ping_status":"closed","sticky":false,"template":"","format":"standard","meta":{"_acf_changed":false,"footnotes":""},"categories":[93],"tags":[241,242,246,240,244,245,243],"class_list":["post-57495","post","type-post","status-publish","format-standard","has-post-thumbnail","hentry","category-noticias-eu","tag-fundacion-laboral-san-prudencio-eu","tag-gasteiz-ekitaldiak","tag-gasteiz-zirkua","tag-la-fundacion-san-prudencio-eu","tag-la-fundacion-san-prudencio-ekitaldiak","tag-la-fundacion-zirkua","tag-umeentzako-ekitaldiak-gasteiz"],"acf":[],"yoast_head":"<!-- This site is optimized with the Yoast SEO plugin v27.5 - https:\/\/yoast.com\/product\/yoast-seo-wordpress\/ -->\r\n<title>Hemen da La Fundacioneko titularrentzako Zirkua! &#187; La Fundaci\u00f3n San Prudencio<\/title>\r\n<meta name=\"description\" content=\"2022 honetan, La Fundaci\u00f3neko Zirkua martxan jartzen dugu gure titular eta bere familientzat uztailaren 22an 18:30etan.\" \/>\r\n<meta name=\"robots\" content=\"index, follow, max-snippet:-1, max-image-preview:large, max-video-preview:-1\" \/>\r\n<link rel=\"canonical\" href=\"https:\/\/www.lafundacion.com\/eu\/noticias-eu\/zirku-saio-dibertigarria-la-fundacion\/\" \/>\r\n<meta property=\"og:locale\" content=\"eu_ES\" \/>\r\n<meta property=\"og:type\" content=\"article\" \/>\r\n<meta property=\"og:title\" content=\"Hemen da La Fundacioneko titularrentzako Zirkua! &#187; La Fundaci\u00f3n San Prudencio\" \/>\r\n<meta property=\"og:description\" content=\"2022 honetan, La Fundaci\u00f3neko Zirkua martxan jartzen dugu gure titular eta bere familientzat uztailaren 22an 18:30etan.\" \/>\r\n<meta property=\"og:url\" content=\"https:\/\/www.lafundacion.com\/eu\/noticias-eu\/zirku-saio-dibertigarria-la-fundacion\/\" \/>\r\n<meta property=\"og:site_name\" content=\"La Fundaci\u00f3n San Prudencio\" \/>\r\n<meta property=\"article:published_time\" content=\"2023-07-26T08:21:21+00:00\" \/>\r\n<meta property=\"article:modified_time\" content=\"2023-07-26T08:42:10+00:00\" \/>\r\n<meta property=\"og:image\" content=\"https:\/\/www.lafundacion.com\/wp-content\/uploads\/2021\/06\/Circo-2021-lafundacion.jpg\" \/>\r\n\t<meta property=\"og:image:width\" content=\"1665\" \/>\r\n\t<meta property=\"og:image:height\" content=\"1006\" \/>\r\n\t<meta property=\"og:image:type\" content=\"image\/jpeg\" \/>\r\n<meta name=\"author\" content=\"La Fundaci\u00f3n San Prudencio\" \/>\r\n<meta name=\"twitter:card\" content=\"summary_large_image\" \/>\r\n<meta name=\"twitter:label1\" content=\"Written by\" \/>\n\t<meta name=\"twitter:data1\" content=\"La Fundaci\u00f3n San Prudencio\" \/>\n\t<meta name=\"twitter:label2\" content=\"Est. reading time\" \/>\n\t<meta name=\"twitter:data2\" content=\"4 minutes\" \/>\r\n<script type=\"application\/ld+json\" class=\"yoast-schema-graph\">{\"@context\":\"https:\\\/\\\/schema.org\",\"@graph\":[{\"@type\":\"Article\",\"@id\":\"https:\\\/\\\/www.lafundacion.com\\\/eu\\\/noticias-eu\\\/zirku-saio-dibertigarria-la-fundacion\\\/#article\",\"isPartOf\":{\"@id\":\"https:\\\/\\\/www.lafundacion.com\\\/eu\\\/noticias-eu\\\/zirku-saio-dibertigarria-la-fundacion\\\/\"},\"author\":{\"name\":\"La Fundaci\u00f3n San Prudencio\",\"@id\":\"https:\\\/\\\/www.lafundacion.com\\\/eu\\\/#\\\/schema\\\/person\\\/39119d98dad187760c7ba6ffe0d62170\"},\"headline\":\"Hemen da La Fundacioneko titularrentzako Zirkua!\",\"datePublished\":\"2023-07-26T08:21:21+00:00\",\"dateModified\":\"2023-07-26T08:42:10+00:00\",\"mainEntityOfPage\":{\"@id\":\"https:\\\/\\\/www.lafundacion.com\\\/eu\\\/noticias-eu\\\/zirku-saio-dibertigarria-la-fundacion\\\/\"},\"wordCount\":2127,\"publisher\":{\"@id\":\"https:\\\/\\\/www.lafundacion.com\\\/eu\\\/#organization\"},\"image\":{\"@id\":\"https:\\\/\\\/www.lafundacion.com\\\/eu\\\/noticias-eu\\\/zirku-saio-dibertigarria-la-fundacion\\\/#primaryimage\"},\"thumbnailUrl\":\"https:\\\/\\\/www.lafundacion.com\\\/wp-content\\\/uploads\\\/2021\\\/06\\\/Circo-2021-lafundacion.jpg\",\"keywords\":[\"fundaci\u00f3n laboral san prudencio\",\"gasteiz ekitaldiak\",\"gasteiz zirkua\",\"La Fundaci\u00f3n San Prudencio\",\"la fundacion san prudencio ekitaldiak\",\"la fundaci\u00f3n zirkua\",\"umeentzako ekitaldiak gasteiz\"],\"articleSection\":[\"Noticias\"],\"inLanguage\":\"eu-ES\"},{\"@type\":\"WebPage\",\"@id\":\"https:\\\/\\\/www.lafundacion.com\\\/eu\\\/noticias-eu\\\/zirku-saio-dibertigarria-la-fundacion\\\/\",\"url\":\"https:\\\/\\\/www.lafundacion.com\\\/eu\\\/noticias-eu\\\/zirku-saio-dibertigarria-la-fundacion\\\/\",\"name\":\"Hemen da La Fundacioneko titularrentzako Zirkua! &#187; La Fundaci\u00f3n San Prudencio\",\"isPartOf\":{\"@id\":\"https:\\\/\\\/www.lafundacion.com\\\/eu\\\/#website\"},\"primaryImageOfPage\":{\"@id\":\"https:\\\/\\\/www.lafundacion.com\\\/eu\\\/noticias-eu\\\/zirku-saio-dibertigarria-la-fundacion\\\/#primaryimage\"},\"image\":{\"@id\":\"https:\\\/\\\/www.lafundacion.com\\\/eu\\\/noticias-eu\\\/zirku-saio-dibertigarria-la-fundacion\\\/#primaryimage\"},\"thumbnailUrl\":\"https:\\\/\\\/www.lafundacion.com\\\/wp-content\\\/uploads\\\/2021\\\/06\\\/Circo-2021-lafundacion.jpg\",\"datePublished\":\"2023-07-26T08:21:21+00:00\",\"dateModified\":\"2023-07-26T08:42:10+00:00\",\"description\":\"2022 honetan, La Fundaci\u00f3neko Zirkua martxan jartzen dugu gure titular eta bere familientzat uztailaren 22an 18:30etan.\",\"breadcrumb\":{\"@id\":\"https:\\\/\\\/www.lafundacion.com\\\/eu\\\/noticias-eu\\\/zirku-saio-dibertigarria-la-fundacion\\\/#breadcrumb\"},\"inLanguage\":\"eu-ES\",\"potentialAction\":[{\"@type\":\"ReadAction\",\"target\":[\"https:\\\/\\\/www.lafundacion.com\\\/eu\\\/noticias-eu\\\/zirku-saio-dibertigarria-la-fundacion\\\/\"]}]},{\"@type\":\"ImageObject\",\"inLanguage\":\"eu-ES\",\"@id\":\"https:\\\/\\\/www.lafundacion.com\\\/eu\\\/noticias-eu\\\/zirku-saio-dibertigarria-la-fundacion\\\/#primaryimage\",\"url\":\"https:\\\/\\\/www.lafundacion.com\\\/wp-content\\\/uploads\\\/2021\\\/06\\\/Circo-2021-lafundacion.jpg\",\"contentUrl\":\"https:\\\/\\\/www.lafundacion.com\\\/wp-content\\\/uploads\\\/2021\\\/06\\\/Circo-2021-lafundacion.jpg\",\"width\":1665,\"height\":1006,\"caption\":\"La-Fundacion-Zirkua-2022\"},{\"@type\":\"BreadcrumbList\",\"@id\":\"https:\\\/\\\/www.lafundacion.com\\\/eu\\\/noticias-eu\\\/zirku-saio-dibertigarria-la-fundacion\\\/#breadcrumb\",\"itemListElement\":[{\"@type\":\"ListItem\",\"position\":1,\"name\":\"Portada\",\"item\":\"https:\\\/\\\/www.lafundacion.com\\\/eu\\\/hasiera\\\/\"},{\"@type\":\"ListItem\",\"position\":2,\"name\":\"Hemen da La Fundacioneko titularrentzako Zirkua!\"}]},{\"@type\":\"WebSite\",\"@id\":\"https:\\\/\\\/www.lafundacion.com\\\/eu\\\/#website\",\"url\":\"https:\\\/\\\/www.lafundacion.com\\\/eu\\\/\",\"name\":\"La Fundaci\u00f3n San Prudencio\",\"description\":\"La Fundaci\u00f3n Laboral San Prudencio en Vitoria-Gasteiz\",\"publisher\":{\"@id\":\"https:\\\/\\\/www.lafundacion.com\\\/eu\\\/#organization\"},\"potentialAction\":[{\"@type\":\"SearchAction\",\"target\":{\"@type\":\"EntryPoint\",\"urlTemplate\":\"https:\\\/\\\/www.lafundacion.com\\\/eu\\\/?s={search_term_string}\"},\"query-input\":{\"@type\":\"PropertyValueSpecification\",\"valueRequired\":true,\"valueName\":\"search_term_string\"}}],\"inLanguage\":\"eu-ES\"},{\"@type\":\"Organization\",\"@id\":\"https:\\\/\\\/www.lafundacion.com\\\/eu\\\/#organization\",\"name\":\"La Fundaci\u00f3n San Prudencio\",\"url\":\"https:\\\/\\\/www.lafundacion.com\\\/eu\\\/\",\"logo\":{\"@type\":\"ImageObject\",\"inLanguage\":\"eu-ES\",\"@id\":\"https:\\\/\\\/www.lafundacion.com\\\/eu\\\/#\\\/schema\\\/logo\\\/image\\\/\",\"url\":\"https:\\\/\\\/www.lafundacion.com\\\/wp-content\\\/uploads\\\/2020\\\/03\\\/logo-la-fundacion.png\",\"contentUrl\":\"https:\\\/\\\/www.lafundacion.com\\\/wp-content\\\/uploads\\\/2020\\\/03\\\/logo-la-fundacion.png\",\"width\":323,\"height\":129,\"caption\":\"La Fundaci\u00f3n San Prudencio\"},\"image\":{\"@id\":\"https:\\\/\\\/www.lafundacion.com\\\/eu\\\/#\\\/schema\\\/logo\\\/image\\\/\"}},{\"@type\":\"Person\",\"@id\":\"https:\\\/\\\/www.lafundacion.com\\\/eu\\\/#\\\/schema\\\/person\\\/39119d98dad187760c7ba6ffe0d62170\",\"name\":\"La Fundaci\u00f3n San Prudencio\",\"image\":{\"@type\":\"ImageObject\",\"inLanguage\":\"eu-ES\",\"@id\":\"https:\\\/\\\/secure.gravatar.com\\\/avatar\\\/0c3b0b5573637a9c53bbefa7ba0c7deb19d94f60a43f46e0300cd05fc3625862?s=96&d=mm&r=g\",\"url\":\"https:\\\/\\\/secure.gravatar.com\\\/avatar\\\/0c3b0b5573637a9c53bbefa7ba0c7deb19d94f60a43f46e0300cd05fc3625862?s=96&d=mm&r=g\",\"contentUrl\":\"https:\\\/\\\/secure.gravatar.com\\\/avatar\\\/0c3b0b5573637a9c53bbefa7ba0c7deb19d94f60a43f46e0300cd05fc3625862?s=96&d=mm&r=g\",\"caption\":\"La Fundaci\u00f3n San Prudencio\"}}]}<\/script>\r\n<!-- \/ Yoast SEO plugin. -->","yoast_head_json":{"title":"Hemen da La Fundacioneko titularrentzako Zirkua! &#187; La Fundaci\u00f3n San Prudencio","description":"2022 honetan, La Fundaci\u00f3neko Zirkua martxan jartzen dugu gure titular eta bere familientzat uztailaren 22an 18:30etan.","robots":{"index":"index","follow":"follow","max-snippet":"max-snippet:-1","max-image-preview":"max-image-preview:large","max-video-preview":"max-video-preview:-1"},"canonical":"https:\/\/www.lafundacion.com\/eu\/noticias-eu\/zirku-saio-dibertigarria-la-fundacion\/","og_locale":"eu_ES","og_type":"article","og_title":"Hemen da La Fundacioneko titularrentzako Zirkua! &#187; La Fundaci\u00f3n San Prudencio","og_description":"2022 honetan, La Fundaci\u00f3neko Zirkua martxan jartzen dugu gure titular eta bere familientzat uztailaren 22an 18:30etan.","og_url":"https:\/\/www.lafundacion.com\/eu\/noticias-eu\/zirku-saio-dibertigarria-la-fundacion\/","og_site_name":"La Fundaci\u00f3n San Prudencio","article_published_time":"2023-07-26T08:21:21+00:00","article_modified_time":"2023-07-26T08:42:10+00:00","og_image":[{"width":1665,"height":1006,"url":"https:\/\/www.lafundacion.com\/wp-content\/uploads\/2021\/06\/Circo-2021-lafundacion.jpg","type":"image\/jpeg"}],"author":"La Fundaci\u00f3n San Prudencio","twitter_card":"summary_large_image","twitter_misc":{"Written by":"La Fundaci\u00f3n San Prudencio","Est. reading time":"4 minutes"},"schema":{"@context":"https:\/\/schema.org","@graph":[{"@type":"Article","@id":"https:\/\/www.lafundacion.com\/eu\/noticias-eu\/zirku-saio-dibertigarria-la-fundacion\/#article","isPartOf":{"@id":"https:\/\/www.lafundacion.com\/eu\/noticias-eu\/zirku-saio-dibertigarria-la-fundacion\/"},"author":{"name":"La Fundaci\u00f3n San Prudencio","@id":"https:\/\/www.lafundacion.com\/eu\/#\/schema\/person\/39119d98dad187760c7ba6ffe0d62170"},"headline":"Hemen da La Fundacioneko titularrentzako Zirkua!","datePublished":"2023-07-26T08:21:21+00:00","dateModified":"2023-07-26T08:42:10+00:00","mainEntityOfPage":{"@id":"https:\/\/www.lafundacion.com\/eu\/noticias-eu\/zirku-saio-dibertigarria-la-fundacion\/"},"wordCount":2127,"publisher":{"@id":"https:\/\/www.lafundacion.com\/eu\/#organization"},"image":{"@id":"https:\/\/www.lafundacion.com\/eu\/noticias-eu\/zirku-saio-dibertigarria-la-fundacion\/#primaryimage"},"thumbnailUrl":"https:\/\/www.lafundacion.com\/wp-content\/uploads\/2021\/06\/Circo-2021-lafundacion.jpg","keywords":["fundaci\u00f3n laboral san prudencio","gasteiz ekitaldiak","gasteiz zirkua","La Fundaci\u00f3n San Prudencio","la fundacion san prudencio ekitaldiak","la fundaci\u00f3n zirkua","umeentzako ekitaldiak gasteiz"],"articleSection":["Noticias"],"inLanguage":"eu-ES"},{"@type":"WebPage","@id":"https:\/\/www.lafundacion.com\/eu\/noticias-eu\/zirku-saio-dibertigarria-la-fundacion\/","url":"https:\/\/www.lafundacion.com\/eu\/noticias-eu\/zirku-saio-dibertigarria-la-fundacion\/","name":"Hemen da La Fundacioneko titularrentzako Zirkua! &#187; La Fundaci\u00f3n San Prudencio","isPartOf":{"@id":"https:\/\/www.lafundacion.com\/eu\/#website"},"primaryImageOfPage":{"@id":"https:\/\/www.lafundacion.com\/eu\/noticias-eu\/zirku-saio-dibertigarria-la-fundacion\/#primaryimage"},"image":{"@id":"https:\/\/www.lafundacion.com\/eu\/noticias-eu\/zirku-saio-dibertigarria-la-fundacion\/#primaryimage"},"thumbnailUrl":"https:\/\/www.lafundacion.com\/wp-content\/uploads\/2021\/06\/Circo-2021-lafundacion.jpg","datePublished":"2023-07-26T08:21:21+00:00","dateModified":"2023-07-26T08:42:10+00:00","description":"2022 honetan, La Fundaci\u00f3neko Zirkua martxan jartzen dugu gure titular eta bere familientzat uztailaren 22an 18:30etan.","breadcrumb":{"@id":"https:\/\/www.lafundacion.com\/eu\/noticias-eu\/zirku-saio-dibertigarria-la-fundacion\/#breadcrumb"},"inLanguage":"eu-ES","potentialAction":[{"@type":"ReadAction","target":["https:\/\/www.lafundacion.com\/eu\/noticias-eu\/zirku-saio-dibertigarria-la-fundacion\/"]}]},{"@type":"ImageObject","inLanguage":"eu-ES","@id":"https:\/\/www.lafundacion.com\/eu\/noticias-eu\/zirku-saio-dibertigarria-la-fundacion\/#primaryimage","url":"https:\/\/www.lafundacion.com\/wp-content\/uploads\/2021\/06\/Circo-2021-lafundacion.jpg","contentUrl":"https:\/\/www.lafundacion.com\/wp-content\/uploads\/2021\/06\/Circo-2021-lafundacion.jpg","width":1665,"height":1006,"caption":"La-Fundacion-Zirkua-2022"},{"@type":"BreadcrumbList","@id":"https:\/\/www.lafundacion.com\/eu\/noticias-eu\/zirku-saio-dibertigarria-la-fundacion\/#breadcrumb","itemListElement":[{"@type":"ListItem","position":1,"name":"Portada","item":"https:\/\/www.lafundacion.com\/eu\/hasiera\/"},{"@type":"ListItem","position":2,"name":"Hemen da La Fundacioneko titularrentzako Zirkua!"}]},{"@type":"WebSite","@id":"https:\/\/www.lafundacion.com\/eu\/#website","url":"https:\/\/www.lafundacion.com\/eu\/","name":"La Fundaci\u00f3n San Prudencio","description":"La Fundaci\u00f3n Laboral San Prudencio en Vitoria-Gasteiz","publisher":{"@id":"https:\/\/www.lafundacion.com\/eu\/#organization"},"potentialAction":[{"@type":"SearchAction","target":{"@type":"EntryPoint","urlTemplate":"https:\/\/www.lafundacion.com\/eu\/?s={search_term_string}"},"query-input":{"@type":"PropertyValueSpecification","valueRequired":true,"valueName":"search_term_string"}}],"inLanguage":"eu-ES"},{"@type":"Organization","@id":"https:\/\/www.lafundacion.com\/eu\/#organization","name":"La Fundaci\u00f3n San Prudencio","url":"https:\/\/www.lafundacion.com\/eu\/","logo":{"@type":"ImageObject","inLanguage":"eu-ES","@id":"https:\/\/www.lafundacion.com\/eu\/#\/schema\/logo\/image\/","url":"https:\/\/www.lafundacion.com\/wp-content\/uploads\/2020\/03\/logo-la-fundacion.png","contentUrl":"https:\/\/www.lafundacion.com\/wp-content\/uploads\/2020\/03\/logo-la-fundacion.png","width":323,"height":129,"caption":"La Fundaci\u00f3n San Prudencio"},"image":{"@id":"https:\/\/www.lafundacion.com\/eu\/#\/schema\/logo\/image\/"}},{"@type":"Person","@id":"https:\/\/www.lafundacion.com\/eu\/#\/schema\/person\/39119d98dad187760c7ba6ffe0d62170","name":"La Fundaci\u00f3n San Prudencio","image":{"@type":"ImageObject","inLanguage":"eu-ES","@id":"https:\/\/secure.gravatar.com\/avatar\/0c3b0b5573637a9c53bbefa7ba0c7deb19d94f60a43f46e0300cd05fc3625862?s=96&d=mm&r=g","url":"https:\/\/secure.gravatar.com\/avatar\/0c3b0b5573637a9c53bbefa7ba0c7deb19d94f60a43f46e0300cd05fc3625862?s=96&d=mm&r=g","contentUrl":"https:\/\/secure.gravatar.com\/avatar\/0c3b0b5573637a9c53bbefa7ba0c7deb19d94f60a43f46e0300cd05fc3625862?s=96&d=mm&r=g","caption":"La Fundaci\u00f3n San Prudencio"}}]}},"_links":{"self":[{"href":"https:\/\/www.lafundacion.com\/eu\/wp-json\/wp\/v2\/posts\/57495","targetHints":{"allow":["GET"]}}],"collection":[{"href":"https:\/\/www.lafundacion.com\/eu\/wp-json\/wp\/v2\/posts"}],"about":[{"href":"https:\/\/www.lafundacion.com\/eu\/wp-json\/wp\/v2\/types\/post"}],"author":[{"embeddable":true,"href":"https:\/\/www.lafundacion.com\/eu\/wp-json\/wp\/v2\/users\/2"}],"replies":[{"embeddable":true,"href":"https:\/\/www.lafundacion.com\/eu\/wp-json\/wp\/v2\/comments?post=57495"}],"version-history":[{"count":10,"href":"https:\/\/www.lafundacion.com\/eu\/wp-json\/wp\/v2\/posts\/57495\/revisions"}],"predecessor-version":[{"id":57556,"href":"https:\/\/www.lafundacion.com\/eu\/wp-json\/wp\/v2\/posts\/57495\/revisions\/57556"}],"wp:featuredmedia":[{"embeddable":true,"href":"https:\/\/www.lafundacion.com\/eu\/wp-json\/wp\/v2\/media\/19170"}],"wp:attachment":[{"href":"https:\/\/www.lafundacion.com\/eu\/wp-json\/wp\/v2\/media?parent=57495"}],"wp:term":[{"taxonomy":"category","embeddable":true,"href":"https:\/\/www.lafundacion.com\/eu\/wp-json\/wp\/v2\/categories?post=57495"},{"taxonomy":"post_tag","embeddable":true,"href":"https:\/\/www.lafundacion.com\/eu\/wp-json\/wp\/v2\/tags?post=57495"}],"curies":[{"name":"wp","href":"https:\/\/api.w.org\/{rel}","templated":true}]}}