{"id":54356,"date":"2023-05-11T11:44:38","date_gmt":"2023-05-11T09:44:38","guid":{"rendered":"https:\/\/www.lafundacion.com\/?p=54356"},"modified":"2023-05-11T12:49:35","modified_gmt":"2023-05-11T10:49:35","slug":"espacio-arte-maiatzaren-argazkiak","status":"publish","type":"post","link":"https:\/\/www.lafundacion.com\/eu\/argazkiak\/espacio-arte-maiatzaren-argazkiak\/","title":{"rendered":"Espacio Arte-ren maiatzaren ekitaldiko argazkiak"},"content":{"rendered":"\n<style type=\"text\/css\" data-created_by=\"avia_inline_auto\" id=\"style-css-av-ka7v2tnk-2a51a11ccc160ae618386e431c8da464\">\n.avia-section.av-ka7v2tnk-2a51a11ccc160ae618386e431c8da464{\nbackground-repeat:no-repeat;\nbackground-image:url(https:\/\/www.lafundacion.com\/wp-content\/uploads\/2020\/05\/banner-foto-video-300x86.jpg);\nbackground-position:50% 50%;\nbackground-attachment:scroll;\n}\n<\/style>\n<div id='av_section_1'  class='avia-section av-ka7v2tnk-2a51a11ccc160ae618386e431c8da464 main_color avia-section-default avia-no-border-styling  avia-builder-el-0  el_before_av_one_full  avia-builder-el-first  avia-full-stretch avia-bg-style-scroll av-minimum-height av-minimum-height-25 av-height-25  container_wrap fullsize'  data-section-bg-repeat='stretch' data-av_minimum_height_pc='25' data-av_min_height_opt='25'><div class='container av-section-cont-open' ><main  role=\"main\" itemprop=\"mainContentOfPage\"  class='template-page content  av-content-full alpha units'><div class='post-entry post-entry-type-page post-entry-54356'><div class='entry-content-wrapper clearfix'>\n\n<style type=\"text\/css\" data-created_by=\"avia_inline_auto\" id=\"style-css-av-kjiq01u7-ece9acaaccc19a1608e0c11834a12a00\">\n#top .av-special-heading.av-kjiq01u7-ece9acaaccc19a1608e0c11834a12a00{\npadding-bottom:10px;\ncolor:#0ab1ff;\n}\nbody .av-special-heading.av-kjiq01u7-ece9acaaccc19a1608e0c11834a12a00 .av-special-heading-tag .heading-char{\nfont-size:25px;\n}\n.av-special-heading.av-kjiq01u7-ece9acaaccc19a1608e0c11834a12a00 .special-heading-inner-border{\nborder-color:#0ab1ff;\n}\n.av-special-heading.av-kjiq01u7-ece9acaaccc19a1608e0c11834a12a00 .av-subheading{\nfont-size:15px;\n}\n<\/style>\n<div  class='av-special-heading av-kjiq01u7-ece9acaaccc19a1608e0c11834a12a00 av-special-heading-h1 custom-color-heading blockquote modern-quote modern-centered  avia-builder-el-1  avia-builder-el-no-sibling '><h1 class='av-special-heading-tag '  itemprop=\"headline\"  >Espacio Arte-ren eta Poetak Maiatzean ekitaldiaren argazkiak<\/h1><div class=\"special-heading-border\"><div class=\"special-heading-inner-border\"><\/div><\/div><\/div>\n<\/div><\/div><\/main><!-- close content main element --><\/div><\/div><div id='after_section_1'  class='main_color av_default_container_wrap container_wrap fullsize'  ><div class='container av-section-cont-open' ><div class='template-page content  av-content-full alpha units'><div class='post-entry post-entry-type-page post-entry-54356'><div class='entry-content-wrapper clearfix'><div  class='flex_column av-iji888-948fbc848ae8a2c25dd1afb82890e8ab av_one_full  avia-builder-el-2  el_after_av_section  el_before_av_one_full  avia-builder-el-first  first flex_column_div  '     ><section  class='av_textblock_section av-lhit1po7-e1bea2a8a41f2daea6ea5689ec570d62 '   itemscope=\"itemscope\" itemtype=\"https:\/\/schema.org\/BlogPosting\" itemprop=\"blogPost\" ><div class='avia_textblock'  itemprop=\"text\" ><section class=\"av_textblock_section av-lex0cv44-14a5a879b7f95b21dce705fb8ab992fc\">\n<div class=\"avia_textblock\">\n<p>Maiatzaren 2an Poetak Maiatzean ekitaldia egin zen gure Arte Espazioan, eta Nieves Salvadorren eskutik poesia errezitaldi batez gozatu zen. Artista horrek, gainera, La Fundaci\u00f3n-ren bulegoetan erakutsi zituen bere lanak, \u00abBegiratu poesiari\u00bb izenburupean, ekainaren 1era arte.<\/p>\n<p>Errezitaldiaren ondoren, Jesus Guridi kontserbatorioko musika-laukote baten emanaldia izan zen, Maddi Agirrek (flauta), Irene Menak (biolina), Markel Gomezek (biola) eta Maddi Mourzek (biolontxeloa) osatua.<\/p>\n<\/div>\n<\/section>\n<section class=\"av_textblock_section av-lgeuje3o-73bbbd62158ca87fe77c64b8b677376c\">\n<div class=\"avia_textblock\"><\/div>\n<\/section>\n<\/div><\/section><\/div><div  class='flex_column av-ohllel-4f572381f378f7de824ec57a7199b09e av_one_full  avia-builder-el-4  el_after_av_one_full  el_before_av_one_full  first flex_column_div  column-top-margin'     ><\/div><div  class='flex_column av-pku265-f7c5b26e2daed524f77993ac27d6a748 av_one_full  avia-builder-el-6  el_after_av_one_full  avia-builder-el-last  first flex_column_div  column-top-margin'     ><div  class='avia-button-wrap avia-button-center  avia-builder-el-7  avia-builder-el-no-sibling '>\n<style type=\"text\/css\" data-created_by=\"avia_inline_auto\" id=\"style-css-av-lcj0hxbx-92912ca5ec90ca30e1d2fddac3cbb41e\">\n#top #wrap_all .avia-button.av-lcj0hxbx-92912ca5ec90ca30e1d2fddac3cbb41e:hover{\ncolor:white;\ntransition:all 0.4s ease-in-out;\n}\n#top #wrap_all .avia-button.av-lcj0hxbx-92912ca5ec90ca30e1d2fddac3cbb41e:hover .avia-svg-icon svg:first-child{\nfill:white;\nstroke:white;\n}\n<\/style>\n<a href='https:\/\/photos.google.com\/share\/AF1QipMzYUZ5jYFFT0s76zvyVdxMf17e9YGKsec-Yv3b2qfua5XdoQBvOKMJbumhQ4QiTg?key=bmpjVWxtQlNjM2pmS2Z3cW9QZ0t0UXJTYmJTS0Vn' class='avia-color-theme-color avia-font-color-theme-color avia-button avia-button-fullwidth av-lcj0hxbx-92912ca5ec90ca30e1d2fddac3cbb41e avia-icon_select-no avia-color-theme-color'  target=\"_blank\"  rel=\"noopener noreferrer\"  aria-label=\"ARGAZKI GUZTIAK IKUSI\"><span class='avia_iconbox_title' >ARGAZKI GUZTIAK IKUSI<\/span><span class='avia_button_background avia-button avia-button-fullwidth avia-color-theme-color-highlight'><\/span><\/a><\/div><\/div><\/p>\n","protected":false},"excerpt":{"rendered":"","protected":false},"author":2,"featured_media":54364,"comment_status":"closed","ping_status":"closed","sticky":false,"template":"","format":"standard","meta":{"_acf_changed":false,"footnotes":""},"categories":[76],"tags":[634,635,662,460,428,668,240,669],"class_list":["post-54356","post","type-post","status-publish","format-standard","has-post-thumbnail","hentry","category-argazkiak","tag-artea","tag-artea-la-fundacion-en","tag-emakume-artistak","tag-espacio-arte-eu","tag-exposicion-vitoria-eu","tag-id-arte-eu","tag-la-fundacion-san-prudencio-eu","tag-poesia-gasteiz"],"acf":[],"yoast_head":"<!-- This site is optimized with the Yoast SEO plugin v27.5 - https:\/\/yoast.com\/product\/yoast-seo-wordpress\/ -->\r\n<title>Espacio Arte-ren maiatzaren ekitaldiko argazkiak &#187; La Fundaci\u00f3n San Prudencio<\/title>\r\n<meta name=\"description\" content=\"Espacio Arte martxoko ekitaldiaren argazki bilduma ozpatuta Gasteizen.\" \/>\r\n<meta name=\"robots\" content=\"index, follow, max-snippet:-1, max-image-preview:large, max-video-preview:-1\" \/>\r\n<link rel=\"canonical\" href=\"https:\/\/www.lafundacion.com\/eu\/argazkiak\/espacio-arte-maiatzaren-argazkiak\/\" \/>\r\n<meta property=\"og:locale\" content=\"eu_ES\" \/>\r\n<meta property=\"og:type\" content=\"article\" \/>\r\n<meta property=\"og:title\" content=\"Espacio Arte-ren maiatzaren ekitaldiko argazkiak &#187; La Fundaci\u00f3n San Prudencio\" \/>\r\n<meta property=\"og:description\" content=\"Espacio Arte martxoko ekitaldiaren argazki bilduma ozpatuta Gasteizen.\" \/>\r\n<meta property=\"og:url\" content=\"https:\/\/www.lafundacion.com\/eu\/argazkiak\/espacio-arte-maiatzaren-argazkiak\/\" \/>\r\n<meta property=\"og:site_name\" content=\"La Fundaci\u00f3n San Prudencio\" \/>\r\n<meta property=\"article:published_time\" content=\"2023-05-11T09:44:38+00:00\" \/>\r\n<meta property=\"article:modified_time\" content=\"2023-05-11T10:49:35+00:00\" \/>\r\n<meta property=\"og:image\" content=\"https:\/\/www.lafundacion.com\/wp-content\/uploads\/2023\/05\/048-1030x687.jpg\" \/>\r\n\t<meta property=\"og:image:width\" content=\"1030\" \/>\r\n\t<meta property=\"og:image:height\" content=\"687\" \/>\r\n\t<meta property=\"og:image:type\" content=\"image\/jpeg\" \/>\r\n<meta name=\"author\" content=\"La Fundaci\u00f3n San Prudencio\" \/>\r\n<meta name=\"twitter:card\" content=\"summary_large_image\" \/>\r\n<meta name=\"twitter:label1\" content=\"Written by\" \/>\n\t<meta name=\"twitter:data1\" content=\"La Fundaci\u00f3n San Prudencio\" \/>\n\t<meta name=\"twitter:label2\" content=\"Est. reading time\" \/>\n\t<meta name=\"twitter:data2\" content=\"3 minutes\" \/>\r\n<script type=\"application\/ld+json\" class=\"yoast-schema-graph\">{\"@context\":\"https:\\\/\\\/schema.org\",\"@graph\":[{\"@type\":\"Article\",\"@id\":\"https:\\\/\\\/www.lafundacion.com\\\/eu\\\/argazkiak\\\/espacio-arte-maiatzaren-argazkiak\\\/#article\",\"isPartOf\":{\"@id\":\"https:\\\/\\\/www.lafundacion.com\\\/eu\\\/argazkiak\\\/espacio-arte-maiatzaren-argazkiak\\\/\"},\"author\":{\"name\":\"La Fundaci\u00f3n San Prudencio\",\"@id\":\"https:\\\/\\\/www.lafundacion.com\\\/eu\\\/#\\\/schema\\\/person\\\/39119d98dad187760c7ba6ffe0d62170\"},\"headline\":\"Espacio Arte-ren maiatzaren ekitaldiko argazkiak\",\"datePublished\":\"2023-05-11T09:44:38+00:00\",\"dateModified\":\"2023-05-11T10:49:35+00:00\",\"mainEntityOfPage\":{\"@id\":\"https:\\\/\\\/www.lafundacion.com\\\/eu\\\/argazkiak\\\/espacio-arte-maiatzaren-argazkiak\\\/\"},\"wordCount\":1515,\"publisher\":{\"@id\":\"https:\\\/\\\/www.lafundacion.com\\\/eu\\\/#organization\"},\"image\":{\"@id\":\"https:\\\/\\\/www.lafundacion.com\\\/eu\\\/argazkiak\\\/espacio-arte-maiatzaren-argazkiak\\\/#primaryimage\"},\"thumbnailUrl\":\"https:\\\/\\\/www.lafundacion.com\\\/wp-content\\\/uploads\\\/2023\\\/05\\\/048-scaled.jpg\",\"keywords\":[\"artea\",\"Artea La Fundaci\u00f3n-en\",\"emakume artistak\",\"Espacio Arte\",\"exposici\u00f3n Vitoria\",\"ID Arte\",\"La Fundaci\u00f3n San Prudencio\",\"poesia Gasteiz\"],\"articleSection\":[\"Argazkiak\"],\"inLanguage\":\"eu-ES\"},{\"@type\":\"WebPage\",\"@id\":\"https:\\\/\\\/www.lafundacion.com\\\/eu\\\/argazkiak\\\/espacio-arte-maiatzaren-argazkiak\\\/\",\"url\":\"https:\\\/\\\/www.lafundacion.com\\\/eu\\\/argazkiak\\\/espacio-arte-maiatzaren-argazkiak\\\/\",\"name\":\"Espacio Arte-ren maiatzaren ekitaldiko argazkiak &#187; La Fundaci\u00f3n San Prudencio\",\"isPartOf\":{\"@id\":\"https:\\\/\\\/www.lafundacion.com\\\/eu\\\/#website\"},\"primaryImageOfPage\":{\"@id\":\"https:\\\/\\\/www.lafundacion.com\\\/eu\\\/argazkiak\\\/espacio-arte-maiatzaren-argazkiak\\\/#primaryimage\"},\"image\":{\"@id\":\"https:\\\/\\\/www.lafundacion.com\\\/eu\\\/argazkiak\\\/espacio-arte-maiatzaren-argazkiak\\\/#primaryimage\"},\"thumbnailUrl\":\"https:\\\/\\\/www.lafundacion.com\\\/wp-content\\\/uploads\\\/2023\\\/05\\\/048-scaled.jpg\",\"datePublished\":\"2023-05-11T09:44:38+00:00\",\"dateModified\":\"2023-05-11T10:49:35+00:00\",\"description\":\"Espacio Arte martxoko ekitaldiaren argazki bilduma ozpatuta Gasteizen.\",\"breadcrumb\":{\"@id\":\"https:\\\/\\\/www.lafundacion.com\\\/eu\\\/argazkiak\\\/espacio-arte-maiatzaren-argazkiak\\\/#breadcrumb\"},\"inLanguage\":\"eu-ES\",\"potentialAction\":[{\"@type\":\"ReadAction\",\"target\":[\"https:\\\/\\\/www.lafundacion.com\\\/eu\\\/argazkiak\\\/espacio-arte-maiatzaren-argazkiak\\\/\"]}]},{\"@type\":\"ImageObject\",\"inLanguage\":\"eu-ES\",\"@id\":\"https:\\\/\\\/www.lafundacion.com\\\/eu\\\/argazkiak\\\/espacio-arte-maiatzaren-argazkiak\\\/#primaryimage\",\"url\":\"https:\\\/\\\/www.lafundacion.com\\\/wp-content\\\/uploads\\\/2023\\\/05\\\/048-scaled.jpg\",\"contentUrl\":\"https:\\\/\\\/www.lafundacion.com\\\/wp-content\\\/uploads\\\/2023\\\/05\\\/048-scaled.jpg\",\"width\":2560,\"height\":1707},{\"@type\":\"BreadcrumbList\",\"@id\":\"https:\\\/\\\/www.lafundacion.com\\\/eu\\\/argazkiak\\\/espacio-arte-maiatzaren-argazkiak\\\/#breadcrumb\",\"itemListElement\":[{\"@type\":\"ListItem\",\"position\":1,\"name\":\"Portada\",\"item\":\"https:\\\/\\\/www.lafundacion.com\\\/eu\\\/hasiera\\\/\"},{\"@type\":\"ListItem\",\"position\":2,\"name\":\"Espacio Arte-ren maiatzaren ekitaldiko argazkiak\"}]},{\"@type\":\"WebSite\",\"@id\":\"https:\\\/\\\/www.lafundacion.com\\\/eu\\\/#website\",\"url\":\"https:\\\/\\\/www.lafundacion.com\\\/eu\\\/\",\"name\":\"La Fundaci\u00f3n San Prudencio\",\"description\":\"La Fundaci\u00f3n Laboral San Prudencio en Vitoria-Gasteiz\",\"publisher\":{\"@id\":\"https:\\\/\\\/www.lafundacion.com\\\/eu\\\/#organization\"},\"potentialAction\":[{\"@type\":\"SearchAction\",\"target\":{\"@type\":\"EntryPoint\",\"urlTemplate\":\"https:\\\/\\\/www.lafundacion.com\\\/eu\\\/?s={search_term_string}\"},\"query-input\":{\"@type\":\"PropertyValueSpecification\",\"valueRequired\":true,\"valueName\":\"search_term_string\"}}],\"inLanguage\":\"eu-ES\"},{\"@type\":\"Organization\",\"@id\":\"https:\\\/\\\/www.lafundacion.com\\\/eu\\\/#organization\",\"name\":\"La Fundaci\u00f3n San Prudencio\",\"url\":\"https:\\\/\\\/www.lafundacion.com\\\/eu\\\/\",\"logo\":{\"@type\":\"ImageObject\",\"inLanguage\":\"eu-ES\",\"@id\":\"https:\\\/\\\/www.lafundacion.com\\\/eu\\\/#\\\/schema\\\/logo\\\/image\\\/\",\"url\":\"https:\\\/\\\/www.lafundacion.com\\\/wp-content\\\/uploads\\\/2020\\\/03\\\/logo-la-fundacion.png\",\"contentUrl\":\"https:\\\/\\\/www.lafundacion.com\\\/wp-content\\\/uploads\\\/2020\\\/03\\\/logo-la-fundacion.png\",\"width\":323,\"height\":129,\"caption\":\"La Fundaci\u00f3n San Prudencio\"},\"image\":{\"@id\":\"https:\\\/\\\/www.lafundacion.com\\\/eu\\\/#\\\/schema\\\/logo\\\/image\\\/\"}},{\"@type\":\"Person\",\"@id\":\"https:\\\/\\\/www.lafundacion.com\\\/eu\\\/#\\\/schema\\\/person\\\/39119d98dad187760c7ba6ffe0d62170\",\"name\":\"La Fundaci\u00f3n San Prudencio\",\"image\":{\"@type\":\"ImageObject\",\"inLanguage\":\"eu-ES\",\"@id\":\"https:\\\/\\\/secure.gravatar.com\\\/avatar\\\/0c3b0b5573637a9c53bbefa7ba0c7deb19d94f60a43f46e0300cd05fc3625862?s=96&d=mm&r=g\",\"url\":\"https:\\\/\\\/secure.gravatar.com\\\/avatar\\\/0c3b0b5573637a9c53bbefa7ba0c7deb19d94f60a43f46e0300cd05fc3625862?s=96&d=mm&r=g\",\"contentUrl\":\"https:\\\/\\\/secure.gravatar.com\\\/avatar\\\/0c3b0b5573637a9c53bbefa7ba0c7deb19d94f60a43f46e0300cd05fc3625862?s=96&d=mm&r=g\",\"caption\":\"La Fundaci\u00f3n San Prudencio\"}}]}<\/script>\r\n<!-- \/ Yoast SEO plugin. -->","yoast_head_json":{"title":"Espacio Arte-ren maiatzaren ekitaldiko argazkiak &#187; La Fundaci\u00f3n San Prudencio","description":"Espacio Arte martxoko ekitaldiaren argazki bilduma ozpatuta Gasteizen.","robots":{"index":"index","follow":"follow","max-snippet":"max-snippet:-1","max-image-preview":"max-image-preview:large","max-video-preview":"max-video-preview:-1"},"canonical":"https:\/\/www.lafundacion.com\/eu\/argazkiak\/espacio-arte-maiatzaren-argazkiak\/","og_locale":"eu_ES","og_type":"article","og_title":"Espacio Arte-ren maiatzaren ekitaldiko argazkiak &#187; La Fundaci\u00f3n San Prudencio","og_description":"Espacio Arte martxoko ekitaldiaren argazki bilduma ozpatuta Gasteizen.","og_url":"https:\/\/www.lafundacion.com\/eu\/argazkiak\/espacio-arte-maiatzaren-argazkiak\/","og_site_name":"La Fundaci\u00f3n San Prudencio","article_published_time":"2023-05-11T09:44:38+00:00","article_modified_time":"2023-05-11T10:49:35+00:00","og_image":[{"width":1030,"height":687,"url":"https:\/\/www.lafundacion.com\/wp-content\/uploads\/2023\/05\/048-1030x687.jpg","type":"image\/jpeg"}],"author":"La Fundaci\u00f3n San Prudencio","twitter_card":"summary_large_image","twitter_misc":{"Written by":"La Fundaci\u00f3n San Prudencio","Est. reading time":"3 minutes"},"schema":{"@context":"https:\/\/schema.org","@graph":[{"@type":"Article","@id":"https:\/\/www.lafundacion.com\/eu\/argazkiak\/espacio-arte-maiatzaren-argazkiak\/#article","isPartOf":{"@id":"https:\/\/www.lafundacion.com\/eu\/argazkiak\/espacio-arte-maiatzaren-argazkiak\/"},"author":{"name":"La Fundaci\u00f3n San Prudencio","@id":"https:\/\/www.lafundacion.com\/eu\/#\/schema\/person\/39119d98dad187760c7ba6ffe0d62170"},"headline":"Espacio Arte-ren maiatzaren ekitaldiko argazkiak","datePublished":"2023-05-11T09:44:38+00:00","dateModified":"2023-05-11T10:49:35+00:00","mainEntityOfPage":{"@id":"https:\/\/www.lafundacion.com\/eu\/argazkiak\/espacio-arte-maiatzaren-argazkiak\/"},"wordCount":1515,"publisher":{"@id":"https:\/\/www.lafundacion.com\/eu\/#organization"},"image":{"@id":"https:\/\/www.lafundacion.com\/eu\/argazkiak\/espacio-arte-maiatzaren-argazkiak\/#primaryimage"},"thumbnailUrl":"https:\/\/www.lafundacion.com\/wp-content\/uploads\/2023\/05\/048-scaled.jpg","keywords":["artea","Artea La Fundaci\u00f3n-en","emakume artistak","Espacio Arte","exposici\u00f3n Vitoria","ID Arte","La Fundaci\u00f3n San Prudencio","poesia Gasteiz"],"articleSection":["Argazkiak"],"inLanguage":"eu-ES"},{"@type":"WebPage","@id":"https:\/\/www.lafundacion.com\/eu\/argazkiak\/espacio-arte-maiatzaren-argazkiak\/","url":"https:\/\/www.lafundacion.com\/eu\/argazkiak\/espacio-arte-maiatzaren-argazkiak\/","name":"Espacio Arte-ren maiatzaren ekitaldiko argazkiak &#187; La Fundaci\u00f3n San Prudencio","isPartOf":{"@id":"https:\/\/www.lafundacion.com\/eu\/#website"},"primaryImageOfPage":{"@id":"https:\/\/www.lafundacion.com\/eu\/argazkiak\/espacio-arte-maiatzaren-argazkiak\/#primaryimage"},"image":{"@id":"https:\/\/www.lafundacion.com\/eu\/argazkiak\/espacio-arte-maiatzaren-argazkiak\/#primaryimage"},"thumbnailUrl":"https:\/\/www.lafundacion.com\/wp-content\/uploads\/2023\/05\/048-scaled.jpg","datePublished":"2023-05-11T09:44:38+00:00","dateModified":"2023-05-11T10:49:35+00:00","description":"Espacio Arte martxoko ekitaldiaren argazki bilduma ozpatuta Gasteizen.","breadcrumb":{"@id":"https:\/\/www.lafundacion.com\/eu\/argazkiak\/espacio-arte-maiatzaren-argazkiak\/#breadcrumb"},"inLanguage":"eu-ES","potentialAction":[{"@type":"ReadAction","target":["https:\/\/www.lafundacion.com\/eu\/argazkiak\/espacio-arte-maiatzaren-argazkiak\/"]}]},{"@type":"ImageObject","inLanguage":"eu-ES","@id":"https:\/\/www.lafundacion.com\/eu\/argazkiak\/espacio-arte-maiatzaren-argazkiak\/#primaryimage","url":"https:\/\/www.lafundacion.com\/wp-content\/uploads\/2023\/05\/048-scaled.jpg","contentUrl":"https:\/\/www.lafundacion.com\/wp-content\/uploads\/2023\/05\/048-scaled.jpg","width":2560,"height":1707},{"@type":"BreadcrumbList","@id":"https:\/\/www.lafundacion.com\/eu\/argazkiak\/espacio-arte-maiatzaren-argazkiak\/#breadcrumb","itemListElement":[{"@type":"ListItem","position":1,"name":"Portada","item":"https:\/\/www.lafundacion.com\/eu\/hasiera\/"},{"@type":"ListItem","position":2,"name":"Espacio Arte-ren maiatzaren ekitaldiko argazkiak"}]},{"@type":"WebSite","@id":"https:\/\/www.lafundacion.com\/eu\/#website","url":"https:\/\/www.lafundacion.com\/eu\/","name":"La Fundaci\u00f3n San Prudencio","description":"La Fundaci\u00f3n Laboral San Prudencio en Vitoria-Gasteiz","publisher":{"@id":"https:\/\/www.lafundacion.com\/eu\/#organization"},"potentialAction":[{"@type":"SearchAction","target":{"@type":"EntryPoint","urlTemplate":"https:\/\/www.lafundacion.com\/eu\/?s={search_term_string}"},"query-input":{"@type":"PropertyValueSpecification","valueRequired":true,"valueName":"search_term_string"}}],"inLanguage":"eu-ES"},{"@type":"Organization","@id":"https:\/\/www.lafundacion.com\/eu\/#organization","name":"La Fundaci\u00f3n San Prudencio","url":"https:\/\/www.lafundacion.com\/eu\/","logo":{"@type":"ImageObject","inLanguage":"eu-ES","@id":"https:\/\/www.lafundacion.com\/eu\/#\/schema\/logo\/image\/","url":"https:\/\/www.lafundacion.com\/wp-content\/uploads\/2020\/03\/logo-la-fundacion.png","contentUrl":"https:\/\/www.lafundacion.com\/wp-content\/uploads\/2020\/03\/logo-la-fundacion.png","width":323,"height":129,"caption":"La Fundaci\u00f3n San Prudencio"},"image":{"@id":"https:\/\/www.lafundacion.com\/eu\/#\/schema\/logo\/image\/"}},{"@type":"Person","@id":"https:\/\/www.lafundacion.com\/eu\/#\/schema\/person\/39119d98dad187760c7ba6ffe0d62170","name":"La Fundaci\u00f3n San Prudencio","image":{"@type":"ImageObject","inLanguage":"eu-ES","@id":"https:\/\/secure.gravatar.com\/avatar\/0c3b0b5573637a9c53bbefa7ba0c7deb19d94f60a43f46e0300cd05fc3625862?s=96&d=mm&r=g","url":"https:\/\/secure.gravatar.com\/avatar\/0c3b0b5573637a9c53bbefa7ba0c7deb19d94f60a43f46e0300cd05fc3625862?s=96&d=mm&r=g","contentUrl":"https:\/\/secure.gravatar.com\/avatar\/0c3b0b5573637a9c53bbefa7ba0c7deb19d94f60a43f46e0300cd05fc3625862?s=96&d=mm&r=g","caption":"La Fundaci\u00f3n San Prudencio"}}]}},"_links":{"self":[{"href":"https:\/\/www.lafundacion.com\/eu\/wp-json\/wp\/v2\/posts\/54356","targetHints":{"allow":["GET"]}}],"collection":[{"href":"https:\/\/www.lafundacion.com\/eu\/wp-json\/wp\/v2\/posts"}],"about":[{"href":"https:\/\/www.lafundacion.com\/eu\/wp-json\/wp\/v2\/types\/post"}],"author":[{"embeddable":true,"href":"https:\/\/www.lafundacion.com\/eu\/wp-json\/wp\/v2\/users\/2"}],"replies":[{"embeddable":true,"href":"https:\/\/www.lafundacion.com\/eu\/wp-json\/wp\/v2\/comments?post=54356"}],"version-history":[{"count":8,"href":"https:\/\/www.lafundacion.com\/eu\/wp-json\/wp\/v2\/posts\/54356\/revisions"}],"predecessor-version":[{"id":54392,"href":"https:\/\/www.lafundacion.com\/eu\/wp-json\/wp\/v2\/posts\/54356\/revisions\/54392"}],"wp:featuredmedia":[{"embeddable":true,"href":"https:\/\/www.lafundacion.com\/eu\/wp-json\/wp\/v2\/media\/54364"}],"wp:attachment":[{"href":"https:\/\/www.lafundacion.com\/eu\/wp-json\/wp\/v2\/media?parent=54356"}],"wp:term":[{"taxonomy":"category","embeddable":true,"href":"https:\/\/www.lafundacion.com\/eu\/wp-json\/wp\/v2\/categories?post=54356"},{"taxonomy":"post_tag","embeddable":true,"href":"https:\/\/www.lafundacion.com\/eu\/wp-json\/wp\/v2\/tags?post=54356"}],"curies":[{"name":"wp","href":"https:\/\/api.w.org\/{rel}","templated":true}]}}