{"id":46735,"date":"2022-11-10T15:40:40","date_gmt":"2022-11-10T14:40:40","guid":{"rendered":"https:\/\/www.lafundacion.com\/?p=46735"},"modified":"2022-11-14T09:56:25","modified_gmt":"2022-11-14T08:56:25","slug":"laneko-osasunaren-biltzarraren-arrakasta","status":"publish","type":"post","link":"https:\/\/www.lafundacion.com\/eu\/noticias-eu\/laneko-osasunaren-biltzarraren-arrakasta\/","title":{"rendered":"Lan osasunaren XXII Biltzarraren arrakasta"},"content":{"rendered":"<div id='full_slider_1'  class='avia-fullwidth-slider main_color avia-shadow   avia-builder-el-0  el_before_av_heading  avia-builder-el-first   container_wrap fullsize'  ><div  class='avia-slideshow av-kp6jtscq-5645274142805a11026c717ad33266bf avia-slideshow-featured av_slideshow_full avia-slide-slider av-slideshow-ui av-control-default av-slideshow-manual av-loop-once av-loop-manual-endless av-default-height-applied   avia-slideshow-1' data-slideshow-options=\"{&quot;animation&quot;:&quot;slide&quot;,&quot;autoplay&quot;:false,&quot;loop_autoplay&quot;:&quot;once&quot;,&quot;interval&quot;:5,&quot;loop_manual&quot;:&quot;manual-endless&quot;,&quot;autoplay_stopper&quot;:false,&quot;noNavigation&quot;:false,&quot;bg_slider&quot;:false,&quot;keep_padding&quot;:false,&quot;hoverpause&quot;:false,&quot;show_slide_delay&quot;:0}\"  itemprop=\"image\" itemscope=\"itemscope\" itemtype=\"https:\/\/schema.org\/ImageObject\" ><ul class='avia-slideshow-inner ' style='padding-bottom: 28.666666666667%;'><li  class='avia-slideshow-slide av-kp6jtscq-5645274142805a11026c717ad33266bf__0  av-single-slide slide-1 slide-odd'><div data-rel='slideshow-1' class='avia-slide-wrap '   ><img decoding=\"async\" fetchpriority=\"high\" class=\"wp-image-46650 avia-img-lazy-loading-not-46650\"  src=\"https:\/\/www.lafundacion.com\/wp-content\/uploads\/2022\/11\/Banner-Congreso-Salud-Laboral2022-1500x430.jpg\" width=\"1500\" height=\"430\" title='Banner-Congreso-Salud-Laboral2022' alt=''  itemprop=\"thumbnailUrl\" srcset=\"https:\/\/www.lafundacion.com\/wp-content\/uploads\/2022\/11\/Banner-Congreso-Salud-Laboral2022.jpg 1500w, https:\/\/www.lafundacion.com\/wp-content\/uploads\/2022\/11\/Banner-Congreso-Salud-Laboral2022-300x86.jpg 300w, https:\/\/www.lafundacion.com\/wp-content\/uploads\/2022\/11\/Banner-Congreso-Salud-Laboral2022-1030x295.jpg 1030w, https:\/\/www.lafundacion.com\/wp-content\/uploads\/2022\/11\/Banner-Congreso-Salud-Laboral2022-768x220.jpg 768w, https:\/\/www.lafundacion.com\/wp-content\/uploads\/2022\/11\/Banner-Congreso-Salud-Laboral2022-705x202.jpg 705w, https:\/\/www.lafundacion.com\/wp-content\/uploads\/2022\/11\/Banner-Congreso-Salud-Laboral2022-350x100.jpg 350w\" sizes=\"(max-width: 1500px) 100vw, 1500px\" \/><\/div><\/li><\/ul><\/div><\/div><div id='after_full_slider_1'  class='main_color av_default_container_wrap container_wrap fullsize'  ><div class='container av-section-cont-open' ><div class='template-page content  av-content-full alpha units'><div class='post-entry post-entry-type-page post-entry-46735'><div class='entry-content-wrapper clearfix'>\n\n<style type=\"text\/css\" data-created_by=\"avia_inline_auto\" id=\"style-css-av-kp6pngbw-476862f7be6f25df167a8904674f7c0f\">\n#top .av-special-heading.av-kp6pngbw-476862f7be6f25df167a8904674f7c0f{\npadding-bottom:10px;\ncolor:#6ec3bd;\n}\nbody .av-special-heading.av-kp6pngbw-476862f7be6f25df167a8904674f7c0f .av-special-heading-tag .heading-char{\nfont-size:25px;\n}\n.av-special-heading.av-kp6pngbw-476862f7be6f25df167a8904674f7c0f .special-heading-inner-border{\nborder-color:#6ec3bd;\n}\n.av-special-heading.av-kp6pngbw-476862f7be6f25df167a8904674f7c0f .av-subheading{\nfont-size:15px;\n}\n<\/style>\n<div  class='av-special-heading av-kp6pngbw-476862f7be6f25df167a8904674f7c0f av-special-heading-h1 custom-color-heading blockquote modern-quote modern-centered  avia-builder-el-1  el_after_av_slideshow_full  el_before_av_hr  avia-builder-el-first '><h1 class='av-special-heading-tag '  itemprop=\"headline\"  >Osasun emozional HANDIAGOArekin, absentismo TXIKIAGOA<\/h1><div class=\"special-heading-border\"><div class=\"special-heading-inner-border\"><\/div><\/div><\/div>\n<div  class='hr av-1sudcpa-e30e72741f467a2769d8d0ff7084a3c8 hr-default  avia-builder-el-2  el_after_av_heading  el_before_av_one_full '><span class='hr-inner '><span class=\"hr-inner-style\"><\/span><\/span><\/div>\n<div  class='flex_column av-t1fiv1-78bd7ff512b8642f5c89382fa728f2e5 av_one_full  avia-builder-el-3  el_after_av_hr  el_before_av_one_half  first flex_column_div  '     ><section  class='av_textblock_section av-kv7y4q4g-665fa0101d78e34c4f5ae70f8f801a82 '   itemscope=\"itemscope\" itemtype=\"https:\/\/schema.org\/BlogPosting\" itemprop=\"blogPost\" ><div class='avia_textblock'  itemprop=\"text\" ><h3>La Fundaci\u00f3n San Prudencioren Laneko Segurtasun eta Osasunari buruzko XXII biltzarrak laneko osasun eta segurtasuneko 500 profesional baino gehiago bildu ditu Europa Biltzar Jauregian<\/h3>\n<h4>Psicolan programa laneko absentismoaren aurkako tresna eraginkorren moduan finkatu da, laneko osasun emozionala babestuz eta hobetuz.<\/h4>\n<p>Biltzar honek Gasteiz gero eta enpresa eta langile gehiago kezkatzen dituen problematika baten epizentroan jartzeko balio izan du: osasun mentaleko arazo ez larriek eragindako lan-absentismoa, Europan laneko bajaren bigarren arrazoia dena, giharretako eta eskeletoko nahasmenduen ondoren.<\/p>\n<p>Jardunaldiak azaroaren 7an, astelehenean, La Fundaci\u00f3n San Prudencioren egoitzan hasi ziren, hainbat lan-mahaiekin, diziplina arteko saioekin. Saio horietan, katedradunek, psikologo klinikoek, lan-osasuneko erakundeetako ordezkariek, enpresek, sindikatuek, doktoreek, administrazio publikoek, akademikoek, zientzialariek eta osasun emozionaleko espezialista handiek problematika hori hainbat ikuspuntutatik aztertu zuten, La Fundaci\u00f3n San Prudencioko Psicolan zerbitzuarekin bilatutako konponbideak indartzeko, langileen osasun emozionalak eragindako absentismoaren aurkako tresna baliodun gisa.<\/p>\n<p>Adituen mahai horien ondorioak izan ziren, hain zuzen ere, Laneko Osasun eta Segurtasunari buruzko XXII biltzarraren (Osasun emozional HANDIAGOArekin, absentismo TXIKIAGOA) amaiera. Manuel Vel\u00e1zquez Batzorde Zientifikoko presidenteak, arrisku psikosozialetan agintari den aldetik, azaldu zituen.<\/p>\n<p>Jardunaldiari hasiera emateko, Yolanda Berasategui La Fundacion San Prudencioko presidentak ongietorria eta biltzarrean bildu ziren agintariei agurra eman zien, gaiaren garrantziaz jabetuta, eta honako hauek hartu zuten hitza: Elena P\u00e9rez Barredo Eusko Jaurlaritzako Lan eta Gizarte Segurantza Sailburuordeak, I\u00f1aki Gurtubai Gasteizko Alkateordeak eta Lourdes \u00cdscar Osalaneko Zuzendari Nagusiak.<\/p>\n<p>Ondoren, Toni Nadal teniseko entrenatzaile eta Rafa Nadal Academyko Kirol Zuzendariaren eskutik &#8220;Dena entrenatu daiteke&#8221; hitzaldiarekin eguneko plater nagusietako bat iritsi zen. Rafa Nadal ilobarekin txikitatik erabili zuen metodologiaren nondik norakoak azaldu zituen eta 22 Grand Slams lortzeko eta historiako gizonezko tenislari sarituena izateko oinarria zein izan den azaldu zuen. Toni Nadalek hainbat gogoeta utzi zituen, hala nola &#8220;Ezin da mundu guztia 1 zenbakia izan, baina mundu guztia hobea izan daiteke&#8221;, eta Eduardo Anitua doktore ospetsua aretoan egon izana ere aprobetxatu zuen bere lana publikoki eskertzeko: Rafa Nadalen karrera zabalagoa izan da bere tratamenduei esker, eta esku-hartze horiek eten egin ziren Francisco de Vitoria auditoriuma bete zuten ikusleen txaloen ondorioz.<\/p>\n<p>Nazioarteko Lan Erakundeko (LANE) zuzendari ohi eta Espainiako Giza Eskubideen aldeko Elkarteko presidenteorde Joaqu\u00edn Nietok, Lan Osasunari eta dimentsio guztietako lantoki osasungarriei buruz hitz egin zuen, psikosoziala barne. Arrisku psikosozialetan aditua den Manuel Velazquezek, Ohorezko Batzordeko Presidentea bera ere, arrisku psikosozialen kudeaketan sakondu zuen, absentismoari aurre egiteko tresna gisa.<\/p>\n<p>Antonio Canok, Madrilgo Unibertsitate Konplutentseko Psikologiako Katedradun eta PsicAPeko zuzendariak, osasun emozionaleko prebentzioari eta laneko gogobetetzeari buruz hausnartu zuen, eta, azkenik, aro digitaleko arrisku psikosozialei buruz hitz egin zuen Crist\u00f3bal Molinak, LARPSICO Andaluziako Arrisku Psikosozialen Laborategiko Zuzendariak. Era berean, benetako esperientziei buruzko bi saio azaldu ziren, Carmen Mart\u00ednez, Lead de Felicidad, eta Ana \u00c1vila, Mahou San Migueleko Prebentzio eta Osasun zuzendariaren eskutik, Mahou San Miguelen Bienestar 360\u00ba filmean lortutako lorpenak kontatu zituzten.<\/p>\n<p>Gehien espero zen uneetako bat Psicolan izan zen, La Fundacion San Prudencioren zerbitzu aitzindaria. Zerbitzu hori dagoeneko Arabako enpresetan ezartzen ari dira eta benetako tresnak eskaintzen ditu osasun emozionala ahalik eta azkarren berreskuratzeko eta absentismoa murrizteko. Jagoba G\u00f3mez San Prudentzio Prebentzio Zerbitzu Mankomunatuko arduradunak eta Marta Gonz\u00e1lez-Pescador PsicoLaneko Kanpo Aholkulariak azaldu zituzten zerbitzu horren xehetasunak. Zerbitzu horrek lan-eremuan nahiz eremu pertsonalean sortzen diren arazoiei soluzio laburrak, errazak, ebidentzian oinarritutako terapia psikologikoarekin proposatzen ditu, lan-eremuko osasun-arloko profesionalekin koordinatuta. Urtebete baino gehiagoko pilotajearen ondoren, zerbitzu horren eraginkortasuna egiaztatzen ari dira.<\/p>\n<p>Ekitaldia umorez zuzendu zuen Ram\u00f3n Arang\u00fcena telebistako aurkezleak. Bera arduratu zen interbentzio bakoitzaren denborak kontrolatzeaz, eragindako estropezuekin edo zartagin batekin egindako tenis golpe batekin, eta datorren urteko ediziora joateko deia egin zien bertaratutakoei, La Fundaci\u00f3n San Prudencioko Laneko Segurtasun eta Osasunari buruzko Kongresuaren hogeita hirugarren ekitaldia izango da.<\/p>\n<\/div><\/section><br \/>\n<div id='av-masonry-1' class='av-masonry av-lab6evjr-fd9d5a087d1cf88ab6741df242671bb9 noHover av-flex-size av-large-gap av-hover-overlay-active av-masonry-animation-active av-masonry-col-flexible av-caption-always av-caption-style- av-masonry-gallery ' data-post_id=\"46735\"><div class=\"av-masonry-container isotope av-js-disabled\"><div class='av-masonry-entry isotope-item av-masonry-item-no-image '><\/div><a href=\"https:\/\/www.lafundacion.com\/wp-content\/uploads\/2022\/11\/la-fundacion-034.jpg\" data-srcset=\"https:\/\/www.lafundacion.com\/wp-content\/uploads\/2022\/11\/la-fundacion-034.jpg 750w, https:\/\/www.lafundacion.com\/wp-content\/uploads\/2022\/11\/la-fundacion-034-300x200.jpg 300w, https:\/\/www.lafundacion.com\/wp-content\/uploads\/2022\/11\/la-fundacion-034-705x470.jpg 705w\" data-sizes=\"(max-width: 750px) 100vw, 750px\"  aria-label=\"image la fundacion-034\"  id='av-masonry-1-item-46602' data-av-masonry-item='46602' class='av-masonry-entry isotope-item post-46602 attachment type-attachment status-inherit hentry  av-masonry-item-with-image' title=\"la fundacion-034\" alt=\"\"    itemprop=\"thumbnailUrl\" ><div class='av-inner-masonry-sizer'><\/div><figure class='av-inner-masonry main_color'><div class=\"av-masonry-outerimage-container\"><div class='av-masonry-image-container'  ><img decoding=\"async\" width=\"705\" height=\"470\" fetchpriority=\"high\" class=\"wp-image-46602 avia-img-lazy-loading-not-46602\"  src=\"https:\/\/www.lafundacion.com\/wp-content\/uploads\/2022\/11\/la-fundacion-034-705x470.jpg\" title=\"la fundacion-034\" alt=\"\" srcset=\"https:\/\/www.lafundacion.com\/wp-content\/uploads\/2022\/11\/la-fundacion-034-705x470.jpg 705w, https:\/\/www.lafundacion.com\/wp-content\/uploads\/2022\/11\/la-fundacion-034-300x200.jpg 300w, https:\/\/www.lafundacion.com\/wp-content\/uploads\/2022\/11\/la-fundacion-034.jpg 750w\" sizes=\"(max-width: 705px) 100vw, 705px\" \/><\/div><\/div><figcaption class='av-inner-masonry-content site-background'><div class='av-inner-masonry-content-pos'><div class='av-inner-masonry-content-pos-content'><div class='avia-arrow'><\/div><h3 class='av-masonry-entry-title entry-title '  itemprop=\"headline\" >la fundacion-034<\/h3><\/div><\/div><\/figcaption><\/figure><\/a><!--end av-masonry entry--><a href=\"https:\/\/www.lafundacion.com\/wp-content\/uploads\/2022\/11\/la-fundacion-029.jpg\" data-srcset=\"https:\/\/www.lafundacion.com\/wp-content\/uploads\/2022\/11\/la-fundacion-029.jpg 750w, https:\/\/www.lafundacion.com\/wp-content\/uploads\/2022\/11\/la-fundacion-029-300x200.jpg 300w, https:\/\/www.lafundacion.com\/wp-content\/uploads\/2022\/11\/la-fundacion-029-705x470.jpg 705w\" data-sizes=\"(max-width: 750px) 100vw, 750px\"  aria-label=\"image la fundacion-029\"  id='av-masonry-1-item-46594' data-av-masonry-item='46594' class='av-masonry-entry isotope-item post-46594 attachment type-attachment status-inherit hentry  av-masonry-item-with-image' title=\"la fundacion-029\" alt=\"\"    itemprop=\"thumbnailUrl\" ><div class='av-inner-masonry-sizer'><\/div><figure class='av-inner-masonry main_color'><div class=\"av-masonry-outerimage-container\"><div class='av-masonry-image-container'  ><img decoding=\"async\" width=\"705\" height=\"470\" fetchpriority=\"high\" class=\"wp-image-46594 avia-img-lazy-loading-not-46594\"  src=\"https:\/\/www.lafundacion.com\/wp-content\/uploads\/2022\/11\/la-fundacion-029-705x470.jpg\" title=\"la fundacion-029\" alt=\"\" srcset=\"https:\/\/www.lafundacion.com\/wp-content\/uploads\/2022\/11\/la-fundacion-029-705x470.jpg 705w, https:\/\/www.lafundacion.com\/wp-content\/uploads\/2022\/11\/la-fundacion-029-300x200.jpg 300w, https:\/\/www.lafundacion.com\/wp-content\/uploads\/2022\/11\/la-fundacion-029.jpg 750w\" sizes=\"(max-width: 705px) 100vw, 705px\" \/><\/div><\/div><figcaption class='av-inner-masonry-content site-background'><div class='av-inner-masonry-content-pos'><div class='av-inner-masonry-content-pos-content'><div class='avia-arrow'><\/div><h3 class='av-masonry-entry-title entry-title '  itemprop=\"headline\" >la fundacion-029<\/h3><\/div><\/div><\/figcaption><\/figure><\/a><!--end av-masonry entry--><a href=\"https:\/\/www.lafundacion.com\/wp-content\/uploads\/2022\/11\/la-fundacion-009.jpg\" data-srcset=\"https:\/\/www.lafundacion.com\/wp-content\/uploads\/2022\/11\/la-fundacion-009.jpg 750w, https:\/\/www.lafundacion.com\/wp-content\/uploads\/2022\/11\/la-fundacion-009-300x200.jpg 300w, https:\/\/www.lafundacion.com\/wp-content\/uploads\/2022\/11\/la-fundacion-009-705x470.jpg 705w\" data-sizes=\"(max-width: 750px) 100vw, 750px\"  aria-label=\"image la fundacion-009\"  id='av-masonry-1-item-46586' data-av-masonry-item='46586' class='av-masonry-entry isotope-item post-46586 attachment type-attachment status-inherit hentry  av-masonry-item-with-image' title=\"la fundacion-009\" alt=\"\"    itemprop=\"thumbnailUrl\" ><div class='av-inner-masonry-sizer'><\/div><figure class='av-inner-masonry main_color'><div class=\"av-masonry-outerimage-container\"><div class='av-masonry-image-container'  ><img decoding=\"async\" width=\"705\" height=\"470\" fetchpriority=\"high\" class=\"wp-image-46586 avia-img-lazy-loading-not-46586\"  src=\"https:\/\/www.lafundacion.com\/wp-content\/uploads\/2022\/11\/la-fundacion-009-705x470.jpg\" title=\"la fundacion-009\" alt=\"\" srcset=\"https:\/\/www.lafundacion.com\/wp-content\/uploads\/2022\/11\/la-fundacion-009-705x470.jpg 705w, https:\/\/www.lafundacion.com\/wp-content\/uploads\/2022\/11\/la-fundacion-009-300x200.jpg 300w, https:\/\/www.lafundacion.com\/wp-content\/uploads\/2022\/11\/la-fundacion-009.jpg 750w\" sizes=\"(max-width: 705px) 100vw, 705px\" \/><\/div><\/div><figcaption class='av-inner-masonry-content site-background'><div class='av-inner-masonry-content-pos'><div class='av-inner-masonry-content-pos-content'><div class='avia-arrow'><\/div><h3 class='av-masonry-entry-title entry-title '  itemprop=\"headline\" >la fundacion-009<\/h3><\/div><\/div><\/figcaption><\/figure><\/a><!--end av-masonry entry--><a href=\"https:\/\/www.lafundacion.com\/wp-content\/uploads\/2022\/11\/la-fundacion-002.jpg\" data-srcset=\"https:\/\/www.lafundacion.com\/wp-content\/uploads\/2022\/11\/la-fundacion-002.jpg 750w, https:\/\/www.lafundacion.com\/wp-content\/uploads\/2022\/11\/la-fundacion-002-300x200.jpg 300w, https:\/\/www.lafundacion.com\/wp-content\/uploads\/2022\/11\/la-fundacion-002-705x470.jpg 705w\" data-sizes=\"(max-width: 750px) 100vw, 750px\"  aria-label=\"image la fundacion-002\"  id='av-masonry-1-item-46582' data-av-masonry-item='46582' class='av-masonry-entry isotope-item post-46582 attachment type-attachment status-inherit hentry  av-masonry-item-with-image' title=\"la fundacion-002\" alt=\"\"    itemprop=\"thumbnailUrl\" ><div class='av-inner-masonry-sizer'><\/div><figure class='av-inner-masonry main_color'><div class=\"av-masonry-outerimage-container\"><div class='av-masonry-image-container'  ><img decoding=\"async\" width=\"705\" height=\"470\" fetchpriority=\"high\" class=\"wp-image-46582 avia-img-lazy-loading-not-46582\"  src=\"https:\/\/www.lafundacion.com\/wp-content\/uploads\/2022\/11\/la-fundacion-002-705x470.jpg\" title=\"la fundacion-002\" alt=\"\" srcset=\"https:\/\/www.lafundacion.com\/wp-content\/uploads\/2022\/11\/la-fundacion-002-705x470.jpg 705w, https:\/\/www.lafundacion.com\/wp-content\/uploads\/2022\/11\/la-fundacion-002-300x200.jpg 300w, https:\/\/www.lafundacion.com\/wp-content\/uploads\/2022\/11\/la-fundacion-002.jpg 750w\" sizes=\"(max-width: 705px) 100vw, 705px\" \/><\/div><\/div><figcaption class='av-inner-masonry-content site-background'><div class='av-inner-masonry-content-pos'><div class='av-inner-masonry-content-pos-content'><div class='avia-arrow'><\/div><h3 class='av-masonry-entry-title entry-title '  itemprop=\"headline\" >la fundacion-002<\/h3><\/div><\/div><\/figcaption><\/figure><\/a><!--end av-masonry entry--><a href=\"https:\/\/www.lafundacion.com\/wp-content\/uploads\/2022\/11\/JMM1406.jpg\" data-srcset=\"https:\/\/www.lafundacion.com\/wp-content\/uploads\/2022\/11\/JMM1406.jpg 750w, https:\/\/www.lafundacion.com\/wp-content\/uploads\/2022\/11\/JMM1406-300x200.jpg 300w, https:\/\/www.lafundacion.com\/wp-content\/uploads\/2022\/11\/JMM1406-705x470.jpg 705w\" data-sizes=\"(max-width: 750px) 100vw, 750px\"  aria-label=\"image _JMM1406\"  id='av-masonry-1-item-46574' data-av-masonry-item='46574' class='av-masonry-entry isotope-item post-46574 attachment type-attachment status-inherit hentry  av-masonry-item-with-image' title=\"_JMM1406\" alt=\"\"    itemprop=\"thumbnailUrl\" ><div class='av-inner-masonry-sizer'><\/div><figure class='av-inner-masonry main_color'><div class=\"av-masonry-outerimage-container\"><div class='av-masonry-image-container'  ><img decoding=\"async\" width=\"705\" height=\"470\" fetchpriority=\"high\" class=\"wp-image-46574 avia-img-lazy-loading-not-46574\"  src=\"https:\/\/www.lafundacion.com\/wp-content\/uploads\/2022\/11\/JMM1406-705x470.jpg\" title=\"_JMM1406\" alt=\"\" srcset=\"https:\/\/www.lafundacion.com\/wp-content\/uploads\/2022\/11\/JMM1406-705x470.jpg 705w, https:\/\/www.lafundacion.com\/wp-content\/uploads\/2022\/11\/JMM1406-300x200.jpg 300w, https:\/\/www.lafundacion.com\/wp-content\/uploads\/2022\/11\/JMM1406.jpg 750w\" sizes=\"(max-width: 705px) 100vw, 705px\" \/><\/div><\/div><figcaption class='av-inner-masonry-content site-background'><div class='av-inner-masonry-content-pos'><div class='av-inner-masonry-content-pos-content'><div class='avia-arrow'><\/div><h3 class='av-masonry-entry-title entry-title '  itemprop=\"headline\" >_JMM1406<\/h3><\/div><\/div><\/figcaption><\/figure><\/a><!--end av-masonry entry--><a href=\"https:\/\/www.lafundacion.com\/wp-content\/uploads\/2022\/11\/JMM1373.jpg\" data-srcset=\"https:\/\/www.lafundacion.com\/wp-content\/uploads\/2022\/11\/JMM1373.jpg 750w, https:\/\/www.lafundacion.com\/wp-content\/uploads\/2022\/11\/JMM1373-300x200.jpg 300w, https:\/\/www.lafundacion.com\/wp-content\/uploads\/2022\/11\/JMM1373-705x470.jpg 705w\" data-sizes=\"(max-width: 750px) 100vw, 750px\"  aria-label=\"image _JMM1373\"  id='av-masonry-1-item-46568' data-av-masonry-item='46568' class='av-masonry-entry isotope-item post-46568 attachment type-attachment status-inherit hentry  av-masonry-item-with-image' title=\"_JMM1373\" alt=\"\"    itemprop=\"thumbnailUrl\" ><div class='av-inner-masonry-sizer'><\/div><figure class='av-inner-masonry main_color'><div class=\"av-masonry-outerimage-container\"><div class='av-masonry-image-container'  ><img decoding=\"async\" width=\"705\" height=\"470\" fetchpriority=\"high\" class=\"wp-image-46568 avia-img-lazy-loading-not-46568\"  src=\"https:\/\/www.lafundacion.com\/wp-content\/uploads\/2022\/11\/JMM1373-705x470.jpg\" title=\"_JMM1373\" alt=\"\" srcset=\"https:\/\/www.lafundacion.com\/wp-content\/uploads\/2022\/11\/JMM1373-705x470.jpg 705w, https:\/\/www.lafundacion.com\/wp-content\/uploads\/2022\/11\/JMM1373-300x200.jpg 300w, https:\/\/www.lafundacion.com\/wp-content\/uploads\/2022\/11\/JMM1373.jpg 750w\" sizes=\"(max-width: 705px) 100vw, 705px\" \/><\/div><\/div><figcaption class='av-inner-masonry-content site-background'><div class='av-inner-masonry-content-pos'><div class='av-inner-masonry-content-pos-content'><div class='avia-arrow'><\/div><h3 class='av-masonry-entry-title entry-title '  itemprop=\"headline\" >_JMM1373<\/h3><\/div><\/div><\/figcaption><\/figure><\/a><!--end av-masonry entry--><a href=\"https:\/\/www.lafundacion.com\/wp-content\/uploads\/2022\/11\/JMM1358.jpg\" data-srcset=\"https:\/\/www.lafundacion.com\/wp-content\/uploads\/2022\/11\/JMM1358.jpg 750w, https:\/\/www.lafundacion.com\/wp-content\/uploads\/2022\/11\/JMM1358-300x200.jpg 300w, https:\/\/www.lafundacion.com\/wp-content\/uploads\/2022\/11\/JMM1358-705x470.jpg 705w\" data-sizes=\"(max-width: 750px) 100vw, 750px\"  aria-label=\"image _JMM1358\"  id='av-masonry-1-item-46566' data-av-masonry-item='46566' class='av-masonry-entry isotope-item post-46566 attachment type-attachment status-inherit hentry  av-masonry-item-with-image' title=\"_JMM1358\" alt=\"\"    itemprop=\"thumbnailUrl\" ><div class='av-inner-masonry-sizer'><\/div><figure class='av-inner-masonry main_color'><div class=\"av-masonry-outerimage-container\"><div class='av-masonry-image-container'  ><img decoding=\"async\" width=\"705\" height=\"470\" fetchpriority=\"high\" class=\"wp-image-46566 avia-img-lazy-loading-not-46566\"  src=\"https:\/\/www.lafundacion.com\/wp-content\/uploads\/2022\/11\/JMM1358-705x470.jpg\" title=\"_JMM1358\" alt=\"\" srcset=\"https:\/\/www.lafundacion.com\/wp-content\/uploads\/2022\/11\/JMM1358-705x470.jpg 705w, https:\/\/www.lafundacion.com\/wp-content\/uploads\/2022\/11\/JMM1358-300x200.jpg 300w, https:\/\/www.lafundacion.com\/wp-content\/uploads\/2022\/11\/JMM1358.jpg 750w\" sizes=\"(max-width: 705px) 100vw, 705px\" \/><\/div><\/div><figcaption class='av-inner-masonry-content site-background'><div class='av-inner-masonry-content-pos'><div class='av-inner-masonry-content-pos-content'><div class='avia-arrow'><\/div><h3 class='av-masonry-entry-title entry-title '  itemprop=\"headline\" >_JMM1358<\/h3><\/div><\/div><\/figcaption><\/figure><\/a><!--end av-masonry entry--><a href=\"https:\/\/www.lafundacion.com\/wp-content\/uploads\/2022\/11\/la-fundacion-071.jpg\" data-srcset=\"https:\/\/www.lafundacion.com\/wp-content\/uploads\/2022\/11\/la-fundacion-071.jpg 750w, https:\/\/www.lafundacion.com\/wp-content\/uploads\/2022\/11\/la-fundacion-071-300x200.jpg 300w, https:\/\/www.lafundacion.com\/wp-content\/uploads\/2022\/11\/la-fundacion-071-705x470.jpg 705w\" data-sizes=\"(max-width: 750px) 100vw, 750px\"  aria-label=\"image la fundacion-071\"  id='av-masonry-1-item-46622' data-av-masonry-item='46622' class='av-masonry-entry isotope-item post-46622 attachment type-attachment status-inherit hentry  av-masonry-item-with-image' title=\"la fundacion-071\" alt=\"\"    itemprop=\"thumbnailUrl\" ><div class='av-inner-masonry-sizer'><\/div><figure class='av-inner-masonry main_color'><div class=\"av-masonry-outerimage-container\"><div class='av-masonry-image-container'  ><img decoding=\"async\" width=\"705\" height=\"470\" fetchpriority=\"high\" class=\"wp-image-46622 avia-img-lazy-loading-not-46622\"  src=\"https:\/\/www.lafundacion.com\/wp-content\/uploads\/2022\/11\/la-fundacion-071-705x470.jpg\" title=\"la fundacion-071\" alt=\"\" srcset=\"https:\/\/www.lafundacion.com\/wp-content\/uploads\/2022\/11\/la-fundacion-071-705x470.jpg 705w, https:\/\/www.lafundacion.com\/wp-content\/uploads\/2022\/11\/la-fundacion-071-300x200.jpg 300w, https:\/\/www.lafundacion.com\/wp-content\/uploads\/2022\/11\/la-fundacion-071.jpg 750w\" sizes=\"(max-width: 705px) 100vw, 705px\" \/><\/div><\/div><figcaption class='av-inner-masonry-content site-background'><div class='av-inner-masonry-content-pos'><div class='av-inner-masonry-content-pos-content'><div class='avia-arrow'><\/div><h3 class='av-masonry-entry-title entry-title '  itemprop=\"headline\" >la fundacion-071<\/h3><\/div><\/div><\/figcaption><\/figure><\/a><!--end av-masonry entry--><a href=\"https:\/\/www.lafundacion.com\/wp-content\/uploads\/2022\/11\/la-fundacion-048.jpg\" data-srcset=\"https:\/\/www.lafundacion.com\/wp-content\/uploads\/2022\/11\/la-fundacion-048.jpg 750w, https:\/\/www.lafundacion.com\/wp-content\/uploads\/2022\/11\/la-fundacion-048-300x200.jpg 300w, https:\/\/www.lafundacion.com\/wp-content\/uploads\/2022\/11\/la-fundacion-048-705x470.jpg 705w\" data-sizes=\"(max-width: 750px) 100vw, 750px\"  aria-label=\"image la fundacion-048\"  id='av-masonry-1-item-46608' data-av-masonry-item='46608' class='av-masonry-entry isotope-item post-46608 attachment type-attachment status-inherit hentry  av-masonry-item-with-image' title=\"la fundacion-048\" alt=\"\"    itemprop=\"thumbnailUrl\" ><div class='av-inner-masonry-sizer'><\/div><figure class='av-inner-masonry main_color'><div class=\"av-masonry-outerimage-container\"><div class='av-masonry-image-container'  ><img decoding=\"async\" width=\"705\" height=\"470\" fetchpriority=\"high\" class=\"wp-image-46608 avia-img-lazy-loading-not-46608\"  src=\"https:\/\/www.lafundacion.com\/wp-content\/uploads\/2022\/11\/la-fundacion-048-705x470.jpg\" title=\"la fundacion-048\" alt=\"\" srcset=\"https:\/\/www.lafundacion.com\/wp-content\/uploads\/2022\/11\/la-fundacion-048-705x470.jpg 705w, https:\/\/www.lafundacion.com\/wp-content\/uploads\/2022\/11\/la-fundacion-048-300x200.jpg 300w, https:\/\/www.lafundacion.com\/wp-content\/uploads\/2022\/11\/la-fundacion-048.jpg 750w\" sizes=\"(max-width: 705px) 100vw, 705px\" \/><\/div><\/div><figcaption class='av-inner-masonry-content site-background'><div class='av-inner-masonry-content-pos'><div class='av-inner-masonry-content-pos-content'><div class='avia-arrow'><\/div><h3 class='av-masonry-entry-title entry-title '  itemprop=\"headline\" >la fundacion-048<\/h3><\/div><\/div><\/figcaption><\/figure><\/a><!--end av-masonry entry--><a href=\"https:\/\/www.lafundacion.com\/wp-content\/uploads\/2022\/11\/la-fundacion-046.jpg\" data-srcset=\"https:\/\/www.lafundacion.com\/wp-content\/uploads\/2022\/11\/la-fundacion-046.jpg 750w, https:\/\/www.lafundacion.com\/wp-content\/uploads\/2022\/11\/la-fundacion-046-300x200.jpg 300w, https:\/\/www.lafundacion.com\/wp-content\/uploads\/2022\/11\/la-fundacion-046-705x470.jpg 705w\" data-sizes=\"(max-width: 750px) 100vw, 750px\"  aria-label=\"image la fundacion-046\"  id='av-masonry-1-item-46606' data-av-masonry-item='46606' class='av-masonry-entry isotope-item post-46606 attachment type-attachment status-inherit hentry  av-masonry-item-with-image' title=\"la fundacion-046\" alt=\"\"    itemprop=\"thumbnailUrl\" ><div class='av-inner-masonry-sizer'><\/div><figure class='av-inner-masonry main_color'><div class=\"av-masonry-outerimage-container\"><div class='av-masonry-image-container'  ><img decoding=\"async\" width=\"705\" height=\"470\" fetchpriority=\"high\" class=\"wp-image-46606 avia-img-lazy-loading-not-46606\"  src=\"https:\/\/www.lafundacion.com\/wp-content\/uploads\/2022\/11\/la-fundacion-046-705x470.jpg\" title=\"la fundacion-046\" alt=\"\" srcset=\"https:\/\/www.lafundacion.com\/wp-content\/uploads\/2022\/11\/la-fundacion-046-705x470.jpg 705w, https:\/\/www.lafundacion.com\/wp-content\/uploads\/2022\/11\/la-fundacion-046-300x200.jpg 300w, https:\/\/www.lafundacion.com\/wp-content\/uploads\/2022\/11\/la-fundacion-046.jpg 750w\" sizes=\"(max-width: 705px) 100vw, 705px\" \/><\/div><\/div><figcaption class='av-inner-masonry-content site-background'><div class='av-inner-masonry-content-pos'><div class='av-inner-masonry-content-pos-content'><div class='avia-arrow'><\/div><h3 class='av-masonry-entry-title entry-title '  itemprop=\"headline\" >la fundacion-046<\/h3><\/div><\/div><\/figcaption><\/figure><\/a><!--end av-masonry entry--><a href=\"https:\/\/www.lafundacion.com\/wp-content\/uploads\/2022\/11\/XXII-Congreso-se-Seguridad-y-Salud-Laboral-519-687x1030.jpg\" data-srcset=\"https:\/\/www.lafundacion.com\/wp-content\/uploads\/2022\/11\/XXII-Congreso-se-Seguridad-y-Salud-Laboral-519-687x1030.jpg 687w, https:\/\/www.lafundacion.com\/wp-content\/uploads\/2022\/11\/XXII-Congreso-se-Seguridad-y-Salud-Laboral-519-200x300.jpg 200w, https:\/\/www.lafundacion.com\/wp-content\/uploads\/2022\/11\/XXII-Congreso-se-Seguridad-y-Salud-Laboral-519-470x705.jpg 470w, https:\/\/www.lafundacion.com\/wp-content\/uploads\/2022\/11\/XXII-Congreso-se-Seguridad-y-Salud-Laboral-519.jpg 750w\" data-sizes=\"(max-width: 687px) 100vw, 687px\"  aria-label=\"image XXII Congreso se Seguridad y Salud Laboral -519\"  id='av-masonry-1-item-46554' data-av-masonry-item='46554' class='av-masonry-entry isotope-item post-46554 attachment type-attachment status-inherit hentry  av-masonry-item-with-image' title=\"XXII Congreso se Seguridad y Salud Laboral -519\" alt=\"\"    itemprop=\"thumbnailUrl\" ><div class='av-inner-masonry-sizer'><\/div><figure class='av-inner-masonry main_color'><div class=\"av-masonry-outerimage-container\"><div class='av-masonry-image-container'  ><img decoding=\"async\" width=\"470\" height=\"705\" fetchpriority=\"high\" class=\"wp-image-46554 avia-img-lazy-loading-not-46554\"  src=\"https:\/\/www.lafundacion.com\/wp-content\/uploads\/2022\/11\/XXII-Congreso-se-Seguridad-y-Salud-Laboral-519-470x705.jpg\" title=\"XXII Congreso se Seguridad y Salud Laboral -519\" alt=\"\" srcset=\"https:\/\/www.lafundacion.com\/wp-content\/uploads\/2022\/11\/XXII-Congreso-se-Seguridad-y-Salud-Laboral-519-470x705.jpg 470w, https:\/\/www.lafundacion.com\/wp-content\/uploads\/2022\/11\/XXII-Congreso-se-Seguridad-y-Salud-Laboral-519-200x300.jpg 200w, https:\/\/www.lafundacion.com\/wp-content\/uploads\/2022\/11\/XXII-Congreso-se-Seguridad-y-Salud-Laboral-519-687x1030.jpg 687w, https:\/\/www.lafundacion.com\/wp-content\/uploads\/2022\/11\/XXII-Congreso-se-Seguridad-y-Salud-Laboral-519.jpg 750w\" sizes=\"(max-width: 470px) 100vw, 470px\" \/><\/div><\/div><figcaption class='av-inner-masonry-content site-background'><div class='av-inner-masonry-content-pos'><div class='av-inner-masonry-content-pos-content'><div class='avia-arrow'><\/div><h3 class='av-masonry-entry-title entry-title '  itemprop=\"headline\" >XXII Congreso se Seguridad y Salud Laboral -519<\/h3><\/div><\/div><\/figcaption><\/figure><\/a><!--end av-masonry entry--><a href=\"https:\/\/www.lafundacion.com\/wp-content\/uploads\/2022\/11\/XXII-Congreso-se-Seguridad-y-Salud-Laboral-447.jpg\" data-srcset=\"https:\/\/www.lafundacion.com\/wp-content\/uploads\/2022\/11\/XXII-Congreso-se-Seguridad-y-Salud-Laboral-447.jpg 750w, https:\/\/www.lafundacion.com\/wp-content\/uploads\/2022\/11\/XXII-Congreso-se-Seguridad-y-Salud-Laboral-447-300x200.jpg 300w, https:\/\/www.lafundacion.com\/wp-content\/uploads\/2022\/11\/XXII-Congreso-se-Seguridad-y-Salud-Laboral-447-705x470.jpg 705w\" data-sizes=\"(max-width: 750px) 100vw, 750px\"  aria-label=\"image XXII Congreso se Seguridad y Salud Laboral -447\"  id='av-masonry-1-item-46542' data-av-masonry-item='46542' class='av-masonry-entry isotope-item post-46542 attachment type-attachment status-inherit hentry  av-masonry-item-with-image' title=\"XXII Congreso se Seguridad y Salud Laboral -447\" alt=\"\"    itemprop=\"thumbnailUrl\" ><div class='av-inner-masonry-sizer'><\/div><figure class='av-inner-masonry main_color'><div class=\"av-masonry-outerimage-container\"><div class='av-masonry-image-container'  ><img decoding=\"async\" width=\"705\" height=\"470\" fetchpriority=\"high\" class=\"wp-image-46542 avia-img-lazy-loading-not-46542\"  src=\"https:\/\/www.lafundacion.com\/wp-content\/uploads\/2022\/11\/XXII-Congreso-se-Seguridad-y-Salud-Laboral-447-705x470.jpg\" title=\"XXII Congreso se Seguridad y Salud Laboral -447\" alt=\"\" srcset=\"https:\/\/www.lafundacion.com\/wp-content\/uploads\/2022\/11\/XXII-Congreso-se-Seguridad-y-Salud-Laboral-447-705x470.jpg 705w, https:\/\/www.lafundacion.com\/wp-content\/uploads\/2022\/11\/XXII-Congreso-se-Seguridad-y-Salud-Laboral-447-300x200.jpg 300w, https:\/\/www.lafundacion.com\/wp-content\/uploads\/2022\/11\/XXII-Congreso-se-Seguridad-y-Salud-Laboral-447.jpg 750w\" sizes=\"(max-width: 705px) 100vw, 705px\" \/><\/div><\/div><figcaption class='av-inner-masonry-content site-background'><div class='av-inner-masonry-content-pos'><div class='av-inner-masonry-content-pos-content'><div class='avia-arrow'><\/div><h3 class='av-masonry-entry-title entry-title '  itemprop=\"headline\" >XXII Congreso se Seguridad y Salud Laboral -447<\/h3><\/div><\/div><\/figcaption><\/figure><\/a><!--end av-masonry entry--><a href=\"https:\/\/www.lafundacion.com\/wp-content\/uploads\/2022\/11\/XXII-Congreso-se-Seguridad-y-Salud-Laboral-435-687x1030.jpg\" data-srcset=\"https:\/\/www.lafundacion.com\/wp-content\/uploads\/2022\/11\/XXII-Congreso-se-Seguridad-y-Salud-Laboral-435-687x1030.jpg 687w, https:\/\/www.lafundacion.com\/wp-content\/uploads\/2022\/11\/XXII-Congreso-se-Seguridad-y-Salud-Laboral-435-200x300.jpg 200w, https:\/\/www.lafundacion.com\/wp-content\/uploads\/2022\/11\/XXII-Congreso-se-Seguridad-y-Salud-Laboral-435-470x705.jpg 470w, https:\/\/www.lafundacion.com\/wp-content\/uploads\/2022\/11\/XXII-Congreso-se-Seguridad-y-Salud-Laboral-435.jpg 750w\" data-sizes=\"(max-width: 687px) 100vw, 687px\"  aria-label=\"image XXII Congreso se Seguridad y Salud Laboral -435\"  id='av-masonry-1-item-46535' data-av-masonry-item='46535' class='av-masonry-entry isotope-item post-46535 attachment type-attachment status-inherit hentry  av-masonry-item-with-image' title=\"XXII Congreso se Seguridad y Salud Laboral -435\" alt=\"\"    itemprop=\"thumbnailUrl\" ><div class='av-inner-masonry-sizer'><\/div><figure class='av-inner-masonry main_color'><div class=\"av-masonry-outerimage-container\"><div class='av-masonry-image-container'  ><img decoding=\"async\" width=\"470\" height=\"705\" fetchpriority=\"high\" class=\"wp-image-46535 avia-img-lazy-loading-not-46535\"  src=\"https:\/\/www.lafundacion.com\/wp-content\/uploads\/2022\/11\/XXII-Congreso-se-Seguridad-y-Salud-Laboral-435-470x705.jpg\" title=\"XXII Congreso se Seguridad y Salud Laboral -435\" alt=\"\" srcset=\"https:\/\/www.lafundacion.com\/wp-content\/uploads\/2022\/11\/XXII-Congreso-se-Seguridad-y-Salud-Laboral-435-470x705.jpg 470w, https:\/\/www.lafundacion.com\/wp-content\/uploads\/2022\/11\/XXII-Congreso-se-Seguridad-y-Salud-Laboral-435-200x300.jpg 200w, https:\/\/www.lafundacion.com\/wp-content\/uploads\/2022\/11\/XXII-Congreso-se-Seguridad-y-Salud-Laboral-435-687x1030.jpg 687w, https:\/\/www.lafundacion.com\/wp-content\/uploads\/2022\/11\/XXII-Congreso-se-Seguridad-y-Salud-Laboral-435.jpg 750w\" sizes=\"(max-width: 470px) 100vw, 470px\" \/><\/div><\/div><figcaption class='av-inner-masonry-content site-background'><div class='av-inner-masonry-content-pos'><div class='av-inner-masonry-content-pos-content'><div class='avia-arrow'><\/div><h3 class='av-masonry-entry-title entry-title '  itemprop=\"headline\" >XXII Congreso se Seguridad y Salud Laboral -435<\/h3><\/div><\/div><\/figcaption><\/figure><\/a><!--end av-masonry entry--><a href=\"https:\/\/www.lafundacion.com\/wp-content\/uploads\/2022\/11\/XXII-Congreso-se-Seguridad-y-Salud-Laboral-399-687x1030.jpg\" data-srcset=\"https:\/\/www.lafundacion.com\/wp-content\/uploads\/2022\/11\/XXII-Congreso-se-Seguridad-y-Salud-Laboral-399-687x1030.jpg 687w, https:\/\/www.lafundacion.com\/wp-content\/uploads\/2022\/11\/XXII-Congreso-se-Seguridad-y-Salud-Laboral-399-200x300.jpg 200w, https:\/\/www.lafundacion.com\/wp-content\/uploads\/2022\/11\/XXII-Congreso-se-Seguridad-y-Salud-Laboral-399-470x705.jpg 470w, https:\/\/www.lafundacion.com\/wp-content\/uploads\/2022\/11\/XXII-Congreso-se-Seguridad-y-Salud-Laboral-399.jpg 750w\" data-sizes=\"(max-width: 687px) 100vw, 687px\"  aria-label=\"image XXII Congreso se Seguridad y Salud Laboral -399\"  id='av-masonry-1-item-46519' data-av-masonry-item='46519' class='av-masonry-entry isotope-item post-46519 attachment type-attachment status-inherit hentry  av-masonry-item-with-image' title=\"XXII Congreso se Seguridad y Salud Laboral -399\" alt=\"\"    itemprop=\"thumbnailUrl\" ><div class='av-inner-masonry-sizer'><\/div><figure class='av-inner-masonry main_color'><div class=\"av-masonry-outerimage-container\"><div class='av-masonry-image-container'  ><img decoding=\"async\" width=\"470\" height=\"705\" fetchpriority=\"high\" class=\"wp-image-46519 avia-img-lazy-loading-not-46519\"  src=\"https:\/\/www.lafundacion.com\/wp-content\/uploads\/2022\/11\/XXII-Congreso-se-Seguridad-y-Salud-Laboral-399-470x705.jpg\" title=\"XXII Congreso se Seguridad y Salud Laboral -399\" alt=\"\" srcset=\"https:\/\/www.lafundacion.com\/wp-content\/uploads\/2022\/11\/XXII-Congreso-se-Seguridad-y-Salud-Laboral-399-470x705.jpg 470w, https:\/\/www.lafundacion.com\/wp-content\/uploads\/2022\/11\/XXII-Congreso-se-Seguridad-y-Salud-Laboral-399-200x300.jpg 200w, https:\/\/www.lafundacion.com\/wp-content\/uploads\/2022\/11\/XXII-Congreso-se-Seguridad-y-Salud-Laboral-399-687x1030.jpg 687w, https:\/\/www.lafundacion.com\/wp-content\/uploads\/2022\/11\/XXII-Congreso-se-Seguridad-y-Salud-Laboral-399.jpg 750w\" sizes=\"(max-width: 470px) 100vw, 470px\" \/><\/div><\/div><figcaption class='av-inner-masonry-content site-background'><div class='av-inner-masonry-content-pos'><div class='av-inner-masonry-content-pos-content'><div class='avia-arrow'><\/div><h3 class='av-masonry-entry-title entry-title '  itemprop=\"headline\" >XXII Congreso se Seguridad y Salud Laboral -399<\/h3><\/div><\/div><\/figcaption><\/figure><\/a><!--end av-masonry entry--><a href=\"https:\/\/www.lafundacion.com\/wp-content\/uploads\/2022\/11\/XXII-Congreso-se-Seguridad-y-Salud-Laboral-422.jpg\" data-srcset=\"https:\/\/www.lafundacion.com\/wp-content\/uploads\/2022\/11\/XXII-Congreso-se-Seguridad-y-Salud-Laboral-422.jpg 750w, https:\/\/www.lafundacion.com\/wp-content\/uploads\/2022\/11\/XXII-Congreso-se-Seguridad-y-Salud-Laboral-422-300x200.jpg 300w, https:\/\/www.lafundacion.com\/wp-content\/uploads\/2022\/11\/XXII-Congreso-se-Seguridad-y-Salud-Laboral-422-705x470.jpg 705w\" data-sizes=\"(max-width: 750px) 100vw, 750px\"  aria-label=\"image XXII Congreso se Seguridad y Salud Laboral -422\"  id='av-masonry-1-item-46529' data-av-masonry-item='46529' class='av-masonry-entry isotope-item post-46529 attachment type-attachment status-inherit hentry  av-masonry-item-with-image' title=\"XXII Congreso se Seguridad y Salud Laboral -422\" alt=\"\"    itemprop=\"thumbnailUrl\" ><div class='av-inner-masonry-sizer'><\/div><figure class='av-inner-masonry main_color'><div class=\"av-masonry-outerimage-container\"><div class='av-masonry-image-container'  ><img decoding=\"async\" width=\"705\" height=\"470\" fetchpriority=\"high\" class=\"wp-image-46529 avia-img-lazy-loading-not-46529\"  src=\"https:\/\/www.lafundacion.com\/wp-content\/uploads\/2022\/11\/XXII-Congreso-se-Seguridad-y-Salud-Laboral-422-705x470.jpg\" title=\"XXII Congreso se Seguridad y Salud Laboral -422\" alt=\"\" srcset=\"https:\/\/www.lafundacion.com\/wp-content\/uploads\/2022\/11\/XXII-Congreso-se-Seguridad-y-Salud-Laboral-422-705x470.jpg 705w, https:\/\/www.lafundacion.com\/wp-content\/uploads\/2022\/11\/XXII-Congreso-se-Seguridad-y-Salud-Laboral-422-300x200.jpg 300w, https:\/\/www.lafundacion.com\/wp-content\/uploads\/2022\/11\/XXII-Congreso-se-Seguridad-y-Salud-Laboral-422.jpg 750w\" sizes=\"(max-width: 705px) 100vw, 705px\" \/><\/div><\/div><figcaption class='av-inner-masonry-content site-background'><div class='av-inner-masonry-content-pos'><div class='av-inner-masonry-content-pos-content'><div class='avia-arrow'><\/div><h3 class='av-masonry-entry-title entry-title '  itemprop=\"headline\" >XXII Congreso se Seguridad y Salud Laboral -422<\/h3><\/div><\/div><\/figcaption><\/figure><\/a><!--end av-masonry entry--><a href=\"https:\/\/www.lafundacion.com\/wp-content\/uploads\/2022\/11\/XXII-Congreso-se-Seguridad-y-Salud-Laboral-383.jpg\" data-srcset=\"https:\/\/www.lafundacion.com\/wp-content\/uploads\/2022\/11\/XXII-Congreso-se-Seguridad-y-Salud-Laboral-383.jpg 750w, https:\/\/www.lafundacion.com\/wp-content\/uploads\/2022\/11\/XXII-Congreso-se-Seguridad-y-Salud-Laboral-383-300x200.jpg 300w, https:\/\/www.lafundacion.com\/wp-content\/uploads\/2022\/11\/XXII-Congreso-se-Seguridad-y-Salud-Laboral-383-705x470.jpg 705w\" data-sizes=\"(max-width: 750px) 100vw, 750px\"  aria-label=\"image XXII Congreso se Seguridad y Salud Laboral -383\"  id='av-masonry-1-item-46508' data-av-masonry-item='46508' class='av-masonry-entry isotope-item post-46508 attachment type-attachment status-inherit hentry  av-masonry-item-with-image' title=\"XXII Congreso se Seguridad y Salud Laboral -383\" alt=\"\"    itemprop=\"thumbnailUrl\" ><div class='av-inner-masonry-sizer'><\/div><figure class='av-inner-masonry main_color'><div class=\"av-masonry-outerimage-container\"><div class='av-masonry-image-container'  ><img decoding=\"async\" width=\"705\" height=\"470\" fetchpriority=\"high\" class=\"wp-image-46508 avia-img-lazy-loading-not-46508\"  src=\"https:\/\/www.lafundacion.com\/wp-content\/uploads\/2022\/11\/XXII-Congreso-se-Seguridad-y-Salud-Laboral-383-705x470.jpg\" title=\"XXII Congreso se Seguridad y Salud Laboral -383\" alt=\"\" srcset=\"https:\/\/www.lafundacion.com\/wp-content\/uploads\/2022\/11\/XXII-Congreso-se-Seguridad-y-Salud-Laboral-383-705x470.jpg 705w, https:\/\/www.lafundacion.com\/wp-content\/uploads\/2022\/11\/XXII-Congreso-se-Seguridad-y-Salud-Laboral-383-300x200.jpg 300w, https:\/\/www.lafundacion.com\/wp-content\/uploads\/2022\/11\/XXII-Congreso-se-Seguridad-y-Salud-Laboral-383.jpg 750w\" sizes=\"(max-width: 705px) 100vw, 705px\" \/><\/div><\/div><figcaption class='av-inner-masonry-content site-background'><div class='av-inner-masonry-content-pos'><div class='av-inner-masonry-content-pos-content'><div class='avia-arrow'><\/div><h3 class='av-masonry-entry-title entry-title '  itemprop=\"headline\" >XXII Congreso se Seguridad y Salud Laboral -383<\/h3><\/div><\/div><\/figcaption><\/figure><\/a><!--end av-masonry entry--><a href=\"https:\/\/www.lafundacion.com\/wp-content\/uploads\/2022\/11\/XXII-Congreso-se-Seguridad-y-Salud-Laboral-339.jpg\" data-srcset=\"https:\/\/www.lafundacion.com\/wp-content\/uploads\/2022\/11\/XXII-Congreso-se-Seguridad-y-Salud-Laboral-339.jpg 750w, https:\/\/www.lafundacion.com\/wp-content\/uploads\/2022\/11\/XXII-Congreso-se-Seguridad-y-Salud-Laboral-339-300x200.jpg 300w, https:\/\/www.lafundacion.com\/wp-content\/uploads\/2022\/11\/XXII-Congreso-se-Seguridad-y-Salud-Laboral-339-705x470.jpg 705w\" data-sizes=\"(max-width: 750px) 100vw, 750px\"  aria-label=\"image XXII Congreso se Seguridad y Salud Laboral -339\"  id='av-masonry-1-item-46478' data-av-masonry-item='46478' class='av-masonry-entry isotope-item post-46478 attachment type-attachment status-inherit hentry  av-masonry-item-with-image' title=\"XXII Congreso se Seguridad y Salud Laboral -339\" alt=\"\"    itemprop=\"thumbnailUrl\" ><div class='av-inner-masonry-sizer'><\/div><figure class='av-inner-masonry main_color'><div class=\"av-masonry-outerimage-container\"><div class='av-masonry-image-container'  ><img decoding=\"async\" width=\"705\" height=\"470\" fetchpriority=\"high\" class=\"wp-image-46478 avia-img-lazy-loading-not-46478\"  src=\"https:\/\/www.lafundacion.com\/wp-content\/uploads\/2022\/11\/XXII-Congreso-se-Seguridad-y-Salud-Laboral-339-705x470.jpg\" title=\"XXII Congreso se Seguridad y Salud Laboral -339\" alt=\"\" srcset=\"https:\/\/www.lafundacion.com\/wp-content\/uploads\/2022\/11\/XXII-Congreso-se-Seguridad-y-Salud-Laboral-339-705x470.jpg 705w, https:\/\/www.lafundacion.com\/wp-content\/uploads\/2022\/11\/XXII-Congreso-se-Seguridad-y-Salud-Laboral-339-300x200.jpg 300w, https:\/\/www.lafundacion.com\/wp-content\/uploads\/2022\/11\/XXII-Congreso-se-Seguridad-y-Salud-Laboral-339.jpg 750w\" sizes=\"(max-width: 705px) 100vw, 705px\" \/><\/div><\/div><figcaption class='av-inner-masonry-content site-background'><div class='av-inner-masonry-content-pos'><div class='av-inner-masonry-content-pos-content'><div class='avia-arrow'><\/div><h3 class='av-masonry-entry-title entry-title '  itemprop=\"headline\" >XXII Congreso se Seguridad y Salud Laboral -339<\/h3><\/div><\/div><\/figcaption><\/figure><\/a><!--end av-masonry entry--><a href=\"https:\/\/www.lafundacion.com\/wp-content\/uploads\/2022\/11\/XXII-Congreso-se-Seguridad-y-Salud-Laboral-275.jpg\" data-srcset=\"https:\/\/www.lafundacion.com\/wp-content\/uploads\/2022\/11\/XXII-Congreso-se-Seguridad-y-Salud-Laboral-275.jpg 750w, https:\/\/www.lafundacion.com\/wp-content\/uploads\/2022\/11\/XXII-Congreso-se-Seguridad-y-Salud-Laboral-275-300x200.jpg 300w, https:\/\/www.lafundacion.com\/wp-content\/uploads\/2022\/11\/XXII-Congreso-se-Seguridad-y-Salud-Laboral-275-705x470.jpg 705w\" data-sizes=\"(max-width: 750px) 100vw, 750px\"  aria-label=\"image XXII Congreso se Seguridad y Salud Laboral -275\"  id='av-masonry-1-item-46456' data-av-masonry-item='46456' class='av-masonry-entry isotope-item post-46456 attachment type-attachment status-inherit hentry  av-masonry-item-with-image' title=\"XXII Congreso se Seguridad y Salud Laboral -275\" alt=\"\"    itemprop=\"thumbnailUrl\" ><div class='av-inner-masonry-sizer'><\/div><figure class='av-inner-masonry main_color'><div class=\"av-masonry-outerimage-container\"><div class='av-masonry-image-container'  ><img decoding=\"async\" width=\"705\" height=\"470\" fetchpriority=\"high\" class=\"wp-image-46456 avia-img-lazy-loading-not-46456\"  src=\"https:\/\/www.lafundacion.com\/wp-content\/uploads\/2022\/11\/XXII-Congreso-se-Seguridad-y-Salud-Laboral-275-705x470.jpg\" title=\"XXII Congreso se Seguridad y Salud Laboral -275\" alt=\"\" srcset=\"https:\/\/www.lafundacion.com\/wp-content\/uploads\/2022\/11\/XXII-Congreso-se-Seguridad-y-Salud-Laboral-275-705x470.jpg 705w, https:\/\/www.lafundacion.com\/wp-content\/uploads\/2022\/11\/XXII-Congreso-se-Seguridad-y-Salud-Laboral-275-300x200.jpg 300w, https:\/\/www.lafundacion.com\/wp-content\/uploads\/2022\/11\/XXII-Congreso-se-Seguridad-y-Salud-Laboral-275.jpg 750w\" sizes=\"(max-width: 705px) 100vw, 705px\" \/><\/div><\/div><figcaption class='av-inner-masonry-content site-background'><div class='av-inner-masonry-content-pos'><div class='av-inner-masonry-content-pos-content'><div class='avia-arrow'><\/div><h3 class='av-masonry-entry-title entry-title '  itemprop=\"headline\" >XXII Congreso se Seguridad y Salud Laboral -275<\/h3><\/div><\/div><\/figcaption><\/figure><\/a><!--end av-masonry entry--><a href=\"https:\/\/www.lafundacion.com\/wp-content\/uploads\/2022\/11\/XXII-Congreso-se-Seguridad-y-Salud-Laboral-280-687x1030.jpg\" data-srcset=\"https:\/\/www.lafundacion.com\/wp-content\/uploads\/2022\/11\/XXII-Congreso-se-Seguridad-y-Salud-Laboral-280-687x1030.jpg 687w, https:\/\/www.lafundacion.com\/wp-content\/uploads\/2022\/11\/XXII-Congreso-se-Seguridad-y-Salud-Laboral-280-200x300.jpg 200w, https:\/\/www.lafundacion.com\/wp-content\/uploads\/2022\/11\/XXII-Congreso-se-Seguridad-y-Salud-Laboral-280-470x705.jpg 470w, https:\/\/www.lafundacion.com\/wp-content\/uploads\/2022\/11\/XXII-Congreso-se-Seguridad-y-Salud-Laboral-280.jpg 750w\" data-sizes=\"(max-width: 687px) 100vw, 687px\"  aria-label=\"image XXII Congreso se Seguridad y Salud Laboral -280\"  id='av-masonry-1-item-46460' data-av-masonry-item='46460' class='av-masonry-entry isotope-item post-46460 attachment type-attachment status-inherit hentry  av-masonry-item-with-image' title=\"XXII Congreso se Seguridad y Salud Laboral -280\" alt=\"\"    itemprop=\"thumbnailUrl\" ><div class='av-inner-masonry-sizer'><\/div><figure class='av-inner-masonry main_color'><div class=\"av-masonry-outerimage-container\"><div class='av-masonry-image-container'  ><img decoding=\"async\" width=\"470\" height=\"705\" fetchpriority=\"high\" class=\"wp-image-46460 avia-img-lazy-loading-not-46460\"  src=\"https:\/\/www.lafundacion.com\/wp-content\/uploads\/2022\/11\/XXII-Congreso-se-Seguridad-y-Salud-Laboral-280-470x705.jpg\" title=\"XXII Congreso se Seguridad y Salud Laboral -280\" alt=\"\" srcset=\"https:\/\/www.lafundacion.com\/wp-content\/uploads\/2022\/11\/XXII-Congreso-se-Seguridad-y-Salud-Laboral-280-470x705.jpg 470w, https:\/\/www.lafundacion.com\/wp-content\/uploads\/2022\/11\/XXII-Congreso-se-Seguridad-y-Salud-Laboral-280-200x300.jpg 200w, https:\/\/www.lafundacion.com\/wp-content\/uploads\/2022\/11\/XXII-Congreso-se-Seguridad-y-Salud-Laboral-280-687x1030.jpg 687w, https:\/\/www.lafundacion.com\/wp-content\/uploads\/2022\/11\/XXII-Congreso-se-Seguridad-y-Salud-Laboral-280.jpg 750w\" sizes=\"(max-width: 470px) 100vw, 470px\" \/><\/div><\/div><figcaption class='av-inner-masonry-content site-background'><div class='av-inner-masonry-content-pos'><div class='av-inner-masonry-content-pos-content'><div class='avia-arrow'><\/div><h3 class='av-masonry-entry-title entry-title '  itemprop=\"headline\" >XXII Congreso se Seguridad y Salud Laboral -280<\/h3><\/div><\/div><\/figcaption><\/figure><\/a><!--end av-masonry entry--><a href=\"https:\/\/www.lafundacion.com\/wp-content\/uploads\/2022\/11\/XXII-Congreso-se-Seguridad-y-Salud-Laboral-321-687x1030.jpg\" data-srcset=\"https:\/\/www.lafundacion.com\/wp-content\/uploads\/2022\/11\/XXII-Congreso-se-Seguridad-y-Salud-Laboral-321-687x1030.jpg 687w, https:\/\/www.lafundacion.com\/wp-content\/uploads\/2022\/11\/XXII-Congreso-se-Seguridad-y-Salud-Laboral-321-200x300.jpg 200w, https:\/\/www.lafundacion.com\/wp-content\/uploads\/2022\/11\/XXII-Congreso-se-Seguridad-y-Salud-Laboral-321-470x705.jpg 470w, https:\/\/www.lafundacion.com\/wp-content\/uploads\/2022\/11\/XXII-Congreso-se-Seguridad-y-Salud-Laboral-321.jpg 750w\" data-sizes=\"(max-width: 687px) 100vw, 687px\"  aria-label=\"image XXII Congreso se Seguridad y Salud Laboral -321\"  id='av-masonry-1-item-46470' data-av-masonry-item='46470' class='av-masonry-entry isotope-item post-46470 attachment type-attachment status-inherit hentry  av-masonry-item-with-image' title=\"XXII Congreso se Seguridad y Salud Laboral -321\" alt=\"\"    itemprop=\"thumbnailUrl\" ><div class='av-inner-masonry-sizer'><\/div><figure class='av-inner-masonry main_color'><div class=\"av-masonry-outerimage-container\"><div class='av-masonry-image-container'  ><img decoding=\"async\" width=\"470\" height=\"705\" fetchpriority=\"high\" class=\"wp-image-46470 avia-img-lazy-loading-not-46470\"  src=\"https:\/\/www.lafundacion.com\/wp-content\/uploads\/2022\/11\/XXII-Congreso-se-Seguridad-y-Salud-Laboral-321-470x705.jpg\" title=\"XXII Congreso se Seguridad y Salud Laboral -321\" alt=\"\" srcset=\"https:\/\/www.lafundacion.com\/wp-content\/uploads\/2022\/11\/XXII-Congreso-se-Seguridad-y-Salud-Laboral-321-470x705.jpg 470w, https:\/\/www.lafundacion.com\/wp-content\/uploads\/2022\/11\/XXII-Congreso-se-Seguridad-y-Salud-Laboral-321-200x300.jpg 200w, https:\/\/www.lafundacion.com\/wp-content\/uploads\/2022\/11\/XXII-Congreso-se-Seguridad-y-Salud-Laboral-321-687x1030.jpg 687w, https:\/\/www.lafundacion.com\/wp-content\/uploads\/2022\/11\/XXII-Congreso-se-Seguridad-y-Salud-Laboral-321.jpg 750w\" sizes=\"(max-width: 470px) 100vw, 470px\" \/><\/div><\/div><figcaption class='av-inner-masonry-content site-background'><div class='av-inner-masonry-content-pos'><div class='av-inner-masonry-content-pos-content'><div class='avia-arrow'><\/div><h3 class='av-masonry-entry-title entry-title '  itemprop=\"headline\" >XXII Congreso se Seguridad y Salud Laboral -321<\/h3><\/div><\/div><\/figcaption><\/figure><\/a><!--end av-masonry entry--><a href=\"https:\/\/www.lafundacion.com\/wp-content\/uploads\/2022\/11\/XXII-Congreso-se-Seguridad-y-Salud-Laboral-206.jpg\" data-srcset=\"https:\/\/www.lafundacion.com\/wp-content\/uploads\/2022\/11\/XXII-Congreso-se-Seguridad-y-Salud-Laboral-206.jpg 750w, https:\/\/www.lafundacion.com\/wp-content\/uploads\/2022\/11\/XXII-Congreso-se-Seguridad-y-Salud-Laboral-206-300x200.jpg 300w, https:\/\/www.lafundacion.com\/wp-content\/uploads\/2022\/11\/XXII-Congreso-se-Seguridad-y-Salud-Laboral-206-705x470.jpg 705w\" data-sizes=\"(max-width: 750px) 100vw, 750px\"  aria-label=\"image XXII Congreso se Seguridad y Salud Laboral -206\"  id='av-masonry-1-item-46428' data-av-masonry-item='46428' class='av-masonry-entry isotope-item post-46428 attachment type-attachment status-inherit hentry  av-masonry-item-with-image' title=\"XXII Congreso se Seguridad y Salud Laboral -206\" alt=\"\"    itemprop=\"thumbnailUrl\" ><div class='av-inner-masonry-sizer'><\/div><figure class='av-inner-masonry main_color'><div class=\"av-masonry-outerimage-container\"><div class='av-masonry-image-container'  ><img decoding=\"async\" width=\"705\" height=\"470\" fetchpriority=\"high\" class=\"wp-image-46428 avia-img-lazy-loading-not-46428\"  src=\"https:\/\/www.lafundacion.com\/wp-content\/uploads\/2022\/11\/XXII-Congreso-se-Seguridad-y-Salud-Laboral-206-705x470.jpg\" title=\"XXII Congreso se Seguridad y Salud Laboral -206\" alt=\"\" srcset=\"https:\/\/www.lafundacion.com\/wp-content\/uploads\/2022\/11\/XXII-Congreso-se-Seguridad-y-Salud-Laboral-206-705x470.jpg 705w, https:\/\/www.lafundacion.com\/wp-content\/uploads\/2022\/11\/XXII-Congreso-se-Seguridad-y-Salud-Laboral-206-300x200.jpg 300w, https:\/\/www.lafundacion.com\/wp-content\/uploads\/2022\/11\/XXII-Congreso-se-Seguridad-y-Salud-Laboral-206.jpg 750w\" sizes=\"(max-width: 705px) 100vw, 705px\" \/><\/div><\/div><figcaption class='av-inner-masonry-content site-background'><div class='av-inner-masonry-content-pos'><div class='av-inner-masonry-content-pos-content'><div class='avia-arrow'><\/div><h3 class='av-masonry-entry-title entry-title '  itemprop=\"headline\" >XXII Congreso se Seguridad y Salud Laboral -206<\/h3><\/div><\/div><\/figcaption><\/figure><\/a><!--end av-masonry entry--><a href=\"https:\/\/www.lafundacion.com\/wp-content\/uploads\/2022\/11\/XXII-Congreso-se-Seguridad-y-Salud-Laboral-214.jpg\" data-srcset=\"https:\/\/www.lafundacion.com\/wp-content\/uploads\/2022\/11\/XXII-Congreso-se-Seguridad-y-Salud-Laboral-214.jpg 750w, https:\/\/www.lafundacion.com\/wp-content\/uploads\/2022\/11\/XXII-Congreso-se-Seguridad-y-Salud-Laboral-214-300x200.jpg 300w, https:\/\/www.lafundacion.com\/wp-content\/uploads\/2022\/11\/XXII-Congreso-se-Seguridad-y-Salud-Laboral-214-705x470.jpg 705w\" data-sizes=\"(max-width: 750px) 100vw, 750px\"  aria-label=\"image XXII Congreso se Seguridad y Salud Laboral -214\"  id='av-masonry-1-item-46432' data-av-masonry-item='46432' class='av-masonry-entry isotope-item post-46432 attachment type-attachment status-inherit hentry  av-masonry-item-with-image' title=\"XXII Congreso se Seguridad y Salud Laboral -214\" alt=\"\"    itemprop=\"thumbnailUrl\" ><div class='av-inner-masonry-sizer'><\/div><figure class='av-inner-masonry main_color'><div class=\"av-masonry-outerimage-container\"><div class='av-masonry-image-container'  ><img decoding=\"async\" width=\"705\" height=\"470\" fetchpriority=\"high\" class=\"wp-image-46432 avia-img-lazy-loading-not-46432\"  src=\"https:\/\/www.lafundacion.com\/wp-content\/uploads\/2022\/11\/XXII-Congreso-se-Seguridad-y-Salud-Laboral-214-705x470.jpg\" title=\"XXII Congreso se Seguridad y Salud Laboral -214\" alt=\"\" srcset=\"https:\/\/www.lafundacion.com\/wp-content\/uploads\/2022\/11\/XXII-Congreso-se-Seguridad-y-Salud-Laboral-214-705x470.jpg 705w, https:\/\/www.lafundacion.com\/wp-content\/uploads\/2022\/11\/XXII-Congreso-se-Seguridad-y-Salud-Laboral-214-300x200.jpg 300w, https:\/\/www.lafundacion.com\/wp-content\/uploads\/2022\/11\/XXII-Congreso-se-Seguridad-y-Salud-Laboral-214.jpg 750w\" sizes=\"(max-width: 705px) 100vw, 705px\" \/><\/div><\/div><figcaption class='av-inner-masonry-content site-background'><div class='av-inner-masonry-content-pos'><div class='av-inner-masonry-content-pos-content'><div class='avia-arrow'><\/div><h3 class='av-masonry-entry-title entry-title '  itemprop=\"headline\" >XXII Congreso se Seguridad y Salud Laboral -214<\/h3><\/div><\/div><\/figcaption><\/figure><\/a><!--end av-masonry entry--><a href=\"https:\/\/www.lafundacion.com\/wp-content\/uploads\/2022\/11\/XXII-Congreso-se-Seguridad-y-Salud-Laboral-195.jpg\" data-srcset=\"https:\/\/www.lafundacion.com\/wp-content\/uploads\/2022\/11\/XXII-Congreso-se-Seguridad-y-Salud-Laboral-195.jpg 750w, https:\/\/www.lafundacion.com\/wp-content\/uploads\/2022\/11\/XXII-Congreso-se-Seguridad-y-Salud-Laboral-195-300x200.jpg 300w, https:\/\/www.lafundacion.com\/wp-content\/uploads\/2022\/11\/XXII-Congreso-se-Seguridad-y-Salud-Laboral-195-705x470.jpg 705w\" data-sizes=\"(max-width: 750px) 100vw, 750px\"  aria-label=\"image XXII Congreso se Seguridad y Salud Laboral -195\"  id='av-masonry-1-item-46422' data-av-masonry-item='46422' class='av-masonry-entry isotope-item post-46422 attachment type-attachment status-inherit hentry  av-masonry-item-with-image' title=\"XXII Congreso se Seguridad y Salud Laboral -195\" alt=\"\"    itemprop=\"thumbnailUrl\" ><div class='av-inner-masonry-sizer'><\/div><figure class='av-inner-masonry main_color'><div class=\"av-masonry-outerimage-container\"><div class='av-masonry-image-container'  ><img decoding=\"async\" width=\"705\" height=\"470\" fetchpriority=\"high\" class=\"wp-image-46422 avia-img-lazy-loading-not-46422\"  src=\"https:\/\/www.lafundacion.com\/wp-content\/uploads\/2022\/11\/XXII-Congreso-se-Seguridad-y-Salud-Laboral-195-705x470.jpg\" title=\"XXII Congreso se Seguridad y Salud Laboral -195\" alt=\"\" srcset=\"https:\/\/www.lafundacion.com\/wp-content\/uploads\/2022\/11\/XXII-Congreso-se-Seguridad-y-Salud-Laboral-195-705x470.jpg 705w, https:\/\/www.lafundacion.com\/wp-content\/uploads\/2022\/11\/XXII-Congreso-se-Seguridad-y-Salud-Laboral-195-300x200.jpg 300w, https:\/\/www.lafundacion.com\/wp-content\/uploads\/2022\/11\/XXII-Congreso-se-Seguridad-y-Salud-Laboral-195.jpg 750w\" sizes=\"(max-width: 705px) 100vw, 705px\" \/><\/div><\/div><figcaption class='av-inner-masonry-content site-background'><div class='av-inner-masonry-content-pos'><div class='av-inner-masonry-content-pos-content'><div class='avia-arrow'><\/div><h3 class='av-masonry-entry-title entry-title '  itemprop=\"headline\" >XXII Congreso se Seguridad y Salud Laboral -195<\/h3><\/div><\/div><\/figcaption><\/figure><\/a><!--end av-masonry entry--><a href=\"https:\/\/www.lafundacion.com\/wp-content\/uploads\/2022\/11\/XXII-Congreso-se-Seguridad-y-Salud-Laboral-147.jpg\" data-srcset=\"https:\/\/www.lafundacion.com\/wp-content\/uploads\/2022\/11\/XXII-Congreso-se-Seguridad-y-Salud-Laboral-147.jpg 750w, https:\/\/www.lafundacion.com\/wp-content\/uploads\/2022\/11\/XXII-Congreso-se-Seguridad-y-Salud-Laboral-147-300x200.jpg 300w, https:\/\/www.lafundacion.com\/wp-content\/uploads\/2022\/11\/XXII-Congreso-se-Seguridad-y-Salud-Laboral-147-705x470.jpg 705w\" data-sizes=\"(max-width: 750px) 100vw, 750px\"  aria-label=\"image XXII Congreso se Seguridad y Salud Laboral -147\"  id='av-masonry-1-item-46402' data-av-masonry-item='46402' class='av-masonry-entry isotope-item post-46402 attachment type-attachment status-inherit hentry  av-masonry-item-with-image' title=\"XXII Congreso se Seguridad y Salud Laboral -147\" alt=\"\"    itemprop=\"thumbnailUrl\" ><div class='av-inner-masonry-sizer'><\/div><figure class='av-inner-masonry main_color'><div class=\"av-masonry-outerimage-container\"><div class='av-masonry-image-container'  ><img decoding=\"async\" width=\"705\" height=\"470\" fetchpriority=\"high\" class=\"wp-image-46402 avia-img-lazy-loading-not-46402\"  src=\"https:\/\/www.lafundacion.com\/wp-content\/uploads\/2022\/11\/XXII-Congreso-se-Seguridad-y-Salud-Laboral-147-705x470.jpg\" title=\"XXII Congreso se Seguridad y Salud Laboral -147\" alt=\"\" srcset=\"https:\/\/www.lafundacion.com\/wp-content\/uploads\/2022\/11\/XXII-Congreso-se-Seguridad-y-Salud-Laboral-147-705x470.jpg 705w, https:\/\/www.lafundacion.com\/wp-content\/uploads\/2022\/11\/XXII-Congreso-se-Seguridad-y-Salud-Laboral-147-300x200.jpg 300w, https:\/\/www.lafundacion.com\/wp-content\/uploads\/2022\/11\/XXII-Congreso-se-Seguridad-y-Salud-Laboral-147.jpg 750w\" sizes=\"(max-width: 705px) 100vw, 705px\" \/><\/div><\/div><figcaption class='av-inner-masonry-content site-background'><div class='av-inner-masonry-content-pos'><div class='av-inner-masonry-content-pos-content'><div class='avia-arrow'><\/div><h3 class='av-masonry-entry-title entry-title '  itemprop=\"headline\" >XXII Congreso se Seguridad y Salud Laboral -147<\/h3><\/div><\/div><\/figcaption><\/figure><\/a><!--end av-masonry entry--><\/div><\/div><\/p><\/div><div  class='flex_column av-14ah80e-08315f35dc5998ac7513964201310f6d av_one_half  avia-builder-el-6  el_after_av_one_full  el_before_av_one_half  first flex_column_div  column-top-margin'     ><div  class='avia-button-wrap av-l8x7xgnl-5025d37e2e50d585fc91e93341b4f85c-wrap avia-button-center  avia-builder-el-7  avia-builder-el-no-sibling '>\n<style type=\"text\/css\" data-created_by=\"avia_inline_auto\" id=\"style-css-av-l8x7xgnl-5025d37e2e50d585fc91e93341b4f85c\">\n#top #wrap_all .avia-button.av-l8x7xgnl-5025d37e2e50d585fc91e93341b4f85c:hover{\ncolor:white;\ntransition:all 0.4s ease-in-out;\n}\n#top #wrap_all .avia-button.av-l8x7xgnl-5025d37e2e50d585fc91e93341b4f85c:hover .avia-svg-icon svg:first-child{\nfill:white;\nstroke:white;\n}\n<\/style>\n<a href='https:\/\/www.lafundacion.com\/wp-content\/uploads\/2022\/10\/Laneko-osasunaren-XXII-Biltzarra.pdf'  class='avia-button av-l8x7xgnl-5025d37e2e50d585fc91e93341b4f85c av-link-btn avia-icon_select-no avia-size-x-large avia-position-center avia-color-aqua avia-font-color-theme-color'  target=\"_blank\"  rel=\"noopener noreferrer\"  aria-label=\"PROGRAMA, OHOREZKO ETA ADITUEN BATZORDEA\"><span class='avia_iconbox_title' >PROGRAMA, OHOREZKO ETA ADITUEN BATZORDEA<\/span><span class='avia_button_background avia-button avia-color-theme-color-highlight' ><\/span><\/a><\/div><\/div><\/p>\n<div  class='flex_column av-ktb0vi-6200dcb991227464e065b2d064842f4a av_one_half  avia-builder-el-8  el_after_av_one_half  el_before_av_hr  flex_column_div  column-top-margin'     ><div  class='avia-button-wrap av-lab2io1n-24ded923a6be81d6d66460955a804a05-wrap avia-button-center  avia-builder-el-9  avia-builder-el-no-sibling '>\n<style type=\"text\/css\" data-created_by=\"avia_inline_auto\" id=\"style-css-av-lab2io1n-24ded923a6be81d6d66460955a804a05\">\n#top #wrap_all .avia-button.av-lab2io1n-24ded923a6be81d6d66460955a804a05:hover{\ncolor:white;\ntransition:all 0.4s ease-in-out;\n}\n#top #wrap_all .avia-button.av-lab2io1n-24ded923a6be81d6d66460955a804a05:hover .avia-svg-icon svg:first-child{\nfill:white;\nstroke:white;\n}\n<\/style>\n<a href='https:\/\/www.lafundacion.com\/eu\/argazkiak\/lan-osasunaren-xxii-biltzarraren-argazki-bilduma\/'  class='avia-button av-lab2io1n-24ded923a6be81d6d66460955a804a05 av-link-btn avia-icon_select-no avia-size-x-large avia-position-center avia-color-aqua avia-font-color-theme-color'  target=\"_blank\"  rel=\"noopener noreferrer\"  aria-label=\"BILTZARREKO ARGAZKI BILDUMA\"><span class='avia_iconbox_title' >BILTZARREKO ARGAZKI BILDUMA<\/span><span class='avia_button_background avia-button avia-color-theme-color-highlight' ><\/span><\/a><\/div><\/div>\n<div  class='hr av-wnvli5-fd4bf171ba562e3d5e20cf99673eaf9d hr-default  avia-builder-el-10  el_after_av_one_half  el_before_av_heading '><span class='hr-inner '><span class=\"hr-inner-style\"><\/span><\/span><\/div>\n\n<style type=\"text\/css\" data-created_by=\"avia_inline_auto\" id=\"style-css-av-kp6pjnn4-238a1a19754a73416f28abc0625d3337\">\n#top .av-special-heading.av-kp6pjnn4-238a1a19754a73416f28abc0625d3337{\npadding-bottom:10px;\n}\nbody .av-special-heading.av-kp6pjnn4-238a1a19754a73416f28abc0625d3337 .av-special-heading-tag .heading-char{\nfont-size:25px;\n}\n.av-special-heading.av-kp6pjnn4-238a1a19754a73416f28abc0625d3337 .av-subheading{\nfont-size:15px;\n}\n<\/style>\n<div  class='av-special-heading av-kp6pjnn4-238a1a19754a73416f28abc0625d3337 av-special-heading-h3  avia-builder-el-11  el_after_av_hr  el_before_av_one_full '><h3 class='av-special-heading-tag '  itemprop=\"headline\"  >Antolatzaileak:<\/h3><div class=\"special-heading-border\"><div class=\"special-heading-inner-border\"><\/div><\/div><\/div>\n\n<style type=\"text\/css\" data-created_by=\"avia_inline_auto\" id=\"style-css-av-1ptr9vt-a1838bf301981f30745fe7c1565e07db\">\n.flex_column.av-1ptr9vt-a1838bf301981f30745fe7c1565e07db{\nborder-radius:0px 0px 0px 0px;\npadding:0px 0px 0px 0px;\n}\n<\/style>\n<div  class='flex_column av-1ptr9vt-a1838bf301981f30745fe7c1565e07db av_one_full  avia-builder-el-12  el_after_av_heading  el_before_av_one_half  first flex_column_div av-zero-column-padding  '     ><style type=\"text\/css\" data-created_by=\"avia_inline_auto\" id=\"style-css-av-166ovux-187b1026d5d8375d570f439687b9019c\">\n.avia-image-container.av-166ovux-187b1026d5d8375d570f439687b9019c img.avia_image{\nbox-shadow:none;\n}\n.avia-image-container.av-166ovux-187b1026d5d8375d570f439687b9019c .av-image-caption-overlay-center{\ncolor:#ffffff;\n}\n<\/style>\n<div  class='avia-image-container av-166ovux-187b1026d5d8375d570f439687b9019c av-styling- avia-align-center  avia-builder-el-13  avia-builder-el-no-sibling '   itemprop=\"image\" itemscope=\"itemscope\" itemtype=\"https:\/\/schema.org\/ImageObject\" ><div class=\"avia-image-container-inner\"><div class=\"avia-image-overlay-wrap\"><img decoding=\"async\" fetchpriority=\"high\" class='wp-image-23556 avia-img-lazy-loading-not-23556 avia_image ' src=\"https:\/\/www.lafundacion.com\/wp-content\/uploads\/2021\/10\/logo-laf-claim-sin-fondo.png\" alt='' title='logo laf claim sin fondo'  height=\"231\" width=\"487\"  itemprop=\"thumbnailUrl\" srcset=\"https:\/\/www.lafundacion.com\/wp-content\/uploads\/2021\/10\/logo-laf-claim-sin-fondo.png 487w, https:\/\/www.lafundacion.com\/wp-content\/uploads\/2021\/10\/logo-laf-claim-sin-fondo-300x142.png 300w\" sizes=\"(max-width: 487px) 100vw, 487px\" \/><\/div><\/div><\/div><\/div>\n<div  class='flex_column av-1al4fp9-837714a8e9d3aef056b08ee876ada432 av_one_half  avia-builder-el-14  el_after_av_one_full  el_before_av_one_half  first flex_column_div  column-top-margin'     ><p>\n<style type=\"text\/css\" data-created_by=\"avia_inline_auto\" id=\"style-css-av-kuffbc0a-f713f296d258278139c7562ff9de30d4\">\n#top .av-special-heading.av-kuffbc0a-f713f296d258278139c7562ff9de30d4{\npadding-bottom:10px;\n}\nbody .av-special-heading.av-kuffbc0a-f713f296d258278139c7562ff9de30d4 .av-special-heading-tag .heading-char{\nfont-size:25px;\n}\n.av-special-heading.av-kuffbc0a-f713f296d258278139c7562ff9de30d4 .av-subheading{\nfont-size:15px;\n}\n<\/style>\n<div  class='av-special-heading av-kuffbc0a-f713f296d258278139c7562ff9de30d4 av-special-heading-h3  avia-builder-el-15  el_before_av_image  avia-builder-el-first '><h3 class='av-special-heading-tag '  itemprop=\"headline\"  >Kolaboratzaile nagusia:<\/h3><div class=\"special-heading-border\"><div class=\"special-heading-inner-border\"><\/div><\/div><\/div><br \/>\n\n<style type=\"text\/css\" data-created_by=\"avia_inline_auto\" id=\"style-css-av-kuffekwd-eed7573d7b093c9f96b3dc8ad12ba175\">\n.avia-image-container.av-kuffekwd-eed7573d7b093c9f96b3dc8ad12ba175 img.avia_image{\nbox-shadow:none;\n}\n.avia-image-container.av-kuffekwd-eed7573d7b093c9f96b3dc8ad12ba175 .av-image-caption-overlay-center{\ncolor:#ffffff;\n}\n<\/style>\n<div  class='avia-image-container av-kuffekwd-eed7573d7b093c9f96b3dc8ad12ba175 av-styling- avia-align-center  avia-builder-el-16  el_after_av_heading  avia-builder-el-last '   itemprop=\"image\" itemscope=\"itemscope\" itemtype=\"https:\/\/schema.org\/ImageObject\" ><div class=\"avia-image-container-inner\"><div class=\"avia-image-overlay-wrap\"><img decoding=\"async\" fetchpriority=\"high\" class='wp-image-23014 avia-img-lazy-loading-not-23014 avia_image ' src=\"https:\/\/www.lafundacion.com\/wp-content\/uploads\/2021\/10\/logo-DFA-300x93.jpg\" alt='' title='logo DFA'  height=\"93\" width=\"300\"  itemprop=\"thumbnailUrl\" srcset=\"https:\/\/www.lafundacion.com\/wp-content\/uploads\/2021\/10\/logo-DFA-300x93.jpg 300w, https:\/\/www.lafundacion.com\/wp-content\/uploads\/2021\/10\/logo-DFA-1030x319.jpg 1030w, https:\/\/www.lafundacion.com\/wp-content\/uploads\/2021\/10\/logo-DFA-768x238.jpg 768w, https:\/\/www.lafundacion.com\/wp-content\/uploads\/2021\/10\/logo-DFA-1536x475.jpg 1536w, https:\/\/www.lafundacion.com\/wp-content\/uploads\/2021\/10\/logo-DFA-2048x634.jpg 2048w, https:\/\/www.lafundacion.com\/wp-content\/uploads\/2021\/10\/logo-DFA-1500x464.jpg 1500w, https:\/\/www.lafundacion.com\/wp-content\/uploads\/2021\/10\/logo-DFA-705x218.jpg 705w\" sizes=\"(max-width: 300px) 100vw, 300px\" \/><\/div><\/div><\/div><\/p><\/div>\n<div  class='flex_column av-rdybj1-27c2773b70037d1f006d96de6f301b1a av_one_half  avia-builder-el-17  el_after_av_one_half  avia-builder-el-last  flex_column_div  column-top-margin'     ><p>\n<style type=\"text\/css\" data-created_by=\"avia_inline_auto\" id=\"style-css-av-kvkpxpxp-4cff61d5b777c6ae209fe558df2a0fb0\">\n#top .av-special-heading.av-kvkpxpxp-4cff61d5b777c6ae209fe558df2a0fb0{\npadding-bottom:10px;\n}\nbody .av-special-heading.av-kvkpxpxp-4cff61d5b777c6ae209fe558df2a0fb0 .av-special-heading-tag .heading-char{\nfont-size:25px;\n}\n.av-special-heading.av-kvkpxpxp-4cff61d5b777c6ae209fe558df2a0fb0 .av-subheading{\nfont-size:15px;\n}\n<\/style>\n<div  class='av-special-heading av-kvkpxpxp-4cff61d5b777c6ae209fe558df2a0fb0 av-special-heading-h3  avia-builder-el-18  el_before_av_image  avia-builder-el-first '><h3 class='av-special-heading-tag '  itemprop=\"headline\"  >Kolaboratzailea:<\/h3><div class=\"special-heading-border\"><div class=\"special-heading-inner-border\"><\/div><\/div><\/div><br \/>\n\n<style type=\"text\/css\" data-created_by=\"avia_inline_auto\" id=\"style-css-av-kvkq5wy6-0e685f46a2b80e108122bd183f07e8ec\">\n.avia-image-container.av-kvkq5wy6-0e685f46a2b80e108122bd183f07e8ec img.avia_image{\nbox-shadow:none;\n}\n.avia-image-container.av-kvkq5wy6-0e685f46a2b80e108122bd183f07e8ec .av-image-caption-overlay-center{\ncolor:#ffffff;\n}\n<\/style>\n<div  class='avia-image-container av-kvkq5wy6-0e685f46a2b80e108122bd183f07e8ec av-styling- avia-align-center  avia-builder-el-19  el_after_av_heading  avia-builder-el-last '   itemprop=\"image\" itemscope=\"itemscope\" itemtype=\"https:\/\/schema.org\/ImageObject\" ><div class=\"avia-image-container-inner\"><div class=\"avia-image-overlay-wrap\"><img decoding=\"async\" fetchpriority=\"high\" class='wp-image-23012 avia-img-lazy-loading-not-23012 avia_image ' src=\"https:\/\/www.lafundacion.com\/wp-content\/uploads\/2021\/10\/logo-Ayuntamiento-Vitoria-Gasteiz-300x87.png\" alt='logotipo ayuntamiento Vitoria-Gasteiz' title='Vitoria-Gasteiz-ko udalaren logotipoa'  height=\"87\" width=\"300\"  itemprop=\"thumbnailUrl\" srcset=\"https:\/\/www.lafundacion.com\/wp-content\/uploads\/2021\/10\/logo-Ayuntamiento-Vitoria-Gasteiz-300x87.png 300w, https:\/\/www.lafundacion.com\/wp-content\/uploads\/2021\/10\/logo-Ayuntamiento-Vitoria-Gasteiz-1030x298.png 1030w, https:\/\/www.lafundacion.com\/wp-content\/uploads\/2021\/10\/logo-Ayuntamiento-Vitoria-Gasteiz-768x222.png 768w, https:\/\/www.lafundacion.com\/wp-content\/uploads\/2021\/10\/logo-Ayuntamiento-Vitoria-Gasteiz-705x204.png 705w, https:\/\/www.lafundacion.com\/wp-content\/uploads\/2021\/10\/logo-Ayuntamiento-Vitoria-Gasteiz.png 1176w\" sizes=\"(max-width: 300px) 100vw, 300px\" \/><\/div><\/div><\/div><\/p><\/div>\n","protected":false},"excerpt":{"rendered":"","protected":false},"author":2,"featured_media":46538,"comment_status":"closed","ping_status":"closed","sticky":false,"template":"","format":"standard","meta":{"_acf_changed":false,"footnotes":""},"categories":[93],"tags":[100,452,451,450,456,453,449,448,454,455,446,447],"class_list":["post-46735","post","type-post","status-publish","format-standard","has-post-thumbnail","hentry","category-noticias-eu","tag-empresas-alava-eu","tag-lan-osasuna-araba","tag-lan-osasuna-gasteiz","tag-lan-osasunaren-kongresua","tag-laneko-prebentzioaren-kongresua","tag-langileen-osasuna","tag-osasun-emozionala","tag-osasun-emozionala-gasteiz","tag-osasun-mentala","tag-prebentzioa","tag-psikologia-gasteiz","tag-psikosoziologia"],"acf":[],"yoast_head":"<!-- This site is optimized with the Yoast SEO plugin v27.5 - https:\/\/yoast.com\/product\/yoast-seo-wordpress\/ -->\r\n<title>Lan osasunaren XXII Biltzarraren arrakasta &#187; La Fundaci\u00f3n San Prudencio<\/title>\r\n<meta name=\"description\" content=\"La Fundaci\u00f3n-ek lan-osasunari buruzko jardunaldia antolatu du Gasteizen absentismoa murrizteko osasun emozionala landuz.\" \/>\r\n<meta name=\"robots\" content=\"index, follow, max-snippet:-1, max-image-preview:large, max-video-preview:-1\" \/>\r\n<link rel=\"canonical\" href=\"https:\/\/www.lafundacion.com\/eu\/noticias-eu\/laneko-osasunaren-biltzarraren-arrakasta\/\" \/>\r\n<meta property=\"og:locale\" content=\"eu_ES\" \/>\r\n<meta property=\"og:type\" content=\"article\" \/>\r\n<meta property=\"og:title\" content=\"Ekitaldia Gasteizen\" \/>\r\n<meta property=\"og:description\" content=\"Arabako enpresentzat, La Fundaci\u00f3n San Prudenciok antolatutako ekitaldia Gasteizen arazo psikosozialen aurkako proposamenak azalduz enpresentzat.\" \/>\r\n<meta property=\"og:url\" content=\"https:\/\/www.lafundacion.com\/eu\/noticias-eu\/laneko-osasunaren-biltzarraren-arrakasta\/\" \/>\r\n<meta property=\"og:site_name\" content=\"La Fundaci\u00f3n San Prudencio\" \/>\r\n<meta property=\"article:published_time\" content=\"2022-11-10T14:40:40+00:00\" \/>\r\n<meta property=\"article:modified_time\" content=\"2022-11-14T08:56:25+00:00\" \/>\r\n<meta property=\"og:image\" content=\"https:\/\/www.lafundacion.com\/wp-content\/uploads\/2022\/09\/banner-web-Home-actualizado2022-EUS.jpg\" \/>\r\n\t<meta property=\"og:image:width\" content=\"1500\" \/>\r\n\t<meta property=\"og:image:height\" content=\"430\" \/>\r\n\t<meta property=\"og:image:type\" content=\"image\/jpeg\" \/>\r\n<meta name=\"author\" content=\"La Fundaci\u00f3n San Prudencio\" \/>\r\n<meta name=\"twitter:card\" content=\"summary_large_image\" \/>\r\n<meta name=\"twitter:title\" content=\"Ekitaldia Gasteizen: Lan Segurtasuna eta Osasuna\" \/>\r\n<meta name=\"twitter:description\" content=\"Arabako enpresentzat, La Fundaci\u00f3n San Prudenciok antolatutako ekitaldia Gasteizen.\" \/>\r\n<meta name=\"twitter:image\" content=\"https:\/\/www.lafundacion.com\/wp-content\/uploads\/2022\/09\/banner-web-Home-actualizado2022-EUS.jpg\" \/>\r\n<meta name=\"twitter:label1\" content=\"Written by\" \/>\n\t<meta name=\"twitter:data1\" content=\"La Fundaci\u00f3n San Prudencio\" \/>\n\t<meta name=\"twitter:label2\" content=\"Est. reading time\" \/>\n\t<meta name=\"twitter:data2\" content=\"10 minutes\" \/>\r\n<script type=\"application\/ld+json\" class=\"yoast-schema-graph\">{\"@context\":\"https:\\\/\\\/schema.org\",\"@graph\":[{\"@type\":\"Article\",\"@id\":\"https:\\\/\\\/www.lafundacion.com\\\/eu\\\/noticias-eu\\\/laneko-osasunaren-biltzarraren-arrakasta\\\/#article\",\"isPartOf\":{\"@id\":\"https:\\\/\\\/www.lafundacion.com\\\/eu\\\/noticias-eu\\\/laneko-osasunaren-biltzarraren-arrakasta\\\/\"},\"author\":{\"name\":\"La Fundaci\u00f3n San Prudencio\",\"@id\":\"https:\\\/\\\/www.lafundacion.com\\\/eu\\\/#\\\/schema\\\/person\\\/39119d98dad187760c7ba6ffe0d62170\"},\"headline\":\"Lan osasunaren XXII Biltzarraren arrakasta\",\"datePublished\":\"2022-11-10T14:40:40+00:00\",\"dateModified\":\"2022-11-14T08:56:25+00:00\",\"mainEntityOfPage\":{\"@id\":\"https:\\\/\\\/www.lafundacion.com\\\/eu\\\/noticias-eu\\\/laneko-osasunaren-biltzarraren-arrakasta\\\/\"},\"wordCount\":3564,\"publisher\":{\"@id\":\"https:\\\/\\\/www.lafundacion.com\\\/eu\\\/#organization\"},\"image\":{\"@id\":\"https:\\\/\\\/www.lafundacion.com\\\/eu\\\/noticias-eu\\\/laneko-osasunaren-biltzarraren-arrakasta\\\/#primaryimage\"},\"thumbnailUrl\":\"https:\\\/\\\/www.lafundacion.com\\\/wp-content\\\/uploads\\\/2022\\\/11\\\/XXII-Congreso-se-Seguridad-y-Salud-Laboral-437.jpg\",\"keywords\":[\"empresas \u00c1lava\",\"lan osasuna Araba\",\"lan osasuna Gasteiz\",\"Lan osasunaren kongresua\",\"Laneko prebentzioaren kongresua\",\"langileen osasuna\",\"osasun emozionala\",\"osasun emozionala Gasteiz\",\"osasun mentala\",\"prebentzioa\",\"psikologia Gasteiz\",\"psikosoziologia\"],\"articleSection\":[\"Noticias\"],\"inLanguage\":\"eu-ES\"},{\"@type\":\"WebPage\",\"@id\":\"https:\\\/\\\/www.lafundacion.com\\\/eu\\\/noticias-eu\\\/laneko-osasunaren-biltzarraren-arrakasta\\\/\",\"url\":\"https:\\\/\\\/www.lafundacion.com\\\/eu\\\/noticias-eu\\\/laneko-osasunaren-biltzarraren-arrakasta\\\/\",\"name\":\"Lan osasunaren XXII Biltzarraren arrakasta &#187; La Fundaci\u00f3n San Prudencio\",\"isPartOf\":{\"@id\":\"https:\\\/\\\/www.lafundacion.com\\\/eu\\\/#website\"},\"primaryImageOfPage\":{\"@id\":\"https:\\\/\\\/www.lafundacion.com\\\/eu\\\/noticias-eu\\\/laneko-osasunaren-biltzarraren-arrakasta\\\/#primaryimage\"},\"image\":{\"@id\":\"https:\\\/\\\/www.lafundacion.com\\\/eu\\\/noticias-eu\\\/laneko-osasunaren-biltzarraren-arrakasta\\\/#primaryimage\"},\"thumbnailUrl\":\"https:\\\/\\\/www.lafundacion.com\\\/wp-content\\\/uploads\\\/2022\\\/11\\\/XXII-Congreso-se-Seguridad-y-Salud-Laboral-437.jpg\",\"datePublished\":\"2022-11-10T14:40:40+00:00\",\"dateModified\":\"2022-11-14T08:56:25+00:00\",\"description\":\"La Fundaci\u00f3n-ek lan-osasunari buruzko jardunaldia antolatu du Gasteizen absentismoa murrizteko osasun emozionala landuz.\",\"breadcrumb\":{\"@id\":\"https:\\\/\\\/www.lafundacion.com\\\/eu\\\/noticias-eu\\\/laneko-osasunaren-biltzarraren-arrakasta\\\/#breadcrumb\"},\"inLanguage\":\"eu-ES\",\"potentialAction\":[{\"@type\":\"ReadAction\",\"target\":[\"https:\\\/\\\/www.lafundacion.com\\\/eu\\\/noticias-eu\\\/laneko-osasunaren-biltzarraren-arrakasta\\\/\"]}]},{\"@type\":\"ImageObject\",\"inLanguage\":\"eu-ES\",\"@id\":\"https:\\\/\\\/www.lafundacion.com\\\/eu\\\/noticias-eu\\\/laneko-osasunaren-biltzarraren-arrakasta\\\/#primaryimage\",\"url\":\"https:\\\/\\\/www.lafundacion.com\\\/wp-content\\\/uploads\\\/2022\\\/11\\\/XXII-Congreso-se-Seguridad-y-Salud-Laboral-437.jpg\",\"contentUrl\":\"https:\\\/\\\/www.lafundacion.com\\\/wp-content\\\/uploads\\\/2022\\\/11\\\/XXII-Congreso-se-Seguridad-y-Salud-Laboral-437.jpg\",\"width\":750,\"height\":500},{\"@type\":\"BreadcrumbList\",\"@id\":\"https:\\\/\\\/www.lafundacion.com\\\/eu\\\/noticias-eu\\\/laneko-osasunaren-biltzarraren-arrakasta\\\/#breadcrumb\",\"itemListElement\":[{\"@type\":\"ListItem\",\"position\":1,\"name\":\"Portada\",\"item\":\"https:\\\/\\\/www.lafundacion.com\\\/eu\\\/hasiera\\\/\"},{\"@type\":\"ListItem\",\"position\":2,\"name\":\"Lan osasunaren XXII Biltzarraren arrakasta\"}]},{\"@type\":\"WebSite\",\"@id\":\"https:\\\/\\\/www.lafundacion.com\\\/eu\\\/#website\",\"url\":\"https:\\\/\\\/www.lafundacion.com\\\/eu\\\/\",\"name\":\"La Fundaci\u00f3n San Prudencio\",\"description\":\"La Fundaci\u00f3n Laboral San Prudencio en Vitoria-Gasteiz\",\"publisher\":{\"@id\":\"https:\\\/\\\/www.lafundacion.com\\\/eu\\\/#organization\"},\"potentialAction\":[{\"@type\":\"SearchAction\",\"target\":{\"@type\":\"EntryPoint\",\"urlTemplate\":\"https:\\\/\\\/www.lafundacion.com\\\/eu\\\/?s={search_term_string}\"},\"query-input\":{\"@type\":\"PropertyValueSpecification\",\"valueRequired\":true,\"valueName\":\"search_term_string\"}}],\"inLanguage\":\"eu-ES\"},{\"@type\":\"Organization\",\"@id\":\"https:\\\/\\\/www.lafundacion.com\\\/eu\\\/#organization\",\"name\":\"La Fundaci\u00f3n San Prudencio\",\"url\":\"https:\\\/\\\/www.lafundacion.com\\\/eu\\\/\",\"logo\":{\"@type\":\"ImageObject\",\"inLanguage\":\"eu-ES\",\"@id\":\"https:\\\/\\\/www.lafundacion.com\\\/eu\\\/#\\\/schema\\\/logo\\\/image\\\/\",\"url\":\"https:\\\/\\\/www.lafundacion.com\\\/wp-content\\\/uploads\\\/2020\\\/03\\\/logo-la-fundacion.png\",\"contentUrl\":\"https:\\\/\\\/www.lafundacion.com\\\/wp-content\\\/uploads\\\/2020\\\/03\\\/logo-la-fundacion.png\",\"width\":323,\"height\":129,\"caption\":\"La Fundaci\u00f3n San Prudencio\"},\"image\":{\"@id\":\"https:\\\/\\\/www.lafundacion.com\\\/eu\\\/#\\\/schema\\\/logo\\\/image\\\/\"}},{\"@type\":\"Person\",\"@id\":\"https:\\\/\\\/www.lafundacion.com\\\/eu\\\/#\\\/schema\\\/person\\\/39119d98dad187760c7ba6ffe0d62170\",\"name\":\"La Fundaci\u00f3n San Prudencio\",\"image\":{\"@type\":\"ImageObject\",\"inLanguage\":\"eu-ES\",\"@id\":\"https:\\\/\\\/secure.gravatar.com\\\/avatar\\\/0c3b0b5573637a9c53bbefa7ba0c7deb19d94f60a43f46e0300cd05fc3625862?s=96&d=mm&r=g\",\"url\":\"https:\\\/\\\/secure.gravatar.com\\\/avatar\\\/0c3b0b5573637a9c53bbefa7ba0c7deb19d94f60a43f46e0300cd05fc3625862?s=96&d=mm&r=g\",\"contentUrl\":\"https:\\\/\\\/secure.gravatar.com\\\/avatar\\\/0c3b0b5573637a9c53bbefa7ba0c7deb19d94f60a43f46e0300cd05fc3625862?s=96&d=mm&r=g\",\"caption\":\"La Fundaci\u00f3n San Prudencio\"}}]}<\/script>\r\n<!-- \/ Yoast SEO plugin. -->","yoast_head_json":{"title":"Lan osasunaren XXII Biltzarraren arrakasta &#187; La Fundaci\u00f3n San Prudencio","description":"La Fundaci\u00f3n-ek lan-osasunari buruzko jardunaldia antolatu du Gasteizen absentismoa murrizteko osasun emozionala landuz.","robots":{"index":"index","follow":"follow","max-snippet":"max-snippet:-1","max-image-preview":"max-image-preview:large","max-video-preview":"max-video-preview:-1"},"canonical":"https:\/\/www.lafundacion.com\/eu\/noticias-eu\/laneko-osasunaren-biltzarraren-arrakasta\/","og_locale":"eu_ES","og_type":"article","og_title":"Ekitaldia Gasteizen","og_description":"Arabako enpresentzat, La Fundaci\u00f3n San Prudenciok antolatutako ekitaldia Gasteizen arazo psikosozialen aurkako proposamenak azalduz enpresentzat.","og_url":"https:\/\/www.lafundacion.com\/eu\/noticias-eu\/laneko-osasunaren-biltzarraren-arrakasta\/","og_site_name":"La Fundaci\u00f3n San Prudencio","article_published_time":"2022-11-10T14:40:40+00:00","article_modified_time":"2022-11-14T08:56:25+00:00","og_image":[{"width":1500,"height":430,"url":"https:\/\/www.lafundacion.com\/wp-content\/uploads\/2022\/09\/banner-web-Home-actualizado2022-EUS.jpg","type":"image\/jpeg"}],"author":"La Fundaci\u00f3n San Prudencio","twitter_card":"summary_large_image","twitter_title":"Ekitaldia Gasteizen: Lan Segurtasuna eta Osasuna","twitter_description":"Arabako enpresentzat, La Fundaci\u00f3n San Prudenciok antolatutako ekitaldia Gasteizen.","twitter_image":"https:\/\/www.lafundacion.com\/wp-content\/uploads\/2022\/09\/banner-web-Home-actualizado2022-EUS.jpg","twitter_misc":{"Written by":"La Fundaci\u00f3n San Prudencio","Est. reading time":"10 minutes"},"schema":{"@context":"https:\/\/schema.org","@graph":[{"@type":"Article","@id":"https:\/\/www.lafundacion.com\/eu\/noticias-eu\/laneko-osasunaren-biltzarraren-arrakasta\/#article","isPartOf":{"@id":"https:\/\/www.lafundacion.com\/eu\/noticias-eu\/laneko-osasunaren-biltzarraren-arrakasta\/"},"author":{"name":"La Fundaci\u00f3n San Prudencio","@id":"https:\/\/www.lafundacion.com\/eu\/#\/schema\/person\/39119d98dad187760c7ba6ffe0d62170"},"headline":"Lan osasunaren XXII Biltzarraren arrakasta","datePublished":"2022-11-10T14:40:40+00:00","dateModified":"2022-11-14T08:56:25+00:00","mainEntityOfPage":{"@id":"https:\/\/www.lafundacion.com\/eu\/noticias-eu\/laneko-osasunaren-biltzarraren-arrakasta\/"},"wordCount":3564,"publisher":{"@id":"https:\/\/www.lafundacion.com\/eu\/#organization"},"image":{"@id":"https:\/\/www.lafundacion.com\/eu\/noticias-eu\/laneko-osasunaren-biltzarraren-arrakasta\/#primaryimage"},"thumbnailUrl":"https:\/\/www.lafundacion.com\/wp-content\/uploads\/2022\/11\/XXII-Congreso-se-Seguridad-y-Salud-Laboral-437.jpg","keywords":["empresas \u00c1lava","lan osasuna Araba","lan osasuna Gasteiz","Lan osasunaren kongresua","Laneko prebentzioaren kongresua","langileen osasuna","osasun emozionala","osasun emozionala Gasteiz","osasun mentala","prebentzioa","psikologia Gasteiz","psikosoziologia"],"articleSection":["Noticias"],"inLanguage":"eu-ES"},{"@type":"WebPage","@id":"https:\/\/www.lafundacion.com\/eu\/noticias-eu\/laneko-osasunaren-biltzarraren-arrakasta\/","url":"https:\/\/www.lafundacion.com\/eu\/noticias-eu\/laneko-osasunaren-biltzarraren-arrakasta\/","name":"Lan osasunaren XXII Biltzarraren arrakasta &#187; La Fundaci\u00f3n San Prudencio","isPartOf":{"@id":"https:\/\/www.lafundacion.com\/eu\/#website"},"primaryImageOfPage":{"@id":"https:\/\/www.lafundacion.com\/eu\/noticias-eu\/laneko-osasunaren-biltzarraren-arrakasta\/#primaryimage"},"image":{"@id":"https:\/\/www.lafundacion.com\/eu\/noticias-eu\/laneko-osasunaren-biltzarraren-arrakasta\/#primaryimage"},"thumbnailUrl":"https:\/\/www.lafundacion.com\/wp-content\/uploads\/2022\/11\/XXII-Congreso-se-Seguridad-y-Salud-Laboral-437.jpg","datePublished":"2022-11-10T14:40:40+00:00","dateModified":"2022-11-14T08:56:25+00:00","description":"La Fundaci\u00f3n-ek lan-osasunari buruzko jardunaldia antolatu du Gasteizen absentismoa murrizteko osasun emozionala landuz.","breadcrumb":{"@id":"https:\/\/www.lafundacion.com\/eu\/noticias-eu\/laneko-osasunaren-biltzarraren-arrakasta\/#breadcrumb"},"inLanguage":"eu-ES","potentialAction":[{"@type":"ReadAction","target":["https:\/\/www.lafundacion.com\/eu\/noticias-eu\/laneko-osasunaren-biltzarraren-arrakasta\/"]}]},{"@type":"ImageObject","inLanguage":"eu-ES","@id":"https:\/\/www.lafundacion.com\/eu\/noticias-eu\/laneko-osasunaren-biltzarraren-arrakasta\/#primaryimage","url":"https:\/\/www.lafundacion.com\/wp-content\/uploads\/2022\/11\/XXII-Congreso-se-Seguridad-y-Salud-Laboral-437.jpg","contentUrl":"https:\/\/www.lafundacion.com\/wp-content\/uploads\/2022\/11\/XXII-Congreso-se-Seguridad-y-Salud-Laboral-437.jpg","width":750,"height":500},{"@type":"BreadcrumbList","@id":"https:\/\/www.lafundacion.com\/eu\/noticias-eu\/laneko-osasunaren-biltzarraren-arrakasta\/#breadcrumb","itemListElement":[{"@type":"ListItem","position":1,"name":"Portada","item":"https:\/\/www.lafundacion.com\/eu\/hasiera\/"},{"@type":"ListItem","position":2,"name":"Lan osasunaren XXII Biltzarraren arrakasta"}]},{"@type":"WebSite","@id":"https:\/\/www.lafundacion.com\/eu\/#website","url":"https:\/\/www.lafundacion.com\/eu\/","name":"La Fundaci\u00f3n San Prudencio","description":"La Fundaci\u00f3n Laboral San Prudencio en Vitoria-Gasteiz","publisher":{"@id":"https:\/\/www.lafundacion.com\/eu\/#organization"},"potentialAction":[{"@type":"SearchAction","target":{"@type":"EntryPoint","urlTemplate":"https:\/\/www.lafundacion.com\/eu\/?s={search_term_string}"},"query-input":{"@type":"PropertyValueSpecification","valueRequired":true,"valueName":"search_term_string"}}],"inLanguage":"eu-ES"},{"@type":"Organization","@id":"https:\/\/www.lafundacion.com\/eu\/#organization","name":"La Fundaci\u00f3n San Prudencio","url":"https:\/\/www.lafundacion.com\/eu\/","logo":{"@type":"ImageObject","inLanguage":"eu-ES","@id":"https:\/\/www.lafundacion.com\/eu\/#\/schema\/logo\/image\/","url":"https:\/\/www.lafundacion.com\/wp-content\/uploads\/2020\/03\/logo-la-fundacion.png","contentUrl":"https:\/\/www.lafundacion.com\/wp-content\/uploads\/2020\/03\/logo-la-fundacion.png","width":323,"height":129,"caption":"La Fundaci\u00f3n San Prudencio"},"image":{"@id":"https:\/\/www.lafundacion.com\/eu\/#\/schema\/logo\/image\/"}},{"@type":"Person","@id":"https:\/\/www.lafundacion.com\/eu\/#\/schema\/person\/39119d98dad187760c7ba6ffe0d62170","name":"La Fundaci\u00f3n San Prudencio","image":{"@type":"ImageObject","inLanguage":"eu-ES","@id":"https:\/\/secure.gravatar.com\/avatar\/0c3b0b5573637a9c53bbefa7ba0c7deb19d94f60a43f46e0300cd05fc3625862?s=96&d=mm&r=g","url":"https:\/\/secure.gravatar.com\/avatar\/0c3b0b5573637a9c53bbefa7ba0c7deb19d94f60a43f46e0300cd05fc3625862?s=96&d=mm&r=g","contentUrl":"https:\/\/secure.gravatar.com\/avatar\/0c3b0b5573637a9c53bbefa7ba0c7deb19d94f60a43f46e0300cd05fc3625862?s=96&d=mm&r=g","caption":"La Fundaci\u00f3n San Prudencio"}}]}},"_links":{"self":[{"href":"https:\/\/www.lafundacion.com\/eu\/wp-json\/wp\/v2\/posts\/46735","targetHints":{"allow":["GET"]}}],"collection":[{"href":"https:\/\/www.lafundacion.com\/eu\/wp-json\/wp\/v2\/posts"}],"about":[{"href":"https:\/\/www.lafundacion.com\/eu\/wp-json\/wp\/v2\/types\/post"}],"author":[{"embeddable":true,"href":"https:\/\/www.lafundacion.com\/eu\/wp-json\/wp\/v2\/users\/2"}],"replies":[{"embeddable":true,"href":"https:\/\/www.lafundacion.com\/eu\/wp-json\/wp\/v2\/comments?post=46735"}],"version-history":[{"count":26,"href":"https:\/\/www.lafundacion.com\/eu\/wp-json\/wp\/v2\/posts\/46735\/revisions"}],"predecessor-version":[{"id":46904,"href":"https:\/\/www.lafundacion.com\/eu\/wp-json\/wp\/v2\/posts\/46735\/revisions\/46904"}],"wp:featuredmedia":[{"embeddable":true,"href":"https:\/\/www.lafundacion.com\/eu\/wp-json\/wp\/v2\/media\/46538"}],"wp:attachment":[{"href":"https:\/\/www.lafundacion.com\/eu\/wp-json\/wp\/v2\/media?parent=46735"}],"wp:term":[{"taxonomy":"category","embeddable":true,"href":"https:\/\/www.lafundacion.com\/eu\/wp-json\/wp\/v2\/categories?post=46735"},{"taxonomy":"post_tag","embeddable":true,"href":"https:\/\/www.lafundacion.com\/eu\/wp-json\/wp\/v2\/tags?post=46735"}],"curies":[{"name":"wp","href":"https:\/\/api.w.org\/{rel}","templated":true}]}}