{"id":388424,"date":"2026-04-29T14:18:18","date_gmt":"2026-04-29T12:18:18","guid":{"rendered":"https:\/\/www.lafundacion.com\/uncategorized-eu\/meritu-akademikoaren-laf-sariak-2026\/"},"modified":"2026-04-30T10:15:52","modified_gmt":"2026-04-30T08:15:52","slug":"meritu-akademikoaren-laf-sariak-2026","status":"publish","type":"post","link":"https:\/\/www.lafundacion.com\/eu\/uncategorized-eu\/meritu-akademikoaren-laf-sariak-2026\/","title":{"rendered":"Meritu Akademikoaren LaF Sariak 2026"},"content":{"rendered":"<div id='full_slider_1'  class='avia-fullwidth-slider main_color avia-shadow   avia-builder-el-0  el_before_av_one_full  avia-builder-el-first   container_wrap fullsize'  ><div  class='avia-slideshow av-l1vxl7ni-fe1dc6d4bc6e8cf36a68643d02f94c08 avia-slideshow-featured av_slideshow_full avia-slide-slider av-slideshow-ui av-control-default av-slideshow-manual av-loop-once av-loop-manual-endless av-default-height-applied   avia-slideshow-1' data-slideshow-options=\"{&quot;animation&quot;:&quot;slide&quot;,&quot;autoplay&quot;:false,&quot;loop_autoplay&quot;:&quot;once&quot;,&quot;interval&quot;:5,&quot;loop_manual&quot;:&quot;manual-endless&quot;,&quot;autoplay_stopper&quot;:false,&quot;noNavigation&quot;:false,&quot;bg_slider&quot;:false,&quot;keep_padding&quot;:false,&quot;hoverpause&quot;:false,&quot;show_slide_delay&quot;:0}\"  itemprop=\"image\" itemscope=\"itemscope\" itemtype=\"https:\/\/schema.org\/ImageObject\" ><ul class='avia-slideshow-inner ' style='padding-bottom: 28.666666666667%;'><li  class='avia-slideshow-slide av-l1vxl7ni-fe1dc6d4bc6e8cf36a68643d02f94c08__0  av-single-slide slide-1 slide-odd'><div data-rel='slideshow-1' class='avia-slide-wrap '   ><img decoding=\"async\" fetchpriority=\"high\" class=\"wp-image-389666 avia-img-lazy-loading-not-389666\"  src=\"https:\/\/www.lafundacion.com\/wp-content\/uploads\/2026\/04\/Banner-Premios-Merito-Adacemico-eus.jpg\" width=\"1500\" height=\"430\" title='Banner-Premios-Merito-Adacemico-eus' alt=''  itemprop=\"thumbnailUrl\" srcset=\"https:\/\/www.lafundacion.com\/wp-content\/uploads\/2026\/04\/Banner-Premios-Merito-Adacemico-eus.jpg 1500w, https:\/\/www.lafundacion.com\/wp-content\/uploads\/2026\/04\/Banner-Premios-Merito-Adacemico-eus-300x86.jpg 300w, https:\/\/www.lafundacion.com\/wp-content\/uploads\/2026\/04\/Banner-Premios-Merito-Adacemico-eus-1030x295.jpg 1030w, https:\/\/www.lafundacion.com\/wp-content\/uploads\/2026\/04\/Banner-Premios-Merito-Adacemico-eus-768x220.jpg 768w, https:\/\/www.lafundacion.com\/wp-content\/uploads\/2026\/04\/Banner-Premios-Merito-Adacemico-eus-705x202.jpg 705w\" sizes=\"(max-width: 1500px) 100vw, 1500px\" \/><\/div><\/li><\/ul><\/div><\/div><div id='after_full_slider_1'  class='main_color av_default_container_wrap container_wrap fullsize'  ><div class='container av-section-cont-open' ><div class='template-page content  av-content-full alpha units'><div class='post-entry post-entry-type-page post-entry-388424'><div class='entry-content-wrapper clearfix'>\n<div  class='flex_column av-2wkkjku-e895f6c18e752d8ea7bbd8a9680f84fe av_one_full  avia-builder-el-1  el_after_av_slideshow_full  el_before_av_one_fifth  avia-builder-el-first  first flex_column_div  '     ><section  class='av_textblock_section av-l1ukkp2p-7ab931fb79d0b6c6c6e44520ccbe3942 '   itemscope=\"itemscope\" itemtype=\"https:\/\/schema.org\/BlogPosting\" itemprop=\"blogPost\" ><div class='avia_textblock'  itemprop=\"text\" ><p><strong>Zure edo zure seme-alabaren noten batez bestekoa 8,5 baino handiagoa bada, eman izena sari hauetan, 1.000 \u20ac arte jaso dezakezu eta!<\/strong><\/p>\n<p>Eskabideak aurkezteko epea 2026ko abuztuaren 25ean amaitzen da.<\/p>\n<\/div><\/section><\/div>\n<div  class='flex_column av-5dlahha-fcfe61cfff061e710435805f54a56b7f av_one_fifth  avia-builder-el-3  el_after_av_one_full  el_before_av_four_fifth  first flex_column_div  column-top-margin'     ><style type=\"text\/css\" data-created_by=\"avia_inline_auto\" id=\"style-css-av-l4ciega9-0f97362b448de55bcc5d0897a9d5e912\">\n.avia-image-container.av-l4ciega9-0f97362b448de55bcc5d0897a9d5e912 img.avia_image{\nbox-shadow:none;\n}\n.avia-image-container.av-l4ciega9-0f97362b448de55bcc5d0897a9d5e912 .av-image-caption-overlay-center{\ncolor:#ffffff;\n}\n<\/style>\n<div  class='avia-image-container av-l4ciega9-0f97362b448de55bcc5d0897a9d5e912 av-styling- avia-align-center  avia-builder-el-4  avia-builder-el-no-sibling '   itemprop=\"image\" itemscope=\"itemscope\" itemtype=\"https:\/\/schema.org\/ImageObject\" ><div class=\"avia-image-container-inner\"><div class=\"avia-image-overlay-wrap\"><img decoding=\"async\" fetchpriority=\"high\" class='wp-image-30255 avia-img-lazy-loading-not-30255 avia_image ' src=\"https:\/\/www.lafundacion.com\/wp-content\/uploads\/2022\/02\/icono-dinero-premios-merito-alava-vitoria-la-fundacion-san-prudencio.png\" alt='' title='icono-dinero-premios-merito-alava-vitoria-la-fundacion-san-prudencio'  height=\"224\" width=\"231\"  itemprop=\"thumbnailUrl\" srcset=\"https:\/\/www.lafundacion.com\/wp-content\/uploads\/2022\/02\/icono-dinero-premios-merito-alava-vitoria-la-fundacion-san-prudencio.png 231w, https:\/\/www.lafundacion.com\/wp-content\/uploads\/2022\/02\/icono-dinero-premios-merito-alava-vitoria-la-fundacion-san-prudencio-36x36.png 36w\" sizes=\"(max-width: 231px) 100vw, 231px\" \/><\/div><\/div><\/div><\/div>\n<div  class='flex_column av-1ar9i0f-741e35b8ed35eaab99eac33e2c7133d2 av_four_fifth  avia-builder-el-5  el_after_av_one_fifth  el_before_av_one_full  flex_column_div  column-top-margin'     ><section  class='av_textblock_section av-l4cieow4-b0acedbb1785090dcbf3dab006bd518d '   itemscope=\"itemscope\" itemtype=\"https:\/\/schema.org\/BlogPosting\" itemprop=\"blogPost\" ><div class='avia_textblock'  itemprop=\"text\" ><h2>1.000\u20ac ARTEKO SARIA ARABAKO ESPEDIENTE AKADEMIKO ONENAK DITUZTEN TITULAR EDO TITULARREN SEME-ALABENTZAT<\/h2>\n<\/div><\/section><\/div>\n<div  class='flex_column av-cl1bdol-38dff3d4e77dd750b671fabc7ced188b av_one_full  avia-builder-el-7  el_after_av_four_fifth  el_before_av_one_full  first flex_column_div  '     ><section  class='av_textblock_section av-l1uideic-d70abe759b3c2557f499789918ee93c9 '   itemscope=\"itemscope\" itemtype=\"https:\/\/schema.org\/BlogPosting\" itemprop=\"blogPost\" ><div class='avia_textblock'  itemprop=\"text\" ><div class=\"row\">\n<div class=\"col-md-12 col-xs-12\"><strong>HEZIKETA-ZIKLO bakoitzeko notarik onenak (gutxienez 8,5) DITUZTEN SEME-ALABEN TITULARRAK EDO TITULARRAK BILATZEN DITUGU, DBHtik LHra edo unibertsitate-gradura.<\/strong><\/div>\n<\/div>\n<p>Sariak\u00a0<strong>heziketa\u2011ziklo bakoitzaren amaieran kalifikaziorik onena lortu duten 27 urte arteko titularrentzat edo titularren seme-alabentzat<\/strong>\u00a0dira:<\/p>\n<ul>\n<li>Derrigorrezko Bigarren Hezkuntza (DBH)<\/li>\n<li>Batxilergoa<\/li>\n<li>USaP<\/li>\n<li>Erdi mailako heziketa zikloa<\/li>\n<li>Goi mailako heziketa zikloa<\/li>\n<li>Unibertsitateko gradua<\/li>\n<\/ul>\n<p>\u00a0<\/p>\n<div class=\"row\">\n<div class=\"col-md-12 col-xs-12\">DBHren kasuan, ziklo hau osatzen duten lau ikasturteetako irakasgai gehienetan bikain lortutako seme-alabak dituzten titularrak aurkeztu ahal izango dira.<\/div>\n<\/div>\n<\/div><\/section><\/div>\n<div  class='flex_column av-av_one_full-4453fbc7e8da734fe9d5824da1c72891 av_one_full  avia-builder-el-9  el_after_av_one_full  el_before_av_hr  first flex_column_div  column-top-margin'     ><style type=\"text\/css\" data-created_by=\"avia_inline_auto\" id=\"style-css-av-mol7lsti-3e87f2fab1a2e4488e7c9e3bb38c20dc\">\n.avia-image-container.av-mol7lsti-3e87f2fab1a2e4488e7c9e3bb38c20dc img.avia_image{\nbox-shadow:none;\n}\n.avia-image-container.av-mol7lsti-3e87f2fab1a2e4488e7c9e3bb38c20dc .av-image-caption-overlay-center{\ncolor:#ffffff;\n}\n<\/style>\n<div  class='avia-image-container av-mol7lsti-3e87f2fab1a2e4488e7c9e3bb38c20dc av-styling- avia-align-center  avia-builder-el-10  avia-builder-el-no-sibling '   itemprop=\"image\" itemscope=\"itemscope\" itemtype=\"https:\/\/schema.org\/ImageObject\" ><div class=\"avia-image-container-inner\"><div class=\"avia-image-overlay-wrap\"><img decoding=\"async\" fetchpriority=\"high\" class='wp-image-389687 avia-img-lazy-loading-not-389687 avia_image ' src=\"https:\/\/www.lafundacion.com\/wp-content\/uploads\/2026\/04\/Chico-FP-Practica.png\" alt='' title='Chico -FP-Pr\u00e1ctica'  height=\"768\" width=\"1408\"  itemprop=\"thumbnailUrl\" srcset=\"https:\/\/www.lafundacion.com\/wp-content\/uploads\/2026\/04\/Chico-FP-Practica.png 1408w, https:\/\/www.lafundacion.com\/wp-content\/uploads\/2026\/04\/Chico-FP-Practica-300x164.png 300w, https:\/\/www.lafundacion.com\/wp-content\/uploads\/2026\/04\/Chico-FP-Practica-1030x562.png 1030w, https:\/\/www.lafundacion.com\/wp-content\/uploads\/2026\/04\/Chico-FP-Practica-768x419.png 768w, https:\/\/www.lafundacion.com\/wp-content\/uploads\/2026\/04\/Chico-FP-Practica-705x385.png 705w\" sizes=\"(max-width: 1408px) 100vw, 1408px\" \/><\/div><\/div><\/div><\/div><div  class='hr av-1shoj0e-5e12a5b6ec07d33d627b7ff2e10e618d hr-default  avia-builder-el-11  el_after_av_one_full  el_before_av_section  avia-builder-el-last '><span class='hr-inner '><span class=\"hr-inner-style\"><\/span><\/span><\/div><\/p>\n<\/div><\/div><\/div><!-- close content main div --><\/div><\/div>\n<style type=\"text\/css\" data-created_by=\"avia_inline_auto\" id=\"style-css-av-l1um380x-0c5d9119669b7f55ecbd8f0d196df4ec\">\n.avia-section.av-l1um380x-0c5d9119669b7f55ecbd8f0d196df4ec{\nbackground-color:#e2e2e2;\nbackground-image:unset;\n}\n<\/style>\n<div id='av_section_1'  class='avia-section av-l1um380x-0c5d9119669b7f55ecbd8f0d196df4ec main_color avia-section-default avia-no-border-styling  avia-builder-el-12  el_after_av_hr  avia-builder-el-last  avia-bg-style-scroll container_wrap fullsize'  ><div class='container av-section-cont-open' ><div class='template-page content  av-content-full alpha units'><div class='post-entry post-entry-type-page post-entry-388424'><div class='entry-content-wrapper clearfix'>\n<div  class='avia-button-wrap av-l38ewco0-bedcb123f85027ee7bbfa8d87576df8a-wrap avia-button-center  avia-builder-el-13  avia-builder-el-no-sibling '>\n<style type=\"text\/css\" data-created_by=\"avia_inline_auto\" id=\"style-css-av-l38ewco0-bedcb123f85027ee7bbfa8d87576df8a\">\n#top #wrap_all .avia-button.av-l38ewco0-bedcb123f85027ee7bbfa8d87576df8a:hover{\ncolor:white;\ntransition:all 0.4s ease-in-out;\n}\n#top #wrap_all .avia-button.av-l38ewco0-bedcb123f85027ee7bbfa8d87576df8a:hover .avia-svg-icon svg:first-child{\nfill:white;\nstroke:white;\n}\n<\/style>\n<a href='https:\/\/www.lafundacion.com\/eu\/pertsonak\/sariak\/meritu-akademikoa\/'  class='avia-button av-l38ewco0-bedcb123f85027ee7bbfa8d87576df8a av-link-btn avia-icon_select-no avia-size-medium avia-position-center avia-color-theme-color avia-font-color-theme-color'  target=\"_blank\"  rel=\"noopener noreferrer\"  aria-label=\"INFORMAZIO GUZTIA ETA HAUTAGAITZAK\"><span class='avia_iconbox_title' >INFORMAZIO GUZTIA ETA HAUTAGAITZAK<\/span><span class='avia_button_background avia-button avia-color-theme-color-highlight' ><\/span><\/a><\/div>\n\n","protected":false},"excerpt":{"rendered":"","protected":false},"author":2,"featured_media":389668,"comment_status":"closed","ping_status":"closed","sticky":false,"template":"","format":"standard","meta":{"_acf_changed":false,"footnotes":""},"categories":[21],"tags":[567,568,695,694,506,509,575,585,495,692,691,491,492,693,690,505,689,566],"class_list":["post-388424","post","type-post","status-publish","format-standard","has-post-thumbnail","hentry","category-uncategorized-eu","tag-ayuda-estudiantes","tag-ayuda-estudiantes-eu","tag-gasteizen-sariak","tag-ikasleen-sariak","tag-laf-sariak","tag-merezimendu-akademikoaren-saria","tag-merito-academico-2","tag-meritu-akademikoa","tag-premio-al-merito-academico","tag-premios-en-vitoria","tag-premios-estudiantes","tag-premios-la-fundacion","tag-premios-laf","tag-reconocer-logros-eu","tag-reconocer-logros","tag-sariak-la-fundacion","tag-valorar-esfuerzo-2","tag-valorar-esfuerzo"],"acf":[],"yoast_head":"<!-- This site is optimized with the Yoast SEO plugin v27.5 - https:\/\/yoast.com\/product\/yoast-seo-wordpress\/ -->\r\n<title>Meritu Akademikoaren LaF Sariak 2026 &#187; La Fundaci\u00f3n San Prudencio<\/title>\r\n<meta name=\"description\" content=\"Zure edo zure seme-alabaren noten batez bestekoa 8,5 baino handiagoa bada, eman izena sari hauetan, 1.000 \u20ac arte jaso dezakezu eta!\" \/>\r\n<meta name=\"robots\" content=\"index, follow, max-snippet:-1, max-image-preview:large, max-video-preview:-1\" \/>\r\n<link rel=\"canonical\" href=\"https:\/\/www.lafundacion.com\/eu\/uncategorized-eu\/meritu-akademikoaren-laf-sariak-2026\/\" \/>\r\n<meta property=\"og:locale\" content=\"eu_ES\" \/>\r\n<meta property=\"og:type\" content=\"article\" \/>\r\n<meta property=\"og:title\" content=\"Meritu Akademikoaren LaF Sariak &quot;Zure lorpenak aitortzen ditugu&quot;\" \/>\r\n<meta property=\"og:description\" content=\"Zure edo zure seme-alabaren noten batez bestekoa 8,5 baino handiagoa bada, eman izena sari hauetan, 1.000 \u20ac arte jaso dezakezu eta!\" \/>\r\n<meta property=\"og:url\" content=\"https:\/\/www.lafundacion.com\/eu\/uncategorized-eu\/meritu-akademikoaren-laf-sariak-2026\/\" \/>\r\n<meta property=\"og:site_name\" content=\"La Fundaci\u00f3n San Prudencio\" \/>\r\n<meta property=\"article:published_time\" content=\"2026-04-29T12:18:18+00:00\" \/>\r\n<meta property=\"article:modified_time\" content=\"2026-04-30T08:15:52+00:00\" \/>\r\n<meta property=\"og:image\" content=\"https:\/\/www.lafundacion.com\/wp-content\/uploads\/2022\/05\/estudiante-Premios-La-Fundacion-Merito-Academico-Alava-975x430.jpg\" \/>\r\n<meta name=\"author\" content=\"La Fundaci\u00f3n San Prudencio\" \/>\r\n<meta name=\"twitter:card\" content=\"summary_large_image\" \/>\r\n<meta name=\"twitter:title\" content=\"Meritu Akademikoaren LaF Sariak &quot;Zure lorpenak aitortzen ditugu&quot;\" \/>\r\n<meta name=\"twitter:image\" content=\"https:\/\/www.lafundacion.com\/wp-content\/uploads\/2022\/05\/estudiante-Premios-La-Fundacion-Merito-Academico-Alava-975x430.jpg\" \/>\r\n<meta name=\"twitter:label1\" content=\"Written by\" \/>\n\t<meta name=\"twitter:data1\" content=\"La Fundaci\u00f3n San Prudencio\" \/>\n\t<meta name=\"twitter:label2\" content=\"Est. reading time\" \/>\n\t<meta name=\"twitter:data2\" content=\"2 minutes\" \/>\r\n<script type=\"application\/ld+json\" class=\"yoast-schema-graph\">{\"@context\":\"https:\\\/\\\/schema.org\",\"@graph\":[{\"@type\":\"Article\",\"@id\":\"https:\\\/\\\/www.lafundacion.com\\\/eu\\\/uncategorized-eu\\\/meritu-akademikoaren-laf-sariak-2026\\\/#article\",\"isPartOf\":{\"@id\":\"https:\\\/\\\/www.lafundacion.com\\\/eu\\\/uncategorized-eu\\\/meritu-akademikoaren-laf-sariak-2026\\\/\"},\"author\":{\"name\":\"La Fundaci\u00f3n San Prudencio\",\"@id\":\"https:\\\/\\\/www.lafundacion.com\\\/eu\\\/#\\\/schema\\\/person\\\/39119d98dad187760c7ba6ffe0d62170\"},\"headline\":\"Meritu Akademikoaren LaF Sariak 2026\",\"datePublished\":\"2026-04-29T12:18:18+00:00\",\"dateModified\":\"2026-04-30T08:15:52+00:00\",\"mainEntityOfPage\":{\"@id\":\"https:\\\/\\\/www.lafundacion.com\\\/eu\\\/uncategorized-eu\\\/meritu-akademikoaren-laf-sariak-2026\\\/\"},\"wordCount\":2680,\"publisher\":{\"@id\":\"https:\\\/\\\/www.lafundacion.com\\\/eu\\\/#organization\"},\"image\":{\"@id\":\"https:\\\/\\\/www.lafundacion.com\\\/eu\\\/uncategorized-eu\\\/meritu-akademikoaren-laf-sariak-2026\\\/#primaryimage\"},\"thumbnailUrl\":\"https:\\\/\\\/www.lafundacion.com\\\/wp-content\\\/uploads\\\/2026\\\/04\\\/Estudiantes-ESO-puerta-institudo.jpg\",\"keywords\":[\"ayuda estudiantes\",\"ayuda estudiantes\",\"Gasteizen Sariak\",\"ikasleen sariak\",\"LaF Sariak\",\"Merezimendu akademikoaren saria\",\"M\u00e9rito Acad\u00e9mico\",\"Meritu Akademikoa\",\"Premio al M\u00e9rito acad\u00e9mico\",\"premios en Vitoria\",\"premios estudiantes\",\"premios La Fundaci\u00f3n\",\"Premios LaF\",\"reconocer logros\",\"reconocer logros\",\"Sariak La Fundaci\u00f3n\",\"valorar esfuerzo\",\"valorar esfuerzo\"],\"articleSection\":[\"Uncategorized @eu\"],\"inLanguage\":\"eu-ES\"},{\"@type\":\"WebPage\",\"@id\":\"https:\\\/\\\/www.lafundacion.com\\\/eu\\\/uncategorized-eu\\\/meritu-akademikoaren-laf-sariak-2026\\\/\",\"url\":\"https:\\\/\\\/www.lafundacion.com\\\/eu\\\/uncategorized-eu\\\/meritu-akademikoaren-laf-sariak-2026\\\/\",\"name\":\"Meritu Akademikoaren LaF Sariak 2026 &#187; La Fundaci\u00f3n San Prudencio\",\"isPartOf\":{\"@id\":\"https:\\\/\\\/www.lafundacion.com\\\/eu\\\/#website\"},\"primaryImageOfPage\":{\"@id\":\"https:\\\/\\\/www.lafundacion.com\\\/eu\\\/uncategorized-eu\\\/meritu-akademikoaren-laf-sariak-2026\\\/#primaryimage\"},\"image\":{\"@id\":\"https:\\\/\\\/www.lafundacion.com\\\/eu\\\/uncategorized-eu\\\/meritu-akademikoaren-laf-sariak-2026\\\/#primaryimage\"},\"thumbnailUrl\":\"https:\\\/\\\/www.lafundacion.com\\\/wp-content\\\/uploads\\\/2026\\\/04\\\/Estudiantes-ESO-puerta-institudo.jpg\",\"datePublished\":\"2026-04-29T12:18:18+00:00\",\"dateModified\":\"2026-04-30T08:15:52+00:00\",\"description\":\"Zure edo zure seme-alabaren noten batez bestekoa 8,5 baino handiagoa bada, eman izena sari hauetan, 1.000 \u20ac arte jaso dezakezu eta!\",\"breadcrumb\":{\"@id\":\"https:\\\/\\\/www.lafundacion.com\\\/eu\\\/uncategorized-eu\\\/meritu-akademikoaren-laf-sariak-2026\\\/#breadcrumb\"},\"inLanguage\":\"eu-ES\",\"potentialAction\":[{\"@type\":\"ReadAction\",\"target\":[\"https:\\\/\\\/www.lafundacion.com\\\/eu\\\/uncategorized-eu\\\/meritu-akademikoaren-laf-sariak-2026\\\/\"]}]},{\"@type\":\"ImageObject\",\"inLanguage\":\"eu-ES\",\"@id\":\"https:\\\/\\\/www.lafundacion.com\\\/eu\\\/uncategorized-eu\\\/meritu-akademikoaren-laf-sariak-2026\\\/#primaryimage\",\"url\":\"https:\\\/\\\/www.lafundacion.com\\\/wp-content\\\/uploads\\\/2026\\\/04\\\/Estudiantes-ESO-puerta-institudo.jpg\",\"contentUrl\":\"https:\\\/\\\/www.lafundacion.com\\\/wp-content\\\/uploads\\\/2026\\\/04\\\/Estudiantes-ESO-puerta-institudo.jpg\",\"width\":495,\"height\":400},{\"@type\":\"BreadcrumbList\",\"@id\":\"https:\\\/\\\/www.lafundacion.com\\\/eu\\\/uncategorized-eu\\\/meritu-akademikoaren-laf-sariak-2026\\\/#breadcrumb\",\"itemListElement\":[{\"@type\":\"ListItem\",\"position\":1,\"name\":\"Portada\",\"item\":\"https:\\\/\\\/www.lafundacion.com\\\/eu\\\/hasiera\\\/\"},{\"@type\":\"ListItem\",\"position\":2,\"name\":\"Meritu Akademikoaren LaF Sariak 2026\"}]},{\"@type\":\"WebSite\",\"@id\":\"https:\\\/\\\/www.lafundacion.com\\\/eu\\\/#website\",\"url\":\"https:\\\/\\\/www.lafundacion.com\\\/eu\\\/\",\"name\":\"La Fundaci\u00f3n San Prudencio\",\"description\":\"La Fundaci\u00f3n Laboral San Prudencio en Vitoria-Gasteiz\",\"publisher\":{\"@id\":\"https:\\\/\\\/www.lafundacion.com\\\/eu\\\/#organization\"},\"potentialAction\":[{\"@type\":\"SearchAction\",\"target\":{\"@type\":\"EntryPoint\",\"urlTemplate\":\"https:\\\/\\\/www.lafundacion.com\\\/eu\\\/?s={search_term_string}\"},\"query-input\":{\"@type\":\"PropertyValueSpecification\",\"valueRequired\":true,\"valueName\":\"search_term_string\"}}],\"inLanguage\":\"eu-ES\"},{\"@type\":\"Organization\",\"@id\":\"https:\\\/\\\/www.lafundacion.com\\\/eu\\\/#organization\",\"name\":\"La Fundaci\u00f3n San Prudencio\",\"url\":\"https:\\\/\\\/www.lafundacion.com\\\/eu\\\/\",\"logo\":{\"@type\":\"ImageObject\",\"inLanguage\":\"eu-ES\",\"@id\":\"https:\\\/\\\/www.lafundacion.com\\\/eu\\\/#\\\/schema\\\/logo\\\/image\\\/\",\"url\":\"https:\\\/\\\/www.lafundacion.com\\\/wp-content\\\/uploads\\\/2020\\\/03\\\/logo-la-fundacion.png\",\"contentUrl\":\"https:\\\/\\\/www.lafundacion.com\\\/wp-content\\\/uploads\\\/2020\\\/03\\\/logo-la-fundacion.png\",\"width\":323,\"height\":129,\"caption\":\"La Fundaci\u00f3n San Prudencio\"},\"image\":{\"@id\":\"https:\\\/\\\/www.lafundacion.com\\\/eu\\\/#\\\/schema\\\/logo\\\/image\\\/\"}},{\"@type\":\"Person\",\"@id\":\"https:\\\/\\\/www.lafundacion.com\\\/eu\\\/#\\\/schema\\\/person\\\/39119d98dad187760c7ba6ffe0d62170\",\"name\":\"La Fundaci\u00f3n San Prudencio\",\"image\":{\"@type\":\"ImageObject\",\"inLanguage\":\"eu-ES\",\"@id\":\"https:\\\/\\\/secure.gravatar.com\\\/avatar\\\/0c3b0b5573637a9c53bbefa7ba0c7deb19d94f60a43f46e0300cd05fc3625862?s=96&d=mm&r=g\",\"url\":\"https:\\\/\\\/secure.gravatar.com\\\/avatar\\\/0c3b0b5573637a9c53bbefa7ba0c7deb19d94f60a43f46e0300cd05fc3625862?s=96&d=mm&r=g\",\"contentUrl\":\"https:\\\/\\\/secure.gravatar.com\\\/avatar\\\/0c3b0b5573637a9c53bbefa7ba0c7deb19d94f60a43f46e0300cd05fc3625862?s=96&d=mm&r=g\",\"caption\":\"La Fundaci\u00f3n San Prudencio\"}}]}<\/script>\r\n<!-- \/ Yoast SEO plugin. -->","yoast_head_json":{"title":"Meritu Akademikoaren LaF Sariak 2026 &#187; La Fundaci\u00f3n San Prudencio","description":"Zure edo zure seme-alabaren noten batez bestekoa 8,5 baino handiagoa bada, eman izena sari hauetan, 1.000 \u20ac arte jaso dezakezu eta!","robots":{"index":"index","follow":"follow","max-snippet":"max-snippet:-1","max-image-preview":"max-image-preview:large","max-video-preview":"max-video-preview:-1"},"canonical":"https:\/\/www.lafundacion.com\/eu\/uncategorized-eu\/meritu-akademikoaren-laf-sariak-2026\/","og_locale":"eu_ES","og_type":"article","og_title":"Meritu Akademikoaren LaF Sariak \"Zure lorpenak aitortzen ditugu\"","og_description":"Zure edo zure seme-alabaren noten batez bestekoa 8,5 baino handiagoa bada, eman izena sari hauetan, 1.000 \u20ac arte jaso dezakezu eta!","og_url":"https:\/\/www.lafundacion.com\/eu\/uncategorized-eu\/meritu-akademikoaren-laf-sariak-2026\/","og_site_name":"La Fundaci\u00f3n San Prudencio","article_published_time":"2026-04-29T12:18:18+00:00","article_modified_time":"2026-04-30T08:15:52+00:00","og_image":[{"url":"https:\/\/www.lafundacion.com\/wp-content\/uploads\/2022\/05\/estudiante-Premios-La-Fundacion-Merito-Academico-Alava-975x430.jpg","type":"","width":"","height":""}],"author":"La Fundaci\u00f3n San Prudencio","twitter_card":"summary_large_image","twitter_title":"Meritu Akademikoaren LaF Sariak \"Zure lorpenak aitortzen ditugu\"","twitter_image":"https:\/\/www.lafundacion.com\/wp-content\/uploads\/2022\/05\/estudiante-Premios-La-Fundacion-Merito-Academico-Alava-975x430.jpg","twitter_misc":{"Written by":"La Fundaci\u00f3n San Prudencio","Est. reading time":"2 minutes"},"schema":{"@context":"https:\/\/schema.org","@graph":[{"@type":"Article","@id":"https:\/\/www.lafundacion.com\/eu\/uncategorized-eu\/meritu-akademikoaren-laf-sariak-2026\/#article","isPartOf":{"@id":"https:\/\/www.lafundacion.com\/eu\/uncategorized-eu\/meritu-akademikoaren-laf-sariak-2026\/"},"author":{"name":"La Fundaci\u00f3n San Prudencio","@id":"https:\/\/www.lafundacion.com\/eu\/#\/schema\/person\/39119d98dad187760c7ba6ffe0d62170"},"headline":"Meritu Akademikoaren LaF Sariak 2026","datePublished":"2026-04-29T12:18:18+00:00","dateModified":"2026-04-30T08:15:52+00:00","mainEntityOfPage":{"@id":"https:\/\/www.lafundacion.com\/eu\/uncategorized-eu\/meritu-akademikoaren-laf-sariak-2026\/"},"wordCount":2680,"publisher":{"@id":"https:\/\/www.lafundacion.com\/eu\/#organization"},"image":{"@id":"https:\/\/www.lafundacion.com\/eu\/uncategorized-eu\/meritu-akademikoaren-laf-sariak-2026\/#primaryimage"},"thumbnailUrl":"https:\/\/www.lafundacion.com\/wp-content\/uploads\/2026\/04\/Estudiantes-ESO-puerta-institudo.jpg","keywords":["ayuda estudiantes","ayuda estudiantes","Gasteizen Sariak","ikasleen sariak","LaF Sariak","Merezimendu akademikoaren saria","M\u00e9rito Acad\u00e9mico","Meritu Akademikoa","Premio al M\u00e9rito acad\u00e9mico","premios en Vitoria","premios estudiantes","premios La Fundaci\u00f3n","Premios LaF","reconocer logros","reconocer logros","Sariak La Fundaci\u00f3n","valorar esfuerzo","valorar esfuerzo"],"articleSection":["Uncategorized @eu"],"inLanguage":"eu-ES"},{"@type":"WebPage","@id":"https:\/\/www.lafundacion.com\/eu\/uncategorized-eu\/meritu-akademikoaren-laf-sariak-2026\/","url":"https:\/\/www.lafundacion.com\/eu\/uncategorized-eu\/meritu-akademikoaren-laf-sariak-2026\/","name":"Meritu Akademikoaren LaF Sariak 2026 &#187; La Fundaci\u00f3n San Prudencio","isPartOf":{"@id":"https:\/\/www.lafundacion.com\/eu\/#website"},"primaryImageOfPage":{"@id":"https:\/\/www.lafundacion.com\/eu\/uncategorized-eu\/meritu-akademikoaren-laf-sariak-2026\/#primaryimage"},"image":{"@id":"https:\/\/www.lafundacion.com\/eu\/uncategorized-eu\/meritu-akademikoaren-laf-sariak-2026\/#primaryimage"},"thumbnailUrl":"https:\/\/www.lafundacion.com\/wp-content\/uploads\/2026\/04\/Estudiantes-ESO-puerta-institudo.jpg","datePublished":"2026-04-29T12:18:18+00:00","dateModified":"2026-04-30T08:15:52+00:00","description":"Zure edo zure seme-alabaren noten batez bestekoa 8,5 baino handiagoa bada, eman izena sari hauetan, 1.000 \u20ac arte jaso dezakezu eta!","breadcrumb":{"@id":"https:\/\/www.lafundacion.com\/eu\/uncategorized-eu\/meritu-akademikoaren-laf-sariak-2026\/#breadcrumb"},"inLanguage":"eu-ES","potentialAction":[{"@type":"ReadAction","target":["https:\/\/www.lafundacion.com\/eu\/uncategorized-eu\/meritu-akademikoaren-laf-sariak-2026\/"]}]},{"@type":"ImageObject","inLanguage":"eu-ES","@id":"https:\/\/www.lafundacion.com\/eu\/uncategorized-eu\/meritu-akademikoaren-laf-sariak-2026\/#primaryimage","url":"https:\/\/www.lafundacion.com\/wp-content\/uploads\/2026\/04\/Estudiantes-ESO-puerta-institudo.jpg","contentUrl":"https:\/\/www.lafundacion.com\/wp-content\/uploads\/2026\/04\/Estudiantes-ESO-puerta-institudo.jpg","width":495,"height":400},{"@type":"BreadcrumbList","@id":"https:\/\/www.lafundacion.com\/eu\/uncategorized-eu\/meritu-akademikoaren-laf-sariak-2026\/#breadcrumb","itemListElement":[{"@type":"ListItem","position":1,"name":"Portada","item":"https:\/\/www.lafundacion.com\/eu\/hasiera\/"},{"@type":"ListItem","position":2,"name":"Meritu Akademikoaren LaF Sariak 2026"}]},{"@type":"WebSite","@id":"https:\/\/www.lafundacion.com\/eu\/#website","url":"https:\/\/www.lafundacion.com\/eu\/","name":"La Fundaci\u00f3n San Prudencio","description":"La Fundaci\u00f3n Laboral San Prudencio en Vitoria-Gasteiz","publisher":{"@id":"https:\/\/www.lafundacion.com\/eu\/#organization"},"potentialAction":[{"@type":"SearchAction","target":{"@type":"EntryPoint","urlTemplate":"https:\/\/www.lafundacion.com\/eu\/?s={search_term_string}"},"query-input":{"@type":"PropertyValueSpecification","valueRequired":true,"valueName":"search_term_string"}}],"inLanguage":"eu-ES"},{"@type":"Organization","@id":"https:\/\/www.lafundacion.com\/eu\/#organization","name":"La Fundaci\u00f3n San Prudencio","url":"https:\/\/www.lafundacion.com\/eu\/","logo":{"@type":"ImageObject","inLanguage":"eu-ES","@id":"https:\/\/www.lafundacion.com\/eu\/#\/schema\/logo\/image\/","url":"https:\/\/www.lafundacion.com\/wp-content\/uploads\/2020\/03\/logo-la-fundacion.png","contentUrl":"https:\/\/www.lafundacion.com\/wp-content\/uploads\/2020\/03\/logo-la-fundacion.png","width":323,"height":129,"caption":"La Fundaci\u00f3n San Prudencio"},"image":{"@id":"https:\/\/www.lafundacion.com\/eu\/#\/schema\/logo\/image\/"}},{"@type":"Person","@id":"https:\/\/www.lafundacion.com\/eu\/#\/schema\/person\/39119d98dad187760c7ba6ffe0d62170","name":"La Fundaci\u00f3n San Prudencio","image":{"@type":"ImageObject","inLanguage":"eu-ES","@id":"https:\/\/secure.gravatar.com\/avatar\/0c3b0b5573637a9c53bbefa7ba0c7deb19d94f60a43f46e0300cd05fc3625862?s=96&d=mm&r=g","url":"https:\/\/secure.gravatar.com\/avatar\/0c3b0b5573637a9c53bbefa7ba0c7deb19d94f60a43f46e0300cd05fc3625862?s=96&d=mm&r=g","contentUrl":"https:\/\/secure.gravatar.com\/avatar\/0c3b0b5573637a9c53bbefa7ba0c7deb19d94f60a43f46e0300cd05fc3625862?s=96&d=mm&r=g","caption":"La Fundaci\u00f3n San Prudencio"}}]}},"_links":{"self":[{"href":"https:\/\/www.lafundacion.com\/eu\/wp-json\/wp\/v2\/posts\/388424","targetHints":{"allow":["GET"]}}],"collection":[{"href":"https:\/\/www.lafundacion.com\/eu\/wp-json\/wp\/v2\/posts"}],"about":[{"href":"https:\/\/www.lafundacion.com\/eu\/wp-json\/wp\/v2\/types\/post"}],"author":[{"embeddable":true,"href":"https:\/\/www.lafundacion.com\/eu\/wp-json\/wp\/v2\/users\/2"}],"replies":[{"embeddable":true,"href":"https:\/\/www.lafundacion.com\/eu\/wp-json\/wp\/v2\/comments?post=388424"}],"version-history":[{"count":15,"href":"https:\/\/www.lafundacion.com\/eu\/wp-json\/wp\/v2\/posts\/388424\/revisions"}],"predecessor-version":[{"id":389709,"href":"https:\/\/www.lafundacion.com\/eu\/wp-json\/wp\/v2\/posts\/388424\/revisions\/389709"}],"wp:featuredmedia":[{"embeddable":true,"href":"https:\/\/www.lafundacion.com\/eu\/wp-json\/wp\/v2\/media\/389668"}],"wp:attachment":[{"href":"https:\/\/www.lafundacion.com\/eu\/wp-json\/wp\/v2\/media?parent=388424"}],"wp:term":[{"taxonomy":"category","embeddable":true,"href":"https:\/\/www.lafundacion.com\/eu\/wp-json\/wp\/v2\/categories?post=388424"},{"taxonomy":"post_tag","embeddable":true,"href":"https:\/\/www.lafundacion.com\/eu\/wp-json\/wp\/v2\/tags?post=388424"}],"curies":[{"name":"wp","href":"https:\/\/api.w.org\/{rel}","templated":true}]}}