{"id":26002,"date":"2021-11-16T10:39:00","date_gmt":"2021-11-16T09:39:00","guid":{"rendered":"https:\/\/www.lafundacion.com\/?p=26002"},"modified":"2021-12-27T11:54:06","modified_gmt":"2021-12-27T10:54:06","slug":"osasun-emozionalaren-biltzarreko-txostenak","status":"publish","type":"post","link":"https:\/\/www.lafundacion.com\/eu\/noticias\/osasun-emozionalaren-biltzarreko-txostenak\/","title":{"rendered":"La Fundaci\u00f3n-eko Osasun Emozionalaren Biltzarreko txostenak"},"content":{"rendered":"<div id='full_slider_1'  class='avia-fullwidth-slider main_color avia-shadow   avia-builder-el-0  el_before_av_heading  avia-builder-el-first   container_wrap fullsize'  ><div  class='avia-slideshow av-kp6jtscq-a3f57766635223d8056f473f057cfefc avia-slideshow-featured av_slideshow_full avia-slide-slider av-slideshow-ui av-control-default av-slideshow-manual av-loop-once av-loop-manual-endless av-default-height-applied   avia-slideshow-1' data-slideshow-options=\"{&quot;animation&quot;:&quot;slide&quot;,&quot;autoplay&quot;:false,&quot;loop_autoplay&quot;:&quot;once&quot;,&quot;interval&quot;:5,&quot;loop_manual&quot;:&quot;manual-endless&quot;,&quot;autoplay_stopper&quot;:false,&quot;noNavigation&quot;:false,&quot;bg_slider&quot;:false,&quot;keep_padding&quot;:false,&quot;hoverpause&quot;:false,&quot;show_slide_delay&quot;:0}\"  itemprop=\"image\" itemscope=\"itemscope\" itemtype=\"https:\/\/schema.org\/ImageObject\" ><ul class='avia-slideshow-inner ' style='padding-bottom: 28.666666666667%;'><li  class='avia-slideshow-slide av-kp6jtscq-a3f57766635223d8056f473f057cfefc__0  av-single-slide slide-1 slide-odd'><div data-rel='slideshow-1' class='avia-slide-wrap '   ><img decoding=\"async\" fetchpriority=\"high\" class=\"wp-image-25847 avia-img-lazy-loading-not-25847\"  src=\"https:\/\/www.lafundacion.com\/wp-content\/uploads\/2021\/11\/Banner-cabecera-galeria-Congreso-Salud-Emocional-1-1500x430.jpg\" width=\"1500\" height=\"430\" title='Banner-cabecera-galer\u00eda-Congreso-Salud-Emocional' alt='As\u00ed fu\u00e9 el XXI Congreso de Salud Emocional de La Fundaci\u00f3n San Prudencio'  itemprop=\"thumbnailUrl\"   \/><\/div><\/li><\/ul><\/div><\/div><div id='after_full_slider_1'  class='main_color av_default_container_wrap container_wrap fullsize'  ><div class='container av-section-cont-open' ><div class='template-page content  av-content-full alpha units'><div class='post-entry post-entry-type-page post-entry-26002'><div class='entry-content-wrapper clearfix'>\n\n<style type=\"text\/css\" data-created_by=\"avia_inline_auto\" id=\"style-css-av-kp6pngbw-338c1dd316793cc006fe648425e5a703\">\n#top .av-special-heading.av-kp6pngbw-338c1dd316793cc006fe648425e5a703{\npadding-bottom:10px;\ncolor:#6ec3bd;\n}\nbody .av-special-heading.av-kp6pngbw-338c1dd316793cc006fe648425e5a703 .av-special-heading-tag .heading-char{\nfont-size:25px;\n}\n.av-special-heading.av-kp6pngbw-338c1dd316793cc006fe648425e5a703 .special-heading-inner-border{\nborder-color:#6ec3bd;\n}\n.av-special-heading.av-kp6pngbw-338c1dd316793cc006fe648425e5a703 .av-subheading{\nfont-size:15px;\n}\n<\/style>\n<div  class='av-special-heading av-kp6pngbw-338c1dd316793cc006fe648425e5a703 av-special-heading-h1 custom-color-heading blockquote modern-quote modern-centered  avia-builder-el-1  el_after_av_slideshow_full  el_before_av_hr  avia-builder-el-first '><h1 class='av-special-heading-tag '  itemprop=\"headline\"  >OSASUN EMOZIONALA ETA ZIBERPSIKOLOGIARI BURUZKO XXI. BILTZARREKO TXOSTENAK<\/h1><div class=\"special-heading-border\"><div class=\"special-heading-inner-border\"><\/div><\/div><\/div>\n<div  class='hr av-8wpbx8d-51e64cb0064d7673d14e0a0bcd9dc003 hr-default  avia-builder-el-2  el_after_av_heading  el_before_av_one_full '><span class='hr-inner '><span class=\"hr-inner-style\"><\/span><\/span><\/div>\n\n<style type=\"text\/css\" data-created_by=\"avia_inline_auto\" id=\"style-css-av-kvwcvoib-6c9b23fb236baf1862c39ce8f0a7f71d\">\n.flex_column.av-kvwcvoib-6c9b23fb236baf1862c39ce8f0a7f71d{\nbackground-color:#e8e8e8;\n}\n<\/style>\n<div  class='flex_column av-kvwcvoib-6c9b23fb236baf1862c39ce8f0a7f71d av_one_full  avia-builder-el-3  el_after_av_hr  el_before_av_one_half  first flex_column_div  '     ><article  class='iconbox iconbox_left av-kvwcx2h3-0ce920b939cf203ea6e0c6f1b8273e98  avia-builder-el-4  avia-builder-el-no-sibling '  itemscope=\"itemscope\" itemtype=\"https:\/\/schema.org\/BlogPosting\" itemprop=\"blogPost\" ><div class=\"iconbox_content\"><header class=\"entry-content-header\" aria-label=\"Icon: BILTZARRAREN TXOTENAK\"><div class='iconbox_icon heading-color avia-iconfont avia-font-entypo-fontello' data-av_icon='\ue849' data-av_iconfont='entypo-fontello'  ><\/div><h3 class='iconbox_content_title '  itemprop=\"headline\" >BILTZARRAREN TXOTENAK<\/h3><\/header><div class='iconbox_content_container '  itemprop=\"text\" ><h3>Hemen ikusgai uzten zaituztegu Osasun Emozionala eta Ziberpsikologiari buruzko 9 eta 10ean ozpatu zen Biltzarraren txostenak<\/h3>\n<\/div><\/div><footer class=\"entry-footer\"><\/footer><\/article><\/div>\n<div  class='flex_column av-t1fiv1-78bd7ff512b8642f5c89382fa728f2e5 av_one_half  avia-builder-el-5  el_after_av_one_full  el_before_av_one_half  first flex_column_div  column-top-margin'     ><\/div><div  class='flex_column av-35pmo4x-cc58c7dc61f7be6029f838f35b081ecc av_one_half  avia-builder-el-7  el_after_av_one_half  el_before_av_one_half  flex_column_div  column-top-margin'     ><\/div><div  class='flex_column av-2cxz5ch-865aa40eb41400414f5d818f221dbdad av_one_half  avia-builder-el-9  el_after_av_one_half  el_before_av_one_half  first flex_column_div  column-top-margin'     ><\/div><\/p>\n<div  class='flex_column av-1x61re9-40b8ca43e945bf9331c1aa823053fafd av_one_half  avia-builder-el-11  el_after_av_one_half  el_before_av_one_half  flex_column_div  column-top-margin'     ><\/div>\n<div  class='flex_column av-1twiskx-a0f7c1f0fe0781c116ed25449d4b33a4 av_one_half  avia-builder-el-13  el_after_av_one_half  el_before_av_one_half  first flex_column_div  column-top-margin'     ><\/div>\n<div  class='flex_column av-1bp4tv5-1c9905ec6d21969a9076a91929fb7906 av_one_half  avia-builder-el-15  el_after_av_one_half  el_before_av_hr  flex_column_div  column-top-margin'     ><\/div>\n<div  class='hr av-lhtn01-35b72f008ec366f00cd38959339d75d0 hr-default  avia-builder-el-17  el_after_av_one_half  el_before_av_button '><span class='hr-inner '><span class=\"hr-inner-style\"><\/span><\/span><\/div>\n<div  class='avia-button-wrap av-kvw7bsoo-c730ff4707f1e266f7a9b64d1910d101-wrap avia-button-center  avia-builder-el-18  el_after_av_hr  el_before_av_hr '><a href='https:\/\/www.lafundacion.com\/eu\/?p=24915'  class='avia-button av-kvw7bsoo-c730ff4707f1e266f7a9b64d1910d101 av-link-btn avia-icon_select-yes-left-icon avia-size-x-large avia-position-center avia-color-aqua'  target=\"_blank\"  rel=\"noopener noreferrer\"  aria-label=\"BILTZARRAREN ARGAZKI BILDUMA\"><span class='avia_button_icon avia_button_icon_left avia-iconfont avia-font-entypo-fontello' data-av_icon='\ue80e' data-av_iconfont='entypo-fontello' ><\/span><span class='avia_iconbox_title' >BILTZARRAREN ARGAZKI BILDUMA<\/span><\/a><\/div>\n<div  class='hr av-26whbzd-2529799179fb6364ad177d60a3e3b7c0 hr-default  avia-builder-el-19  el_after_av_button  el_before_av_one_half '><span class='hr-inner '><span class=\"hr-inner-style\"><\/span><\/span><\/div>\n<div  class='flex_column av-1gqjjkt-0fd8d03ef77a20b08b951371314dec56 av_one_half  avia-builder-el-20  el_after_av_hr  el_before_av_one_half  first flex_column_div  '     ><section  class='av_textblock_section av-kupfk3zj-a80345a25e0b04d5014d6d5ea217d753 '   itemscope=\"itemscope\" itemtype=\"https:\/\/schema.org\/BlogPosting\" itemprop=\"blogPost\" ><div class='avia_textblock'  itemprop=\"text\" ><h3 style=\"text-align: center;\"><span style=\"color: #6ec3bc;\">Batzorde zientifikoa<\/span><\/h3>\n<\/div><\/section><br \/>\n<div  class='avia-button-wrap av-1cakdbx-69f99c4763ae284642e1fe73c5a22457-wrap avia-button-center  avia-builder-el-22  el_after_av_textblock  avia-builder-el-last '><a href='https:\/\/www.lafundacion.com\/wp-content\/uploads\/2021\/10\/Comite-Cientifco-XXICongreso-Seguridad-Salud-Laboral.pdf'  class='avia-button av-1cakdbx-69f99c4763ae284642e1fe73c5a22457 av-link-btn avia-icon_select-yes-left-icon avia-size-x-large avia-position-center avia-color-aqua'  target=\"_blank\"  rel=\"noopener noreferrer\"  aria-label=\"Kontsultatu hemen\"><span class='avia_button_icon avia_button_icon_left avia-iconfont avia-font-entypo-fontello' data-av_icon='\ue82d' data-av_iconfont='entypo-fontello' ><\/span><span class='avia_iconbox_title' >Kontsultatu hemen<\/span><\/a><\/div><\/p><\/div>\n<div  class='flex_column av-rj2nbx-d04acfbf8a78f82b5e1c13fd9cbf0876 av_one_half  avia-builder-el-23  el_after_av_one_half  el_before_av_hr  flex_column_div  '     ><section  class='av_textblock_section av-kupfkb8f-a99a81e7446a21cd9ff2b387b37e5eb7 '   itemscope=\"itemscope\" itemtype=\"https:\/\/schema.org\/BlogPosting\" itemprop=\"blogPost\" ><div class='avia_textblock'  itemprop=\"text\" ><h3 style=\"text-align: center;\"><span style=\"color: #6ec3bc;\">Adituen Batzordea<br \/>\n<\/span><\/h3>\n<\/div><\/section><br \/>\n<div  class='avia-button-wrap av-kupfnnwi-b125cf8ade33987574d15648bcea62a6-wrap avia-button-center  avia-builder-el-25  el_after_av_textblock  avia-builder-el-last '><a href='https:\/\/www.lafundacion.com\/wp-content\/uploads\/2021\/10\/Comite-Expertos-XXICongreso-Seguridad-Salud-Laboral-2.pdf'  class='avia-button av-kupfnnwi-b125cf8ade33987574d15648bcea62a6 av-link-btn avia-icon_select-yes-left-icon avia-size-x-large avia-position-center avia-color-aqua'  target=\"_blank\"  rel=\"noopener noreferrer\"  aria-label=\"Kontsultatu hemen\"><span class='avia_button_icon avia_button_icon_left avia-iconfont avia-font-entypo-fontello' data-av_icon='\ue82d' data-av_iconfont='entypo-fontello' ><\/span><span class='avia_iconbox_title' >Kontsultatu hemen<\/span><\/a><\/div><\/p><\/div>\n<div  class='hr av-wnvli5-fd4bf171ba562e3d5e20cf99673eaf9d hr-default  avia-builder-el-26  el_after_av_one_half  el_before_av_heading '><span class='hr-inner '><span class=\"hr-inner-style\"><\/span><\/span><\/div>\n\n<style type=\"text\/css\" data-created_by=\"avia_inline_auto\" id=\"style-css-av-kp6pjnn4-238a1a19754a73416f28abc0625d3337\">\n#top .av-special-heading.av-kp6pjnn4-238a1a19754a73416f28abc0625d3337{\npadding-bottom:10px;\n}\nbody .av-special-heading.av-kp6pjnn4-238a1a19754a73416f28abc0625d3337 .av-special-heading-tag .heading-char{\nfont-size:25px;\n}\n.av-special-heading.av-kp6pjnn4-238a1a19754a73416f28abc0625d3337 .av-subheading{\nfont-size:15px;\n}\n<\/style>\n<div  class='av-special-heading av-kp6pjnn4-238a1a19754a73416f28abc0625d3337 av-special-heading-h3  avia-builder-el-27  el_after_av_hr  el_before_av_one_full '><h3 class='av-special-heading-tag '  itemprop=\"headline\"  >Antolatzaileak:<\/h3><div class=\"special-heading-border\"><div class=\"special-heading-inner-border\"><\/div><\/div><\/div>\n\n<style type=\"text\/css\" data-created_by=\"avia_inline_auto\" id=\"style-css-av-1ptr9vt-a1838bf301981f30745fe7c1565e07db\">\n.flex_column.av-1ptr9vt-a1838bf301981f30745fe7c1565e07db{\nborder-radius:0px 0px 0px 0px;\npadding:0px 0px 0px 0px;\n}\n<\/style>\n<div  class='flex_column av-1ptr9vt-a1838bf301981f30745fe7c1565e07db av_one_full  avia-builder-el-28  el_after_av_heading  el_before_av_one_half  first flex_column_div av-zero-column-padding  '     ><style type=\"text\/css\" data-created_by=\"avia_inline_auto\" id=\"style-css-av-166ovux-187b1026d5d8375d570f439687b9019c\">\n.avia-image-container.av-166ovux-187b1026d5d8375d570f439687b9019c img.avia_image{\nbox-shadow:none;\n}\n.avia-image-container.av-166ovux-187b1026d5d8375d570f439687b9019c .av-image-caption-overlay-center{\ncolor:#ffffff;\n}\n<\/style>\n<div  class='avia-image-container av-166ovux-187b1026d5d8375d570f439687b9019c av-styling- avia-align-center  avia-builder-el-29  avia-builder-el-no-sibling '   itemprop=\"image\" itemscope=\"itemscope\" itemtype=\"https:\/\/schema.org\/ImageObject\" ><div class=\"avia-image-container-inner\"><div class=\"avia-image-overlay-wrap\"><img decoding=\"async\" fetchpriority=\"high\" class='wp-image-23556 avia-img-lazy-loading-not-23556 avia_image ' src=\"https:\/\/www.lafundacion.com\/wp-content\/uploads\/2021\/10\/logo-laf-claim-sin-fondo.png\" alt='' title='logo laf claim sin fondo'  height=\"231\" width=\"487\"  itemprop=\"thumbnailUrl\" srcset=\"https:\/\/www.lafundacion.com\/wp-content\/uploads\/2021\/10\/logo-laf-claim-sin-fondo.png 487w, https:\/\/www.lafundacion.com\/wp-content\/uploads\/2021\/10\/logo-laf-claim-sin-fondo-300x142.png 300w\" sizes=\"(max-width: 487px) 100vw, 487px\" \/><\/div><\/div><\/div><\/div>\n<div  class='flex_column av-1al4fp9-837714a8e9d3aef056b08ee876ada432 av_one_half  avia-builder-el-30  el_after_av_one_full  el_before_av_one_half  first flex_column_div  column-top-margin'     ><p>\n<style type=\"text\/css\" data-created_by=\"avia_inline_auto\" id=\"style-css-av-kuffbc0a-f713f296d258278139c7562ff9de30d4\">\n#top .av-special-heading.av-kuffbc0a-f713f296d258278139c7562ff9de30d4{\npadding-bottom:10px;\n}\nbody .av-special-heading.av-kuffbc0a-f713f296d258278139c7562ff9de30d4 .av-special-heading-tag .heading-char{\nfont-size:25px;\n}\n.av-special-heading.av-kuffbc0a-f713f296d258278139c7562ff9de30d4 .av-subheading{\nfont-size:15px;\n}\n<\/style>\n<div  class='av-special-heading av-kuffbc0a-f713f296d258278139c7562ff9de30d4 av-special-heading-h3  avia-builder-el-31  el_before_av_image  avia-builder-el-first '><h3 class='av-special-heading-tag '  itemprop=\"headline\"  >Kolaboratzaile nagusia:<\/h3><div class=\"special-heading-border\"><div class=\"special-heading-inner-border\"><\/div><\/div><\/div><br \/>\n\n<style type=\"text\/css\" data-created_by=\"avia_inline_auto\" id=\"style-css-av-kuffekwd-f494a6a3685683d35d34ebfcabe8b29f\">\n.avia-image-container.av-kuffekwd-f494a6a3685683d35d34ebfcabe8b29f img.avia_image{\nbox-shadow:none;\n}\n.avia-image-container.av-kuffekwd-f494a6a3685683d35d34ebfcabe8b29f .av-image-caption-overlay-center{\ncolor:#ffffff;\n}\n<\/style>\n<div  class='avia-image-container av-kuffekwd-f494a6a3685683d35d34ebfcabe8b29f av-styling- avia-align-center  avia-builder-el-32  el_after_av_heading  avia-builder-el-last '   itemprop=\"image\" itemscope=\"itemscope\" itemtype=\"https:\/\/schema.org\/ImageObject\" ><div class=\"avia-image-container-inner\"><div class=\"avia-image-overlay-wrap\"><img decoding=\"async\" fetchpriority=\"high\" class='wp-image-23014 avia-img-lazy-loading-not-23014 avia_image ' src=\"https:\/\/www.lafundacion.com\/wp-content\/uploads\/2021\/10\/logo-DFA-1030x319.jpg\" alt='' title='logo DFA'  height=\"319\" width=\"1030\"  itemprop=\"thumbnailUrl\" srcset=\"https:\/\/www.lafundacion.com\/wp-content\/uploads\/2021\/10\/logo-DFA-1030x319.jpg 1030w, https:\/\/www.lafundacion.com\/wp-content\/uploads\/2021\/10\/logo-DFA-300x93.jpg 300w, https:\/\/www.lafundacion.com\/wp-content\/uploads\/2021\/10\/logo-DFA-768x238.jpg 768w, https:\/\/www.lafundacion.com\/wp-content\/uploads\/2021\/10\/logo-DFA-1536x475.jpg 1536w, https:\/\/www.lafundacion.com\/wp-content\/uploads\/2021\/10\/logo-DFA-2048x634.jpg 2048w, https:\/\/www.lafundacion.com\/wp-content\/uploads\/2021\/10\/logo-DFA-1500x464.jpg 1500w, https:\/\/www.lafundacion.com\/wp-content\/uploads\/2021\/10\/logo-DFA-705x218.jpg 705w\" sizes=\"(max-width: 1030px) 100vw, 1030px\" \/><\/div><\/div><\/div><\/p><\/div>\n<div  class='flex_column av-rdybj1-27c2773b70037d1f006d96de6f301b1a av_one_half  avia-builder-el-33  el_after_av_one_half  avia-builder-el-last  flex_column_div  column-top-margin'     ><p>\n<style type=\"text\/css\" data-created_by=\"avia_inline_auto\" id=\"style-css-av-kvkpxpxp-4cff61d5b777c6ae209fe558df2a0fb0\">\n#top .av-special-heading.av-kvkpxpxp-4cff61d5b777c6ae209fe558df2a0fb0{\npadding-bottom:10px;\n}\nbody .av-special-heading.av-kvkpxpxp-4cff61d5b777c6ae209fe558df2a0fb0 .av-special-heading-tag .heading-char{\nfont-size:25px;\n}\n.av-special-heading.av-kvkpxpxp-4cff61d5b777c6ae209fe558df2a0fb0 .av-subheading{\nfont-size:15px;\n}\n<\/style>\n<div  class='av-special-heading av-kvkpxpxp-4cff61d5b777c6ae209fe558df2a0fb0 av-special-heading-h3  avia-builder-el-34  el_before_av_image  avia-builder-el-first '><h3 class='av-special-heading-tag '  itemprop=\"headline\"  >Kolaboratzailea:<\/h3><div class=\"special-heading-border\"><div class=\"special-heading-inner-border\"><\/div><\/div><\/div><br \/>\n\n<style type=\"text\/css\" data-created_by=\"avia_inline_auto\" id=\"style-css-av-kvkq5wy6-de78218d2e874aba0f40ad65f7659c62\">\n.avia-image-container.av-kvkq5wy6-de78218d2e874aba0f40ad65f7659c62 img.avia_image{\nbox-shadow:none;\n}\n.avia-image-container.av-kvkq5wy6-de78218d2e874aba0f40ad65f7659c62 .av-image-caption-overlay-center{\ncolor:#ffffff;\n}\n<\/style>\n<div  class='avia-image-container av-kvkq5wy6-de78218d2e874aba0f40ad65f7659c62 av-styling- avia-align-center  avia-builder-el-35  el_after_av_heading  avia-builder-el-last '   itemprop=\"image\" itemscope=\"itemscope\" itemtype=\"https:\/\/schema.org\/ImageObject\" ><div class=\"avia-image-container-inner\"><div class=\"avia-image-overlay-wrap\"><img decoding=\"async\" fetchpriority=\"high\" class='wp-image-24549 avia-img-lazy-loading-not-24549 avia_image ' src=\"https:\/\/www.lafundacion.com\/wp-content\/uploads\/2021\/10\/Logos-conjunto.png\" alt='Colaboradores Congreso Seguridad y Salud emocional Fundaci\u00f3n San Prudencio' title='Logos-conjunto'  height=\"101\" width=\"544\"  itemprop=\"thumbnailUrl\" srcset=\"https:\/\/www.lafundacion.com\/wp-content\/uploads\/2021\/10\/Logos-conjunto.png 544w, https:\/\/www.lafundacion.com\/wp-content\/uploads\/2021\/10\/Logos-conjunto-300x56.png 300w\" sizes=\"(max-width: 544px) 100vw, 544px\" \/><\/div><\/div><\/div><\/p><\/div>\n","protected":false},"excerpt":{"rendered":"","protected":false},"author":2,"featured_media":25639,"comment_status":"closed","ping_status":"closed","sticky":false,"template":"","format":"standard","meta":{"_acf_changed":false,"footnotes":""},"categories":[4],"tags":[100,452,451,450,456,453,449,448,454,455,446,447],"class_list":["post-26002","post","type-post","status-publish","format-standard","has-post-thumbnail","hentry","category-noticias","tag-empresas-alava-eu","tag-lan-osasuna-araba","tag-lan-osasuna-gasteiz","tag-lan-osasunaren-kongresua","tag-laneko-prebentzioaren-kongresua","tag-langileen-osasuna","tag-osasun-emozionala","tag-osasun-emozionala-gasteiz","tag-osasun-mentala","tag-prebentzioa","tag-psikologia-gasteiz","tag-psikosoziologia"],"acf":[],"yoast_head":"<!-- This site is optimized with the Yoast SEO plugin v27.5 - https:\/\/yoast.com\/product\/yoast-seo-wordpress\/ -->\r\n<title>La Fundaci\u00f3n-eko Osasun Emozionalaren Biltzarreko txostenak &#187; La Fundaci\u00f3n San Prudencio<\/title>\r\n<meta name=\"description\" content=\"Osasun emozionala eta ziberpsikologian oinarritutako Biltzarrrean aurkeztu ziren txostenak\" \/>\r\n<meta name=\"robots\" content=\"index, follow, max-snippet:-1, max-image-preview:large, max-video-preview:-1\" \/>\r\n<link rel=\"canonical\" href=\"https:\/\/www.lafundacion.com\/eu\/noticias\/osasun-emozionalaren-biltzarreko-txostenak\/\" \/>\r\n<meta property=\"og:locale\" content=\"eu_ES\" \/>\r\n<meta property=\"og:type\" content=\"article\" \/>\r\n<meta property=\"og:title\" content=\"Osasun emozionala eta ziberpsikolog\u00eda Biltzarra Gasteizen La Fundaci\u00f3n San Prudenciok antolatuta\" \/>\r\n<meta property=\"og:description\" content=\"Arabako enpresentzat, La Fundaci\u00f3n San Prudenciok antolatutako Biltzarra arrisku psikosozialen ekintza proposamenak emateko.\" \/>\r\n<meta property=\"og:url\" content=\"https:\/\/www.lafundacion.com\/eu\/noticias\/osasun-emozionalaren-biltzarreko-txostenak\/\" \/>\r\n<meta property=\"og:site_name\" content=\"La Fundaci\u00f3n San Prudencio\" \/>\r\n<meta property=\"article:published_time\" content=\"2021-11-16T09:39:00+00:00\" \/>\r\n<meta property=\"article:modified_time\" content=\"2021-12-27T10:54:06+00:00\" \/>\r\n<meta property=\"og:image\" content=\"https:\/\/www.lafundacion.com\/wp-content\/uploads\/2021\/10\/banner-web-Home-actualizado.jpg\" \/>\r\n<meta name=\"author\" content=\"La Fundaci\u00f3n San Prudencio\" \/>\r\n<meta name=\"twitter:card\" content=\"summary_large_image\" \/>\r\n<meta name=\"twitter:title\" content=\"Ekitaldia Gasteizen: Lan Segurtasuna eta Lan Osasuna\" \/>\r\n<meta name=\"twitter:description\" content=\"Arabako enpresentzat, La Fundaci\u00f3n San Prudenciok antolatutako ekitaldia Gasteizen.\" \/>\r\n<meta name=\"twitter:image\" content=\"https:\/\/www.lafundacion.com\/wp-content\/uploads\/2021\/10\/banner-web-Home-actualizado.jpg\" \/>\r\n<meta name=\"twitter:label1\" content=\"Written by\" \/>\n\t<meta name=\"twitter:data1\" content=\"La Fundaci\u00f3n San Prudencio\" \/>\n\t<meta name=\"twitter:label2\" content=\"Est. reading time\" \/>\n\t<meta name=\"twitter:data2\" content=\"19 minutes\" \/>\r\n<script type=\"application\/ld+json\" class=\"yoast-schema-graph\">{\"@context\":\"https:\\\/\\\/schema.org\",\"@graph\":[{\"@type\":\"Article\",\"@id\":\"https:\\\/\\\/www.lafundacion.com\\\/eu\\\/noticias\\\/osasun-emozionalaren-biltzarreko-txostenak\\\/#article\",\"isPartOf\":{\"@id\":\"https:\\\/\\\/www.lafundacion.com\\\/eu\\\/noticias\\\/osasun-emozionalaren-biltzarreko-txostenak\\\/\"},\"author\":{\"name\":\"La Fundaci\u00f3n San Prudencio\",\"@id\":\"https:\\\/\\\/www.lafundacion.com\\\/eu\\\/#\\\/schema\\\/person\\\/39119d98dad187760c7ba6ffe0d62170\"},\"headline\":\"La Fundaci\u00f3n-eko Osasun Emozionalaren Biltzarreko txostenak\",\"datePublished\":\"2021-11-16T09:39:00+00:00\",\"dateModified\":\"2021-12-27T10:54:06+00:00\",\"mainEntityOfPage\":{\"@id\":\"https:\\\/\\\/www.lafundacion.com\\\/eu\\\/noticias\\\/osasun-emozionalaren-biltzarreko-txostenak\\\/\"},\"wordCount\":3553,\"publisher\":{\"@id\":\"https:\\\/\\\/www.lafundacion.com\\\/eu\\\/#organization\"},\"image\":{\"@id\":\"https:\\\/\\\/www.lafundacion.com\\\/eu\\\/noticias\\\/osasun-emozionalaren-biltzarreko-txostenak\\\/#primaryimage\"},\"thumbnailUrl\":\"https:\\\/\\\/www.lafundacion.com\\\/wp-content\\\/uploads\\\/2021\\\/11\\\/Congreso-de-Seguridad-y-Salud-Laboral-Fundacion-Salud-Emocional-161.jpg\",\"keywords\":[\"empresas \u00c1lava\",\"lan osasuna Araba\",\"lan osasuna Gasteiz\",\"Lan osasunaren kongresua\",\"Laneko prebentzioaren kongresua\",\"langileen osasuna\",\"osasun emozionala\",\"osasun emozionala Gasteiz\",\"osasun mentala\",\"prebentzioa\",\"psikologia Gasteiz\",\"psikosoziologia\"],\"articleSection\":[\"Noticias\"],\"inLanguage\":\"eu-ES\"},{\"@type\":\"WebPage\",\"@id\":\"https:\\\/\\\/www.lafundacion.com\\\/eu\\\/noticias\\\/osasun-emozionalaren-biltzarreko-txostenak\\\/\",\"url\":\"https:\\\/\\\/www.lafundacion.com\\\/eu\\\/noticias\\\/osasun-emozionalaren-biltzarreko-txostenak\\\/\",\"name\":\"La Fundaci\u00f3n-eko Osasun Emozionalaren Biltzarreko txostenak &#187; La Fundaci\u00f3n San Prudencio\",\"isPartOf\":{\"@id\":\"https:\\\/\\\/www.lafundacion.com\\\/eu\\\/#website\"},\"primaryImageOfPage\":{\"@id\":\"https:\\\/\\\/www.lafundacion.com\\\/eu\\\/noticias\\\/osasun-emozionalaren-biltzarreko-txostenak\\\/#primaryimage\"},\"image\":{\"@id\":\"https:\\\/\\\/www.lafundacion.com\\\/eu\\\/noticias\\\/osasun-emozionalaren-biltzarreko-txostenak\\\/#primaryimage\"},\"thumbnailUrl\":\"https:\\\/\\\/www.lafundacion.com\\\/wp-content\\\/uploads\\\/2021\\\/11\\\/Congreso-de-Seguridad-y-Salud-Laboral-Fundacion-Salud-Emocional-161.jpg\",\"datePublished\":\"2021-11-16T09:39:00+00:00\",\"dateModified\":\"2021-12-27T10:54:06+00:00\",\"description\":\"Osasun emozionala eta ziberpsikologian oinarritutako Biltzarrrean aurkeztu ziren txostenak\",\"breadcrumb\":{\"@id\":\"https:\\\/\\\/www.lafundacion.com\\\/eu\\\/noticias\\\/osasun-emozionalaren-biltzarreko-txostenak\\\/#breadcrumb\"},\"inLanguage\":\"eu-ES\",\"potentialAction\":[{\"@type\":\"ReadAction\",\"target\":[\"https:\\\/\\\/www.lafundacion.com\\\/eu\\\/noticias\\\/osasun-emozionalaren-biltzarreko-txostenak\\\/\"]}]},{\"@type\":\"ImageObject\",\"inLanguage\":\"eu-ES\",\"@id\":\"https:\\\/\\\/www.lafundacion.com\\\/eu\\\/noticias\\\/osasun-emozionalaren-biltzarreko-txostenak\\\/#primaryimage\",\"url\":\"https:\\\/\\\/www.lafundacion.com\\\/wp-content\\\/uploads\\\/2021\\\/11\\\/Congreso-de-Seguridad-y-Salud-Laboral-Fundacion-Salud-Emocional-161.jpg\",\"contentUrl\":\"https:\\\/\\\/www.lafundacion.com\\\/wp-content\\\/uploads\\\/2021\\\/11\\\/Congreso-de-Seguridad-y-Salud-Laboral-Fundacion-Salud-Emocional-161.jpg\",\"width\":750,\"height\":500,\"caption\":\"ponencias congreso salud laboral salud emocional La Fundaci\u00f3n\"},{\"@type\":\"BreadcrumbList\",\"@id\":\"https:\\\/\\\/www.lafundacion.com\\\/eu\\\/noticias\\\/osasun-emozionalaren-biltzarreko-txostenak\\\/#breadcrumb\",\"itemListElement\":[{\"@type\":\"ListItem\",\"position\":1,\"name\":\"Portada\",\"item\":\"https:\\\/\\\/www.lafundacion.com\\\/eu\\\/hasiera\\\/\"},{\"@type\":\"ListItem\",\"position\":2,\"name\":\"La Fundaci\u00f3n-eko Osasun Emozionalaren Biltzarreko txostenak\"}]},{\"@type\":\"WebSite\",\"@id\":\"https:\\\/\\\/www.lafundacion.com\\\/eu\\\/#website\",\"url\":\"https:\\\/\\\/www.lafundacion.com\\\/eu\\\/\",\"name\":\"La Fundaci\u00f3n San Prudencio\",\"description\":\"La Fundaci\u00f3n Laboral San Prudencio en Vitoria-Gasteiz\",\"publisher\":{\"@id\":\"https:\\\/\\\/www.lafundacion.com\\\/eu\\\/#organization\"},\"potentialAction\":[{\"@type\":\"SearchAction\",\"target\":{\"@type\":\"EntryPoint\",\"urlTemplate\":\"https:\\\/\\\/www.lafundacion.com\\\/eu\\\/?s={search_term_string}\"},\"query-input\":{\"@type\":\"PropertyValueSpecification\",\"valueRequired\":true,\"valueName\":\"search_term_string\"}}],\"inLanguage\":\"eu-ES\"},{\"@type\":\"Organization\",\"@id\":\"https:\\\/\\\/www.lafundacion.com\\\/eu\\\/#organization\",\"name\":\"La Fundaci\u00f3n San Prudencio\",\"url\":\"https:\\\/\\\/www.lafundacion.com\\\/eu\\\/\",\"logo\":{\"@type\":\"ImageObject\",\"inLanguage\":\"eu-ES\",\"@id\":\"https:\\\/\\\/www.lafundacion.com\\\/eu\\\/#\\\/schema\\\/logo\\\/image\\\/\",\"url\":\"https:\\\/\\\/www.lafundacion.com\\\/wp-content\\\/uploads\\\/2020\\\/03\\\/logo-la-fundacion.png\",\"contentUrl\":\"https:\\\/\\\/www.lafundacion.com\\\/wp-content\\\/uploads\\\/2020\\\/03\\\/logo-la-fundacion.png\",\"width\":323,\"height\":129,\"caption\":\"La Fundaci\u00f3n San Prudencio\"},\"image\":{\"@id\":\"https:\\\/\\\/www.lafundacion.com\\\/eu\\\/#\\\/schema\\\/logo\\\/image\\\/\"}},{\"@type\":\"Person\",\"@id\":\"https:\\\/\\\/www.lafundacion.com\\\/eu\\\/#\\\/schema\\\/person\\\/39119d98dad187760c7ba6ffe0d62170\",\"name\":\"La Fundaci\u00f3n San Prudencio\",\"image\":{\"@type\":\"ImageObject\",\"inLanguage\":\"eu-ES\",\"@id\":\"https:\\\/\\\/secure.gravatar.com\\\/avatar\\\/0c3b0b5573637a9c53bbefa7ba0c7deb19d94f60a43f46e0300cd05fc3625862?s=96&d=mm&r=g\",\"url\":\"https:\\\/\\\/secure.gravatar.com\\\/avatar\\\/0c3b0b5573637a9c53bbefa7ba0c7deb19d94f60a43f46e0300cd05fc3625862?s=96&d=mm&r=g\",\"contentUrl\":\"https:\\\/\\\/secure.gravatar.com\\\/avatar\\\/0c3b0b5573637a9c53bbefa7ba0c7deb19d94f60a43f46e0300cd05fc3625862?s=96&d=mm&r=g\",\"caption\":\"La Fundaci\u00f3n San Prudencio\"}}]}<\/script>\r\n<!-- \/ Yoast SEO plugin. -->","yoast_head_json":{"title":"La Fundaci\u00f3n-eko Osasun Emozionalaren Biltzarreko txostenak &#187; La Fundaci\u00f3n San Prudencio","description":"Osasun emozionala eta ziberpsikologian oinarritutako Biltzarrrean aurkeztu ziren txostenak","robots":{"index":"index","follow":"follow","max-snippet":"max-snippet:-1","max-image-preview":"max-image-preview:large","max-video-preview":"max-video-preview:-1"},"canonical":"https:\/\/www.lafundacion.com\/eu\/noticias\/osasun-emozionalaren-biltzarreko-txostenak\/","og_locale":"eu_ES","og_type":"article","og_title":"Osasun emozionala eta ziberpsikolog\u00eda Biltzarra Gasteizen La Fundaci\u00f3n San Prudenciok antolatuta","og_description":"Arabako enpresentzat, La Fundaci\u00f3n San Prudenciok antolatutako Biltzarra arrisku psikosozialen ekintza proposamenak emateko.","og_url":"https:\/\/www.lafundacion.com\/eu\/noticias\/osasun-emozionalaren-biltzarreko-txostenak\/","og_site_name":"La Fundaci\u00f3n San Prudencio","article_published_time":"2021-11-16T09:39:00+00:00","article_modified_time":"2021-12-27T10:54:06+00:00","og_image":[{"url":"https:\/\/www.lafundacion.com\/wp-content\/uploads\/2021\/10\/banner-web-Home-actualizado.jpg","type":"","width":"","height":""}],"author":"La Fundaci\u00f3n San Prudencio","twitter_card":"summary_large_image","twitter_title":"Ekitaldia Gasteizen: Lan Segurtasuna eta Lan Osasuna","twitter_description":"Arabako enpresentzat, La Fundaci\u00f3n San Prudenciok antolatutako ekitaldia Gasteizen.","twitter_image":"https:\/\/www.lafundacion.com\/wp-content\/uploads\/2021\/10\/banner-web-Home-actualizado.jpg","twitter_misc":{"Written by":"La Fundaci\u00f3n San Prudencio","Est. reading time":"19 minutes"},"schema":{"@context":"https:\/\/schema.org","@graph":[{"@type":"Article","@id":"https:\/\/www.lafundacion.com\/eu\/noticias\/osasun-emozionalaren-biltzarreko-txostenak\/#article","isPartOf":{"@id":"https:\/\/www.lafundacion.com\/eu\/noticias\/osasun-emozionalaren-biltzarreko-txostenak\/"},"author":{"name":"La Fundaci\u00f3n San Prudencio","@id":"https:\/\/www.lafundacion.com\/eu\/#\/schema\/person\/39119d98dad187760c7ba6ffe0d62170"},"headline":"La Fundaci\u00f3n-eko Osasun Emozionalaren Biltzarreko txostenak","datePublished":"2021-11-16T09:39:00+00:00","dateModified":"2021-12-27T10:54:06+00:00","mainEntityOfPage":{"@id":"https:\/\/www.lafundacion.com\/eu\/noticias\/osasun-emozionalaren-biltzarreko-txostenak\/"},"wordCount":3553,"publisher":{"@id":"https:\/\/www.lafundacion.com\/eu\/#organization"},"image":{"@id":"https:\/\/www.lafundacion.com\/eu\/noticias\/osasun-emozionalaren-biltzarreko-txostenak\/#primaryimage"},"thumbnailUrl":"https:\/\/www.lafundacion.com\/wp-content\/uploads\/2021\/11\/Congreso-de-Seguridad-y-Salud-Laboral-Fundacion-Salud-Emocional-161.jpg","keywords":["empresas \u00c1lava","lan osasuna Araba","lan osasuna Gasteiz","Lan osasunaren kongresua","Laneko prebentzioaren kongresua","langileen osasuna","osasun emozionala","osasun emozionala Gasteiz","osasun mentala","prebentzioa","psikologia Gasteiz","psikosoziologia"],"articleSection":["Noticias"],"inLanguage":"eu-ES"},{"@type":"WebPage","@id":"https:\/\/www.lafundacion.com\/eu\/noticias\/osasun-emozionalaren-biltzarreko-txostenak\/","url":"https:\/\/www.lafundacion.com\/eu\/noticias\/osasun-emozionalaren-biltzarreko-txostenak\/","name":"La Fundaci\u00f3n-eko Osasun Emozionalaren Biltzarreko txostenak &#187; La Fundaci\u00f3n San Prudencio","isPartOf":{"@id":"https:\/\/www.lafundacion.com\/eu\/#website"},"primaryImageOfPage":{"@id":"https:\/\/www.lafundacion.com\/eu\/noticias\/osasun-emozionalaren-biltzarreko-txostenak\/#primaryimage"},"image":{"@id":"https:\/\/www.lafundacion.com\/eu\/noticias\/osasun-emozionalaren-biltzarreko-txostenak\/#primaryimage"},"thumbnailUrl":"https:\/\/www.lafundacion.com\/wp-content\/uploads\/2021\/11\/Congreso-de-Seguridad-y-Salud-Laboral-Fundacion-Salud-Emocional-161.jpg","datePublished":"2021-11-16T09:39:00+00:00","dateModified":"2021-12-27T10:54:06+00:00","description":"Osasun emozionala eta ziberpsikologian oinarritutako Biltzarrrean aurkeztu ziren txostenak","breadcrumb":{"@id":"https:\/\/www.lafundacion.com\/eu\/noticias\/osasun-emozionalaren-biltzarreko-txostenak\/#breadcrumb"},"inLanguage":"eu-ES","potentialAction":[{"@type":"ReadAction","target":["https:\/\/www.lafundacion.com\/eu\/noticias\/osasun-emozionalaren-biltzarreko-txostenak\/"]}]},{"@type":"ImageObject","inLanguage":"eu-ES","@id":"https:\/\/www.lafundacion.com\/eu\/noticias\/osasun-emozionalaren-biltzarreko-txostenak\/#primaryimage","url":"https:\/\/www.lafundacion.com\/wp-content\/uploads\/2021\/11\/Congreso-de-Seguridad-y-Salud-Laboral-Fundacion-Salud-Emocional-161.jpg","contentUrl":"https:\/\/www.lafundacion.com\/wp-content\/uploads\/2021\/11\/Congreso-de-Seguridad-y-Salud-Laboral-Fundacion-Salud-Emocional-161.jpg","width":750,"height":500,"caption":"ponencias congreso salud laboral salud emocional La Fundaci\u00f3n"},{"@type":"BreadcrumbList","@id":"https:\/\/www.lafundacion.com\/eu\/noticias\/osasun-emozionalaren-biltzarreko-txostenak\/#breadcrumb","itemListElement":[{"@type":"ListItem","position":1,"name":"Portada","item":"https:\/\/www.lafundacion.com\/eu\/hasiera\/"},{"@type":"ListItem","position":2,"name":"La Fundaci\u00f3n-eko Osasun Emozionalaren Biltzarreko txostenak"}]},{"@type":"WebSite","@id":"https:\/\/www.lafundacion.com\/eu\/#website","url":"https:\/\/www.lafundacion.com\/eu\/","name":"La Fundaci\u00f3n San Prudencio","description":"La Fundaci\u00f3n Laboral San Prudencio en Vitoria-Gasteiz","publisher":{"@id":"https:\/\/www.lafundacion.com\/eu\/#organization"},"potentialAction":[{"@type":"SearchAction","target":{"@type":"EntryPoint","urlTemplate":"https:\/\/www.lafundacion.com\/eu\/?s={search_term_string}"},"query-input":{"@type":"PropertyValueSpecification","valueRequired":true,"valueName":"search_term_string"}}],"inLanguage":"eu-ES"},{"@type":"Organization","@id":"https:\/\/www.lafundacion.com\/eu\/#organization","name":"La Fundaci\u00f3n San Prudencio","url":"https:\/\/www.lafundacion.com\/eu\/","logo":{"@type":"ImageObject","inLanguage":"eu-ES","@id":"https:\/\/www.lafundacion.com\/eu\/#\/schema\/logo\/image\/","url":"https:\/\/www.lafundacion.com\/wp-content\/uploads\/2020\/03\/logo-la-fundacion.png","contentUrl":"https:\/\/www.lafundacion.com\/wp-content\/uploads\/2020\/03\/logo-la-fundacion.png","width":323,"height":129,"caption":"La Fundaci\u00f3n San Prudencio"},"image":{"@id":"https:\/\/www.lafundacion.com\/eu\/#\/schema\/logo\/image\/"}},{"@type":"Person","@id":"https:\/\/www.lafundacion.com\/eu\/#\/schema\/person\/39119d98dad187760c7ba6ffe0d62170","name":"La Fundaci\u00f3n San Prudencio","image":{"@type":"ImageObject","inLanguage":"eu-ES","@id":"https:\/\/secure.gravatar.com\/avatar\/0c3b0b5573637a9c53bbefa7ba0c7deb19d94f60a43f46e0300cd05fc3625862?s=96&d=mm&r=g","url":"https:\/\/secure.gravatar.com\/avatar\/0c3b0b5573637a9c53bbefa7ba0c7deb19d94f60a43f46e0300cd05fc3625862?s=96&d=mm&r=g","contentUrl":"https:\/\/secure.gravatar.com\/avatar\/0c3b0b5573637a9c53bbefa7ba0c7deb19d94f60a43f46e0300cd05fc3625862?s=96&d=mm&r=g","caption":"La Fundaci\u00f3n San Prudencio"}}]}},"_links":{"self":[{"href":"https:\/\/www.lafundacion.com\/eu\/wp-json\/wp\/v2\/posts\/26002","targetHints":{"allow":["GET"]}}],"collection":[{"href":"https:\/\/www.lafundacion.com\/eu\/wp-json\/wp\/v2\/posts"}],"about":[{"href":"https:\/\/www.lafundacion.com\/eu\/wp-json\/wp\/v2\/types\/post"}],"author":[{"embeddable":true,"href":"https:\/\/www.lafundacion.com\/eu\/wp-json\/wp\/v2\/users\/2"}],"replies":[{"embeddable":true,"href":"https:\/\/www.lafundacion.com\/eu\/wp-json\/wp\/v2\/comments?post=26002"}],"version-history":[{"count":7,"href":"https:\/\/www.lafundacion.com\/eu\/wp-json\/wp\/v2\/posts\/26002\/revisions"}],"predecessor-version":[{"id":28869,"href":"https:\/\/www.lafundacion.com\/eu\/wp-json\/wp\/v2\/posts\/26002\/revisions\/28869"}],"wp:featuredmedia":[{"embeddable":true,"href":"https:\/\/www.lafundacion.com\/eu\/wp-json\/wp\/v2\/media\/25639"}],"wp:attachment":[{"href":"https:\/\/www.lafundacion.com\/eu\/wp-json\/wp\/v2\/media?parent=26002"}],"wp:term":[{"taxonomy":"category","embeddable":true,"href":"https:\/\/www.lafundacion.com\/eu\/wp-json\/wp\/v2\/categories?post=26002"},{"taxonomy":"post_tag","embeddable":true,"href":"https:\/\/www.lafundacion.com\/eu\/wp-json\/wp\/v2\/tags?post=26002"}],"curies":[{"name":"wp","href":"https:\/\/api.w.org\/{rel}","templated":true}]}}