{"id":23006,"date":"2021-10-14T14:01:27","date_gmt":"2021-10-14T12:01:27","guid":{"rendered":"https:\/\/www.lafundacion.com\/?p=23006"},"modified":"2021-11-04T10:07:11","modified_gmt":"2021-11-04T09:07:11","slug":"laneko-segurtasun-osasunaren-kongresua","status":"publish","type":"post","link":"https:\/\/www.lafundacion.com\/eu\/noticias-eu\/laneko-segurtasun-osasunaren-kongresua\/","title":{"rendered":"Laneko segurtasun eta osasunaren Fundaci\u00f3n San Prudencio-ko XXI Kongresua"},"content":{"rendered":"<div id='full_slider_1'  class='avia-fullwidth-slider main_color avia-shadow   avia-builder-el-0  el_before_av_heading  avia-builder-el-first   container_wrap fullsize'  >\n<style type=\"text\/css\" data-created_by=\"avia_inline_auto\" id=\"style-css-av-kp6jtscq-fbef4a967d1014617393347d0689667d\">\n#top #wrap_all .avia-slideshow .av-slideshow-caption.av-kp6jtscq-fbef4a967d1014617393347d0689667d__0 .avia-caption-title{\ncolor:#7a7a7a;\n}\n#top .avia-slideshow .av-slideshow-caption.av-kp6jtscq-fbef4a967d1014617393347d0689667d__0 .avia-caption-content{\ncolor:#7a7a7a;\n}\n<\/style>\n<div  class='avia-slideshow av-kp6jtscq-fbef4a967d1014617393347d0689667d avia-slideshow-featured av_slideshow_full avia-slide-slider av-slideshow-ui av-control-default av-slideshow-manual av-loop-once av-loop-manual-endless av-default-height-applied   avia-slideshow-1' data-slideshow-options=\"{&quot;animation&quot;:&quot;slide&quot;,&quot;autoplay&quot;:false,&quot;loop_autoplay&quot;:&quot;once&quot;,&quot;interval&quot;:5,&quot;loop_manual&quot;:&quot;manual-endless&quot;,&quot;autoplay_stopper&quot;:false,&quot;noNavigation&quot;:false,&quot;bg_slider&quot;:false,&quot;keep_padding&quot;:false,&quot;hoverpause&quot;:false,&quot;show_slide_delay&quot;:0}\"  itemprop=\"image\" itemscope=\"itemscope\" itemtype=\"https:\/\/schema.org\/ImageObject\" ><ul class='avia-slideshow-inner ' style='padding-bottom: 28.666666666667%;'><li  class='avia-slideshow-slide av-kp6jtscq-fbef4a967d1014617393347d0689667d__0  av-single-slide slide-1 slide-odd'><div data-rel='slideshow-1' class='avia-slide-wrap '   ><div class='av-slideshow-caption av-kp6jtscq-fbef4a967d1014617393347d0689667d__0 caption_fullwidth caption_bottom'><div class=\"container caption_container\"><div class=\"slideshow_caption\"><div class=\"slideshow_inner_caption\"><div class=\"slideshow_align_caption\"><a href='https:\/\/docs.google.com\/forms\/d\/e\/1FAIpQLScX9I_xIVGP7emn2e6jcWEL2XTmoztTtma7I1iCGAYnSUtBUg\/viewform'  target=\"_blank\"  rel=\"noopener noreferrer\" class='avia-slideshow-button avia-button avia-color-aqua ' data-duration='800' data-easing='easeInOutQuad'>INSKRIPZIOA EGITEA<\/a><\/div><\/div><\/div><\/div><\/div><img decoding=\"async\" fetchpriority=\"high\" class=\"wp-image-23714 avia-img-lazy-loading-not-23714\"  src=\"https:\/\/www.lafundacion.com\/wp-content\/uploads\/2021\/10\/banner-web-Home-euRGB-1500x430.jpg\" width=\"1500\" height=\"430\" title='banner-web-Home-eu(RGB)' alt=''  itemprop=\"thumbnailUrl\" srcset=\"https:\/\/www.lafundacion.com\/wp-content\/uploads\/2021\/10\/banner-web-Home-euRGB.jpg 1500w, https:\/\/www.lafundacion.com\/wp-content\/uploads\/2021\/10\/banner-web-Home-euRGB-300x86.jpg 300w, https:\/\/www.lafundacion.com\/wp-content\/uploads\/2021\/10\/banner-web-Home-euRGB-1030x295.jpg 1030w, https:\/\/www.lafundacion.com\/wp-content\/uploads\/2021\/10\/banner-web-Home-euRGB-768x220.jpg 768w, https:\/\/www.lafundacion.com\/wp-content\/uploads\/2021\/10\/banner-web-Home-euRGB-705x202.jpg 705w\" sizes=\"(max-width: 1500px) 100vw, 1500px\" \/><\/div><\/li><\/ul><\/div><\/div><div id='after_full_slider_1'  class='main_color av_default_container_wrap container_wrap fullsize'  ><div class='container av-section-cont-open' ><div class='template-page content  av-content-full alpha units'><div class='post-entry post-entry-type-page post-entry-23006'><div class='entry-content-wrapper clearfix'>\n\n<style type=\"text\/css\" data-created_by=\"avia_inline_auto\" id=\"style-css-av-kp6pngbw-70bf028394130744e7a205c1d2498c3b\">\n#top .av-special-heading.av-kp6pngbw-70bf028394130744e7a205c1d2498c3b{\npadding-bottom:10px;\ncolor:#6ec3bd;\n}\nbody .av-special-heading.av-kp6pngbw-70bf028394130744e7a205c1d2498c3b .av-special-heading-tag .heading-char{\nfont-size:25px;\n}\n.av-special-heading.av-kp6pngbw-70bf028394130744e7a205c1d2498c3b .special-heading-inner-border{\nborder-color:#6ec3bd;\n}\n.av-special-heading.av-kp6pngbw-70bf028394130744e7a205c1d2498c3b .av-subheading{\nfont-size:15px;\n}\n<\/style>\n<div  class='av-special-heading av-kp6pngbw-70bf028394130744e7a205c1d2498c3b av-special-heading-h1 custom-color-heading blockquote modern-quote modern-centered  avia-builder-el-1  el_after_av_slideshow_full  el_before_av_hr  avia-builder-el-first '><h1 class='av-special-heading-tag '  itemprop=\"headline\"  >Osasun emozionala eta ziberpsikologia: ekintza proposamenak<\/h1><div class=\"special-heading-border\"><div class=\"special-heading-inner-border\"><\/div><\/div><\/div>\n<div  class='hr av-6obov55-cf03064eac6d14f54db411bfa74d92da hr-default  avia-builder-el-2  el_after_av_heading  el_before_av_one_third '><span class='hr-inner '><span class=\"hr-inner-style\"><\/span><\/span><\/div>\n\n<style type=\"text\/css\" data-created_by=\"avia_inline_auto\" id=\"style-css-av-90ytd7t-10e669ad357368cfd28f7f30ba4b22a2\">\n.flex_column.av-90ytd7t-10e669ad357368cfd28f7f30ba4b22a2{\nborder-radius:0px 0px 0px 0px;\npadding:0px 0px 0px 0px;\n}\n<\/style>\n<div  class='flex_column av-90ytd7t-10e669ad357368cfd28f7f30ba4b22a2 av_one_third  avia-builder-el-3  el_after_av_hr  el_before_av_one_third  first flex_column_div av-zero-column-padding  '     ><p>\n<style type=\"text\/css\" data-created_by=\"avia_inline_auto\" id=\"style-css-av-kp6j4e0m-817d02784685ef28ab6e74c6c3f68dec\">\n.av_font_icon.av-kp6j4e0m-817d02784685ef28ab6e74c6c3f68dec{\ncolor:#6ec3bd;\nborder-color:#6ec3bd;\n}\n.avia-svg-icon.av-kp6j4e0m-817d02784685ef28ab6e74c6c3f68dec svg:first-child{\nstroke:#6ec3bd;\nfill:#6ec3bd;\n}\n.av_font_icon.av-kp6j4e0m-817d02784685ef28ab6e74c6c3f68dec .av-icon-char{\nfont-size:70px;\nline-height:70px;\n}\n<\/style>\n<span  class='av_font_icon av-kp6j4e0m-817d02784685ef28ab6e74c6c3f68dec avia_animate_when_visible av-icon-style- avia-icon-pos-center avia-iconfont avia-font-entypo-fontello avia-icon-animate'><span class='av-icon-char' data-av_icon='\ue842' data-av_iconfont='entypo-fontello' aria-hidden=\"true\" ><\/span><\/span><br \/>\n<section  class='av_textblock_section av-kp6j9ufx-50a80f7b1cf0836bdf9bc340a1d678e1 '   itemscope=\"itemscope\" itemtype=\"https:\/\/schema.org\/BlogPosting\" itemprop=\"blogPost\" ><div class='avia_textblock'  itemprop=\"text\" ><p style=\"text-align: center;\"><strong>10ean: <\/strong><strong>Europa Biltzar Jauregia<\/strong><\/p>\n<p style=\"text-align: center;\">Vitoria-Gasteiz<\/p>\n<\/div><\/section><\/p><\/div>\n\n<style type=\"text\/css\" data-created_by=\"avia_inline_auto\" id=\"style-css-av-8oq262x-842ee21dc6f490b70f673a5cd77c359d\">\n.flex_column.av-8oq262x-842ee21dc6f490b70f673a5cd77c359d{\nborder-radius:0px 0px 0px 0px;\npadding:0px 0px 0px 0px;\n}\n<\/style>\n<div  class='flex_column av-8oq262x-842ee21dc6f490b70f673a5cd77c359d av_one_third  avia-builder-el-6  el_after_av_one_third  el_before_av_one_third  flex_column_div av-zero-column-padding  '     ><p>\n<style type=\"text\/css\" data-created_by=\"avia_inline_auto\" id=\"style-css-av-kp6j5d6g-83b8c8a71e412701a64c4ca20585aa0e\">\n.av_font_icon.av-kp6j5d6g-83b8c8a71e412701a64c4ca20585aa0e{\ncolor:#6ec3bd;\nborder-color:#6ec3bd;\n}\n.avia-svg-icon.av-kp6j5d6g-83b8c8a71e412701a64c4ca20585aa0e svg:first-child{\nstroke:#6ec3bd;\nfill:#6ec3bd;\n}\n.av_font_icon.av-kp6j5d6g-83b8c8a71e412701a64c4ca20585aa0e .av-icon-char{\nfont-size:70px;\nline-height:70px;\n}\n<\/style>\n<span  class='av_font_icon av-kp6j5d6g-83b8c8a71e412701a64c4ca20585aa0e avia_animate_when_visible av-icon-style- avia-icon-pos-center avia-iconfont avia-font-entypo-fontello avia-icon-animate'><span class='av-icon-char' data-av_icon='\ue85b' data-av_iconfont='entypo-fontello' aria-hidden=\"true\" ><\/span><\/span><br \/>\n<section  class='av_textblock_section av-kp6jaa5e-7ae1c6f23e08d335aa6241e0810f2506 '   itemscope=\"itemscope\" itemtype=\"https:\/\/schema.org\/BlogPosting\" itemprop=\"blogPost\" ><div class='avia_textblock'  itemprop=\"text\" ><p style=\"text-align: center;\">2021eko azaroaren 10ean<\/p>\n<\/div><\/section><\/p><\/div>\n\n<style type=\"text\/css\" data-created_by=\"avia_inline_auto\" id=\"style-css-av-scaxd5-efde109d54bdcde2371e0eb40e90087c\">\n.flex_column.av-scaxd5-efde109d54bdcde2371e0eb40e90087c{\nborder-radius:0px 0px 0px 0px;\npadding:0px 0px 0px 0px;\n}\n<\/style>\n<div  class='flex_column av-scaxd5-efde109d54bdcde2371e0eb40e90087c av_one_third  avia-builder-el-9  el_after_av_one_third  el_before_av_hr  flex_column_div av-zero-column-padding  '     ><p>\n<style type=\"text\/css\" data-created_by=\"avia_inline_auto\" id=\"style-css-av-kp6j8qzh-611e6b8f282913582a3830260f8b0652\">\n.av_font_icon.av-kp6j8qzh-611e6b8f282913582a3830260f8b0652{\ncolor:#6ec3bd;\nborder-color:#6ec3bd;\n}\n.avia-svg-icon.av-kp6j8qzh-611e6b8f282913582a3830260f8b0652 svg:first-child{\nstroke:#6ec3bd;\nfill:#6ec3bd;\n}\n.av_font_icon.av-kp6j8qzh-611e6b8f282913582a3830260f8b0652 .av-icon-char{\nfont-size:70px;\nline-height:70px;\n}\n<\/style>\n<span  class='av_font_icon av-kp6j8qzh-611e6b8f282913582a3830260f8b0652 avia_animate_when_visible av-icon-style- avia-icon-pos-center avia-iconfont avia-font-entypo-fontello avia-icon-animate'><span class='av-icon-char' data-av_icon='\ue862' data-av_iconfont='entypo-fontello' aria-hidden=\"true\" ><\/span><\/span><br \/>\n<section  class='av_textblock_section av-kp6jarif-73eb47968e7b50436687d0af33806009 '   itemscope=\"itemscope\" itemtype=\"https:\/\/schema.org\/BlogPosting\" itemprop=\"blogPost\" ><div class='avia_textblock'  itemprop=\"text\" ><p style=\"text-align: center;\">Europa Biltzar Jauregian harrera: 8:30etan<\/p>\n<p style=\"text-align: center;\">Kongresua\u00a0 8:55 -14:30<\/p>\n<p style=\"text-align: center;\">Tailerra 16:30etan La Fundaci\u00f3n-eko bulegoetan (Dato 43)<\/p>\n<\/div><\/section><\/p><\/div>\n<div  class='hr av-8wpbx8d-51e64cb0064d7673d14e0a0bcd9dc003 hr-default  avia-builder-el-12  el_after_av_one_third  el_before_av_heading '><span class='hr-inner '><span class=\"hr-inner-style\"><\/span><\/span><\/div>\n\n<style type=\"text\/css\" data-created_by=\"avia_inline_auto\" id=\"style-css-av-kp6mtx77-b94a877f85bbce0d9335e4c504193f8c\">\n#top .av-special-heading.av-kp6mtx77-b94a877f85bbce0d9335e4c504193f8c{\npadding-bottom:10px;\n}\nbody .av-special-heading.av-kp6mtx77-b94a877f85bbce0d9335e4c504193f8c .av-special-heading-tag .heading-char{\nfont-size:25px;\n}\n.av-special-heading.av-kp6mtx77-b94a877f85bbce0d9335e4c504193f8c .av-subheading{\nfont-size:15px;\n}\n<\/style>\n<div  class='av-special-heading av-kp6mtx77-b94a877f85bbce0d9335e4c504193f8c av-special-heading-h3  avia-builder-el-13  el_after_av_hr  el_before_av_two_fifth '><h3 class='av-special-heading-tag '  itemprop=\"headline\"  >Ekitaldia<\/h3><div class=\"special-heading-border\"><div class=\"special-heading-inner-border\"><\/div><\/div><\/div>\n<div  class='flex_column av-1rkvbrx-dc76abb6f8b40db573e5da45fc29902a av_two_fifth  avia-builder-el-14  el_after_av_heading  el_before_av_three_fifth  first flex_column_div  '     ><p>\n<style type=\"text\/css\" data-created_by=\"avia_inline_auto\" id=\"style-css-av-kv7y41le-15bbb81002167a5e03013017b6621886\">\n.avia-image-container.av-kv7y41le-15bbb81002167a5e03013017b6621886 img.avia_image{\nbox-shadow:none;\n}\n.avia-image-container.av-kv7y41le-15bbb81002167a5e03013017b6621886 .av-image-caption-overlay-center{\ncolor:#ffffff;\n}\n<\/style>\n<div  class='avia-image-container av-kv7y41le-15bbb81002167a5e03013017b6621886 av-styling- avia-align-center  avia-builder-el-15  el_before_av_codeblock  avia-builder-el-first '   itemprop=\"image\" itemscope=\"itemscope\" itemtype=\"https:\/\/schema.org\/ImageObject\" ><div class=\"avia-image-container-inner\"><div class=\"avia-image-overlay-wrap\"><img decoding=\"async\" fetchpriority=\"high\" class='wp-image-23010 avia-img-lazy-loading-not-23010 avia_image ' src=\"https:\/\/www.lafundacion.com\/wp-content\/uploads\/2021\/10\/imagen-congreso-prevencion-y-salud-laboral-vitoria-2021-280x300.png\" alt='XXI Congreso Fundaci\u00f3n San Prudencio de Seguridad y Salud Laboral' title='imagen-congreso-prevenci\u00f3n-y-salud-laboral-vitoria-2021'  height=\"300\" width=\"280\"  itemprop=\"thumbnailUrl\" srcset=\"https:\/\/www.lafundacion.com\/wp-content\/uploads\/2021\/10\/imagen-congreso-prevencion-y-salud-laboral-vitoria-2021-280x300.png 280w, https:\/\/www.lafundacion.com\/wp-content\/uploads\/2021\/10\/imagen-congreso-prevencion-y-salud-laboral-vitoria-2021.png 650w\" sizes=\"(max-width: 280px) 100vw, 280px\" \/><\/div><\/div><\/div><br \/>\n<\/p><\/div>\n<div  class='flex_column av-t1fiv1-6c4c787f0c38274f622e15bfd3a6daa2 av_three_fifth  avia-builder-el-17  el_after_av_two_fifth  el_before_av_one_full  flex_column_div  '     ><section  class='av_textblock_section av-kv7y4q4g-ab9f362910679ae9944a42137e21d9cc '   itemscope=\"itemscope\" itemtype=\"https:\/\/schema.org\/BlogPosting\" itemprop=\"blogPost\" ><div class='avia_textblock'  itemprop=\"text\" ><p><strong>Arrisku psikosozialak<\/strong>\u00a0Laneko Segurtasun eta Osasunaren eremuan zailtasun gehien sortzen dituzten arazoen artean daude, eta eragin nabarmena dute pertsonen, erakundeen eta ekonomia nazionalaren osasunean. Laneko Segurtasun eta Osasunerako Europako Agentziaren arabera, Europako langileen erdiak uste du estresa elementu komuna dela lantokietan, eta lanaldi guztien erdia inguru galtzen laguntzen duela.<\/p>\n<p>Arazo hori zuzenean ezagutzen dugu La Fundaci\u00f3n San Prudencio Lan Fundazioan, gure\u00a0<a href=\"https:\/\/www.lafundacion.com\/eu\/enpresak\/laneko-arriskuen-prebentzio-zerbitzu-mankomunatua\/\">Prebentzio Zerbitzu Mankomunatuak<\/a>\u00a0ematen dizkigun datuei esker. Aurrera egiteko eta egoera hori hobetzeko irtenbide praktikoak eskaintzea ahalbidetuko diguten tresnak martxan jartzen lagundu nahi dugu, eta, bereziki, Euskal Autonomia Erkidegoan lanaldi-kopuru handi bat galtzea eragingo dutenak.<\/p>\n<p>Esparru konplexua da, eta gero eta garrantzi handiagoa du enpresa-esparruan. Horregatik,\u00a0<strong>Arabako langileen osasuna hobetzeko dugun konpromisotik abiatuta<\/strong>, proiektu bat lantzen ari gara, PsicoLan, ekintza-proposamen bat, non ezinbestekoa den beste ikuspuntu batzuk ezagutzea, iritziak kontrastatzea, agertokiak proposatzea eta ahaleginak batzea aurrean dugun erronka kolektibo honi erantzunak emateko. Horretarako, lantalde zabala dugu, hainbat diziplinatako adituez osatua, eta jardunaldi hauetan gurekin gaude Batzorde Zientifikoko presidente Manuel Velazquezekin batera. Batzorde hori erreferente handia da aztertzen ari garen gaian, eta eskuzabaltasun osoz onartu du gure buru izatea.<\/p>\n<\/div><\/section><\/div>\n<div  class='flex_column av-2932nlp-c569b19a3e4e92f03eee60164399af12 av_one_full  avia-builder-el-19  el_after_av_three_fifth  el_before_av_hr  first flex_column_div  '     ><div  class='avia-button-wrap av-kur5cfaz-c9a7e208984db528272bbbaa59edd9e4-wrap avia-button-center  avia-builder-el-20  avia-builder-el-no-sibling '><a href='https:\/\/docs.google.com\/forms\/d\/e\/1FAIpQLScX9I_xIVGP7emn2e6jcWEL2XTmoztTtma7I1iCGAYnSUtBUg\/viewform'  class='avia-button av-kur5cfaz-c9a7e208984db528272bbbaa59edd9e4 av-link-btn avia-icon_select-no avia-size-x-large avia-position-center avia-color-aqua'  target=\"_blank\"  rel=\"noopener noreferrer\"  aria-label=\"IZENA DOAN EMATEA\"><span class='avia_iconbox_title' >IZENA DOAN EMATEA<\/span><\/a><\/div><\/div>\n<div  class='hr av-8cvf1r1-b00e92f4871fc7b4395777e57bda6700 hr-default  avia-builder-el-21  el_after_av_one_full  el_before_av_heading '><span class='hr-inner '><span class=\"hr-inner-style\"><\/span><\/span><\/div>\n\n<style type=\"text\/css\" data-created_by=\"avia_inline_auto\" id=\"style-css-av-8wqlk9-dffe813e79771d3a981974525e24ce3c\">\n#top .av-special-heading.av-8wqlk9-dffe813e79771d3a981974525e24ce3c{\npadding-bottom:10px;\n}\nbody .av-special-heading.av-8wqlk9-dffe813e79771d3a981974525e24ce3c .av-special-heading-tag .heading-char{\nfont-size:25px;\n}\n.av-special-heading.av-8wqlk9-dffe813e79771d3a981974525e24ce3c .av-subheading{\nfont-size:15px;\n}\n<\/style>\n<div  class='av-special-heading av-8wqlk9-dffe813e79771d3a981974525e24ce3c av-special-heading-h3  avia-builder-el-22  el_after_av_hr  el_before_av_one_full '><h3 class='av-special-heading-tag '  itemprop=\"headline\"  >Programazioa<\/h3><div class=\"special-heading-border\"><div class=\"special-heading-inner-border\"><\/div><\/div><\/div>\n<div  class='flex_column av-7lt369p-3196389e1c94109796d042f2423ba186 av_one_full  avia-builder-el-23  el_after_av_heading  el_before_av_hr  first flex_column_div  '     ><style type=\"text\/css\" data-created_by=\"avia_inline_auto\" id=\"style-css-av-kupfbhi1-81e658c82ec92c840b3de3cb60f1ed38\">\n#top .av_textblock_section.av-kupfbhi1-81e658c82ec92c840b3de3cb60f1ed38 .avia_textblock{\ncolor:#4ecac2;\n}\n<\/style>\n<section  class='av_textblock_section av-kupfbhi1-81e658c82ec92c840b3de3cb60f1ed38 '   itemscope=\"itemscope\" itemtype=\"https:\/\/schema.org\/BlogPosting\" itemprop=\"blogPost\" ><div class='avia_textblock av_inherit_color'  itemprop=\"text\" ><h3><span style=\"color: #6ec3bc;\">Azaroaren 10ean:<\/span><\/h3>\n<h4><strong>\u21d2GOIZA<\/strong><\/h4>\n<p><strong>Aurkezlea: Juan Carlos Etxeberria. EITB<\/strong><\/p>\n<ul>\n<li style=\"list-style-type: none;\">\n<ul>\n<li style=\"list-style-type: none;\">\n<ul>\n<li><span style=\"color: #6ec3bc;\"><strong>8:30 Akreditazioak.<\/strong><\/span><\/li>\n<li><span style=\"color: #6ec3bc;\"><strong>8:55 Inaugurazioa.<\/strong><\/span><\/li>\n<li><span style=\"color: #6ec3bc;\"><strong>9:15-10:00 Inaugurazio-hitzaldia: ongizatea eta lidergo emozionala.<\/strong><\/span><br \/>\n<span style=\"color: #565656;\"><strong>M\u00aa Jes\u00fas \u00c1lava. <\/strong>Apertia Consulting-eko presidenta. Arabako Erregeen Psikologia Zentroko zuzendaria. Fundazioko presidenta.<\/span><\/li>\n<li><span style=\"color: #6ec3bc;\"><strong>10:00-10:45 Langileen osasun mentala zaintzea: egungo testuinguruan enpresak dituen erronkak. <\/strong><\/span><span style=\"color: #565656;\"><span style=\"color: #565656;\"><strong>Jos\u00e9 Mar\u00eda Peir\u00f3 Silla. <\/strong>Gizarte-psikologian katedraduna, eta Balentziako Unibertsitateko erakundeena. IDOCAL Institutoko fundatzaile Zuzendaria eta UMIVALE-IDOCALen kolaborazioei esker Lan Osasun eta ITan ikertzailea. Espainiako Psikologia akademiaren Kidea.<\/span><\/span><\/li>\n<li><strong><span style=\"color: #6ec3bc;\">10:45 &#8211; 11:15 Langileen osasun emozionala: PsicoLan metodologia praktikoa<\/span><\/strong>\n<ul>\n<li><span style=\"color: #565656;\"><strong>Jagoba G\u00f3mez Alonso.<\/strong> San Prudencio PZMren arduraduna.<\/span><\/li>\n<li><span style=\"color: #565656;\"><strong>Marta Gonz\u00e1lez Pescador.<\/strong> Psikologian doktorea, Psikologia Klinikoan espezialista. PsikoLanen kanpo aholkularia.<\/span><\/li>\n<\/ul>\n<\/li>\n<li><span style=\"color: #6ec3bc;\"><strong>11:15-11:45 Kafea.<\/strong><\/span><\/li>\n<li><span style=\"color: #6ec3bc;\"><strong>11:45-12:15 Ziberpsikologia aplikatua.<\/strong><\/span><br \/>\n<span style=\"color: #565656;\"><strong>Macarena P\u00e9rez Bullemore.<\/strong> Psikologo Klinikoa, espezialista tratamendu psikologikoetarako teknologia berrien erabileran.\u00a0<\/span><\/li>\n<li><span style=\"color: #6ec3bc;\"><strong>12:15-12:45 Lanpostura eraginkortasunez eta modu osasungarrian itzultzea, pertsonaren eta erakundearen ikuspegitik. <\/strong><\/span>\n<ul>\n<li><span style=\"color: #565656;\"><strong>Macarena G\u00e1lvez Herrer.<\/strong> Psikologian doktorea eta LAP arloko goi-mailako teknikaria. UAMeko Estres eta osasun taldea. HUCI Proiektuko Psikologia eta zaintza emozionaleko arloko arduraduna. Lan medikua\u00a0<\/span><\/li>\n<li><span style=\"color: #565656;\"><span style=\"color: #565656;\"><strong>Carmen Otero. <\/strong>Lehen Mailako Atentzioko Asistentzia Gerentziako Laneko Arriskuen Prebentzio Zerbitzuko zerbitzuburua (SERMAS). Lan Medikua eta Goi Mailako Teknikaria Lan Arriskuen Prebentzioan.<\/span><\/span><\/li>\n<\/ul>\n<\/li>\n<li><span style=\"color: #6ec3bc;\"><strong>12:45-13:15 Gatazka bideratzeko bide osagarriak: bitartekaritza eta akordioa.<\/strong><\/span><br \/>\n<span style=\"color: #565656;\"><strong>Tom\u00e1s Arrieta.<\/strong> Lan Harremanen Kontseiluko lehendakaria.<\/span><\/li>\n<li><span style=\"color: #6ec3bc;\"><strong>13:15-14:00 Mahai-ingurua. <\/strong><\/span>Moderatzailea: <strong>Ricardo M\u00ednguez.<\/strong> Lan-zuzenbideko espezialista eta Laneko eta Gizarte Segurantzako Ikuskatzaileen goi-mailako kidegoko kidea. Cuatrecasas-eko kontseilaria.<\/li>\n<\/ul>\n<\/li>\n<\/ul>\n<\/li>\n<\/ul>\n<ul>\n<li style=\"list-style-type: none;\">\n<ul>\n<li style=\"list-style-type: none;\">\n<ul>\n<li style=\"list-style-type: none;\">\n<ul>\n<li><span style=\"color: #565656;\"><strong>Javier Ortega.<\/strong> Tuboplast Hispaniako Giza Baliabideetako zuzendaria.<\/span><\/li>\n<li><span style=\"color: #565656;\"><strong>Maite G\u00f3mez.<\/strong> OSALANeko psikosozialean teknikaria.<\/span><\/li>\n<li><span style=\"color: #565656;\"><strong>Macarena G\u00e1lvez.<\/strong> Psikologian Doktorea eta Laneko Arriskuen Prebentzioko goi-mailako teknikaria. Estres taldea eta UAM Osasuna. Psikologiako Zuzendaria eta HUCI Proiektuko Emozio Zainketa.<\/span><\/li>\n<li><span style=\"color: #565656;\"><strong>Alfonso R\u00edos.<\/strong> CCOO Euskadiko Lan Osasuneko arduraduna.<\/span><\/li>\n<li><span style=\"color: #565656;\"><strong>Juan Carlos C\u00e1rdenas.<\/strong> Segurtasun, Osasun eta Lan Ongizateko idazkaria UGT Euskadin.<\/span><\/li>\n<li><span style=\"color: #565656;\"><strong>Jagoba G\u00f3mez.<\/strong> San Prudencio PZMren arduraduna.<\/span><\/li>\n<\/ul>\n<\/li>\n<li><span style=\"color: #6ec3bc;\"><strong>14:00-14:15 Adituen mahaiaren ondorioak <\/strong><\/span><br \/>\n<span style=\"color: #565656;\"><span style=\"color: #565656;\"><strong>Manuel Vel\u00e1zqu<\/strong><strong>ez. <\/strong>Batzorde Zientifikoko Presidentea. Transnazional Unitateko Zuzendaria OEITSSen (Lan Ministerioko eta Gizarte Ekonomiako, Laneko eta Gizarte Segurantzako Ikuskatzailea).<\/span><\/span><\/li>\n<\/ul>\n<\/li>\n<\/ul>\n<\/li>\n<\/ul>\n<\/div><\/section><br \/>\n\n<style type=\"text\/css\" data-created_by=\"avia_inline_auto\" id=\"style-css-av-kupfghqh-e435d9ef8c53435a636ba6dad25e57a4\">\n#top .av_textblock_section.av-kupfghqh-e435d9ef8c53435a636ba6dad25e57a4 .avia_textblock{\ncolor:#4ecac2;\n}\n<\/style>\n<section  class='av_textblock_section av-kupfghqh-e435d9ef8c53435a636ba6dad25e57a4 '   itemscope=\"itemscope\" itemtype=\"https:\/\/schema.org\/BlogPosting\" itemprop=\"blogPost\" ><div class='avia_textblock av_inherit_color'  itemprop=\"text\" ><h4><strong>\u21d2ARRATSALDEA<\/strong><\/h4>\n<ul>\n<li style=\"list-style-type: none;\">\n<ul>\n<li style=\"list-style-type: none;\">\n<ul>\n<li><span style=\"color: #6ec3bc;\"><strong>16:30 Errealitate birtualeko terapia-tailerra. *LEKU KOPURU MUGATUA.<\/strong><\/span><\/li>\n<\/ul>\n<\/li>\n<\/ul>\n<\/li>\n<\/ul>\n<\/div><\/section><\/p><\/div>\n<div  class='hr av-2oatg59-e232c09705b460b8a86af2e3366e1cdd hr-default  avia-builder-el-26  el_after_av_one_full  el_before_av_button '><span class='hr-inner '><span class=\"hr-inner-style\"><\/span><\/span><\/div>\n<div  class='avia-button-wrap av-kp6kzxvc-9846829881734742c6872ecd972fb2e0-wrap avia-button-center  avia-builder-el-27  el_after_av_hr  el_before_av_hr '>\n<style type=\"text\/css\" data-created_by=\"avia_inline_auto\" id=\"style-css-av-kp6kzxvc-9846829881734742c6872ecd972fb2e0\">\n#top #wrap_all .avia-button.av-kp6kzxvc-9846829881734742c6872ecd972fb2e0:hover{\ncolor:white;\ntransition:all 0.4s ease-in-out;\n}\n#top #wrap_all .avia-button.av-kp6kzxvc-9846829881734742c6872ecd972fb2e0:hover .avia-svg-icon svg:first-child{\nfill:white;\nstroke:white;\n}\n<\/style>\n<a href='https:\/\/www.lafundacion.com\/wp-content\/uploads\/2021\/10\/Laneko-Segurtasun-Osasunaren-XXIBiltzarra-programa.pdf'  class='avia-button av-kp6kzxvc-9846829881734742c6872ecd972fb2e0 av-link-btn avia-icon_select-yes-left-icon avia-size-x-large avia-position-center avia-color-aqua avia-font-color-theme-color'  target=\"_blank\"  rel=\"noopener noreferrer\"  aria-label=\"DESKARGATU PROGRAMA\"><span class='avia_button_icon avia_button_icon_left avia-iconfont avia-font-entypo-fontello' data-av_icon='\ue86f' data-av_iconfont='entypo-fontello' ><\/span><span class='avia_iconbox_title' >DESKARGATU PROGRAMA<\/span><span class='avia_button_background avia-button avia-color-theme-color-highlight' ><\/span><\/a><\/div>\n<div  class='hr av-26whbzd-2529799179fb6364ad177d60a3e3b7c0 hr-default  avia-builder-el-28  el_after_av_button  el_before_av_heading '><span class='hr-inner '><span class=\"hr-inner-style\"><\/span><\/span><\/div>\n\n<style type=\"text\/css\" data-created_by=\"avia_inline_auto\" id=\"style-css-av-kuffk45v-56f3fea8971ba2fbafbaa5d429ed794c\">\n#top .av-special-heading.av-kuffk45v-56f3fea8971ba2fbafbaa5d429ed794c{\npadding-bottom:10px;\n}\nbody .av-special-heading.av-kuffk45v-56f3fea8971ba2fbafbaa5d429ed794c .av-special-heading-tag .heading-char{\nfont-size:25px;\n}\n.av-special-heading.av-kuffk45v-56f3fea8971ba2fbafbaa5d429ed794c .av-subheading{\nfont-size:15px;\n}\n<\/style>\n<div  class='av-special-heading av-kuffk45v-56f3fea8971ba2fbafbaa5d429ed794c av-special-heading-h3  avia-builder-el-29  el_after_av_hr  el_before_av_one_half '><h3 class='av-special-heading-tag '  itemprop=\"headline\"  >Hizlariak<\/h3><div class=\"special-heading-border\"><div class=\"special-heading-inner-border\"><\/div><\/div><\/div>\n<div  class='flex_column av-4w4by7x-450c23501e409f30c7ae30cf6c03dc85 av_one_half  avia-builder-el-30  el_after_av_heading  el_before_av_one_half  first flex_column_div  '     ><p>\n<style type=\"text\/css\" data-created_by=\"avia_inline_auto\" id=\"style-css-av-kufgvcop-afc95b49ca399c6e8f0d20c081347980\">\n.avia-image-container.av-kufgvcop-afc95b49ca399c6e8f0d20c081347980 img.avia_image{\nbox-shadow:none;\n}\n.avia-image-container.av-kufgvcop-afc95b49ca399c6e8f0d20c081347980 .av-image-caption-overlay-center{\ncolor:#ffffff;\n}\n<\/style>\n<div  class='avia-image-container av-kufgvcop-afc95b49ca399c6e8f0d20c081347980 av-styling-circle av-hover-grow avia-align-center  avia-builder-el-31  el_before_av_heading  avia-builder-el-first '   itemprop=\"image\" itemscope=\"itemscope\" itemtype=\"https:\/\/schema.org\/ImageObject\" ><div class=\"avia-image-container-inner\"><div class=\"avia-image-overlay-wrap\"><img decoding=\"async\" fetchpriority=\"high\" class='wp-image-23343 avia-img-lazy-loading-not-23343 avia_image ' src=\"https:\/\/www.lafundacion.com\/wp-content\/uploads\/2021\/10\/Manuel_velazquez_4-180x180.jpg\" alt='Hizlaria Komite zientifikoan Laneko segurtasun eta osasunari buruzko biltzarran' title='Manuel_velazquez_4'  height=\"180\" width=\"180\"  itemprop=\"thumbnailUrl\" srcset=\"https:\/\/www.lafundacion.com\/wp-content\/uploads\/2021\/10\/Manuel_velazquez_4-180x180.jpg 180w, https:\/\/www.lafundacion.com\/wp-content\/uploads\/2021\/10\/Manuel_velazquez_4-80x80.jpg 80w, https:\/\/www.lafundacion.com\/wp-content\/uploads\/2021\/10\/Manuel_velazquez_4-36x36.jpg 36w\" sizes=\"(max-width: 180px) 100vw, 180px\" \/><\/div><\/div><\/div><br \/>\n\n<style type=\"text\/css\" data-created_by=\"avia_inline_auto\" id=\"style-css-av-kupfzs8j-2be5aa0d7192adb5b22e040ea4cfdade\">\n#top .av-special-heading.av-kupfzs8j-2be5aa0d7192adb5b22e040ea4cfdade{\npadding-bottom:10px;\n}\nbody .av-special-heading.av-kupfzs8j-2be5aa0d7192adb5b22e040ea4cfdade .av-special-heading-tag .heading-char{\nfont-size:25px;\n}\n.av-special-heading.av-kupfzs8j-2be5aa0d7192adb5b22e040ea4cfdade .special-heading-inner-border{\nborder-color:#4ecac2;\n}\n.av-special-heading.av-kupfzs8j-2be5aa0d7192adb5b22e040ea4cfdade .av-subheading{\nfont-size:15px;\n}\nbody .av-special-heading.av-kupfzs8j-2be5aa0d7192adb5b22e040ea4cfdade .av-special-heading-tag .heading-wrap:before{\nborder-color:#4ecac2;\n}\nbody .av-special-heading.av-kupfzs8j-2be5aa0d7192adb5b22e040ea4cfdade .av-special-heading-tag .heading-wrap:after{\nborder-color:#4ecac2;\n}\n<\/style>\n<div  class='av-special-heading av-kupfzs8j-2be5aa0d7192adb5b22e040ea4cfdade av-special-heading-h2 custom-color-heading blockquote modern-quote modern-centered  avia-builder-el-32  el_after_av_image  el_before_av_textblock '><h2 class='av-special-heading-tag '  itemprop=\"headline\"  >Batzorde Zientifikoko Presidentea<\/h2><div class=\"special-heading-border\"><div class=\"special-heading-inner-border\"><\/div><\/div><\/div><br \/>\n<section  class='av_textblock_section av-kufgxlln-ecab8286d8aa2b12ee9f80d25326f67b '   itemscope=\"itemscope\" itemtype=\"https:\/\/schema.org\/BlogPosting\" itemprop=\"blogPost\" ><div class='avia_textblock'  itemprop=\"text\" ><h3 style=\"text-align: center;\"><span style=\"color: #6ec3bc;\"><strong>Vel\u00e1zquez Fern\u00e1ndez, Manuel<\/strong><\/span><\/h3>\n<p style=\"text-align: center;\"><span style=\"color: #565656;\">Batzorde Zientifikoko presidentea. Lan eta Gizarte Ekonomiako Ministerioko Laneko eta Gizarte Segurantzako Ikuskatzailetzaren Estatuko Erakundearen (OEITSS) Lan eta Gizarte Ekonomiako Unitate Transnazionaleko burua.<\/span><\/p>\n<\/div><\/section><\/p><\/div>\n<div  class='flex_column av-3fzexnh-0dd48265af276f63261ca9f5cae5ee5a av_one_half  avia-builder-el-34  el_after_av_one_half  el_before_av_one_fifth  flex_column_div  '     ><p>\n<style type=\"text\/css\" data-created_by=\"avia_inline_auto\" id=\"style-css-av-kupgdv6l-7c36e2a60e5285304e483c327c02d8cb\">\n.avia-image-container.av-kupgdv6l-7c36e2a60e5285304e483c327c02d8cb img.avia_image{\nbox-shadow:none;\n}\n.avia-image-container.av-kupgdv6l-7c36e2a60e5285304e483c327c02d8cb .av-image-caption-overlay-center{\ncolor:#ffffff;\n}\n<\/style>\n<div  class='avia-image-container av-kupgdv6l-7c36e2a60e5285304e483c327c02d8cb av-styling-circle av-hover-grow avia-align-center  avia-builder-el-35  el_before_av_heading  avia-builder-el-first '   itemprop=\"image\" itemscope=\"itemscope\" itemtype=\"https:\/\/schema.org\/ImageObject\" ><div class=\"avia-image-container-inner\"><div class=\"avia-image-overlay-wrap\"><img decoding=\"async\" fetchpriority=\"high\" class='wp-image-23351 avia-img-lazy-loading-not-23351 avia_image ' src=\"https:\/\/www.lafundacion.com\/wp-content\/uploads\/2021\/10\/Yolanda-Berasategui-180x180.jpg\" alt='Yolanda Berasategui La Fundacion Laboral San Prudencio-ko presidenta kongresurako' title='Yolanda Berasategui'  height=\"180\" width=\"180\"  itemprop=\"thumbnailUrl\" srcset=\"https:\/\/www.lafundacion.com\/wp-content\/uploads\/2021\/10\/Yolanda-Berasategui-180x180.jpg 180w, https:\/\/www.lafundacion.com\/wp-content\/uploads\/2021\/10\/Yolanda-Berasategui-300x300.jpg 300w, https:\/\/www.lafundacion.com\/wp-content\/uploads\/2021\/10\/Yolanda-Berasategui-80x80.jpg 80w, https:\/\/www.lafundacion.com\/wp-content\/uploads\/2021\/10\/Yolanda-Berasategui-768x768.jpg 768w, https:\/\/www.lafundacion.com\/wp-content\/uploads\/2021\/10\/Yolanda-Berasategui-36x36.jpg 36w, https:\/\/www.lafundacion.com\/wp-content\/uploads\/2021\/10\/Yolanda-Berasategui-705x705.jpg 705w, https:\/\/www.lafundacion.com\/wp-content\/uploads\/2021\/10\/Yolanda-Berasategui.jpg 994w\" sizes=\"(max-width: 180px) 100vw, 180px\" \/><\/div><\/div><\/div><br \/>\n\n<style type=\"text\/css\" data-created_by=\"avia_inline_auto\" id=\"style-css-av-kupg5gzs-b8f54795931f0a9181c7b7a10731bed8\">\n#top .av-special-heading.av-kupg5gzs-b8f54795931f0a9181c7b7a10731bed8{\npadding-bottom:10px;\n}\nbody .av-special-heading.av-kupg5gzs-b8f54795931f0a9181c7b7a10731bed8 .av-special-heading-tag .heading-char{\nfont-size:25px;\n}\n.av-special-heading.av-kupg5gzs-b8f54795931f0a9181c7b7a10731bed8 .special-heading-inner-border{\nborder-color:#4ecac2;\n}\n.av-special-heading.av-kupg5gzs-b8f54795931f0a9181c7b7a10731bed8 .av-subheading{\nfont-size:15px;\n}\nbody .av-special-heading.av-kupg5gzs-b8f54795931f0a9181c7b7a10731bed8 .av-special-heading-tag .heading-wrap:before{\nborder-color:#4ecac2;\n}\nbody .av-special-heading.av-kupg5gzs-b8f54795931f0a9181c7b7a10731bed8 .av-special-heading-tag .heading-wrap:after{\nborder-color:#4ecac2;\n}\n<\/style>\n<div  class='av-special-heading av-kupg5gzs-b8f54795931f0a9181c7b7a10731bed8 av-special-heading-h2 custom-color-heading blockquote modern-quote modern-centered  avia-builder-el-36  el_after_av_image  el_before_av_textblock '><h2 class='av-special-heading-tag '  itemprop=\"headline\"  >Fundaci\u00f3n Laboral San Prudencio-ko Presidenta<\/h2><div class=\"special-heading-border\"><div class=\"special-heading-inner-border\"><\/div><\/div><\/div><br \/>\n<section  class='av_textblock_section av-kupg9dsh-b545b374a5136e6a252c61c05bfca382 '   itemscope=\"itemscope\" itemtype=\"https:\/\/schema.org\/BlogPosting\" itemprop=\"blogPost\" ><div class='avia_textblock'  itemprop=\"text\" ><h3 style=\"text-align: center;\"><span style=\"color: #6ec3bc;\"><strong>Berasategui Epelde, Yolanda<\/strong><\/span><\/h3>\n<\/div><\/section><\/p><\/div>\n<div  class='flex_column av-2urdd19-a42444370766abcb71d811dd2eaac2bf av_one_fifth  avia-builder-el-38  el_after_av_one_half  el_before_av_one_fifth  first flex_column_div  column-top-margin'     ><p>\n<style type=\"text\/css\" data-created_by=\"avia_inline_auto\" id=\"style-css-av-2lsz4yl-33b06e481ed12f4c5df7179608f405f0\">\n.avia-image-container.av-2lsz4yl-33b06e481ed12f4c5df7179608f405f0 img.avia_image{\nbox-shadow:none;\n}\n.avia-image-container.av-2lsz4yl-33b06e481ed12f4c5df7179608f405f0 .av-image-caption-overlay-center{\ncolor:#ffffff;\n}\n<\/style>\n<div  class='avia-image-container av-2lsz4yl-33b06e481ed12f4c5df7179608f405f0 av-styling-circle avia-align-center  avia-builder-el-39  el_before_av_textblock  avia-builder-el-first '   itemprop=\"image\" itemscope=\"itemscope\" itemtype=\"https:\/\/schema.org\/ImageObject\" ><div class=\"avia-image-container-inner\"><div class=\"avia-image-overlay-wrap\"><img decoding=\"async\" fetchpriority=\"high\" class='wp-image-23427 avia-img-lazy-loading-not-23427 avia_image ' src=\"https:\/\/www.lafundacion.com\/wp-content\/uploads\/2021\/10\/Rios-Alfonso.jpg\" alt='Alfonso R\u00edos Euskadiko Langile Komisioan (CCOO) Lan Osasuneko arduraduna Laneko segurtasun eta osasunaren biltzarra' title='Rios,-Alfonso'  height=\"200\" width=\"200\"  itemprop=\"thumbnailUrl\" srcset=\"https:\/\/www.lafundacion.com\/wp-content\/uploads\/2021\/10\/Rios-Alfonso.jpg 200w, https:\/\/www.lafundacion.com\/wp-content\/uploads\/2021\/10\/Rios-Alfonso-80x80.jpg 80w, https:\/\/www.lafundacion.com\/wp-content\/uploads\/2021\/10\/Rios-Alfonso-36x36.jpg 36w, https:\/\/www.lafundacion.com\/wp-content\/uploads\/2021\/10\/Rios-Alfonso-180x180.jpg 180w\" sizes=\"(max-width: 200px) 100vw, 200px\" \/><\/div><\/div><\/div><br \/>\n<section  class='av_textblock_section av-kuqngu2x-a37c8cf3656c6669b078f8635e460511 '   itemscope=\"itemscope\" itemtype=\"https:\/\/schema.org\/BlogPosting\" itemprop=\"blogPost\" ><div class='avia_textblock'  itemprop=\"text\" ><h3><span style=\"color: #6ec3bc;\"><strong>Alfonso R\u00edos<\/strong><\/span><\/h3>\n<p><span style=\"color: #565656;\">Euskadiko Langile Komisioan (CCOO) Lan Osasuneko arduraduna.<\/span><\/p>\n<\/div><\/section><\/p><\/div>\n<div  class='flex_column av-7ks45lp-226d08906d742fa86fc74e064b7937ea av_one_fifth  avia-builder-el-41  el_after_av_one_fifth  el_before_av_one_fifth  flex_column_div  column-top-margin'     ><p>\n<style type=\"text\/css\" data-created_by=\"avia_inline_auto\" id=\"style-css-av-7adon99-e48890e304216d95c44aa023f6b842bf\">\n.avia-image-container.av-7adon99-e48890e304216d95c44aa023f6b842bf img.avia_image{\nbox-shadow:none;\n}\n.avia-image-container.av-7adon99-e48890e304216d95c44aa023f6b842bf .av-image-caption-overlay-center{\ncolor:#ffffff;\n}\n<\/style>\n<div  class='avia-image-container av-7adon99-e48890e304216d95c44aa023f6b842bf av-styling-circle avia-align-center  avia-builder-el-42  el_before_av_textblock  avia-builder-el-first '   itemprop=\"image\" itemscope=\"itemscope\" itemtype=\"https:\/\/schema.org\/ImageObject\" ><div class=\"avia-image-container-inner\"><div class=\"avia-image-overlay-wrap\"><img decoding=\"async\" fetchpriority=\"high\" class='wp-image-23423 avia-img-lazy-loading-not-23423 avia_image ' src=\"https:\/\/www.lafundacion.com\/wp-content\/uploads\/2021\/10\/Otero-Carmen.jpg\" alt='Carmen Otero Laneko segurtasun eta osasunari buruzko biltzarran' title='Otero,-Carmen'  height=\"200\" width=\"200\"  itemprop=\"thumbnailUrl\" srcset=\"https:\/\/www.lafundacion.com\/wp-content\/uploads\/2021\/10\/Otero-Carmen.jpg 200w, https:\/\/www.lafundacion.com\/wp-content\/uploads\/2021\/10\/Otero-Carmen-80x80.jpg 80w, https:\/\/www.lafundacion.com\/wp-content\/uploads\/2021\/10\/Otero-Carmen-36x36.jpg 36w, https:\/\/www.lafundacion.com\/wp-content\/uploads\/2021\/10\/Otero-Carmen-180x180.jpg 180w\" sizes=\"(max-width: 200px) 100vw, 200px\" \/><\/div><\/div><\/div><br \/>\n<section  class='av_textblock_section av-kuqndvyl-19cce88809b74fd0ba9a8d70621f772e '   itemscope=\"itemscope\" itemtype=\"https:\/\/schema.org\/BlogPosting\" itemprop=\"blogPost\" ><div class='avia_textblock'  itemprop=\"text\" ><h3><span style=\"color: #6ec3bc;\"><strong>Carmen Otero<\/strong><\/span><\/h3>\n<p><span style=\"color: #565656;\">Lehen Mailako Atentzioko Asistentzia Gerentziako Laneko Arriskuen Prebentzio Zerbitzuko zerbitzuburua (SERMAS). Laneko medikua eta laneko arriskuen prebentzioko goi-mailako teknikaria.<\/span><\/p>\n<\/div><\/section><\/p><\/div>\n<div  class='flex_column av-3gyd2v1-30494c2f76c7774ca6acda012c9ba256 av_one_fifth  avia-builder-el-44  el_after_av_one_fifth  el_before_av_one_fifth  flex_column_div  column-top-margin'     ><p>\n<style type=\"text\/css\" data-created_by=\"avia_inline_auto\" id=\"style-css-av-36urnq5-64e768e23bec96f76c695ce6d0dda3b5\">\n.avia-image-container.av-36urnq5-64e768e23bec96f76c695ce6d0dda3b5 img.avia_image{\nbox-shadow:none;\n}\n.avia-image-container.av-36urnq5-64e768e23bec96f76c695ce6d0dda3b5 .av-image-caption-overlay-center{\ncolor:#ffffff;\n}\n<\/style>\n<div  class='avia-image-container av-36urnq5-64e768e23bec96f76c695ce6d0dda3b5 av-styling-circle avia-align-center  avia-builder-el-45  el_before_av_textblock  avia-builder-el-first '   itemprop=\"image\" itemscope=\"itemscope\" itemtype=\"https:\/\/schema.org\/ImageObject\" ><div class=\"avia-image-container-inner\"><div class=\"avia-image-overlay-wrap\"><img decoding=\"async\" fetchpriority=\"high\" class='wp-image-23429 avia-img-lazy-loading-not-23429 avia_image ' src=\"https:\/\/www.lafundacion.com\/wp-content\/uploads\/2021\/10\/Jagoba.jpg\" alt='Jagoba G\u00f3mez Laneko segurtasun eta osasunari buruzko biltzarran' title='Jagoba'  height=\"200\" width=\"200\"  itemprop=\"thumbnailUrl\" srcset=\"https:\/\/www.lafundacion.com\/wp-content\/uploads\/2021\/10\/Jagoba.jpg 200w, https:\/\/www.lafundacion.com\/wp-content\/uploads\/2021\/10\/Jagoba-80x80.jpg 80w, https:\/\/www.lafundacion.com\/wp-content\/uploads\/2021\/10\/Jagoba-36x36.jpg 36w, https:\/\/www.lafundacion.com\/wp-content\/uploads\/2021\/10\/Jagoba-180x180.jpg 180w\" sizes=\"(max-width: 200px) 100vw, 200px\" \/><\/div><\/div><\/div><br \/>\n<section  class='av_textblock_section av-kufgzonv-998bc8d7db18224b85453a3059a287c0 '   itemscope=\"itemscope\" itemtype=\"https:\/\/schema.org\/BlogPosting\" itemprop=\"blogPost\" ><div class='avia_textblock'  itemprop=\"text\" ><h3><span style=\"color: #6ec3bc;\"><strong>Jagoba G\u00f3mez<\/strong><\/span><\/h3>\n<p>SPM San Prudencio-ko arduraduna.<\/p>\n<\/div><\/section><\/p><\/div>\n<div  class='flex_column av-4yamg9p-186a38cda69a9911bce9d4dddc95c11e av_one_fifth  avia-builder-el-47  el_after_av_one_fifth  el_before_av_one_fifth  flex_column_div  column-top-margin'     ><p>\n<style type=\"text\/css\" data-created_by=\"avia_inline_auto\" id=\"style-css-av-4edwu8t-851d237e9a92aff07851bca89ae37780\">\n.avia-image-container.av-4edwu8t-851d237e9a92aff07851bca89ae37780 img.avia_image{\nbox-shadow:none;\n}\n.avia-image-container.av-4edwu8t-851d237e9a92aff07851bca89ae37780 .av-image-caption-overlay-center{\ncolor:#ffffff;\n}\n<\/style>\n<div  class='avia-image-container av-4edwu8t-851d237e9a92aff07851bca89ae37780 av-styling-circle avia-align-center  avia-builder-el-48  el_before_av_textblock  avia-builder-el-first '   itemprop=\"image\" itemscope=\"itemscope\" itemtype=\"https:\/\/schema.org\/ImageObject\" ><div class=\"avia-image-container-inner\"><div class=\"avia-image-overlay-wrap\"><img decoding=\"async\" fetchpriority=\"high\" class='wp-image-23630 avia-img-lazy-loading-not-23630 avia_image ' src=\"https:\/\/www.lafundacion.com\/wp-content\/uploads\/2021\/10\/Javier-Ortega-Tapia.png\" alt='Javier Ortega' title='Javier-Ortega-Tapia'  height=\"200\" width=\"200\"  itemprop=\"thumbnailUrl\" srcset=\"https:\/\/www.lafundacion.com\/wp-content\/uploads\/2021\/10\/Javier-Ortega-Tapia.png 200w, https:\/\/www.lafundacion.com\/wp-content\/uploads\/2021\/10\/Javier-Ortega-Tapia-80x80.png 80w, https:\/\/www.lafundacion.com\/wp-content\/uploads\/2021\/10\/Javier-Ortega-Tapia-36x36.png 36w, https:\/\/www.lafundacion.com\/wp-content\/uploads\/2021\/10\/Javier-Ortega-Tapia-180x180.png 180w\" sizes=\"(max-width: 200px) 100vw, 200px\" \/><\/div><\/div><\/div><br \/>\n<section  class='av_textblock_section av-kuqnfaoi-c984b635f4b80e1da85a89b1f4aefc97 '   itemscope=\"itemscope\" itemtype=\"https:\/\/schema.org\/BlogPosting\" itemprop=\"blogPost\" ><div class='avia_textblock'  itemprop=\"text\" ><h3><span style=\"color: #6ec3bc;\"><strong>Javier Ortega<\/strong><\/span><\/h3>\n<p><span style=\"color: #565656;\">Giza Baliabideetako zuzendaria Tuboplast Hispania enpresan.<\/span><\/p>\n<\/div><\/section><\/p><\/div>\n<div  class='flex_column av-4ckhav1-dee5765ac3cc11ee710db2c615104db9 av_one_fifth  avia-builder-el-50  el_after_av_one_fifth  el_before_av_one_fifth  flex_column_div  column-top-margin'     ><p>\n<style type=\"text\/css\" data-created_by=\"avia_inline_auto\" id=\"style-css-av-3zch8pp-ac7a616309c855350fcb4cfe7848ee7d\">\n.avia-image-container.av-3zch8pp-ac7a616309c855350fcb4cfe7848ee7d img.avia_image{\nbox-shadow:none;\n}\n.avia-image-container.av-3zch8pp-ac7a616309c855350fcb4cfe7848ee7d .av-image-caption-overlay-center{\ncolor:#ffffff;\n}\n<\/style>\n<div  class='avia-image-container av-3zch8pp-ac7a616309c855350fcb4cfe7848ee7d av-styling-circle avia-align-center  avia-builder-el-51  el_before_av_textblock  avia-builder-el-first '   itemprop=\"image\" itemscope=\"itemscope\" itemtype=\"https:\/\/schema.org\/ImageObject\" ><div class=\"avia-image-container-inner\"><div class=\"avia-image-overlay-wrap\"><img decoding=\"async\" fetchpriority=\"high\" class='wp-image-23425 avia-img-lazy-loading-not-23425 avia_image ' src=\"https:\/\/www.lafundacion.com\/wp-content\/uploads\/2021\/10\/Peiro-Jose-Maria.jpg\" alt='Jose Mar\u00eda Peir\u00f3 Laneko segurtasun eta osasunari buruzko biltzarran' title='Peir\u00f3,-Jose-Mar\u00eda'  height=\"226\" width=\"200\"  itemprop=\"thumbnailUrl\"  \/><\/div><\/div><\/div><br \/>\n<section  class='av_textblock_section av-kufgy888-7ecaf631af06c4cb908e622b97e8bc45 '   itemscope=\"itemscope\" itemtype=\"https:\/\/schema.org\/BlogPosting\" itemprop=\"blogPost\" ><div class='avia_textblock'  itemprop=\"text\" ><h3><span style=\"color: #6ec3bc;\"><strong>Jos\u00e9 Mar\u00eda Peir\u00f3<\/strong><\/span><\/h3>\n<p>Gizarte-psikologian katedraduna, eta Balentziako Unibertsitateko erakundeena. IDOCAL Institutoko fundatzaile Zuzendaria eta UMIVALE-IDOCALen kolaborazioei esker Lan Osasun eta ITan ikertzailea. Espainiako Psikologia akademiaren Kidea.<\/p>\n<\/div><\/section><\/p><\/div>\n<div  class='flex_column av-1yqq5vh-37b9affdcbe646fe07dffbcc66c0a97b av_one_fifth  avia-builder-el-53  el_after_av_one_fifth  el_before_av_one_fifth  first flex_column_div  column-top-margin'     ><p>\n<style type=\"text\/css\" data-created_by=\"avia_inline_auto\" id=\"style-css-av-1otk82l-585c46c1a90baf31378e2e5cd4f8d2d0\">\n.avia-image-container.av-1otk82l-585c46c1a90baf31378e2e5cd4f8d2d0 img.avia_image{\nbox-shadow:none;\n}\n.avia-image-container.av-1otk82l-585c46c1a90baf31378e2e5cd4f8d2d0 .av-image-caption-overlay-center{\ncolor:#ffffff;\n}\n<\/style>\n<div  class='avia-image-container av-1otk82l-585c46c1a90baf31378e2e5cd4f8d2d0 av-styling-circle avia-align-center  avia-builder-el-54  el_before_av_textblock  avia-builder-el-first '   itemprop=\"image\" itemscope=\"itemscope\" itemtype=\"https:\/\/schema.org\/ImageObject\" ><div class=\"avia-image-container-inner\"><div class=\"avia-image-overlay-wrap\"><img decoding=\"async\" fetchpriority=\"high\" class='wp-image-23417 avia-img-lazy-loading-not-23417 avia_image ' src=\"https:\/\/www.lafundacion.com\/wp-content\/uploads\/2021\/10\/Cardenas-Juan-Carlos.jpg\" alt='Juan Carlos C\u00e1rdenas Laneko segurtasun eta osasunari buruzko biltzarra' title='Cardenas,-Juan-Carlos'  height=\"200\" width=\"200\"  itemprop=\"thumbnailUrl\" srcset=\"https:\/\/www.lafundacion.com\/wp-content\/uploads\/2021\/10\/Cardenas-Juan-Carlos.jpg 200w, https:\/\/www.lafundacion.com\/wp-content\/uploads\/2021\/10\/Cardenas-Juan-Carlos-80x80.jpg 80w, https:\/\/www.lafundacion.com\/wp-content\/uploads\/2021\/10\/Cardenas-Juan-Carlos-36x36.jpg 36w, https:\/\/www.lafundacion.com\/wp-content\/uploads\/2021\/10\/Cardenas-Juan-Carlos-180x180.jpg 180w\" sizes=\"(max-width: 200px) 100vw, 200px\" \/><\/div><\/div><\/div><br \/>\n<section  class='av_textblock_section av-kuqnh3l9-e05c6d02cfe9a65a082ee8e4586605f1 '   itemscope=\"itemscope\" itemtype=\"https:\/\/schema.org\/BlogPosting\" itemprop=\"blogPost\" ><div class='avia_textblock'  itemprop=\"text\" ><h3><span style=\"color: #6ec3bc;\"><strong>Juan Carlos C\u00e1rdenas<\/strong><\/span><\/h3>\n<p><span style=\"color: #565656;\">Segurtasun, Osasun eta Lan Ongizateko idazkaria UGT Euskadi.<\/span><\/p>\n<\/div><\/section><\/p><\/div>\n<div  class='flex_column av-8dgjxq5-21504ef50384ac5c7d586133d4750c49 av_one_fifth  avia-builder-el-56  el_after_av_one_fifth  el_before_av_one_fifth  flex_column_div  column-top-margin'     ><p>\n<style type=\"text\/css\" data-created_by=\"avia_inline_auto\" id=\"style-css-av-tau67x-d090392c8c1e58304d60aacd1fd8e625\">\n.avia-image-container.av-tau67x-d090392c8c1e58304d60aacd1fd8e625 img.avia_image{\nbox-shadow:none;\n}\n.avia-image-container.av-tau67x-d090392c8c1e58304d60aacd1fd8e625 .av-image-caption-overlay-center{\ncolor:#ffffff;\n}\n<\/style>\n<div  class='avia-image-container av-tau67x-d090392c8c1e58304d60aacd1fd8e625 av-styling-circle avia-align-center  avia-builder-el-57  el_before_av_textblock  avia-builder-el-first '   itemprop=\"image\" itemscope=\"itemscope\" itemtype=\"https:\/\/schema.org\/ImageObject\" ><div class=\"avia-image-container-inner\"><div class=\"avia-image-overlay-wrap\"><img decoding=\"async\" fetchpriority=\"high\" class='wp-image-23419 avia-img-lazy-loading-not-23419 avia_image ' src=\"https:\/\/www.lafundacion.com\/wp-content\/uploads\/2021\/10\/Galvez-Macarena.jpg\" alt='Macarena G\u00e1lvez Herrer Laneko segurtasun eta osasunari buruzko biltzarran' title='G\u00e1lvez,-Macarena'  height=\"200\" width=\"200\"  itemprop=\"thumbnailUrl\" srcset=\"https:\/\/www.lafundacion.com\/wp-content\/uploads\/2021\/10\/Galvez-Macarena.jpg 200w, https:\/\/www.lafundacion.com\/wp-content\/uploads\/2021\/10\/Galvez-Macarena-80x80.jpg 80w, https:\/\/www.lafundacion.com\/wp-content\/uploads\/2021\/10\/Galvez-Macarena-36x36.jpg 36w, https:\/\/www.lafundacion.com\/wp-content\/uploads\/2021\/10\/Galvez-Macarena-180x180.jpg 180w\" sizes=\"(max-width: 200px) 100vw, 200px\" \/><\/div><\/div><\/div><br \/>\n<section  class='av_textblock_section av-kuqndfkk-c769d04a5a71beb5918ec5beac597f39 '   itemscope=\"itemscope\" itemtype=\"https:\/\/schema.org\/BlogPosting\" itemprop=\"blogPost\" ><div class='avia_textblock'  itemprop=\"text\" ><h3><span style=\"color: #6ec3bc;\"><strong>Macarena G\u00e1lvez\u00a0<\/strong><\/span><\/h3>\n<p><span style=\"color: #565656;\">Psikologian doktorea eta Laneko Arriskuen Prebentzioko goi-mailako teknikaria. Estr\u00e9s taldea eta UAM osasuna. HUCI Proiektuko Psikologia eta Zaintza Emozionaleko Arloko arduraduna.<\/span><\/p>\n<\/div><\/section><\/p><\/div>\n<div  class='flex_column av-1lhpnzx-15d4f5f1c02323d366478f45e439b66f av_one_fifth  avia-builder-el-59  el_after_av_one_fifth  el_before_av_one_fifth  flex_column_div  column-top-margin'     ><p>\n<style type=\"text\/css\" data-created_by=\"avia_inline_auto\" id=\"style-css-av-10owsgt-4ef09219401d4201f3a61f7953a4d55d\">\n.avia-image-container.av-10owsgt-4ef09219401d4201f3a61f7953a4d55d img.avia_image{\nbox-shadow:none;\n}\n.avia-image-container.av-10owsgt-4ef09219401d4201f3a61f7953a4d55d .av-image-caption-overlay-center{\ncolor:#ffffff;\n}\n<\/style>\n<div  class='avia-image-container av-10owsgt-4ef09219401d4201f3a61f7953a4d55d av-styling-circle avia-align-center  avia-builder-el-60  el_before_av_textblock  avia-builder-el-first '   itemprop=\"image\" itemscope=\"itemscope\" itemtype=\"https:\/\/schema.org\/ImageObject\" ><div class=\"avia-image-container-inner\"><div class=\"avia-image-overlay-wrap\"><img decoding=\"async\" fetchpriority=\"high\" class='wp-image-23670 avia-img-lazy-loading-not-23670 avia_image ' src=\"https:\/\/www.lafundacion.com\/wp-content\/uploads\/2021\/10\/Macarena-Perez-Bullemore.jpg\" alt='Macarena-P\u00e9rez-BullemorePsikologo Klinikoa-espezialista tratamendu psikologikoetarako teknologia berrien erabileran.' title='Macarena-P\u00e9rez-Bullemore'  height=\"200\" width=\"200\"  itemprop=\"thumbnailUrl\" srcset=\"https:\/\/www.lafundacion.com\/wp-content\/uploads\/2021\/10\/Macarena-Perez-Bullemore.jpg 200w, https:\/\/www.lafundacion.com\/wp-content\/uploads\/2021\/10\/Macarena-Perez-Bullemore-80x80.jpg 80w, https:\/\/www.lafundacion.com\/wp-content\/uploads\/2021\/10\/Macarena-Perez-Bullemore-36x36.jpg 36w, https:\/\/www.lafundacion.com\/wp-content\/uploads\/2021\/10\/Macarena-Perez-Bullemore-180x180.jpg 180w\" sizes=\"(max-width: 200px) 100vw, 200px\" \/><\/div><\/div><\/div><br \/>\n<section  class='av_textblock_section av-kufh1z9u-0ccaf421994b7c075d8028273008f5c6 '   itemscope=\"itemscope\" itemtype=\"https:\/\/schema.org\/BlogPosting\" itemprop=\"blogPost\" ><div class='avia_textblock'  itemprop=\"text\" ><h3><span style=\"color: #6ec3bc;\"><strong>Macarena P\u00e9rez Bullemore<\/strong><\/span><\/h3>\n<p><span style=\"color: #565656;\">Psikologo kliniko espezialista tratamendu psikologikoetan teknologia berriak erabiltzen.<\/span><\/p>\n<\/div><\/section><\/p><\/div>\n<div  class='flex_column av-3sm3ocd-7d92399c9090ac9449999fccde6e8c47 av_one_fifth  avia-builder-el-62  el_after_av_one_fifth  el_before_av_one_fifth  flex_column_div  column-top-margin'     ><p>\n<style type=\"text\/css\" data-created_by=\"avia_inline_auto\" id=\"style-css-av-3bmlcwt-9d73f7addf26b0d5e152b77a20445df7\">\n.avia-image-container.av-3bmlcwt-9d73f7addf26b0d5e152b77a20445df7 img.avia_image{\nbox-shadow:none;\n}\n.avia-image-container.av-3bmlcwt-9d73f7addf26b0d5e152b77a20445df7 .av-image-caption-overlay-center{\ncolor:#ffffff;\n}\n<\/style>\n<div  class='avia-image-container av-3bmlcwt-9d73f7addf26b0d5e152b77a20445df7 av-styling-circle avia-align-center  avia-builder-el-63  el_before_av_textblock  avia-builder-el-first '   itemprop=\"image\" itemscope=\"itemscope\" itemtype=\"https:\/\/schema.org\/ImageObject\" ><div class=\"avia-image-container-inner\"><div class=\"avia-image-overlay-wrap\"><img decoding=\"async\" fetchpriority=\"high\" class='wp-image-24309 avia-img-lazy-loading-not-24309 avia_image ' src=\"https:\/\/www.lafundacion.com\/wp-content\/uploads\/2021\/10\/Maite-Gomez.jpg\" alt='Maite-G\u00f3mez-para-el-congreso-de-seguridad-y-salud-laboral-de-la-fundaci\u00f3n-San-Prudencio' title='Maite-G\u00f3mez'  height=\"199\" width=\"200\"  itemprop=\"thumbnailUrl\" srcset=\"https:\/\/www.lafundacion.com\/wp-content\/uploads\/2021\/10\/Maite-Gomez.jpg 200w, https:\/\/www.lafundacion.com\/wp-content\/uploads\/2021\/10\/Maite-Gomez-80x80.jpg 80w, https:\/\/www.lafundacion.com\/wp-content\/uploads\/2021\/10\/Maite-Gomez-36x36.jpg 36w, https:\/\/www.lafundacion.com\/wp-content\/uploads\/2021\/10\/Maite-Gomez-180x180.jpg 180w\" sizes=\"(max-width: 200px) 100vw, 200px\" \/><\/div><\/div><\/div><br \/>\n<section  class='av_textblock_section av-kuqnfsna-471c0eb1ddf616b279c163b6f06dc19e '   itemscope=\"itemscope\" itemtype=\"https:\/\/schema.org\/BlogPosting\" itemprop=\"blogPost\" ><div class='avia_textblock'  itemprop=\"text\" ><h3><span style=\"color: #6ec3bc;\"><strong>Maite G\u00f3mez<\/strong><\/span><\/h3>\n<p>OSALANen Psikosoziologia Unitateko Laneko Arriskuen prebentzioko teknikaria<\/p>\n<\/div><\/section><\/p><\/div>\n<div  class='flex_column av-14r94yl-6cb4000a57835f285cc4c2b5521cb22c av_one_fifth  avia-builder-el-65  el_after_av_one_fifth  el_before_av_one_fourth  flex_column_div  column-top-margin'     ><p>\n<style type=\"text\/css\" data-created_by=\"avia_inline_auto\" id=\"style-css-av-28t0jh-5846079a390eb762151b5d6458ef2ab9\">\n.avia-image-container.av-28t0jh-5846079a390eb762151b5d6458ef2ab9 img.avia_image{\nbox-shadow:none;\n}\n.avia-image-container.av-28t0jh-5846079a390eb762151b5d6458ef2ab9 .av-image-caption-overlay-center{\ncolor:#ffffff;\n}\n<\/style>\n<div  class='avia-image-container av-28t0jh-5846079a390eb762151b5d6458ef2ab9 av-styling-circle avia-align-center  avia-builder-el-66  el_before_av_textblock  avia-builder-el-first '   itemprop=\"image\" itemscope=\"itemscope\" itemtype=\"https:\/\/schema.org\/ImageObject\" ><div class=\"avia-image-container-inner\"><div class=\"avia-image-overlay-wrap\"><img decoding=\"async\" fetchpriority=\"high\" class='wp-image-23343 avia-img-lazy-loading-not-23343 avia_image ' src=\"https:\/\/www.lafundacion.com\/wp-content\/uploads\/2021\/10\/Manuel_velazquez_4-180x180.jpg\" alt='Hizlaria Komite zientifikoan Laneko segurtasun eta osasunari buruzko biltzarran' title='Manuel_velazquez_4'  height=\"180\" width=\"180\"  itemprop=\"thumbnailUrl\" srcset=\"https:\/\/www.lafundacion.com\/wp-content\/uploads\/2021\/10\/Manuel_velazquez_4-180x180.jpg 180w, https:\/\/www.lafundacion.com\/wp-content\/uploads\/2021\/10\/Manuel_velazquez_4-80x80.jpg 80w, https:\/\/www.lafundacion.com\/wp-content\/uploads\/2021\/10\/Manuel_velazquez_4-36x36.jpg 36w\" sizes=\"(max-width: 180px) 100vw, 180px\" \/><\/div><\/div><\/div><br \/>\n<section  class='av_textblock_section av-kuqnhvif-937655d7428171186472c4ee37a013c2 '   itemscope=\"itemscope\" itemtype=\"https:\/\/schema.org\/BlogPosting\" itemprop=\"blogPost\" ><div class='avia_textblock'  itemprop=\"text\" ><h3><span style=\"color: #6ec3bc;\"><strong>Manuel Vel\u00e1zquez<\/strong><\/span><\/h3>\n<p><span style=\"color: #565656;\">Batzorde Zientifikoko presidentea. Lan eta Gizarte Ekonomiako Ministerioko Laneko eta Gizarte Segurantzako Ikuskatzailetzaren Estatuko Erakundearen (OEITSS) Lan eta Gizarte Ekonomiako Unitate Transnazionaleko burua.<\/span><\/p>\n<\/div><\/section><\/p><\/div>\n<div  class='flex_column av-365vqn1-f503ef25254f2b22c2e19f2306798efb av_one_fourth  avia-builder-el-68  el_after_av_one_fifth  el_before_av_one_fourth  first flex_column_div  column-top-margin'     ><p>\n<style type=\"text\/css\" data-created_by=\"avia_inline_auto\" id=\"style-css-av-2m4634t-87eb0eb17e349e3e8ed8eeefef6d00a8\">\n.avia-image-container.av-2m4634t-87eb0eb17e349e3e8ed8eeefef6d00a8 img.avia_image{\nbox-shadow:none;\n}\n.avia-image-container.av-2m4634t-87eb0eb17e349e3e8ed8eeefef6d00a8 .av-image-caption-overlay-center{\ncolor:#ffffff;\n}\n<\/style>\n<div  class='avia-image-container av-2m4634t-87eb0eb17e349e3e8ed8eeefef6d00a8 av-styling-circle avia-align-center  avia-builder-el-69  el_before_av_textblock  avia-builder-el-first '   itemprop=\"image\" itemscope=\"itemscope\" itemtype=\"https:\/\/schema.org\/ImageObject\" ><div class=\"avia-image-container-inner\"><div class=\"avia-image-overlay-wrap\"><img decoding=\"async\" fetchpriority=\"high\" class='wp-image-23674 avia-img-lazy-loading-not-23674 avia_image ' src=\"https:\/\/www.lafundacion.com\/wp-content\/uploads\/2021\/10\/Ma-Jesus-Alava-180x180.jpg\" alt='Maria-Jes\u00fas-\u00c1lava-Reyes-para-el-congreso-de-seguridad-y-salud-laboral-de-la-fundaci\u00f3n-san-prudencio' title='M\u00aa-Jes\u00fas-\u00c1lava'  height=\"180\" width=\"180\"  itemprop=\"thumbnailUrl\" srcset=\"https:\/\/www.lafundacion.com\/wp-content\/uploads\/2021\/10\/Ma-Jesus-Alava-180x180.jpg 180w, https:\/\/www.lafundacion.com\/wp-content\/uploads\/2021\/10\/Ma-Jesus-Alava-80x80.jpg 80w, https:\/\/www.lafundacion.com\/wp-content\/uploads\/2021\/10\/Ma-Jesus-Alava-36x36.jpg 36w, https:\/\/www.lafundacion.com\/wp-content\/uploads\/2021\/10\/Ma-Jesus-Alava.jpg 200w\" sizes=\"(max-width: 180px) 100vw, 180px\" \/><\/div><\/div><\/div><br \/>\n<section  class='av_textblock_section av-241faxp-78ca1c660a2bea4ad3109dedcca62c21 '   itemscope=\"itemscope\" itemtype=\"https:\/\/schema.org\/BlogPosting\" itemprop=\"blogPost\" ><div class='avia_textblock'  itemprop=\"text\" ><h3><span style=\"color: #6ec3bc;\"><strong>M\u00aa Jes\u00fas \u00c1lava Reyes<\/strong><\/span><\/h3>\n<p><span style=\"color: #565656;\">Apertia Consulting-eko presidenta. Arabako Erregeen Psikologia Zentroko zuzendaria. Fundazioko presidenta.<\/span><\/p>\n<\/div><\/section><\/p><\/div>\n<div  class='flex_column av-2e550e5-a3365d0aef1174ecefe23681936bea99 av_one_fourth  avia-builder-el-71  el_after_av_one_fourth  el_before_av_one_fourth  flex_column_div  column-top-margin'     ><p>\n<style type=\"text\/css\" data-created_by=\"avia_inline_auto\" id=\"style-css-av-22d43ct-2e2f5be79098c3c01f658f10aefc9768\">\n.avia-image-container.av-22d43ct-2e2f5be79098c3c01f658f10aefc9768 img.avia_image{\nbox-shadow:none;\n}\n.avia-image-container.av-22d43ct-2e2f5be79098c3c01f658f10aefc9768 .av-image-caption-overlay-center{\ncolor:#ffffff;\n}\n<\/style>\n<div  class='avia-image-container av-22d43ct-2e2f5be79098c3c01f658f10aefc9768 av-styling-circle avia-align-center  avia-builder-el-72  el_before_av_textblock  avia-builder-el-first '   itemprop=\"image\" itemscope=\"itemscope\" itemtype=\"https:\/\/schema.org\/ImageObject\" ><div class=\"avia-image-container-inner\"><div class=\"avia-image-overlay-wrap\"><img decoding=\"async\" fetchpriority=\"high\" class='wp-image-23604 avia-img-lazy-loading-not-23604 avia_image ' src=\"https:\/\/www.lafundacion.com\/wp-content\/uploads\/2021\/10\/Marta-Gonzalez-Pescador-180x180.jpeg\" alt='' title='Marta Gonzalez Pescador'  height=\"180\" width=\"180\"  itemprop=\"thumbnailUrl\" srcset=\"https:\/\/www.lafundacion.com\/wp-content\/uploads\/2021\/10\/Marta-Gonzalez-Pescador-180x180.jpeg 180w, https:\/\/www.lafundacion.com\/wp-content\/uploads\/2021\/10\/Marta-Gonzalez-Pescador-300x300.jpeg 300w, https:\/\/www.lafundacion.com\/wp-content\/uploads\/2021\/10\/Marta-Gonzalez-Pescador-80x80.jpeg 80w, https:\/\/www.lafundacion.com\/wp-content\/uploads\/2021\/10\/Marta-Gonzalez-Pescador-36x36.jpeg 36w, https:\/\/www.lafundacion.com\/wp-content\/uploads\/2021\/10\/Marta-Gonzalez-Pescador.jpeg 450w\" sizes=\"(max-width: 180px) 100vw, 180px\" \/><\/div><\/div><\/div><br \/>\n<section  class='av_textblock_section av-kufh18ho-b58a52a22fdee5ceb1248ec018946247 '   itemscope=\"itemscope\" itemtype=\"https:\/\/schema.org\/BlogPosting\" itemprop=\"blogPost\" ><div class='avia_textblock'  itemprop=\"text\" ><h3><span style=\"color: #6ec3bc;\"><strong>Marta Gonz\u00e1lez Pescador<\/strong><\/span><\/h3>\n<p><span style=\"color: #565656;\">Psicologian doktorea. PsicoLan-eko Kanpoko aholkularia.<\/span><\/p>\n<\/div><\/section><\/p><\/div>\n<div  class='flex_column av-5t87m59-55304246a60ec1a4ef881aee3e0446ee av_one_fourth  avia-builder-el-74  el_after_av_one_fourth  el_before_av_one_fourth  flex_column_div  column-top-margin'     ><p>\n<style type=\"text\/css\" data-created_by=\"avia_inline_auto\" id=\"style-css-av-ii2471-a3648253e58f6315a36f364fcb4c4e8c\">\n.avia-image-container.av-ii2471-a3648253e58f6315a36f364fcb4c4e8c img.avia_image{\nbox-shadow:none;\n}\n.avia-image-container.av-ii2471-a3648253e58f6315a36f364fcb4c4e8c .av-image-caption-overlay-center{\ncolor:#ffffff;\n}\n<\/style>\n<div  class='avia-image-container av-ii2471-a3648253e58f6315a36f364fcb4c4e8c av-styling-circle avia-align-center  avia-builder-el-75  el_before_av_textblock  avia-builder-el-first '   itemprop=\"image\" itemscope=\"itemscope\" itemtype=\"https:\/\/schema.org\/ImageObject\" ><div class=\"avia-image-container-inner\"><div class=\"avia-image-overlay-wrap\"><img decoding=\"async\" fetchpriority=\"high\" class='wp-image-23676 avia-img-lazy-loading-not-23676 avia_image ' src=\"https:\/\/www.lafundacion.com\/wp-content\/uploads\/2021\/10\/Ricardo-Minguez-180x180.jpg\" alt='Ricardo-M\u00ednguez-para-el-congreso-de-seguridada-y-salud-laboral-de-la-fundaci\u00f3n-san-prudencio' title='Ricardo-Minguez'  height=\"180\" width=\"180\"  itemprop=\"thumbnailUrl\" srcset=\"https:\/\/www.lafundacion.com\/wp-content\/uploads\/2021\/10\/Ricardo-Minguez-180x180.jpg 180w, https:\/\/www.lafundacion.com\/wp-content\/uploads\/2021\/10\/Ricardo-Minguez-80x80.jpg 80w, https:\/\/www.lafundacion.com\/wp-content\/uploads\/2021\/10\/Ricardo-Minguez-36x36.jpg 36w, https:\/\/www.lafundacion.com\/wp-content\/uploads\/2021\/10\/Ricardo-Minguez.jpg 200w\" sizes=\"(max-width: 180px) 100vw, 180px\" \/><\/div><\/div><\/div><br \/>\n<section  class='av_textblock_section av-kuqneqay-52d98fe56284da142f1a9ac9799826da '   itemscope=\"itemscope\" itemtype=\"https:\/\/schema.org\/BlogPosting\" itemprop=\"blogPost\" ><div class='avia_textblock'  itemprop=\"text\" ><h3><span style=\"color: #6ec3bc;\"><strong>Ricardo M\u00ednguez<\/strong><\/span><\/h3>\n<p>Lan-zuzenbideko espezialista eta Laneko eta Gizarte Segurantzako Ikuskatzaileen Goi-mailako Kidegoko kidea. Cuatrecasas kontseilaria.<\/p>\n<\/div><\/section><\/p><\/div>\n<div  class='flex_column av-6ijujml-a413f81ab091e99b95ca64b52a137617 av_one_fourth  avia-builder-el-77  el_after_av_one_fourth  el_before_av_one_half  flex_column_div  column-top-margin'     ><p>\n<style type=\"text\/css\" data-created_by=\"avia_inline_auto\" id=\"style-css-av-n3xhbx-7caa9b4b23456991c5d9896ab4e00f2f\">\n.avia-image-container.av-n3xhbx-7caa9b4b23456991c5d9896ab4e00f2f img.avia_image{\nbox-shadow:none;\n}\n.avia-image-container.av-n3xhbx-7caa9b4b23456991c5d9896ab4e00f2f .av-image-caption-overlay-center{\ncolor:#ffffff;\n}\n<\/style>\n<div  class='avia-image-container av-n3xhbx-7caa9b4b23456991c5d9896ab4e00f2f av-styling-circle avia-align-center  avia-builder-el-78  el_before_av_textblock  avia-builder-el-first '   itemprop=\"image\" itemscope=\"itemscope\" itemtype=\"https:\/\/schema.org\/ImageObject\" ><div class=\"avia-image-container-inner\"><div class=\"avia-image-overlay-wrap\"><img decoding=\"async\" fetchpriority=\"high\" class='wp-image-23413 avia-img-lazy-loading-not-23413 avia_image ' src=\"https:\/\/www.lafundacion.com\/wp-content\/uploads\/2021\/10\/Arrieta-Tomas-1-180x180.jpg\" alt='Tom\u00e1s Arrieta Lan Harremanen Kontseiluko lehendakaria Laneko Segurtasun kongresua' title='Arrieta,-Tom\u00e1s'  height=\"180\" width=\"180\"  itemprop=\"thumbnailUrl\" srcset=\"https:\/\/www.lafundacion.com\/wp-content\/uploads\/2021\/10\/Arrieta-Tomas-1-180x180.jpg 180w, https:\/\/www.lafundacion.com\/wp-content\/uploads\/2021\/10\/Arrieta-Tomas-1-80x80.jpg 80w, https:\/\/www.lafundacion.com\/wp-content\/uploads\/2021\/10\/Arrieta-Tomas-1-36x36.jpg 36w, https:\/\/www.lafundacion.com\/wp-content\/uploads\/2021\/10\/Arrieta-Tomas-1.jpg 238w\" sizes=\"(max-width: 180px) 100vw, 180px\" \/><\/div><\/div><\/div><br \/>\n<section  class='av_textblock_section av-kuqneblr-c7935c5d375af6d40418c008cd932c15 '   itemscope=\"itemscope\" itemtype=\"https:\/\/schema.org\/BlogPosting\" itemprop=\"blogPost\" ><div class='avia_textblock'  itemprop=\"text\" ><h3><span style=\"color: #6ec3bc;\"><strong>Tom\u00e1s Arrieta<\/strong><\/span><\/h3>\n<p><span style=\"color: #565656;\">Lan Harremanen Kontseiluko lehendakaria.<\/span><\/p>\n<\/div><\/section><\/p><\/div>\n<div  class='flex_column av-1gqjjkt-0fd8d03ef77a20b08b951371314dec56 av_one_half  avia-builder-el-80  el_after_av_one_fourth  el_before_av_one_half  first flex_column_div  column-top-margin'     ><section  class='av_textblock_section av-kupfk3zj-a80345a25e0b04d5014d6d5ea217d753 '   itemscope=\"itemscope\" itemtype=\"https:\/\/schema.org\/BlogPosting\" itemprop=\"blogPost\" ><div class='avia_textblock'  itemprop=\"text\" ><h3 style=\"text-align: center;\"><span style=\"color: #6ec3bc;\">Batzorde zientifikoa<\/span><\/h3>\n<\/div><\/section><br \/>\n<div  class='avia-button-wrap av-1cakdbx-35a9f23c560aca17ec074e2a4ecabfaf-wrap avia-button-center  avia-builder-el-82  el_after_av_textblock  avia-builder-el-last '><a href='https:\/\/www.lafundacion.com\/wp-content\/uploads\/2021\/10\/Laneko-Segurtasun-Osasunaren-XXIBiltzarra-Zientifikoak.pdf'  class='avia-button av-1cakdbx-35a9f23c560aca17ec074e2a4ecabfaf av-link-btn avia-icon_select-yes-left-icon avia-size-x-large avia-position-center avia-color-aqua'  target=\"_blank\"  rel=\"noopener noreferrer\"  aria-label=\"Kontsultatu hemen\"><span class='avia_button_icon avia_button_icon_left avia-iconfont avia-font-entypo-fontello' data-av_icon='\ue82d' data-av_iconfont='entypo-fontello' ><\/span><span class='avia_iconbox_title' >Kontsultatu hemen<\/span><\/a><\/div><\/p><\/div>\n<div  class='flex_column av-rj2nbx-d04acfbf8a78f82b5e1c13fd9cbf0876 av_one_half  avia-builder-el-83  el_after_av_one_half  el_before_av_hr  flex_column_div  column-top-margin'     ><section  class='av_textblock_section av-kupfkb8f-a99a81e7446a21cd9ff2b387b37e5eb7 '   itemscope=\"itemscope\" itemtype=\"https:\/\/schema.org\/BlogPosting\" itemprop=\"blogPost\" ><div class='avia_textblock'  itemprop=\"text\" ><h3 style=\"text-align: center;\"><span style=\"color: #6ec3bc;\">Adituen Batzordea<br \/>\n<\/span><\/h3>\n<\/div><\/section><br \/>\n<div  class='avia-button-wrap av-kupfnnwi-72fd9d508b0a61bf10ada107260acea3-wrap avia-button-center  avia-builder-el-85  el_after_av_textblock  avia-builder-el-last '><a href='https:\/\/www.lafundacion.com\/wp-content\/uploads\/2021\/10\/Laneko-Segurtasun-Osasunaren-XXIBiltzarra-Adituen.pdf'  class='avia-button av-kupfnnwi-72fd9d508b0a61bf10ada107260acea3 av-link-btn avia-icon_select-yes-left-icon avia-size-x-large avia-position-center avia-color-aqua'  target=\"_blank\"  rel=\"noopener noreferrer\"  aria-label=\"Kontsultatu hemen\"><span class='avia_button_icon avia_button_icon_left avia-iconfont avia-font-entypo-fontello' data-av_icon='\ue82d' data-av_iconfont='entypo-fontello' ><\/span><span class='avia_iconbox_title' >Kontsultatu hemen<\/span><\/a><\/div><\/p><\/div>\n<div  class='hr av-wnvli5-fd4bf171ba562e3d5e20cf99673eaf9d hr-default  avia-builder-el-86  el_after_av_one_half  el_before_av_heading '><span class='hr-inner '><span class=\"hr-inner-style\"><\/span><\/span><\/div>\n\n<style type=\"text\/css\" data-created_by=\"avia_inline_auto\" id=\"style-css-av-kp6pjnn4-238a1a19754a73416f28abc0625d3337\">\n#top .av-special-heading.av-kp6pjnn4-238a1a19754a73416f28abc0625d3337{\npadding-bottom:10px;\n}\nbody .av-special-heading.av-kp6pjnn4-238a1a19754a73416f28abc0625d3337 .av-special-heading-tag .heading-char{\nfont-size:25px;\n}\n.av-special-heading.av-kp6pjnn4-238a1a19754a73416f28abc0625d3337 .av-subheading{\nfont-size:15px;\n}\n<\/style>\n<div  class='av-special-heading av-kp6pjnn4-238a1a19754a73416f28abc0625d3337 av-special-heading-h3  avia-builder-el-87  el_after_av_hr  el_before_av_one_full '><h3 class='av-special-heading-tag '  itemprop=\"headline\"  >Antolatzaileak:<\/h3><div class=\"special-heading-border\"><div class=\"special-heading-inner-border\"><\/div><\/div><\/div>\n\n<style type=\"text\/css\" data-created_by=\"avia_inline_auto\" id=\"style-css-av-1ptr9vt-a1838bf301981f30745fe7c1565e07db\">\n.flex_column.av-1ptr9vt-a1838bf301981f30745fe7c1565e07db{\nborder-radius:0px 0px 0px 0px;\npadding:0px 0px 0px 0px;\n}\n<\/style>\n<div  class='flex_column av-1ptr9vt-a1838bf301981f30745fe7c1565e07db av_one_full  avia-builder-el-88  el_after_av_heading  el_before_av_one_half  first flex_column_div av-zero-column-padding  '     ><style type=\"text\/css\" data-created_by=\"avia_inline_auto\" id=\"style-css-av-166ovux-187b1026d5d8375d570f439687b9019c\">\n.avia-image-container.av-166ovux-187b1026d5d8375d570f439687b9019c img.avia_image{\nbox-shadow:none;\n}\n.avia-image-container.av-166ovux-187b1026d5d8375d570f439687b9019c .av-image-caption-overlay-center{\ncolor:#ffffff;\n}\n<\/style>\n<div  class='avia-image-container av-166ovux-187b1026d5d8375d570f439687b9019c av-styling- avia-align-center  avia-builder-el-89  avia-builder-el-no-sibling '   itemprop=\"image\" itemscope=\"itemscope\" itemtype=\"https:\/\/schema.org\/ImageObject\" ><div class=\"avia-image-container-inner\"><div class=\"avia-image-overlay-wrap\"><img decoding=\"async\" fetchpriority=\"high\" class='wp-image-23556 avia-img-lazy-loading-not-23556 avia_image ' src=\"https:\/\/www.lafundacion.com\/wp-content\/uploads\/2021\/10\/logo-laf-claim-sin-fondo.png\" alt='' title='logo laf claim sin fondo'  height=\"231\" width=\"487\"  itemprop=\"thumbnailUrl\" srcset=\"https:\/\/www.lafundacion.com\/wp-content\/uploads\/2021\/10\/logo-laf-claim-sin-fondo.png 487w, https:\/\/www.lafundacion.com\/wp-content\/uploads\/2021\/10\/logo-laf-claim-sin-fondo-300x142.png 300w\" sizes=\"(max-width: 487px) 100vw, 487px\" \/><\/div><\/div><\/div><\/div>\n<div  class='flex_column av-1al4fp9-837714a8e9d3aef056b08ee876ada432 av_one_half  avia-builder-el-90  el_after_av_one_full  el_before_av_one_half  first flex_column_div  column-top-margin'     ><p>\n<style type=\"text\/css\" data-created_by=\"avia_inline_auto\" id=\"style-css-av-kuffbc0a-f713f296d258278139c7562ff9de30d4\">\n#top .av-special-heading.av-kuffbc0a-f713f296d258278139c7562ff9de30d4{\npadding-bottom:10px;\n}\nbody .av-special-heading.av-kuffbc0a-f713f296d258278139c7562ff9de30d4 .av-special-heading-tag .heading-char{\nfont-size:25px;\n}\n.av-special-heading.av-kuffbc0a-f713f296d258278139c7562ff9de30d4 .av-subheading{\nfont-size:15px;\n}\n<\/style>\n<div  class='av-special-heading av-kuffbc0a-f713f296d258278139c7562ff9de30d4 av-special-heading-h3  avia-builder-el-91  el_before_av_image  avia-builder-el-first '><h3 class='av-special-heading-tag '  itemprop=\"headline\"  >Kolaboratzaile nagusia:<\/h3><div class=\"special-heading-border\"><div class=\"special-heading-inner-border\"><\/div><\/div><\/div><br \/>\n\n<style type=\"text\/css\" data-created_by=\"avia_inline_auto\" id=\"style-css-av-kuffekwd-f494a6a3685683d35d34ebfcabe8b29f\">\n.avia-image-container.av-kuffekwd-f494a6a3685683d35d34ebfcabe8b29f img.avia_image{\nbox-shadow:none;\n}\n.avia-image-container.av-kuffekwd-f494a6a3685683d35d34ebfcabe8b29f .av-image-caption-overlay-center{\ncolor:#ffffff;\n}\n<\/style>\n<div  class='avia-image-container av-kuffekwd-f494a6a3685683d35d34ebfcabe8b29f av-styling- avia-align-center  avia-builder-el-92  el_after_av_heading  avia-builder-el-last '   itemprop=\"image\" itemscope=\"itemscope\" itemtype=\"https:\/\/schema.org\/ImageObject\" ><div class=\"avia-image-container-inner\"><div class=\"avia-image-overlay-wrap\"><img decoding=\"async\" fetchpriority=\"high\" class='wp-image-23014 avia-img-lazy-loading-not-23014 avia_image ' src=\"https:\/\/www.lafundacion.com\/wp-content\/uploads\/2021\/10\/logo-DFA-1030x319.jpg\" alt='' title='logo DFA'  height=\"319\" width=\"1030\"  itemprop=\"thumbnailUrl\" srcset=\"https:\/\/www.lafundacion.com\/wp-content\/uploads\/2021\/10\/logo-DFA-1030x319.jpg 1030w, https:\/\/www.lafundacion.com\/wp-content\/uploads\/2021\/10\/logo-DFA-300x93.jpg 300w, https:\/\/www.lafundacion.com\/wp-content\/uploads\/2021\/10\/logo-DFA-768x238.jpg 768w, https:\/\/www.lafundacion.com\/wp-content\/uploads\/2021\/10\/logo-DFA-1536x475.jpg 1536w, https:\/\/www.lafundacion.com\/wp-content\/uploads\/2021\/10\/logo-DFA-2048x634.jpg 2048w, https:\/\/www.lafundacion.com\/wp-content\/uploads\/2021\/10\/logo-DFA-1500x464.jpg 1500w, https:\/\/www.lafundacion.com\/wp-content\/uploads\/2021\/10\/logo-DFA-705x218.jpg 705w\" sizes=\"(max-width: 1030px) 100vw, 1030px\" \/><\/div><\/div><\/div><\/p><\/div>\n<div  class='flex_column av-psz4xp-7d7717f2b5a0844ac9f6dcf194b0998c av_one_half  avia-builder-el-93  el_after_av_one_half  avia-builder-el-last  flex_column_div  column-top-margin'     ><p>\n<style type=\"text\/css\" data-created_by=\"avia_inline_auto\" id=\"style-css-av-kuffbhg4-cbf209c1e1692e76ab8cc94c6f081d85\">\n#top .av-special-heading.av-kuffbhg4-cbf209c1e1692e76ab8cc94c6f081d85{\npadding-bottom:10px;\n}\nbody .av-special-heading.av-kuffbhg4-cbf209c1e1692e76ab8cc94c6f081d85 .av-special-heading-tag .heading-char{\nfont-size:25px;\n}\n.av-special-heading.av-kuffbhg4-cbf209c1e1692e76ab8cc94c6f081d85 .av-subheading{\nfont-size:15px;\n}\n<\/style>\n<div  class='av-special-heading av-kuffbhg4-cbf209c1e1692e76ab8cc94c6f081d85 av-special-heading-h3  avia-builder-el-94  el_before_av_image  avia-builder-el-first '><h3 class='av-special-heading-tag '  itemprop=\"headline\"  >Kolaboratzailea:<\/h3><div class=\"special-heading-border\"><div class=\"special-heading-inner-border\"><\/div><\/div><\/div><br \/>\n\n<style type=\"text\/css\" data-created_by=\"avia_inline_auto\" id=\"style-css-av-kuffd34d-007182e69b68474c541b782bf4a44ab0\">\n.avia-image-container.av-kuffd34d-007182e69b68474c541b782bf4a44ab0 img.avia_image{\nbox-shadow:none;\n}\n.avia-image-container.av-kuffd34d-007182e69b68474c541b782bf4a44ab0 .av-image-caption-overlay-center{\ncolor:#ffffff;\n}\n<\/style>\n<div  class='avia-image-container av-kuffd34d-007182e69b68474c541b782bf4a44ab0 av-styling- avia-align-center  avia-builder-el-95  el_after_av_heading  avia-builder-el-last '   itemprop=\"image\" itemscope=\"itemscope\" itemtype=\"https:\/\/schema.org\/ImageObject\" ><div class=\"avia-image-container-inner\"><div class=\"avia-image-overlay-wrap\"><img decoding=\"async\" fetchpriority=\"high\" class='wp-image-24549 avia-img-lazy-loading-not-24549 avia_image ' src=\"https:\/\/www.lafundacion.com\/wp-content\/uploads\/2021\/10\/Logos-conjunto.png\" alt='Colaboradores Congreso Seguridad y Salud emocional Fundaci\u00f3n San Prudencio' title='Logos-conjunto'  height=\"101\" width=\"544\"  itemprop=\"thumbnailUrl\" srcset=\"https:\/\/www.lafundacion.com\/wp-content\/uploads\/2021\/10\/Logos-conjunto.png 544w, https:\/\/www.lafundacion.com\/wp-content\/uploads\/2021\/10\/Logos-conjunto-300x56.png 300w\" sizes=\"(max-width: 544px) 100vw, 544px\" \/><\/div><\/div><\/div><\/p><\/div>\n","protected":false},"excerpt":{"rendered":"","protected":false},"author":2,"featured_media":23010,"comment_status":"closed","ping_status":"closed","sticky":false,"template":"","format":"standard","meta":{"_acf_changed":false,"footnotes":""},"categories":[93],"tags":[100,452,451,450,456,453,449,448,454,455,446,447],"class_list":["post-23006","post","type-post","status-publish","format-standard","has-post-thumbnail","hentry","category-noticias-eu","tag-empresas-alava-eu","tag-lan-osasuna-araba","tag-lan-osasuna-gasteiz","tag-lan-osasunaren-kongresua","tag-laneko-prebentzioaren-kongresua","tag-langileen-osasuna","tag-osasun-emozionala","tag-osasun-emozionala-gasteiz","tag-osasun-mentala","tag-prebentzioa","tag-psikologia-gasteiz","tag-psikosoziologia"],"acf":[],"yoast_head":"<!-- This site is optimized with the Yoast SEO plugin v27.5 - https:\/\/yoast.com\/product\/yoast-seo-wordpress\/ -->\r\n<title>Laneko segurtasun eta osasunaren Fundaci\u00f3n San Prudencio-ko XXI Kongresua &#187; La Fundaci\u00f3n San Prudencio<\/title>\r\n<meta name=\"description\" content=\"La Fundaci\u00f3n-ek eta APDk Arabako enpresentzat berdintasunari buruzko jardunaldia antolatu dute Gasteizen.\" \/>\r\n<meta name=\"robots\" content=\"index, follow, max-snippet:-1, max-image-preview:large, max-video-preview:-1\" \/>\r\n<link rel=\"canonical\" href=\"https:\/\/www.lafundacion.com\/eu\/noticias-eu\/laneko-segurtasun-osasunaren-kongresua\/\" \/>\r\n<meta property=\"og:locale\" content=\"eu_ES\" \/>\r\n<meta property=\"og:type\" content=\"article\" \/>\r\n<meta property=\"og:title\" content=\"Ekitaldia Gasteizen\" \/>\r\n<meta property=\"og:description\" content=\"Arabako enpresentzat, La Fundaci\u00f3n San Prudenciok eta APDk antolatutako Compliance eta eroskerien aurkako ekitaldia Gasteizen.\" \/>\r\n<meta property=\"og:url\" content=\"https:\/\/www.lafundacion.com\/eu\/noticias-eu\/laneko-segurtasun-osasunaren-kongresua\/\" \/>\r\n<meta property=\"og:site_name\" content=\"La Fundaci\u00f3n San Prudencio\" \/>\r\n<meta property=\"article:published_time\" content=\"2021-10-14T12:01:27+00:00\" \/>\r\n<meta property=\"article:modified_time\" content=\"2021-11-04T09:07:11+00:00\" \/>\r\n<meta property=\"og:image\" content=\"https:\/\/www.lafundacion.com\/wp-content\/uploads\/2021\/10\/banner-web-Home-actualizado.jpg\" \/>\r\n<meta name=\"author\" content=\"La Fundaci\u00f3n San Prudencio\" \/>\r\n<meta name=\"twitter:card\" content=\"summary_large_image\" \/>\r\n<meta name=\"twitter:title\" content=\"Ekitaldia Gasteizen: Lan Segurtasuna eta Osasuna\" \/>\r\n<meta name=\"twitter:description\" content=\"Arabako enpresentzat, La Fundaci\u00f3n San Prudenciok antolatutako ekitaldia Gasteizen.\" \/>\r\n<meta name=\"twitter:image\" content=\"https:\/\/www.lafundacion.com\/wp-content\/uploads\/2021\/10\/banner-web-Home-actualizado.jpg\" \/>\r\n<meta name=\"twitter:label1\" content=\"Written by\" \/>\n\t<meta name=\"twitter:data1\" content=\"La Fundaci\u00f3n San Prudencio\" \/>\n\t<meta name=\"twitter:label2\" content=\"Est. reading time\" \/>\n\t<meta name=\"twitter:data2\" content=\"19 minutes\" \/>\r\n<script type=\"application\/ld+json\" class=\"yoast-schema-graph\">{\"@context\":\"https:\\\/\\\/schema.org\",\"@graph\":[{\"@type\":\"Article\",\"@id\":\"https:\\\/\\\/www.lafundacion.com\\\/eu\\\/noticias-eu\\\/laneko-segurtasun-osasunaren-kongresua\\\/#article\",\"isPartOf\":{\"@id\":\"https:\\\/\\\/www.lafundacion.com\\\/eu\\\/noticias-eu\\\/laneko-segurtasun-osasunaren-kongresua\\\/\"},\"author\":{\"name\":\"La Fundaci\u00f3n San Prudencio\",\"@id\":\"https:\\\/\\\/www.lafundacion.com\\\/eu\\\/#\\\/schema\\\/person\\\/39119d98dad187760c7ba6ffe0d62170\"},\"headline\":\"Laneko segurtasun eta osasunaren Fundaci\u00f3n San Prudencio-ko XXI Kongresua\",\"datePublished\":\"2021-10-14T12:01:27+00:00\",\"dateModified\":\"2021-11-04T09:07:11+00:00\",\"mainEntityOfPage\":{\"@id\":\"https:\\\/\\\/www.lafundacion.com\\\/eu\\\/noticias-eu\\\/laneko-segurtasun-osasunaren-kongresua\\\/\"},\"wordCount\":9327,\"publisher\":{\"@id\":\"https:\\\/\\\/www.lafundacion.com\\\/eu\\\/#organization\"},\"image\":{\"@id\":\"https:\\\/\\\/www.lafundacion.com\\\/eu\\\/noticias-eu\\\/laneko-segurtasun-osasunaren-kongresua\\\/#primaryimage\"},\"thumbnailUrl\":\"https:\\\/\\\/www.lafundacion.com\\\/wp-content\\\/uploads\\\/2021\\\/10\\\/imagen-congreso-prevencion-y-salud-laboral-vitoria-2021.png\",\"keywords\":[\"empresas \u00c1lava\",\"lan osasuna Araba\",\"lan osasuna Gasteiz\",\"Lan osasunaren kongresua\",\"Laneko prebentzioaren kongresua\",\"langileen osasuna\",\"osasun emozionala\",\"osasun emozionala Gasteiz\",\"osasun mentala\",\"prebentzioa\",\"psikologia Gasteiz\",\"psikosoziologia\"],\"articleSection\":[\"Noticias\"],\"inLanguage\":\"eu-ES\"},{\"@type\":\"WebPage\",\"@id\":\"https:\\\/\\\/www.lafundacion.com\\\/eu\\\/noticias-eu\\\/laneko-segurtasun-osasunaren-kongresua\\\/\",\"url\":\"https:\\\/\\\/www.lafundacion.com\\\/eu\\\/noticias-eu\\\/laneko-segurtasun-osasunaren-kongresua\\\/\",\"name\":\"Laneko segurtasun eta osasunaren Fundaci\u00f3n San Prudencio-ko XXI Kongresua &#187; La Fundaci\u00f3n San Prudencio\",\"isPartOf\":{\"@id\":\"https:\\\/\\\/www.lafundacion.com\\\/eu\\\/#website\"},\"primaryImageOfPage\":{\"@id\":\"https:\\\/\\\/www.lafundacion.com\\\/eu\\\/noticias-eu\\\/laneko-segurtasun-osasunaren-kongresua\\\/#primaryimage\"},\"image\":{\"@id\":\"https:\\\/\\\/www.lafundacion.com\\\/eu\\\/noticias-eu\\\/laneko-segurtasun-osasunaren-kongresua\\\/#primaryimage\"},\"thumbnailUrl\":\"https:\\\/\\\/www.lafundacion.com\\\/wp-content\\\/uploads\\\/2021\\\/10\\\/imagen-congreso-prevencion-y-salud-laboral-vitoria-2021.png\",\"datePublished\":\"2021-10-14T12:01:27+00:00\",\"dateModified\":\"2021-11-04T09:07:11+00:00\",\"description\":\"La Fundaci\u00f3n-ek eta APDk Arabako enpresentzat berdintasunari buruzko jardunaldia antolatu dute Gasteizen.\",\"breadcrumb\":{\"@id\":\"https:\\\/\\\/www.lafundacion.com\\\/eu\\\/noticias-eu\\\/laneko-segurtasun-osasunaren-kongresua\\\/#breadcrumb\"},\"inLanguage\":\"eu-ES\",\"potentialAction\":[{\"@type\":\"ReadAction\",\"target\":[\"https:\\\/\\\/www.lafundacion.com\\\/eu\\\/noticias-eu\\\/laneko-segurtasun-osasunaren-kongresua\\\/\"]}]},{\"@type\":\"ImageObject\",\"inLanguage\":\"eu-ES\",\"@id\":\"https:\\\/\\\/www.lafundacion.com\\\/eu\\\/noticias-eu\\\/laneko-segurtasun-osasunaren-kongresua\\\/#primaryimage\",\"url\":\"https:\\\/\\\/www.lafundacion.com\\\/wp-content\\\/uploads\\\/2021\\\/10\\\/imagen-congreso-prevencion-y-salud-laboral-vitoria-2021.png\",\"contentUrl\":\"https:\\\/\\\/www.lafundacion.com\\\/wp-content\\\/uploads\\\/2021\\\/10\\\/imagen-congreso-prevencion-y-salud-laboral-vitoria-2021.png\",\"width\":650,\"height\":697,\"caption\":\"XXI Congreso Fundaci\u00f3n San Prudencio de Seguridad y Salud Laboral\"},{\"@type\":\"BreadcrumbList\",\"@id\":\"https:\\\/\\\/www.lafundacion.com\\\/eu\\\/noticias-eu\\\/laneko-segurtasun-osasunaren-kongresua\\\/#breadcrumb\",\"itemListElement\":[{\"@type\":\"ListItem\",\"position\":1,\"name\":\"Portada\",\"item\":\"https:\\\/\\\/www.lafundacion.com\\\/eu\\\/hasiera\\\/\"},{\"@type\":\"ListItem\",\"position\":2,\"name\":\"Laneko segurtasun eta osasunaren Fundaci\u00f3n San Prudencio-ko XXI Kongresua\"}]},{\"@type\":\"WebSite\",\"@id\":\"https:\\\/\\\/www.lafundacion.com\\\/eu\\\/#website\",\"url\":\"https:\\\/\\\/www.lafundacion.com\\\/eu\\\/\",\"name\":\"La Fundaci\u00f3n San Prudencio\",\"description\":\"La Fundaci\u00f3n Laboral San Prudencio en Vitoria-Gasteiz\",\"publisher\":{\"@id\":\"https:\\\/\\\/www.lafundacion.com\\\/eu\\\/#organization\"},\"potentialAction\":[{\"@type\":\"SearchAction\",\"target\":{\"@type\":\"EntryPoint\",\"urlTemplate\":\"https:\\\/\\\/www.lafundacion.com\\\/eu\\\/?s={search_term_string}\"},\"query-input\":{\"@type\":\"PropertyValueSpecification\",\"valueRequired\":true,\"valueName\":\"search_term_string\"}}],\"inLanguage\":\"eu-ES\"},{\"@type\":\"Organization\",\"@id\":\"https:\\\/\\\/www.lafundacion.com\\\/eu\\\/#organization\",\"name\":\"La Fundaci\u00f3n San Prudencio\",\"url\":\"https:\\\/\\\/www.lafundacion.com\\\/eu\\\/\",\"logo\":{\"@type\":\"ImageObject\",\"inLanguage\":\"eu-ES\",\"@id\":\"https:\\\/\\\/www.lafundacion.com\\\/eu\\\/#\\\/schema\\\/logo\\\/image\\\/\",\"url\":\"https:\\\/\\\/www.lafundacion.com\\\/wp-content\\\/uploads\\\/2020\\\/03\\\/logo-la-fundacion.png\",\"contentUrl\":\"https:\\\/\\\/www.lafundacion.com\\\/wp-content\\\/uploads\\\/2020\\\/03\\\/logo-la-fundacion.png\",\"width\":323,\"height\":129,\"caption\":\"La Fundaci\u00f3n San Prudencio\"},\"image\":{\"@id\":\"https:\\\/\\\/www.lafundacion.com\\\/eu\\\/#\\\/schema\\\/logo\\\/image\\\/\"}},{\"@type\":\"Person\",\"@id\":\"https:\\\/\\\/www.lafundacion.com\\\/eu\\\/#\\\/schema\\\/person\\\/39119d98dad187760c7ba6ffe0d62170\",\"name\":\"La Fundaci\u00f3n San Prudencio\",\"image\":{\"@type\":\"ImageObject\",\"inLanguage\":\"eu-ES\",\"@id\":\"https:\\\/\\\/secure.gravatar.com\\\/avatar\\\/0c3b0b5573637a9c53bbefa7ba0c7deb19d94f60a43f46e0300cd05fc3625862?s=96&d=mm&r=g\",\"url\":\"https:\\\/\\\/secure.gravatar.com\\\/avatar\\\/0c3b0b5573637a9c53bbefa7ba0c7deb19d94f60a43f46e0300cd05fc3625862?s=96&d=mm&r=g\",\"contentUrl\":\"https:\\\/\\\/secure.gravatar.com\\\/avatar\\\/0c3b0b5573637a9c53bbefa7ba0c7deb19d94f60a43f46e0300cd05fc3625862?s=96&d=mm&r=g\",\"caption\":\"La Fundaci\u00f3n San Prudencio\"}}]}<\/script>\r\n<!-- \/ Yoast SEO plugin. -->","yoast_head_json":{"title":"Laneko segurtasun eta osasunaren Fundaci\u00f3n San Prudencio-ko XXI Kongresua &#187; La Fundaci\u00f3n San Prudencio","description":"La Fundaci\u00f3n-ek eta APDk Arabako enpresentzat berdintasunari buruzko jardunaldia antolatu dute Gasteizen.","robots":{"index":"index","follow":"follow","max-snippet":"max-snippet:-1","max-image-preview":"max-image-preview:large","max-video-preview":"max-video-preview:-1"},"canonical":"https:\/\/www.lafundacion.com\/eu\/noticias-eu\/laneko-segurtasun-osasunaren-kongresua\/","og_locale":"eu_ES","og_type":"article","og_title":"Ekitaldia Gasteizen","og_description":"Arabako enpresentzat, La Fundaci\u00f3n San Prudenciok eta APDk antolatutako Compliance eta eroskerien aurkako ekitaldia Gasteizen.","og_url":"https:\/\/www.lafundacion.com\/eu\/noticias-eu\/laneko-segurtasun-osasunaren-kongresua\/","og_site_name":"La Fundaci\u00f3n San Prudencio","article_published_time":"2021-10-14T12:01:27+00:00","article_modified_time":"2021-11-04T09:07:11+00:00","og_image":[{"url":"https:\/\/www.lafundacion.com\/wp-content\/uploads\/2021\/10\/banner-web-Home-actualizado.jpg","type":"","width":"","height":""}],"author":"La Fundaci\u00f3n San Prudencio","twitter_card":"summary_large_image","twitter_title":"Ekitaldia Gasteizen: Lan Segurtasuna eta Osasuna","twitter_description":"Arabako enpresentzat, La Fundaci\u00f3n San Prudenciok antolatutako ekitaldia Gasteizen.","twitter_image":"https:\/\/www.lafundacion.com\/wp-content\/uploads\/2021\/10\/banner-web-Home-actualizado.jpg","twitter_misc":{"Written by":"La Fundaci\u00f3n San Prudencio","Est. reading time":"19 minutes"},"schema":{"@context":"https:\/\/schema.org","@graph":[{"@type":"Article","@id":"https:\/\/www.lafundacion.com\/eu\/noticias-eu\/laneko-segurtasun-osasunaren-kongresua\/#article","isPartOf":{"@id":"https:\/\/www.lafundacion.com\/eu\/noticias-eu\/laneko-segurtasun-osasunaren-kongresua\/"},"author":{"name":"La Fundaci\u00f3n San Prudencio","@id":"https:\/\/www.lafundacion.com\/eu\/#\/schema\/person\/39119d98dad187760c7ba6ffe0d62170"},"headline":"Laneko segurtasun eta osasunaren Fundaci\u00f3n San Prudencio-ko XXI Kongresua","datePublished":"2021-10-14T12:01:27+00:00","dateModified":"2021-11-04T09:07:11+00:00","mainEntityOfPage":{"@id":"https:\/\/www.lafundacion.com\/eu\/noticias-eu\/laneko-segurtasun-osasunaren-kongresua\/"},"wordCount":9327,"publisher":{"@id":"https:\/\/www.lafundacion.com\/eu\/#organization"},"image":{"@id":"https:\/\/www.lafundacion.com\/eu\/noticias-eu\/laneko-segurtasun-osasunaren-kongresua\/#primaryimage"},"thumbnailUrl":"https:\/\/www.lafundacion.com\/wp-content\/uploads\/2021\/10\/imagen-congreso-prevencion-y-salud-laboral-vitoria-2021.png","keywords":["empresas \u00c1lava","lan osasuna Araba","lan osasuna Gasteiz","Lan osasunaren kongresua","Laneko prebentzioaren kongresua","langileen osasuna","osasun emozionala","osasun emozionala Gasteiz","osasun mentala","prebentzioa","psikologia Gasteiz","psikosoziologia"],"articleSection":["Noticias"],"inLanguage":"eu-ES"},{"@type":"WebPage","@id":"https:\/\/www.lafundacion.com\/eu\/noticias-eu\/laneko-segurtasun-osasunaren-kongresua\/","url":"https:\/\/www.lafundacion.com\/eu\/noticias-eu\/laneko-segurtasun-osasunaren-kongresua\/","name":"Laneko segurtasun eta osasunaren Fundaci\u00f3n San Prudencio-ko XXI Kongresua &#187; La Fundaci\u00f3n San Prudencio","isPartOf":{"@id":"https:\/\/www.lafundacion.com\/eu\/#website"},"primaryImageOfPage":{"@id":"https:\/\/www.lafundacion.com\/eu\/noticias-eu\/laneko-segurtasun-osasunaren-kongresua\/#primaryimage"},"image":{"@id":"https:\/\/www.lafundacion.com\/eu\/noticias-eu\/laneko-segurtasun-osasunaren-kongresua\/#primaryimage"},"thumbnailUrl":"https:\/\/www.lafundacion.com\/wp-content\/uploads\/2021\/10\/imagen-congreso-prevencion-y-salud-laboral-vitoria-2021.png","datePublished":"2021-10-14T12:01:27+00:00","dateModified":"2021-11-04T09:07:11+00:00","description":"La Fundaci\u00f3n-ek eta APDk Arabako enpresentzat berdintasunari buruzko jardunaldia antolatu dute Gasteizen.","breadcrumb":{"@id":"https:\/\/www.lafundacion.com\/eu\/noticias-eu\/laneko-segurtasun-osasunaren-kongresua\/#breadcrumb"},"inLanguage":"eu-ES","potentialAction":[{"@type":"ReadAction","target":["https:\/\/www.lafundacion.com\/eu\/noticias-eu\/laneko-segurtasun-osasunaren-kongresua\/"]}]},{"@type":"ImageObject","inLanguage":"eu-ES","@id":"https:\/\/www.lafundacion.com\/eu\/noticias-eu\/laneko-segurtasun-osasunaren-kongresua\/#primaryimage","url":"https:\/\/www.lafundacion.com\/wp-content\/uploads\/2021\/10\/imagen-congreso-prevencion-y-salud-laboral-vitoria-2021.png","contentUrl":"https:\/\/www.lafundacion.com\/wp-content\/uploads\/2021\/10\/imagen-congreso-prevencion-y-salud-laboral-vitoria-2021.png","width":650,"height":697,"caption":"XXI Congreso Fundaci\u00f3n San Prudencio de Seguridad y Salud Laboral"},{"@type":"BreadcrumbList","@id":"https:\/\/www.lafundacion.com\/eu\/noticias-eu\/laneko-segurtasun-osasunaren-kongresua\/#breadcrumb","itemListElement":[{"@type":"ListItem","position":1,"name":"Portada","item":"https:\/\/www.lafundacion.com\/eu\/hasiera\/"},{"@type":"ListItem","position":2,"name":"Laneko segurtasun eta osasunaren Fundaci\u00f3n San Prudencio-ko XXI Kongresua"}]},{"@type":"WebSite","@id":"https:\/\/www.lafundacion.com\/eu\/#website","url":"https:\/\/www.lafundacion.com\/eu\/","name":"La Fundaci\u00f3n San Prudencio","description":"La Fundaci\u00f3n Laboral San Prudencio en Vitoria-Gasteiz","publisher":{"@id":"https:\/\/www.lafundacion.com\/eu\/#organization"},"potentialAction":[{"@type":"SearchAction","target":{"@type":"EntryPoint","urlTemplate":"https:\/\/www.lafundacion.com\/eu\/?s={search_term_string}"},"query-input":{"@type":"PropertyValueSpecification","valueRequired":true,"valueName":"search_term_string"}}],"inLanguage":"eu-ES"},{"@type":"Organization","@id":"https:\/\/www.lafundacion.com\/eu\/#organization","name":"La Fundaci\u00f3n San Prudencio","url":"https:\/\/www.lafundacion.com\/eu\/","logo":{"@type":"ImageObject","inLanguage":"eu-ES","@id":"https:\/\/www.lafundacion.com\/eu\/#\/schema\/logo\/image\/","url":"https:\/\/www.lafundacion.com\/wp-content\/uploads\/2020\/03\/logo-la-fundacion.png","contentUrl":"https:\/\/www.lafundacion.com\/wp-content\/uploads\/2020\/03\/logo-la-fundacion.png","width":323,"height":129,"caption":"La Fundaci\u00f3n San Prudencio"},"image":{"@id":"https:\/\/www.lafundacion.com\/eu\/#\/schema\/logo\/image\/"}},{"@type":"Person","@id":"https:\/\/www.lafundacion.com\/eu\/#\/schema\/person\/39119d98dad187760c7ba6ffe0d62170","name":"La Fundaci\u00f3n San Prudencio","image":{"@type":"ImageObject","inLanguage":"eu-ES","@id":"https:\/\/secure.gravatar.com\/avatar\/0c3b0b5573637a9c53bbefa7ba0c7deb19d94f60a43f46e0300cd05fc3625862?s=96&d=mm&r=g","url":"https:\/\/secure.gravatar.com\/avatar\/0c3b0b5573637a9c53bbefa7ba0c7deb19d94f60a43f46e0300cd05fc3625862?s=96&d=mm&r=g","contentUrl":"https:\/\/secure.gravatar.com\/avatar\/0c3b0b5573637a9c53bbefa7ba0c7deb19d94f60a43f46e0300cd05fc3625862?s=96&d=mm&r=g","caption":"La Fundaci\u00f3n San Prudencio"}}]}},"_links":{"self":[{"href":"https:\/\/www.lafundacion.com\/eu\/wp-json\/wp\/v2\/posts\/23006","targetHints":{"allow":["GET"]}}],"collection":[{"href":"https:\/\/www.lafundacion.com\/eu\/wp-json\/wp\/v2\/posts"}],"about":[{"href":"https:\/\/www.lafundacion.com\/eu\/wp-json\/wp\/v2\/types\/post"}],"author":[{"embeddable":true,"href":"https:\/\/www.lafundacion.com\/eu\/wp-json\/wp\/v2\/users\/2"}],"replies":[{"embeddable":true,"href":"https:\/\/www.lafundacion.com\/eu\/wp-json\/wp\/v2\/comments?post=23006"}],"version-history":[{"count":143,"href":"https:\/\/www.lafundacion.com\/eu\/wp-json\/wp\/v2\/posts\/23006\/revisions"}],"predecessor-version":[{"id":24554,"href":"https:\/\/www.lafundacion.com\/eu\/wp-json\/wp\/v2\/posts\/23006\/revisions\/24554"}],"wp:featuredmedia":[{"embeddable":true,"href":"https:\/\/www.lafundacion.com\/eu\/wp-json\/wp\/v2\/media\/23010"}],"wp:attachment":[{"href":"https:\/\/www.lafundacion.com\/eu\/wp-json\/wp\/v2\/media?parent=23006"}],"wp:term":[{"taxonomy":"category","embeddable":true,"href":"https:\/\/www.lafundacion.com\/eu\/wp-json\/wp\/v2\/categories?post=23006"},{"taxonomy":"post_tag","embeddable":true,"href":"https:\/\/www.lafundacion.com\/eu\/wp-json\/wp\/v2\/tags?post=23006"}],"curies":[{"name":"wp","href":"https:\/\/api.w.org\/{rel}","templated":true}]}}