{"id":183400,"date":"2025-12-01T09:53:15","date_gmt":"2025-12-01T08:53:15","guid":{"rendered":"https:\/\/www.lafundacion.com\/uncategorized-eu\/olentzero-errege-magoak-la-fundacion-25\/"},"modified":"2025-12-04T14:00:34","modified_gmt":"2025-12-04T13:00:34","slug":"olentzero-errege-magoak-la-fundacion-25","status":"publish","type":"post","link":"https:\/\/www.lafundacion.com\/eu\/noticias-eu\/olentzero-errege-magoak-la-fundacion-25\/","title":{"rendered":"La Fundaci\u00f3n-eko Olentzero, Mari Domingi eta Errege Magoak hemen daude berriro"},"content":{"rendered":"<\/p>\n<div id='full_slider_1'  class='avia-fullwidth-slider main_color avia-shadow   avia-builder-el-0  el_before_av_one_full  avia-builder-el-first   container_wrap fullsize'  ><div  class='avia-slideshow av-lpjreaz2-8db65dff22ad1368a40ae92a523b1692 avia-slideshow-featured av_slideshow_full avia-slide-slider av-slideshow-ui av-control-default av-slideshow-manual av-loop-once av-loop-manual-endless av-default-height-applied   avia-slideshow-1' data-slideshow-options=\"{&quot;animation&quot;:&quot;slide&quot;,&quot;autoplay&quot;:false,&quot;loop_autoplay&quot;:&quot;once&quot;,&quot;interval&quot;:5,&quot;loop_manual&quot;:&quot;manual-endless&quot;,&quot;autoplay_stopper&quot;:false,&quot;noNavigation&quot;:false,&quot;bg_slider&quot;:false,&quot;keep_padding&quot;:false,&quot;hoverpause&quot;:false,&quot;show_slide_delay&quot;:0}\"  itemprop=\"image\" itemscope=\"itemscope\" itemtype=\"https:\/\/schema.org\/ImageObject\" ><ul class='avia-slideshow-inner ' style='padding-bottom: 28.666666666667%;'><li  class='avia-slideshow-slide av-lpjreaz2-8db65dff22ad1368a40ae92a523b1692__0  av-single-slide slide-1 slide-odd'><div data-rel='slideshow-1' class='avia-slide-wrap '   ><img decoding=\"async\" fetchpriority=\"high\" class=\"wp-image-183459 avia-img-lazy-loading-not-183459\"  src=\"https:\/\/www.lafundacion.com\/wp-content\/uploads\/2025\/12\/Banner-web-para-eventos-navidad-2025.jpg\" width=\"1500\" height=\"430\" title='Banner-web-para-eventos-navidad-2025' alt=''  itemprop=\"thumbnailUrl\" srcset=\"https:\/\/www.lafundacion.com\/wp-content\/uploads\/2025\/12\/Banner-web-para-eventos-navidad-2025.jpg 1500w, https:\/\/www.lafundacion.com\/wp-content\/uploads\/2025\/12\/Banner-web-para-eventos-navidad-2025-300x86.jpg 300w, https:\/\/www.lafundacion.com\/wp-content\/uploads\/2025\/12\/Banner-web-para-eventos-navidad-2025-1030x295.jpg 1030w, https:\/\/www.lafundacion.com\/wp-content\/uploads\/2025\/12\/Banner-web-para-eventos-navidad-2025-768x220.jpg 768w, https:\/\/www.lafundacion.com\/wp-content\/uploads\/2025\/12\/Banner-web-para-eventos-navidad-2025-705x202.jpg 705w\" sizes=\"(max-width: 1500px) 100vw, 1500px\" \/><\/div><\/li><\/ul><\/div><\/div><div id='after_full_slider_1'  class='main_color av_default_container_wrap container_wrap fullsize'  ><div class='container av-section-cont-open' ><div class='template-page content  av-content-full alpha units'><div class='post-entry post-entry-type-page post-entry-183400'><div class='entry-content-wrapper clearfix'>\n<div  class='flex_column av-21ileyx-4ed59acd1a5cfc6a624765f9b83ed961 av_one_full  avia-builder-el-1  el_after_av_slideshow_full  el_before_av_one_half  avia-builder-el-first  first flex_column_div  '     ><section  class='av_textblock_section av-1rknm2x-a432e46ed0a60c1eca6850dbe1c02a3c '   itemscope=\"itemscope\" itemtype=\"https:\/\/schema.org\/BlogPosting\" itemprop=\"blogPost\" ><div class='avia_textblock'  itemprop=\"text\" ><h1 style=\"text-align: center;\"><span style=\"color: #b83a31;\">La Fundaci\u00f3n-eko Olentzero, Mari Domingi eta Errege Magoak hemen daude berriro haurrei harrera egiteko seme-alaben <\/span><span style=\"color: #b83a31;\">titularren <\/span><span style=\"color: #b83a31;\">opari-eskaerak entzuteko!<\/span><\/h1>\n<\/div><\/section><\/div>\n<div  class='flex_column av-830ghhw-0c7b5a155cb1986d908151a2990e059f av_one_half  avia-builder-el-3  el_after_av_one_full  el_before_av_one_half  first flex_column_div  column-top-margin'     ><section  class='av_textblock_section av-kwdrbfb7-34e3a01de2ebf0577622832da5f26d27 '   itemscope=\"itemscope\" itemtype=\"https:\/\/schema.org\/BlogPosting\" itemprop=\"blogPost\" ><div class='avia_textblock'  itemprop=\"text\" ><h2 style=\"text-align: center;\">Mari Domingi eta Olentzero Opera eraikinean egongo dira abenduaren 23an, eta Errege Magoak urtarrilaren 2an eraikin berdinean, titularren<br \/>\nopari-eskaerak entzuteko<\/h2>\n<div class=\"row\">\n<div class=\"col-md-12 col-xs-12\">Berriro gatoz La Fundaci\u00f3n-ren gabonetako ekitaldi maitagarri hauekin.<\/div>\n<\/div>\n<p>Etxeko txikienak biekin egon ahal izango dira eta ilusio horrekin kutsatu ahal izango gaituzte berriro. Euren desio guztiak eta Gabonetan jaso nahiko dituzten opariak helaraziko dizkiegu.<\/p>\n<div class=\"row\">\n<div class=\"col-md-12 col-xs-12\"><strong>Gurasoak La Fundaci\u00f3n-ren titularrak dituzten haurrek ordu bat izango dute aurrez aurre bisitatzeko eta beren nahiak kontatzeko, ordu luzeetako ilararik itxaron behar izan gabe. Pertsona bakoitzak bere ordua du ausaz esleituta.<\/strong><\/div>\n<div><\/div>\n<\/div>\n<div class=\"row\">\n<div class=\"col-md-12 col-xs-12\"><strong>Horretarako, titularraren telefono mugikorretik telefono zenbaki honetara deitu besterik ez duzue egin beharko. Eskegitzean, SMS bat jasotzen zuten, plaza automatikoki berresteko.<\/strong><\/div>\n<\/div>\n<\/div><\/section><\/div>\n<div  class='flex_column av-7lxqfec-4ba1824b32a61bdc503643825e03fc2d av_one_half  avia-builder-el-5  el_after_av_one_half  el_before_av_section  avia-builder-el-last  flex_column_div  column-top-margin'     ><section  class='av_textblock_section av-m3mzy7hv-2b9026da3310b6ae2ac70e6e9620d946 '   itemscope=\"itemscope\" itemtype=\"https:\/\/schema.org\/BlogPosting\" itemprop=\"blogPost\" ><div class='avia_textblock'  itemprop=\"text\" ><h4 style=\"text-align: center;\">Abenduaren 23an Olentzero eta Mari Domingi<\/h4>\n<\/div><\/section><br \/>\n<div  class='avia-slideshow av-kxoklrm9-b7f8bd569a372ccf8b09a6e5cbd88ae0 avia-slideshow-no scaling av_slideshow avia-slide-slider  avia-builder-el-7  el_after_av_textblock  el_before_av_textblock  av-slideshow-ui av-control-default av-slideshow-manual av-loop-once av-loop-manual-endless av-default-height-applied avia-slideshow-2' data-slideshow-options=\"{&quot;animation&quot;:&quot;slide&quot;,&quot;autoplay&quot;:false,&quot;loop_autoplay&quot;:&quot;once&quot;,&quot;interval&quot;:5,&quot;loop_manual&quot;:&quot;manual-endless&quot;,&quot;autoplay_stopper&quot;:false,&quot;noNavigation&quot;:false,&quot;bg_slider&quot;:false,&quot;keep_padding&quot;:false,&quot;hoverpause&quot;:false,&quot;show_slide_delay&quot;:0}\"  itemprop=\"image\" itemscope=\"itemscope\" itemtype=\"https:\/\/schema.org\/ImageObject\" ><ul class='avia-slideshow-inner ' style='padding-bottom: 66.666666666667%;'><li  class='avia-slideshow-slide av-kxoklrm9-b7f8bd569a372ccf8b09a6e5cbd88ae0__0  slide-1 slide-odd'><div data-rel='slideshow-2' class='avia-slide-wrap '   ><img decoding=\"async\" fetchpriority=\"high\" class=\"wp-image-49126 avia-img-lazy-loading-not-49126\"  src=\"https:\/\/www.lafundacion.com\/wp-content\/uploads\/2023\/01\/Olentzero-y-Mari-Domingui-254.jpg\" width=\"750\" height=\"500\" title='Olentzero y Mari Domingui - 254' alt=''  itemprop=\"thumbnailUrl\" srcset=\"https:\/\/www.lafundacion.com\/wp-content\/uploads\/2023\/01\/Olentzero-y-Mari-Domingui-254.jpg 750w, https:\/\/www.lafundacion.com\/wp-content\/uploads\/2023\/01\/Olentzero-y-Mari-Domingui-254-300x200.jpg 300w, https:\/\/www.lafundacion.com\/wp-content\/uploads\/2023\/01\/Olentzero-y-Mari-Domingui-254-705x470.jpg 705w\" sizes=\"(max-width: 750px) 100vw, 750px\" \/><\/div><\/li><li  class='avia-slideshow-slide av-kxoklrm9-b7f8bd569a372ccf8b09a6e5cbd88ae0__1  slide-2 slide-even'><div data-rel='slideshow-2' class='avia-slide-wrap '   ><img decoding=\"async\" fetchpriority=\"high\" class=\"wp-image-49106 avia-img-lazy-loading-not-49106\"  src=\"https:\/\/www.lafundacion.com\/wp-content\/uploads\/2023\/01\/Olentzero-y-Mari-Domingui-232.jpg\" width=\"750\" height=\"500\" title='Olentzero y Mari Domingui - 232' alt=''  itemprop=\"thumbnailUrl\" srcset=\"https:\/\/www.lafundacion.com\/wp-content\/uploads\/2023\/01\/Olentzero-y-Mari-Domingui-232.jpg 750w, https:\/\/www.lafundacion.com\/wp-content\/uploads\/2023\/01\/Olentzero-y-Mari-Domingui-232-300x200.jpg 300w, https:\/\/www.lafundacion.com\/wp-content\/uploads\/2023\/01\/Olentzero-y-Mari-Domingui-232-705x470.jpg 705w\" sizes=\"(max-width: 750px) 100vw, 750px\" \/><\/div><\/li><li  class='avia-slideshow-slide av-kxoklrm9-b7f8bd569a372ccf8b09a6e5cbd88ae0__2  slide-3 slide-odd'><div data-rel='slideshow-2' class='avia-slide-wrap '   ><img decoding=\"async\" fetchpriority=\"high\" class=\"wp-image-49088 avia-img-lazy-loading-not-49088\"  src=\"https:\/\/www.lafundacion.com\/wp-content\/uploads\/2023\/01\/Olentzero-y-Mari-Domingui-218.jpg\" width=\"750\" height=\"500\" title='Olentzero y Mari Domingui - 218' alt=''  itemprop=\"thumbnailUrl\" srcset=\"https:\/\/www.lafundacion.com\/wp-content\/uploads\/2023\/01\/Olentzero-y-Mari-Domingui-218.jpg 750w, https:\/\/www.lafundacion.com\/wp-content\/uploads\/2023\/01\/Olentzero-y-Mari-Domingui-218-300x200.jpg 300w, https:\/\/www.lafundacion.com\/wp-content\/uploads\/2023\/01\/Olentzero-y-Mari-Domingui-218-705x470.jpg 705w\" sizes=\"(max-width: 750px) 100vw, 750px\" \/><\/div><\/li><li  class='avia-slideshow-slide av-kxoklrm9-b7f8bd569a372ccf8b09a6e5cbd88ae0__3  slide-4 slide-even'><div data-rel='slideshow-2' class='avia-slide-wrap '   ><img decoding=\"async\" fetchpriority=\"high\" class=\"wp-image-49086 avia-img-lazy-loading-not-49086\"  src=\"https:\/\/www.lafundacion.com\/wp-content\/uploads\/2023\/01\/Olentzero-y-Mari-Domingui-216.jpg\" width=\"750\" height=\"500\" title='Olentzero y Mari Domingui - 216' alt=''  itemprop=\"thumbnailUrl\" srcset=\"https:\/\/www.lafundacion.com\/wp-content\/uploads\/2023\/01\/Olentzero-y-Mari-Domingui-216.jpg 750w, https:\/\/www.lafundacion.com\/wp-content\/uploads\/2023\/01\/Olentzero-y-Mari-Domingui-216-300x200.jpg 300w, https:\/\/www.lafundacion.com\/wp-content\/uploads\/2023\/01\/Olentzero-y-Mari-Domingui-216-705x470.jpg 705w\" sizes=\"(max-width: 750px) 100vw, 750px\" \/><\/div><\/li><li  class='avia-slideshow-slide av-kxoklrm9-b7f8bd569a372ccf8b09a6e5cbd88ae0__4  slide-5 slide-odd'><div data-rel='slideshow-2' class='avia-slide-wrap '   ><img decoding=\"async\" fetchpriority=\"high\" class=\"wp-image-49078 avia-img-lazy-loading-not-49078\"  src=\"https:\/\/www.lafundacion.com\/wp-content\/uploads\/2023\/01\/Olentzero-y-Mari-Domingui-208.jpg\" width=\"750\" height=\"500\" title='Olentzero y Mari Domingui - 208' alt=''  itemprop=\"thumbnailUrl\" srcset=\"https:\/\/www.lafundacion.com\/wp-content\/uploads\/2023\/01\/Olentzero-y-Mari-Domingui-208.jpg 750w, https:\/\/www.lafundacion.com\/wp-content\/uploads\/2023\/01\/Olentzero-y-Mari-Domingui-208-300x200.jpg 300w, https:\/\/www.lafundacion.com\/wp-content\/uploads\/2023\/01\/Olentzero-y-Mari-Domingui-208-705x470.jpg 705w\" sizes=\"(max-width: 750px) 100vw, 750px\" \/><\/div><\/li><\/ul><div class='avia-slideshow-arrows avia-slideshow-controls' ><a href='#prev' class='prev-slide  avia-svg-icon avia-font-svg_entypo-fontello' data-av_svg_icon='left-open-big' data-av_iconset='svg_entypo-fontello' tabindex='-1' title=\"Previous\"><svg version=\"1.1\" xmlns=\"http:\/\/www.w3.org\/2000\/svg\" width=\"15\" height=\"32\" viewBox=\"0 0 15 32\" preserveAspectRatio=\"xMidYMid meet\" aria-labelledby='av-svg-title-1' aria-describedby='av-svg-desc-1' role=\"graphics-symbol\" aria-hidden=\"true\">\n<title id='av-svg-title-1'>Previous<\/title>\n<desc id='av-svg-desc-1'>Previous<\/desc>\n<path d=\"M14.464 27.84q0.832 0.832 0 1.536-0.832 0.832-1.536 0l-12.544-12.608q-0.768-0.768 0-1.6l12.544-12.608q0.704-0.832 1.536 0 0.832 0.704 0 1.536l-11.456 11.904z\"><\/path>\n<\/svg><span class='avia_hidden_link_text'>Previous<\/span><\/a><a href='#next' class='next-slide  avia-svg-icon avia-font-svg_entypo-fontello' data-av_svg_icon='right-open-big' data-av_iconset='svg_entypo-fontello' tabindex='-1' title=\"Next\"><svg version=\"1.1\" xmlns=\"http:\/\/www.w3.org\/2000\/svg\" width=\"15\" height=\"32\" viewBox=\"0 0 15 32\" preserveAspectRatio=\"xMidYMid meet\" aria-labelledby='av-svg-title-2' aria-describedby='av-svg-desc-2' role=\"graphics-symbol\" aria-hidden=\"true\">\n<title id='av-svg-title-2'>Next<\/title>\n<desc id='av-svg-desc-2'>Next<\/desc>\n<path d=\"M0.416 27.84l11.456-11.84-11.456-11.904q-0.832-0.832 0-1.536 0.832-0.832 1.536 0l12.544 12.608q0.768 0.832 0 1.6l-12.544 12.608q-0.704 0.832-1.536 0-0.832-0.704 0-1.536z\"><\/path>\n<\/svg><span class='avia_hidden_link_text'>Next<\/span><\/a><\/div><div class='avia-slideshow-dots avia-slideshow-controls'><a href='#1' class='goto-slide active' >1<\/a><a href='#2' class='goto-slide ' >2<\/a><a href='#3' class='goto-slide ' >3<\/a><a href='#4' class='goto-slide ' >4<\/a><a href='#5' class='goto-slide ' >5<\/a><\/div><\/div><br \/>\n<section  class='av_textblock_section av-m3mzynbe-9688241d058605a9c90b5601c4e5270e '   itemscope=\"itemscope\" itemtype=\"https:\/\/schema.org\/BlogPosting\" itemprop=\"blogPost\" ><div class='avia_textblock'  itemprop=\"text\" ><h4 style=\"text-align: center;\">Errege Magoak 2026eko urtarrilaren 2an<\/h4>\n<\/div><\/section><br \/>\n<div  class='avia-slideshow av-m3mym2iv-6ff5b0773f4dfff4808740387c0c7c4b avia-slideshow-no scaling av_slideshow avia-slide-slider  avia-builder-el-9  el_after_av_textblock  avia-builder-el-last  av-slideshow-ui av-control-default av-slideshow-manual av-loop-once av-loop-manual-endless av-default-height-applied avia-slideshow-3' data-slideshow-options=\"{&quot;animation&quot;:&quot;slide&quot;,&quot;autoplay&quot;:false,&quot;loop_autoplay&quot;:&quot;once&quot;,&quot;interval&quot;:5,&quot;loop_manual&quot;:&quot;manual-endless&quot;,&quot;autoplay_stopper&quot;:false,&quot;noNavigation&quot;:false,&quot;bg_slider&quot;:false,&quot;keep_padding&quot;:false,&quot;hoverpause&quot;:false,&quot;show_slide_delay&quot;:0}\"  itemprop=\"image\" itemscope=\"itemscope\" itemtype=\"https:\/\/schema.org\/ImageObject\" ><ul class='avia-slideshow-inner ' style='padding-bottom: 66.666666666667%;'><li  class='avia-slideshow-slide av-m3mym2iv-6ff5b0773f4dfff4808740387c0c7c4b__0  slide-1 slide-odd'><div data-rel='slideshow-3' class='avia-slide-wrap '   ><img decoding=\"async\" fetchpriority=\"high\" class=\"wp-image-49187 avia-img-lazy-loading-not-49187\"  src=\"https:\/\/www.lafundacion.com\/wp-content\/uploads\/2023\/01\/Reyes-Magos-Vitoria-La-Fundacion-2023-4.jpg\" width=\"750\" height=\"500\" title='Reyes-Magos-Vitoria-La-Fundacion-2023-4' alt=''  itemprop=\"thumbnailUrl\" srcset=\"https:\/\/www.lafundacion.com\/wp-content\/uploads\/2023\/01\/Reyes-Magos-Vitoria-La-Fundacion-2023-4.jpg 750w, https:\/\/www.lafundacion.com\/wp-content\/uploads\/2023\/01\/Reyes-Magos-Vitoria-La-Fundacion-2023-4-300x200.jpg 300w, https:\/\/www.lafundacion.com\/wp-content\/uploads\/2023\/01\/Reyes-Magos-Vitoria-La-Fundacion-2023-4-705x470.jpg 705w\" sizes=\"(max-width: 750px) 100vw, 750px\" \/><\/div><\/li><li  class='avia-slideshow-slide av-m3mym2iv-6ff5b0773f4dfff4808740387c0c7c4b__1  slide-2 slide-even'><div data-rel='slideshow-3' class='avia-slide-wrap '   ><img decoding=\"async\" fetchpriority=\"high\" class=\"wp-image-49185 avia-img-lazy-loading-not-49185\"  src=\"https:\/\/www.lafundacion.com\/wp-content\/uploads\/2023\/01\/Reyes-Magos-Vitoria-La-Fundacion-2023-3.jpg\" width=\"750\" height=\"500\" title='Reyes-Magos-Vitoria-La-Fundacion-2023-3' alt=''  itemprop=\"thumbnailUrl\" srcset=\"https:\/\/www.lafundacion.com\/wp-content\/uploads\/2023\/01\/Reyes-Magos-Vitoria-La-Fundacion-2023-3.jpg 750w, https:\/\/www.lafundacion.com\/wp-content\/uploads\/2023\/01\/Reyes-Magos-Vitoria-La-Fundacion-2023-3-300x200.jpg 300w, https:\/\/www.lafundacion.com\/wp-content\/uploads\/2023\/01\/Reyes-Magos-Vitoria-La-Fundacion-2023-3-705x470.jpg 705w\" sizes=\"(max-width: 750px) 100vw, 750px\" \/><\/div><\/li><li  class='avia-slideshow-slide av-m3mym2iv-6ff5b0773f4dfff4808740387c0c7c4b__2  slide-3 slide-odd'><div data-rel='slideshow-3' class='avia-slide-wrap '   ><img decoding=\"async\" fetchpriority=\"high\" class=\"wp-image-64314 avia-img-lazy-loading-not-64314\"  src=\"https:\/\/www.lafundacion.com\/wp-content\/uploads\/2024\/01\/reyes-magos-380-scaled.jpg\" width=\"2560\" height=\"1707\" title='reyes magos - 380' alt=''  itemprop=\"thumbnailUrl\" srcset=\"https:\/\/www.lafundacion.com\/wp-content\/uploads\/2024\/01\/reyes-magos-380-scaled.jpg 2560w, https:\/\/www.lafundacion.com\/wp-content\/uploads\/2024\/01\/reyes-magos-380-300x200.jpg 300w, https:\/\/www.lafundacion.com\/wp-content\/uploads\/2024\/01\/reyes-magos-380-1030x687.jpg 1030w, https:\/\/www.lafundacion.com\/wp-content\/uploads\/2024\/01\/reyes-magos-380-768x512.jpg 768w, https:\/\/www.lafundacion.com\/wp-content\/uploads\/2024\/01\/reyes-magos-380-1536x1024.jpg 1536w, https:\/\/www.lafundacion.com\/wp-content\/uploads\/2024\/01\/reyes-magos-380-2048x1365.jpg 2048w, https:\/\/www.lafundacion.com\/wp-content\/uploads\/2024\/01\/reyes-magos-380-1500x1000.jpg 1500w, https:\/\/www.lafundacion.com\/wp-content\/uploads\/2024\/01\/reyes-magos-380-705x470.jpg 705w\" sizes=\"(max-width: 2560px) 100vw, 2560px\" \/><\/div><\/li><\/ul><div class='avia-slideshow-arrows avia-slideshow-controls' ><a href='#prev' class='prev-slide  avia-svg-icon avia-font-svg_entypo-fontello' data-av_svg_icon='left-open-big' data-av_iconset='svg_entypo-fontello' tabindex='-1' title=\"Previous\"><svg version=\"1.1\" xmlns=\"http:\/\/www.w3.org\/2000\/svg\" width=\"15\" height=\"32\" viewBox=\"0 0 15 32\" preserveAspectRatio=\"xMidYMid meet\" aria-labelledby='av-svg-title-3' aria-describedby='av-svg-desc-3' role=\"graphics-symbol\" aria-hidden=\"true\">\n<title id='av-svg-title-3'>Previous<\/title>\n<desc id='av-svg-desc-3'>Previous<\/desc>\n<path d=\"M14.464 27.84q0.832 0.832 0 1.536-0.832 0.832-1.536 0l-12.544-12.608q-0.768-0.768 0-1.6l12.544-12.608q0.704-0.832 1.536 0 0.832 0.704 0 1.536l-11.456 11.904z\"><\/path>\n<\/svg><span class='avia_hidden_link_text'>Previous<\/span><\/a><a href='#next' class='next-slide  avia-svg-icon avia-font-svg_entypo-fontello' data-av_svg_icon='right-open-big' data-av_iconset='svg_entypo-fontello' tabindex='-1' title=\"Next\"><svg version=\"1.1\" xmlns=\"http:\/\/www.w3.org\/2000\/svg\" width=\"15\" height=\"32\" viewBox=\"0 0 15 32\" preserveAspectRatio=\"xMidYMid meet\" aria-labelledby='av-svg-title-4' aria-describedby='av-svg-desc-4' role=\"graphics-symbol\" aria-hidden=\"true\">\n<title id='av-svg-title-4'>Next<\/title>\n<desc id='av-svg-desc-4'>Next<\/desc>\n<path d=\"M0.416 27.84l11.456-11.84-11.456-11.904q-0.832-0.832 0-1.536 0.832-0.832 1.536 0l12.544 12.608q0.768 0.832 0 1.6l-12.544 12.608q-0.704 0.832-1.536 0-0.832-0.704 0-1.536z\"><\/path>\n<\/svg><span class='avia_hidden_link_text'>Next<\/span><\/a><\/div><div class='avia-slideshow-dots avia-slideshow-controls'><a href='#1' class='goto-slide active' >1<\/a><a href='#2' class='goto-slide ' >2<\/a><a href='#3' class='goto-slide ' >3<\/a><\/div><\/div><\/p><\/div>\n<\/div><\/div><\/div><!-- close content main div --><\/div><\/div>\n<style type=\"text\/css\" data-created_by=\"avia_inline_auto\" id=\"style-css-av-lpqn5q1f-ba9062391a3bec9543fbf5904a64c7c4\">\n.avia-section.av-lpqn5q1f-ba9062391a3bec9543fbf5904a64c7c4{\nbackground-color:#d6d6d6;\nbackground-image:unset;\n}\n<\/style>\n<div id='av_section_1'  class='avia-section av-lpqn5q1f-ba9062391a3bec9543fbf5904a64c7c4 main_color avia-section-default avia-no-border-styling  avia-builder-el-10  el_after_av_one_half  el_before_av_one_half  avia-bg-style-scroll container_wrap fullsize'  ><div class='container av-section-cont-open' ><div class='template-page content  av-content-full alpha units'><div class='post-entry post-entry-type-page post-entry-183400'><div class='entry-content-wrapper clearfix'>\n<section  class='av_textblock_section av-lp9yl1u8-1881acf48fe74be7f3f8a5baa73b4ce0 '   itemscope=\"itemscope\" itemtype=\"https:\/\/schema.org\/BlogPosting\" itemprop=\"blogPost\" ><div class='avia_textblock'  itemprop=\"text\" ><h2 style=\"text-align: center;\"><span style=\"color: #993300;\"><strong>OLENTZERO ETA MARI DOMINGIREN HITZORDUETARAKO EPEA ABENDUAREN 9an, 08:30ean IREKIKO DA ETA ERREGE MAGOENTZAKO ABENDUAREN 16AN, ORDU BEREAN. EZ GERATU LEKURIK GABE!<\/strong><\/span><\/h2>\n<p style=\"text-align: center;\"><strong>Titular bakoitzak gehienez 2 plaza erreserbatu ahal izango ditu. 2 haurrekin joan nahi baduzu, itxaron minutu 1 2. deia egin aurretik. Deitu Fundazioaren titularraren mugikorretik telefono hauetako batera:<\/strong><\/p>\n<\/div><\/section>\n<\/div><\/div><\/div><!-- close content main div --><\/div><\/div><div id='after_section_1'  class='main_color av_default_container_wrap container_wrap fullsize'  ><div class='container av-section-cont-open' ><div class='template-page content  av-content-full alpha units'><div class='post-entry post-entry-type-page post-entry-183400'><div class='entry-content-wrapper clearfix'><div  class='flex_column av-9614z8-0c6a023e31caf9ca8bb3d6ad6815d9fd av_one_half  avia-builder-el-12  el_after_av_section  el_before_av_one_half  avia-builder-el-first  first flex_column_div  '     ><section  class='av_textblock_section av-kwkfk58k-05fe6da70096dd47b174a5eb8078c9fb '   itemscope=\"itemscope\" itemtype=\"https:\/\/schema.org\/BlogPosting\" itemprop=\"blogPost\" ><div class='avia_textblock'  itemprop=\"text\" ><h2><strong>Erreserbatzeko pausoak urratsak:<\/strong><\/h2>\n<p><strong>\u00b7 Deitu titularraren mugikorretik\u00a0<\/strong>(gure sisteman erregistratuta dagoenetik) nahi duzun ekitaldiko plaza erreserbatzeko.<\/p>\n<p><strong>\u00b7 Ez dizu inork deia hartuko, eta SMS bat iritsiko zaizu gertaera bakoitzerako esleitutako orduarekin (ezin da aldatu):<\/strong><\/p>\n<div class=\"row\">\n<ul>\n<li><strong>abenduaren 9an Olentzero eta Mari Domingirentzat<\/strong><\/li>\n<li><strong>eta abenduaren 16an Errege Magoentzat<\/strong><\/li>\n<\/ul>\n<p><strong>\u00b7\u00a0\u00a0<\/strong>Ekitaldiaren egunean,\u00a0<strong>abenduaren 23an,<\/strong>\u00a0Olentzero eta Mari Domingiren kasuan, edo\u00a0<strong>2025eko urtarrilaren 2an<\/strong>, Errege Magoen kasuan, Opera Eraikinera hurbilduko zarete haiekin egoteko<\/p>\n<\/div>\n<\/div><\/section><\/div><\/p>\n<div  class='flex_column av-25f9cvo-23604de0a0003a634f227d0c09c81db7 av_one_half  avia-builder-el-14  el_after_av_one_half  el_before_av_one_fourth  flex_column_div  '     ><style type=\"text\/css\" data-created_by=\"avia_inline_auto\" id=\"style-css-av-kwkeb6s0-cdf6c33ce9d1313c3be3dfda995b8291\">\n.avia-image-container.av-kwkeb6s0-cdf6c33ce9d1313c3be3dfda995b8291 img.avia_image{\nbox-shadow:none;\n}\n.avia-image-container.av-kwkeb6s0-cdf6c33ce9d1313c3be3dfda995b8291 .av-image-caption-overlay-center{\ncolor:#ffffff;\n}\n<\/style>\n<div  class='avia-image-container av-kwkeb6s0-cdf6c33ce9d1313c3be3dfda995b8291 av-styling- avia-align-center  avia-builder-el-15  avia-builder-el-no-sibling '   itemprop=\"image\" itemscope=\"itemscope\" itemtype=\"https:\/\/schema.org\/ImageObject\" ><div class=\"avia-image-container-inner\"><div class=\"avia-image-overlay-wrap\"><img decoding=\"async\" fetchpriority=\"high\" class='wp-image-5452 avia-img-lazy-loading-not-5452 avia_image ' src=\"https:\/\/www.lafundacion.com\/wp-content\/uploads\/2020\/05\/052-OLENTZERO-DOMINGI-IMG_7401-QUINTAS.jpg\" alt='' title='052 OLENTZERO DOMINGI IMG_7401 QUINTAS'  height=\"533\" width=\"800\"  itemprop=\"thumbnailUrl\" srcset=\"https:\/\/www.lafundacion.com\/wp-content\/uploads\/2020\/05\/052-OLENTZERO-DOMINGI-IMG_7401-QUINTAS.jpg 800w, https:\/\/www.lafundacion.com\/wp-content\/uploads\/2020\/05\/052-OLENTZERO-DOMINGI-IMG_7401-QUINTAS-300x200.jpg 300w, https:\/\/www.lafundacion.com\/wp-content\/uploads\/2020\/05\/052-OLENTZERO-DOMINGI-IMG_7401-QUINTAS-768x512.jpg 768w, https:\/\/www.lafundacion.com\/wp-content\/uploads\/2020\/05\/052-OLENTZERO-DOMINGI-IMG_7401-QUINTAS-705x470.jpg 705w\" sizes=\"(max-width: 800px) 100vw, 800px\" \/><\/div><\/div><\/div><\/div>\n<div  class='flex_column av-15x6ww9-ca8d309334d20386b1d8fb1fdd92e563 av_one_fourth  avia-builder-el-16  el_after_av_one_half  el_before_av_one_fourth  first flex_column_div  column-top-margin'     ><section  class='av_textblock_section av-m3myhnzi-f19b3e2a73ead19163f3db5416d04d87 '   itemscope=\"itemscope\" itemtype=\"https:\/\/schema.org\/BlogPosting\" itemprop=\"blogPost\" ><div class='avia_textblock'  itemprop=\"text\" ><h4 style=\"text-align: center;\"><span style=\"color: #993300;\">Titularrak: Olentzero eta Mari Domingi lekua hartzeko<\/span><\/h4>\n<\/div><\/section><br \/>\n<div  class='avia-button-wrap av-lp9yh9lg-87d0b04552e89606dae011c827adaa91-wrap avia-button-center  avia-builder-el-18  el_after_av_textblock  avia-builder-el-last '><a href='telf:945995161'  class='avia-button av-lp9yh9lg-87d0b04552e89606dae011c827adaa91 av-link-btn avia-icon_select-yes-left-icon avia-size-large avia-position-center avia-color-red'  target=\"_blank\"  rel=\"noopener noreferrer\"  aria-label=\" Titularraren telefonotik deitu 945 99 51 61 zenbakira.\"><span class='avia_button_icon avia_button_icon_left avia-iconfont avia-font-entypo-fontello' data-av_icon='\ue854' data-av_iconfont='entypo-fontello' ><\/span><span class='avia_iconbox_title' > Titularraren telefonotik deitu 945 99 51 61 zenbakira.<\/span><\/a><\/div><\/p><\/div>\n<div  class='flex_column av-tag11l-74e83ec12f5926a9d4063a67df7249dc av_one_fourth  avia-builder-el-19  el_after_av_one_fourth  el_before_av_one_fourth  flex_column_div  column-top-margin'     ><section  class='av_textblock_section av-m3myh3ze-1f826790ed04c8b244fbc2b1d4b7ce87 '   itemscope=\"itemscope\" itemtype=\"https:\/\/schema.org\/BlogPosting\" itemprop=\"blogPost\" ><div class='avia_textblock'  itemprop=\"text\" ><h4 style=\"text-align: center;\"><span style=\"color: #993300;\">Familia ugariek:<br \/>\nOlentzero eta Mari Domingi, eta<\/span><span style=\"color: #993300; font-size: 18px; text-align: center;\"> Errege Magoak<\/span><\/h4>\n<\/div><\/section><br \/>\n<div  class='avia-button-wrap av-lp9ycae2-14b5d2d1349f41586de2fca3503f357b-wrap avia-button-center  avia-builder-el-21  el_after_av_textblock  avia-builder-el-last '><a href='tel:945222900'  class='avia-button av-lp9ycae2-14b5d2d1349f41586de2fca3503f357b av-link-btn avia-icon_select-yes-left-icon avia-size-large avia-position-center avia-color-red'  target=\"_blank\"  rel=\"noopener noreferrer\"  aria-label=\"ERRESERBATU PLAZA FAMILIA UGARIENTZAT 945 22 29 00\"><span class='avia_button_icon avia_button_icon_left avia-iconfont avia-font-entypo-fontello' data-av_icon='\ue854' data-av_iconfont='entypo-fontello' ><\/span><span class='avia_iconbox_title' >ERRESERBATU PLAZA FAMILIA UGARIENTZAT 945 22 29 00<\/span><\/a><\/div><\/p><\/div>\n<div  class='flex_column av-lhqhh0-b4ce458e06b92b549077b50ed4f805c1 av_one_fourth  avia-builder-el-22  el_after_av_one_fourth  el_before_av_one_fourth  flex_column_div  column-top-margin'     ><section  class='av_textblock_section av-m3mzru90-13b79fea15b6d09bd76951ee087f37f9 '   itemscope=\"itemscope\" itemtype=\"https:\/\/schema.org\/BlogPosting\" itemprop=\"blogPost\" ><div class='avia_textblock'  itemprop=\"text\" ><h4 style=\"text-align: center;\"><span style=\"color: #0b43ea;\">Titularrak: Errege Magoen erreserba<\/span><\/h4>\n<\/div><\/section><br \/>\n<div  class='avia-button-wrap av-m3mzsrxh-c33b121f7c576a3f7b16f262516dd51e-wrap avia-button-center  avia-builder-el-24  el_after_av_textblock  avia-builder-el-last '>\n<style type=\"text\/css\" data-created_by=\"avia_inline_auto\" id=\"style-css-av-m3mzsrxh-c33b121f7c576a3f7b16f262516dd51e\">\n#top #wrap_all .avia-button.av-m3mzsrxh-c33b121f7c576a3f7b16f262516dd51e{\nbackground-color:#0b43ea;\nborder-color:#0b43ea;\ncolor:#ffffff;\ntransition:all 0.4s ease-in-out;\n}\n#top #wrap_all .avia-button.av-m3mzsrxh-c33b121f7c576a3f7b16f262516dd51e .avia-svg-icon svg:first-child{\nfill:#ffffff;\nstroke:#ffffff;\n}\n<\/style>\n<a href='tel:945995113'  class='avia-button av-m3mzsrxh-c33b121f7c576a3f7b16f262516dd51e av-link-btn avia-icon_select-yes-left-icon avia-size-large avia-position-center'  target=\"_blank\"  rel=\"noopener noreferrer\"  aria-label=\"ERREGE MAGOAK 945 99 51 13\"><span class='avia_button_icon avia_button_icon_left avia-iconfont avia-font-entypo-fontello' data-av_icon='\ue854' data-av_iconfont='entypo-fontello' ><\/span><span class='avia_iconbox_title' >ERREGE MAGOAK 945 99 51 13<\/span><\/a><\/div><\/p><\/div>\n<div  class='flex_column av-mc5qhg-a2f7c827d84d910ca27d46b75811f3df av_one_fourth  avia-builder-el-25  el_after_av_one_fourth  el_before_av_hr  flex_column_div  column-top-margin'     ><section  class='av_textblock_section av-m3n59i8h-b38169c783ea7b352385d597c1a3faec '   itemscope=\"itemscope\" itemtype=\"https:\/\/schema.org\/BlogPosting\" itemprop=\"blogPost\" ><div class='avia_textblock'  itemprop=\"text\" ><h4 style=\"text-align: center;\"><span style=\"color: #0b43ea;\">Errege Magoen: <\/span><span style=\"color: #0b43ea;\">erreserba <\/span><span style=\"color: #0b43ea;\">titularrentzat\u00a0<\/span><\/h4>\n<\/div><\/section><br \/>\n<div  class='avia-button-wrap av-m3n59qtb-6ab7cfb33ebdb8d86c0d7dd4d737be54-wrap avia-button-center  avia-builder-el-27  el_after_av_textblock  avia-builder-el-last '>\n<style type=\"text\/css\" data-created_by=\"avia_inline_auto\" id=\"style-css-av-m3n59qtb-6ab7cfb33ebdb8d86c0d7dd4d737be54\">\n#top #wrap_all .avia-button.av-m3n59qtb-6ab7cfb33ebdb8d86c0d7dd4d737be54{\nbackground-color:#0b43ea;\nborder-color:#0b43ea;\ncolor:#ffffff;\ntransition:all 0.4s ease-in-out;\n}\n#top #wrap_all .avia-button.av-m3n59qtb-6ab7cfb33ebdb8d86c0d7dd4d737be54 .avia-svg-icon svg:first-child{\nfill:#ffffff;\nstroke:#ffffff;\n}\n<\/style>\n<a href='tel:945995114'  class='avia-button av-m3n59qtb-6ab7cfb33ebdb8d86c0d7dd4d737be54 av-link-btn avia-icon_select-yes-left-icon avia-size-large avia-position-center'  target=\"_blank\"  rel=\"noopener noreferrer\"  aria-label=\"MENDEKO ERREGE MAGOEN ERRESERBA 945 99 51 14\"><span class='avia_button_icon avia_button_icon_left avia-iconfont avia-font-entypo-fontello' data-av_icon='\ue854' data-av_iconfont='entypo-fontello' ><\/span><span class='avia_iconbox_title' >MENDEKO ERREGE MAGOEN ERRESERBA 945 99 51 14<\/span><\/a><\/div><\/p><\/div>\n<div  class='hr av-2ebkkc4-b17cfd94e0a1a200499267ade1303201 hr-default  avia-builder-el-28  el_after_av_one_fourth  el_before_av_one_half '><span class='hr-inner '><span class=\"hr-inner-style\"><\/span><\/span><\/div>\n<div  class='flex_column av-ticrjk-f76bb8ee86ae94be7550bb8529cb7649 av_one_half  avia-builder-el-29  el_after_av_hr  el_before_av_one_half  first flex_column_div  '     ><p><section  class='av_textblock_section av-kwke8v7g-cc532f1d24dc076f09a647d3c8ed2053 '   itemscope=\"itemscope\" itemtype=\"https:\/\/schema.org\/BlogPosting\" itemprop=\"blogPost\" ><div class='avia_textblock'  itemprop=\"text\" ><p><em>*Jakinarazten da ekitaldi hau (nahiz eta bideodeia izan), grabatu ahal izango dela eta\/edo argazkiak ateratzea eta hauetan lortutako irudiak erabili ahal izango direla komunikazio helburuekin. info +<\/em><\/p>\n<p><a href=\"https:\/\/www.lafundacion.com\/eu\/pribatutasun-politika\/\"><em>https:\/\/www.lafundacion.com\/eu\/pribatutasun-politika\/<\/em><\/a><\/p>\n<\/div><\/section><br \/>\n<section  class='av_textblock_section av-lbwcs9cg-7c97425311af43cd313983809d6b2048 '   itemscope=\"itemscope\" itemtype=\"https:\/\/schema.org\/BlogPosting\" itemprop=\"blogPost\" ><div class='avia_textblock'  itemprop=\"text\" ><section class=\"av_textblock_section av-lbwcs9cg-ac2785f92a4b1e14759066f7a65d518a \">\n<div class=\"avia_textblock\">\n<p><strong>OLENTZERO ETA MARI DOMINGI EKITALDIAK:<\/strong><\/p>\n<ul>\n<li>Opera Eraikinean, Fueros 16 kaletik sarrera.<\/li>\n<li>2025ko abenduaren 23an.<\/li>\n<li>Titular bakoitza SMS bidez jasoko du bere ordua ekitaldirako.<\/li>\n<\/ul>\n<\/div>\n<\/section>\n<section class=\"av_textblock_section av-m3mzwq6w-1c880bb91c0feae5fe453ddbe389961d \">\n<div class=\"avia_textblock\"><\/div>\n<\/section>\n<\/div><\/section><br \/>\n<section  class='av_textblock_section av-m3mzwq6w-10f1e075d32d3de3dbc4fe6a3589d52d '   itemscope=\"itemscope\" itemtype=\"https:\/\/schema.org\/BlogPosting\" itemprop=\"blogPost\" ><div class='avia_textblock'  itemprop=\"text\" ><p><strong>ERREGE MAGO EKITALDIAK:<\/strong><\/p>\n<ul>\n<li>Opera Eraikinean, Fueros 16 kaletik sarrera.<\/li>\n<li>2026ko urtarrilaren 2an.<\/li>\n<li>Titular bakoitza SMS bidez jasoko du bere ordua ekitaldirako.<\/li>\n<\/ul>\n<\/div><\/section><\/p><\/div>\n<div  class='flex_column av-160a1e8-76d17a6fca049a86079801b63053a176 av_one_half  avia-builder-el-33  el_after_av_one_half  el_before_av_hr  flex_column_div  '     ><style type=\"text\/css\" data-created_by=\"avia_inline_auto\" id=\"style-css-av-lbwclic6-559442ce77a47459dba30f78167cc12e\">\n.avia-image-container.av-lbwclic6-559442ce77a47459dba30f78167cc12e img.avia_image{\nbox-shadow:none;\n}\n.avia-image-container.av-lbwclic6-559442ce77a47459dba30f78167cc12e .av-image-caption-overlay-center{\ncolor:#ffffff;\n}\n<\/style>\n<div  class='avia-image-container av-lbwclic6-559442ce77a47459dba30f78167cc12e av-styling- avia-align-center  avia-builder-el-34  avia-builder-el-no-sibling '   itemprop=\"image\" itemscope=\"itemscope\" itemtype=\"https:\/\/schema.org\/ImageObject\" ><div class=\"avia-image-container-inner\"><div class=\"avia-image-overlay-wrap\"><img decoding=\"async\" fetchpriority=\"high\" class='wp-image-48520 avia-img-lazy-loading-not-48520 avia_image ' src=\"https:\/\/www.lafundacion.com\/wp-content\/uploads\/2022\/12\/Derechos-imagen-Olentzero-2022.jpg\" alt='' title='Derechos-imagen-Olentzero-2022'  height=\"926\" width=\"750\"  itemprop=\"thumbnailUrl\" srcset=\"https:\/\/www.lafundacion.com\/wp-content\/uploads\/2022\/12\/Derechos-imagen-Olentzero-2022.jpg 750w, https:\/\/www.lafundacion.com\/wp-content\/uploads\/2022\/12\/Derechos-imagen-Olentzero-2022-243x300.jpg 243w, https:\/\/www.lafundacion.com\/wp-content\/uploads\/2022\/12\/Derechos-imagen-Olentzero-2022-571x705.jpg 571w\" sizes=\"(max-width: 750px) 100vw, 750px\" \/><\/div><\/div><\/div><\/div>\n<div  class='hr av-1c5oos4-03103ca6fa045cf029f62724b33c4256 hr-default  avia-builder-el-35  el_after_av_one_half  el_before_av_hr '><span class='hr-inner '><span class=\"hr-inner-style\"><\/span><\/span><\/div>\n<div  class='hr av-1lhrvro-0764e7717523b989968da068741a1349 hr-default  avia-builder-el-36  el_after_av_hr  el_before_av_textblock '><span class='hr-inner '><span class=\"hr-inner-style\"><\/span><\/span><\/div>\n<section  class='av_textblock_section av-kwke9v87-b1bf8f75a3480735f3b56b8e912d6934 '   itemscope=\"itemscope\" itemtype=\"https:\/\/schema.org\/BlogPosting\" itemprop=\"blogPost\" ><div class='avia_textblock'  itemprop=\"text\" ><p><strong>OLENTZERO ETA MARI DOMINGI 2025-26 EKITALDIAREN ENPRESA KOLABORATZAILEA<\/strong><\/p>\n<\/div><\/section>\n<div  class='flex_column av-pm0fro-108121e5fa81b3cfcf7c2cb4a5438f00 av_one_third  avia-builder-el-38  el_after_av_textblock  el_before_av_slideshow_full  avia-builder-el-last  first flex_column_div  column-top-margin'     ><style type=\"text\/css\" data-created_by=\"avia_inline_auto\" id=\"style-css-av-ok0zdg-e7834599700ce2942fae6b1305c1b085\">\n.avia-image-container.av-ok0zdg-e7834599700ce2942fae6b1305c1b085 img.avia_image{\nbox-shadow:none;\n}\n.avia-image-container.av-ok0zdg-e7834599700ce2942fae6b1305c1b085 .av-image-caption-overlay-center{\ncolor:#ffffff;\n}\n<\/style>\n<div  class='avia-image-container av-ok0zdg-e7834599700ce2942fae6b1305c1b085 av-styling- avia-align-center  avia-builder-el-39  avia-builder-el-no-sibling '   itemprop=\"image\" itemscope=\"itemscope\" itemtype=\"https:\/\/schema.org\/ImageObject\" ><div class=\"avia-image-container-inner\"><div class=\"avia-image-overlay-wrap\"><img decoding=\"async\" fetchpriority=\"high\" class='wp-image-26635 avia-img-lazy-loading-not-26635 avia_image ' src=\"https:\/\/www.lafundacion.com\/wp-content\/uploads\/2021\/11\/Edificio-Opera_pequeno-300x27.jpg\" alt='Logo Edificio \u00d3pera' title='Edificio \u00d3pera_peque\u00f1o'  height=\"27\" width=\"300\"  itemprop=\"thumbnailUrl\" srcset=\"https:\/\/www.lafundacion.com\/wp-content\/uploads\/2021\/11\/Edificio-Opera_pequeno-300x27.jpg 300w, https:\/\/www.lafundacion.com\/wp-content\/uploads\/2021\/11\/Edificio-Opera_pequeno-1030x91.jpg 1030w, https:\/\/www.lafundacion.com\/wp-content\/uploads\/2021\/11\/Edificio-Opera_pequeno-768x68.jpg 768w, https:\/\/www.lafundacion.com\/wp-content\/uploads\/2021\/11\/Edificio-Opera_pequeno-705x63.jpg 705w, https:\/\/www.lafundacion.com\/wp-content\/uploads\/2021\/11\/Edificio-Opera_pequeno.jpg 1466w\" sizes=\"(max-width: 300px) 100vw, 300px\" \/><\/div><\/div><\/div><\/div>\n<\/div><\/div><\/div><!-- close content main div --><\/div><\/div><div id='full_slider_2'  class='avia-fullwidth-slider main_color avia-shadow   avia-builder-el-40  el_after_av_one_third  el_before_av_slideshow_full   slider-not-first container_wrap fullsize'  ><\/div>\n<div id='full_slider_3'  class='avia-fullwidth-slider main_color avia-shadow   avia-builder-el-41  el_after_av_slideshow_full  avia-builder-el-last   slider-not-first container_wrap fullsize'  ><\/div>\n","protected":false},"excerpt":{"rendered":"","protected":false},"author":2,"featured_media":185848,"comment_status":"closed","ping_status":"closed","sticky":false,"template":"","format":"standard","meta":{"_acf_changed":false,"footnotes":""},"categories":[93],"tags":[613,606,614,607,478,611,612,605,604,477],"class_list":["post-183400","post","type-post","status-publish","format-standard","has-post-thumbnail","hentry","category-noticias-eu","tag-mari-domingi-gasteiz","tag-mari-domingi-vitoria","tag-olentzero-2022-eu","tag-olentzero-2022","tag-olentzero-eta-mari-domingi","tag-olentzero-gasteiz","tag-olentzero-la-fundacion-eu","tag-olentzero-la-fundacion","tag-olentzero-vitoria","tag-olentzero-y-mari-domingi"],"acf":[],"yoast_head":"<!-- This site is optimized with the Yoast SEO plugin v27.4 - https:\/\/yoast.com\/product\/yoast-seo-wordpress\/ -->\r\n<title>La Fundaci\u00f3n-eko Olentzero, Mari Domingi eta Errege Magoak hemen daude berriro &#187; La Fundaci\u00f3n San Prudencio<\/title>\r\n<meta name=\"description\" content=\"La Fundaci\u00f3n-eko Olentzero, Mari Domingi eta Errege Magoak hemen daude berriro\" \/>\r\n<meta name=\"robots\" content=\"index, follow, max-snippet:-1, max-image-preview:large, max-video-preview:-1\" \/>\r\n<link rel=\"canonical\" href=\"https:\/\/www.lafundacion.com\/eu\/noticias-eu\/olentzero-errege-magoak-la-fundacion-25\/\" \/>\r\n<meta property=\"og:locale\" content=\"eu_ES\" \/>\r\n<meta property=\"og:type\" content=\"article\" \/>\r\n<meta property=\"og:title\" content=\"La Fundaci\u00f3n-eko Olentzero, Mari Domingi eta Errege Magoak hemen daude berriro &#187; La Fundaci\u00f3n San Prudencio\" \/>\r\n<meta property=\"og:description\" content=\"La Fundaci\u00f3n-eko Olentzero, Mari Domingi eta Errege Magoak hemen daude berriro\" \/>\r\n<meta property=\"og:url\" content=\"https:\/\/www.lafundacion.com\/eu\/noticias-eu\/olentzero-errege-magoak-la-fundacion-25\/\" \/>\r\n<meta property=\"og:site_name\" content=\"La Fundaci\u00f3n San Prudencio\" \/>\r\n<meta property=\"article:published_time\" content=\"2025-12-01T08:53:15+00:00\" \/>\r\n<meta property=\"article:modified_time\" content=\"2025-12-04T13:00:34+00:00\" \/>\r\n<meta property=\"og:image\" content=\"https:\/\/www.lafundacion.com\/wp-content\/uploads\/2025\/12\/Olentzero-y-Mari-Domingi-Reyes-Magos-de-La-Fundacion-San-Prudencio-destacado-ES.jpg\" \/>\r\n\t<meta property=\"og:image:width\" content=\"770\" \/>\r\n\t<meta property=\"og:image:height\" content=\"464\" \/>\r\n\t<meta property=\"og:image:type\" content=\"image\/jpeg\" \/>\r\n<meta name=\"author\" content=\"La Fundaci\u00f3n San Prudencio\" \/>\r\n<meta name=\"twitter:card\" content=\"summary_large_image\" \/>\r\n<meta name=\"twitter:label1\" content=\"Written by\" \/>\n\t<meta name=\"twitter:data1\" content=\"La Fundaci\u00f3n San Prudencio\" \/>\n\t<meta name=\"twitter:label2\" content=\"Est. reading time\" \/>\n\t<meta name=\"twitter:data2\" content=\"5 minutes\" \/>\r\n<script type=\"application\/ld+json\" class=\"yoast-schema-graph\">{\"@context\":\"https:\\\/\\\/schema.org\",\"@graph\":[{\"@type\":\"Article\",\"@id\":\"https:\\\/\\\/www.lafundacion.com\\\/eu\\\/noticias-eu\\\/olentzero-errege-magoak-la-fundacion-25\\\/#article\",\"isPartOf\":{\"@id\":\"https:\\\/\\\/www.lafundacion.com\\\/eu\\\/noticias-eu\\\/olentzero-errege-magoak-la-fundacion-25\\\/\"},\"author\":{\"name\":\"La Fundaci\u00f3n San Prudencio\",\"@id\":\"https:\\\/\\\/www.lafundacion.com\\\/#\\\/schema\\\/person\\\/39119d98dad187760c7ba6ffe0d62170\"},\"headline\":\"La Fundaci\u00f3n-eko Olentzero, Mari Domingi eta Errege Magoak hemen daude berriro\",\"datePublished\":\"2025-12-01T08:53:15+00:00\",\"dateModified\":\"2025-12-04T13:00:34+00:00\",\"mainEntityOfPage\":{\"@id\":\"https:\\\/\\\/www.lafundacion.com\\\/eu\\\/noticias-eu\\\/olentzero-errege-magoak-la-fundacion-25\\\/\"},\"wordCount\":7696,\"publisher\":{\"@id\":\"https:\\\/\\\/www.lafundacion.com\\\/#organization\"},\"image\":{\"@id\":\"https:\\\/\\\/www.lafundacion.com\\\/eu\\\/noticias-eu\\\/olentzero-errege-magoak-la-fundacion-25\\\/#primaryimage\"},\"thumbnailUrl\":\"https:\\\/\\\/www.lafundacion.com\\\/wp-content\\\/uploads\\\/2025\\\/12\\\/Olentzero-y-Mari-Domingi-Reyes-Magos-de-La-Fundacion-San-Prudencio-destacado-ES.jpg\",\"keywords\":[\"Mari Domingi Gasteiz\",\"Mari Domingi Vitoria\",\"Olentzero 2022\",\"Olentzero 2022\",\"Olentzero eta Mari Domingi\",\"Olentzero Gasteiz\",\"Olentzero La Fundaci\u00f3n\",\"Olentzero La Fundaci\u00f3n\",\"Olentzero Vitoria\",\"Olentzero y Mari Domingi\"],\"articleSection\":[\"Noticias\"],\"inLanguage\":\"eu-ES\"},{\"@type\":\"WebPage\",\"@id\":\"https:\\\/\\\/www.lafundacion.com\\\/eu\\\/noticias-eu\\\/olentzero-errege-magoak-la-fundacion-25\\\/\",\"url\":\"https:\\\/\\\/www.lafundacion.com\\\/eu\\\/noticias-eu\\\/olentzero-errege-magoak-la-fundacion-25\\\/\",\"name\":\"La Fundaci\u00f3n-eko Olentzero, Mari Domingi eta Errege Magoak hemen daude berriro &#187; La Fundaci\u00f3n San Prudencio\",\"isPartOf\":{\"@id\":\"https:\\\/\\\/www.lafundacion.com\\\/#website\"},\"primaryImageOfPage\":{\"@id\":\"https:\\\/\\\/www.lafundacion.com\\\/eu\\\/noticias-eu\\\/olentzero-errege-magoak-la-fundacion-25\\\/#primaryimage\"},\"image\":{\"@id\":\"https:\\\/\\\/www.lafundacion.com\\\/eu\\\/noticias-eu\\\/olentzero-errege-magoak-la-fundacion-25\\\/#primaryimage\"},\"thumbnailUrl\":\"https:\\\/\\\/www.lafundacion.com\\\/wp-content\\\/uploads\\\/2025\\\/12\\\/Olentzero-y-Mari-Domingi-Reyes-Magos-de-La-Fundacion-San-Prudencio-destacado-ES.jpg\",\"datePublished\":\"2025-12-01T08:53:15+00:00\",\"dateModified\":\"2025-12-04T13:00:34+00:00\",\"description\":\"La Fundaci\u00f3n-eko Olentzero, Mari Domingi eta Errege Magoak hemen daude berriro\",\"breadcrumb\":{\"@id\":\"https:\\\/\\\/www.lafundacion.com\\\/eu\\\/noticias-eu\\\/olentzero-errege-magoak-la-fundacion-25\\\/#breadcrumb\"},\"inLanguage\":\"eu-ES\",\"potentialAction\":[{\"@type\":\"ReadAction\",\"target\":[\"https:\\\/\\\/www.lafundacion.com\\\/eu\\\/noticias-eu\\\/olentzero-errege-magoak-la-fundacion-25\\\/\"]}]},{\"@type\":\"ImageObject\",\"inLanguage\":\"eu-ES\",\"@id\":\"https:\\\/\\\/www.lafundacion.com\\\/eu\\\/noticias-eu\\\/olentzero-errege-magoak-la-fundacion-25\\\/#primaryimage\",\"url\":\"https:\\\/\\\/www.lafundacion.com\\\/wp-content\\\/uploads\\\/2025\\\/12\\\/Olentzero-y-Mari-Domingi-Reyes-Magos-de-La-Fundacion-San-Prudencio-destacado-ES.jpg\",\"contentUrl\":\"https:\\\/\\\/www.lafundacion.com\\\/wp-content\\\/uploads\\\/2025\\\/12\\\/Olentzero-y-Mari-Domingi-Reyes-Magos-de-La-Fundacion-San-Prudencio-destacado-ES.jpg\",\"width\":770,\"height\":464},{\"@type\":\"BreadcrumbList\",\"@id\":\"https:\\\/\\\/www.lafundacion.com\\\/eu\\\/noticias-eu\\\/olentzero-errege-magoak-la-fundacion-25\\\/#breadcrumb\",\"itemListElement\":[{\"@type\":\"ListItem\",\"position\":1,\"name\":\"Portada\",\"item\":\"https:\\\/\\\/www.lafundacion.com\\\/eu\\\/hasiera\\\/\"},{\"@type\":\"ListItem\",\"position\":2,\"name\":\"La Fundaci\u00f3n-eko Olentzero, Mari Domingi eta Errege Magoak hemen daude berriro\"}]},{\"@type\":\"WebSite\",\"@id\":\"https:\\\/\\\/www.lafundacion.com\\\/#website\",\"url\":\"https:\\\/\\\/www.lafundacion.com\\\/\",\"name\":\"La Fundaci\u00f3n San Prudencio\",\"description\":\"La Fundaci\u00f3n Laboral San Prudencio en Vitoria-Gasteiz\",\"publisher\":{\"@id\":\"https:\\\/\\\/www.lafundacion.com\\\/#organization\"},\"potentialAction\":[{\"@type\":\"SearchAction\",\"target\":{\"@type\":\"EntryPoint\",\"urlTemplate\":\"https:\\\/\\\/www.lafundacion.com\\\/?s={search_term_string}\"},\"query-input\":{\"@type\":\"PropertyValueSpecification\",\"valueRequired\":true,\"valueName\":\"search_term_string\"}}],\"inLanguage\":\"eu-ES\"},{\"@type\":\"Organization\",\"@id\":\"https:\\\/\\\/www.lafundacion.com\\\/#organization\",\"name\":\"La Fundaci\u00f3n San Prudencio\",\"url\":\"https:\\\/\\\/www.lafundacion.com\\\/\",\"logo\":{\"@type\":\"ImageObject\",\"inLanguage\":\"eu-ES\",\"@id\":\"https:\\\/\\\/www.lafundacion.com\\\/#\\\/schema\\\/logo\\\/image\\\/\",\"url\":\"https:\\\/\\\/www.lafundacion.com\\\/wp-content\\\/uploads\\\/2020\\\/03\\\/logo-la-fundacion.png\",\"contentUrl\":\"https:\\\/\\\/www.lafundacion.com\\\/wp-content\\\/uploads\\\/2020\\\/03\\\/logo-la-fundacion.png\",\"width\":323,\"height\":129,\"caption\":\"La Fundaci\u00f3n San Prudencio\"},\"image\":{\"@id\":\"https:\\\/\\\/www.lafundacion.com\\\/#\\\/schema\\\/logo\\\/image\\\/\"}},{\"@type\":\"Person\",\"@id\":\"https:\\\/\\\/www.lafundacion.com\\\/#\\\/schema\\\/person\\\/39119d98dad187760c7ba6ffe0d62170\",\"name\":\"La Fundaci\u00f3n San Prudencio\",\"image\":{\"@type\":\"ImageObject\",\"inLanguage\":\"eu-ES\",\"@id\":\"https:\\\/\\\/secure.gravatar.com\\\/avatar\\\/0c3b0b5573637a9c53bbefa7ba0c7deb19d94f60a43f46e0300cd05fc3625862?s=96&d=mm&r=g\",\"url\":\"https:\\\/\\\/secure.gravatar.com\\\/avatar\\\/0c3b0b5573637a9c53bbefa7ba0c7deb19d94f60a43f46e0300cd05fc3625862?s=96&d=mm&r=g\",\"contentUrl\":\"https:\\\/\\\/secure.gravatar.com\\\/avatar\\\/0c3b0b5573637a9c53bbefa7ba0c7deb19d94f60a43f46e0300cd05fc3625862?s=96&d=mm&r=g\",\"caption\":\"La Fundaci\u00f3n San Prudencio\"}}]}<\/script>\r\n<!-- \/ Yoast SEO plugin. -->","yoast_head_json":{"title":"La Fundaci\u00f3n-eko Olentzero, Mari Domingi eta Errege Magoak hemen daude berriro &#187; La Fundaci\u00f3n San Prudencio","description":"La Fundaci\u00f3n-eko Olentzero, Mari Domingi eta Errege Magoak hemen daude berriro","robots":{"index":"index","follow":"follow","max-snippet":"max-snippet:-1","max-image-preview":"max-image-preview:large","max-video-preview":"max-video-preview:-1"},"canonical":"https:\/\/www.lafundacion.com\/eu\/noticias-eu\/olentzero-errege-magoak-la-fundacion-25\/","og_locale":"eu_ES","og_type":"article","og_title":"La Fundaci\u00f3n-eko Olentzero, Mari Domingi eta Errege Magoak hemen daude berriro &#187; La Fundaci\u00f3n San Prudencio","og_description":"La Fundaci\u00f3n-eko Olentzero, Mari Domingi eta Errege Magoak hemen daude berriro","og_url":"https:\/\/www.lafundacion.com\/eu\/noticias-eu\/olentzero-errege-magoak-la-fundacion-25\/","og_site_name":"La Fundaci\u00f3n San Prudencio","article_published_time":"2025-12-01T08:53:15+00:00","article_modified_time":"2025-12-04T13:00:34+00:00","og_image":[{"width":770,"height":464,"url":"https:\/\/www.lafundacion.com\/wp-content\/uploads\/2025\/12\/Olentzero-y-Mari-Domingi-Reyes-Magos-de-La-Fundacion-San-Prudencio-destacado-ES.jpg","type":"image\/jpeg"}],"author":"La Fundaci\u00f3n San Prudencio","twitter_card":"summary_large_image","twitter_misc":{"Written by":"La Fundaci\u00f3n San Prudencio","Est. reading time":"5 minutes"},"schema":{"@context":"https:\/\/schema.org","@graph":[{"@type":"Article","@id":"https:\/\/www.lafundacion.com\/eu\/noticias-eu\/olentzero-errege-magoak-la-fundacion-25\/#article","isPartOf":{"@id":"https:\/\/www.lafundacion.com\/eu\/noticias-eu\/olentzero-errege-magoak-la-fundacion-25\/"},"author":{"name":"La Fundaci\u00f3n San Prudencio","@id":"https:\/\/www.lafundacion.com\/#\/schema\/person\/39119d98dad187760c7ba6ffe0d62170"},"headline":"La Fundaci\u00f3n-eko Olentzero, Mari Domingi eta Errege Magoak hemen daude berriro","datePublished":"2025-12-01T08:53:15+00:00","dateModified":"2025-12-04T13:00:34+00:00","mainEntityOfPage":{"@id":"https:\/\/www.lafundacion.com\/eu\/noticias-eu\/olentzero-errege-magoak-la-fundacion-25\/"},"wordCount":7696,"publisher":{"@id":"https:\/\/www.lafundacion.com\/#organization"},"image":{"@id":"https:\/\/www.lafundacion.com\/eu\/noticias-eu\/olentzero-errege-magoak-la-fundacion-25\/#primaryimage"},"thumbnailUrl":"https:\/\/www.lafundacion.com\/wp-content\/uploads\/2025\/12\/Olentzero-y-Mari-Domingi-Reyes-Magos-de-La-Fundacion-San-Prudencio-destacado-ES.jpg","keywords":["Mari Domingi Gasteiz","Mari Domingi Vitoria","Olentzero 2022","Olentzero 2022","Olentzero eta Mari Domingi","Olentzero Gasteiz","Olentzero La Fundaci\u00f3n","Olentzero La Fundaci\u00f3n","Olentzero Vitoria","Olentzero y Mari Domingi"],"articleSection":["Noticias"],"inLanguage":"eu-ES"},{"@type":"WebPage","@id":"https:\/\/www.lafundacion.com\/eu\/noticias-eu\/olentzero-errege-magoak-la-fundacion-25\/","url":"https:\/\/www.lafundacion.com\/eu\/noticias-eu\/olentzero-errege-magoak-la-fundacion-25\/","name":"La Fundaci\u00f3n-eko Olentzero, Mari Domingi eta Errege Magoak hemen daude berriro &#187; La Fundaci\u00f3n San Prudencio","isPartOf":{"@id":"https:\/\/www.lafundacion.com\/#website"},"primaryImageOfPage":{"@id":"https:\/\/www.lafundacion.com\/eu\/noticias-eu\/olentzero-errege-magoak-la-fundacion-25\/#primaryimage"},"image":{"@id":"https:\/\/www.lafundacion.com\/eu\/noticias-eu\/olentzero-errege-magoak-la-fundacion-25\/#primaryimage"},"thumbnailUrl":"https:\/\/www.lafundacion.com\/wp-content\/uploads\/2025\/12\/Olentzero-y-Mari-Domingi-Reyes-Magos-de-La-Fundacion-San-Prudencio-destacado-ES.jpg","datePublished":"2025-12-01T08:53:15+00:00","dateModified":"2025-12-04T13:00:34+00:00","description":"La Fundaci\u00f3n-eko Olentzero, Mari Domingi eta Errege Magoak hemen daude berriro","breadcrumb":{"@id":"https:\/\/www.lafundacion.com\/eu\/noticias-eu\/olentzero-errege-magoak-la-fundacion-25\/#breadcrumb"},"inLanguage":"eu-ES","potentialAction":[{"@type":"ReadAction","target":["https:\/\/www.lafundacion.com\/eu\/noticias-eu\/olentzero-errege-magoak-la-fundacion-25\/"]}]},{"@type":"ImageObject","inLanguage":"eu-ES","@id":"https:\/\/www.lafundacion.com\/eu\/noticias-eu\/olentzero-errege-magoak-la-fundacion-25\/#primaryimage","url":"https:\/\/www.lafundacion.com\/wp-content\/uploads\/2025\/12\/Olentzero-y-Mari-Domingi-Reyes-Magos-de-La-Fundacion-San-Prudencio-destacado-ES.jpg","contentUrl":"https:\/\/www.lafundacion.com\/wp-content\/uploads\/2025\/12\/Olentzero-y-Mari-Domingi-Reyes-Magos-de-La-Fundacion-San-Prudencio-destacado-ES.jpg","width":770,"height":464},{"@type":"BreadcrumbList","@id":"https:\/\/www.lafundacion.com\/eu\/noticias-eu\/olentzero-errege-magoak-la-fundacion-25\/#breadcrumb","itemListElement":[{"@type":"ListItem","position":1,"name":"Portada","item":"https:\/\/www.lafundacion.com\/eu\/hasiera\/"},{"@type":"ListItem","position":2,"name":"La Fundaci\u00f3n-eko Olentzero, Mari Domingi eta Errege Magoak hemen daude berriro"}]},{"@type":"WebSite","@id":"https:\/\/www.lafundacion.com\/#website","url":"https:\/\/www.lafundacion.com\/","name":"La Fundaci\u00f3n San Prudencio","description":"La Fundaci\u00f3n Laboral San Prudencio en Vitoria-Gasteiz","publisher":{"@id":"https:\/\/www.lafundacion.com\/#organization"},"potentialAction":[{"@type":"SearchAction","target":{"@type":"EntryPoint","urlTemplate":"https:\/\/www.lafundacion.com\/?s={search_term_string}"},"query-input":{"@type":"PropertyValueSpecification","valueRequired":true,"valueName":"search_term_string"}}],"inLanguage":"eu-ES"},{"@type":"Organization","@id":"https:\/\/www.lafundacion.com\/#organization","name":"La Fundaci\u00f3n San Prudencio","url":"https:\/\/www.lafundacion.com\/","logo":{"@type":"ImageObject","inLanguage":"eu-ES","@id":"https:\/\/www.lafundacion.com\/#\/schema\/logo\/image\/","url":"https:\/\/www.lafundacion.com\/wp-content\/uploads\/2020\/03\/logo-la-fundacion.png","contentUrl":"https:\/\/www.lafundacion.com\/wp-content\/uploads\/2020\/03\/logo-la-fundacion.png","width":323,"height":129,"caption":"La Fundaci\u00f3n San Prudencio"},"image":{"@id":"https:\/\/www.lafundacion.com\/#\/schema\/logo\/image\/"}},{"@type":"Person","@id":"https:\/\/www.lafundacion.com\/#\/schema\/person\/39119d98dad187760c7ba6ffe0d62170","name":"La Fundaci\u00f3n San Prudencio","image":{"@type":"ImageObject","inLanguage":"eu-ES","@id":"https:\/\/secure.gravatar.com\/avatar\/0c3b0b5573637a9c53bbefa7ba0c7deb19d94f60a43f46e0300cd05fc3625862?s=96&d=mm&r=g","url":"https:\/\/secure.gravatar.com\/avatar\/0c3b0b5573637a9c53bbefa7ba0c7deb19d94f60a43f46e0300cd05fc3625862?s=96&d=mm&r=g","contentUrl":"https:\/\/secure.gravatar.com\/avatar\/0c3b0b5573637a9c53bbefa7ba0c7deb19d94f60a43f46e0300cd05fc3625862?s=96&d=mm&r=g","caption":"La Fundaci\u00f3n San Prudencio"}}]}},"_links":{"self":[{"href":"https:\/\/www.lafundacion.com\/eu\/wp-json\/wp\/v2\/posts\/183400","targetHints":{"allow":["GET"]}}],"collection":[{"href":"https:\/\/www.lafundacion.com\/eu\/wp-json\/wp\/v2\/posts"}],"about":[{"href":"https:\/\/www.lafundacion.com\/eu\/wp-json\/wp\/v2\/types\/post"}],"author":[{"embeddable":true,"href":"https:\/\/www.lafundacion.com\/eu\/wp-json\/wp\/v2\/users\/2"}],"replies":[{"embeddable":true,"href":"https:\/\/www.lafundacion.com\/eu\/wp-json\/wp\/v2\/comments?post=183400"}],"version-history":[{"count":17,"href":"https:\/\/www.lafundacion.com\/eu\/wp-json\/wp\/v2\/posts\/183400\/revisions"}],"predecessor-version":[{"id":185969,"href":"https:\/\/www.lafundacion.com\/eu\/wp-json\/wp\/v2\/posts\/183400\/revisions\/185969"}],"wp:featuredmedia":[{"embeddable":true,"href":"https:\/\/www.lafundacion.com\/eu\/wp-json\/wp\/v2\/media\/185848"}],"wp:attachment":[{"href":"https:\/\/www.lafundacion.com\/eu\/wp-json\/wp\/v2\/media?parent=183400"}],"wp:term":[{"taxonomy":"category","embeddable":true,"href":"https:\/\/www.lafundacion.com\/eu\/wp-json\/wp\/v2\/categories?post=183400"},{"taxonomy":"post_tag","embeddable":true,"href":"https:\/\/www.lafundacion.com\/eu\/wp-json\/wp\/v2\/tags?post=183400"}],"curies":[{"name":"wp","href":"https:\/\/api.w.org\/{rel}","templated":true}]}}