{"id":13941,"date":"2020-09-07T13:47:24","date_gmt":"2020-09-07T11:47:24","guid":{"rendered":"https:\/\/www.lafundacion.com\/uncategorized-eu\/mekifasa-implanta-con-exito-la-norma-iso-45001\/"},"modified":"2021-09-03T08:34:14","modified_gmt":"2021-09-03T06:34:14","slug":"mekifasa-implanta-con-exito-la-norma-iso-45001","status":"publish","type":"post","link":"https:\/\/www.lafundacion.com\/eu\/blog-eu\/mekifasa-implanta-con-exito-la-norma-iso-45001\/","title":{"rendered":"MEKIFASA implanta con \u00e9xito la norma ISO 45001"},"content":{"rendered":"\n<style type=\"text\/css\" data-created_by=\"avia_inline_auto\" id=\"style-css-av-5wco1m-33668bc0aee728e67d90632532645888\">\n.flex_column.av-5wco1m-33668bc0aee728e67d90632532645888{\nborder-radius:0px 0px 0px 0px;\npadding:0px 0px 0px 0px;\n}\n<\/style>\n<div  class='flex_column av-5wco1m-33668bc0aee728e67d90632532645888 av_one_full  avia-builder-el-0  el_before_av_textblock  avia-builder-el-first  first flex_column_div av-zero-column-padding  '     ><style type=\"text\/css\" data-created_by=\"avia_inline_auto\" id=\"style-css-av-kesfuwoz-7aee3c3871eb0a7036ca0a8975c44195\">\n.avia-image-container.av-kesfuwoz-7aee3c3871eb0a7036ca0a8975c44195 img.avia_image{\nbox-shadow:none;\n}\n.avia-image-container.av-kesfuwoz-7aee3c3871eb0a7036ca0a8975c44195 .av-image-caption-overlay-center{\ncolor:#ffffff;\n}\n<\/style>\n<div  class='avia-image-container av-kesfuwoz-7aee3c3871eb0a7036ca0a8975c44195 av-styling- avia-align-center  avia-builder-el-1  avia-builder-el-no-sibling '   itemprop=\"image\" itemscope=\"itemscope\" itemtype=\"https:\/\/schema.org\/ImageObject\" ><div class=\"avia-image-container-inner\"><div class=\"avia-image-overlay-wrap\"><img decoding=\"async\" fetchpriority=\"high\" class='wp-image-9630 avia-img-lazy-loading-not-9630 avia_image ' src=\"https:\/\/www.lafundacion.com\/wp-content\/uploads\/2020\/09\/Mekifasa-1449x630.jpg\" alt='Mekifasa implanta la ISO 45001 con La Fundaci\u00f3n' title='Mekifasa'  height=\"630\" width=\"1449\"  itemprop=\"thumbnailUrl\"  \/><\/div><\/div><\/div><\/div><section  class='av_textblock_section av-kesg0uxy-29d86f9338b64e81cf8a115df50e61c6 '   itemscope=\"itemscope\" itemtype=\"https:\/\/schema.org\/BlogPosting\" itemprop=\"blogPost\" ><div class='avia_textblock'  itemprop=\"text\" ><h2>En La Fundaci\u00f3n San Prudencio optamos por certificar nuestro sistema de gesti\u00f3n en base a la ISO 45001 en el a\u00f1o 2019, puesto que creemos que es la oportunidad real de integrar la Prevenci\u00f3n de Riesgos Laborales en los procesos generales y estrat\u00e9gicos de cualquier organizaci\u00f3n.<\/h2>\n<p>Este camino que nos ha llevado a la certificaci\u00f3n del sistema de gesti\u00f3n mencionado, tambi\u00e9n ha sido recorrido por otras empresas de La Fundaci\u00f3n San Prudencio. Una de ellas es MEKIFASA, que escribiendo una p\u00e1gina m\u00e1s en su compromiso con la Seguridad y Salud en el Trabajo, ha logrado realizar con \u00e9xito la transici\u00f3n desde el sistema de gesti\u00f3n OHSAS (certificado desde el a\u00f1o 2014) a la nueva norma ISO 45001.<\/p>\n<p>MEKIFASA, cuyo alcance en materia de gesti\u00f3n se adscribe a los trabajos de ingenier\u00eda mec\u00e1nica centrada en la mecanizaci\u00f3n de utillaje para prensas y componente de m\u00e1quina-herramienta, logra de esta manera certificar de manera integrada los sistemas de calidad, medio ambiente y prevenci\u00f3n conforme a las \u00faltimas versiones de normas vigentes.<\/p>\n<p>Este nuevo hito en la larga historia que relaciona a MEKIFASA con los sistemas de gesti\u00f3n, se ha logrado contando con nuestro servicio de asesoramiento en materia de transici\u00f3n a la nueva norma ISO 45001. Ha sido una experiencia en la que hemos podido comprobar, una vez m\u00e1s, como una de las <a href=\"http:\/\/www.lafundacion.com\/quienes-somos\/empresas-asociadas\/\" target=\"_blank\" rel=\"noopener\">empresas de La Fundaci\u00f3n<\/a> se compromete al 100% con la mejora continua, cubriendo al m\u00e1ximo las expectativas identificadas en la relaci\u00f3n con sus partes interesadas.<\/p>\n<p>Con la garant\u00eda de lo satisfactorio de esta experiencia, os animamos a cualquier tipo de organizaci\u00f3n a seguir el mismo camino de compromiso con la mejora continua en materia de Seguridad y Salud en el Trabajo que defiende MEKIFASA en su modelo de gesti\u00f3n. Y lo hacemos porque los beneficios obtenidos son evidentes:<\/p>\n<p>\u2022 Asentar la cultura de la <a href=\"http:\/\/www.lafundacion.com\/empresas\/prevencion-riesgos-laborales\/\" target=\"_blank\" rel=\"noopener\">prevenci\u00f3n en la empresa<\/a>.<br \/>\n\u2022 Satisfacer las expectativas de los grupos de inter\u00e9s, mejorando la imagen de la organizaci\u00f3n.<br \/>\n\u2022 Coherencia con el resto de <a href=\"http:\/\/www.lafundacion.com\/empresas\/sistemas-gestion-calidad-prevencion-riesgos-laborales\/\" target=\"_blank\" rel=\"noopener\">sistemas de gesti\u00f3n<\/a> implantados, con la posibilidad de integrarlos, aprovechando la misma estructura com\u00fan.<br \/>\n\u2022 Factor diferencial con la competencia en materia de Seguridad y Salud en el Trabajo.<\/p>\n<p>Adem\u00e1s, aprovechamos para recordar a aquellas organizaciones que ya poseen un sistema de gesti\u00f3n certificado en base a la Norma OHSAS 18001 que tengan en cuenta que el 30 de septiembre de 2021 finaliza el plazo de validez de los mismos, por lo que es imperativo haber realizado la transici\u00f3n a la nueva norma ISO 45001.<\/p>\n<p>Te ofrecemos asesoramiento en la transici\u00f3n a la nueva norma ISO 45001. Solicita m\u00e1s informaci\u00f3n con un asesor enviando un email a: <a href=\"mailto:info@lafundacion.com\" target=\"_blank\" rel=\"noopener\">info@lafundacion.com<\/a><\/p>\n<\/div><\/section><\/p>\n<div  class='avia-button-wrap av-kesfz1gl-b56da83e290d2dc3c8d32bbc235bbf7e-wrap avia-button-center  avia-builder-el-3  el_after_av_textblock  el_before_av_one_full '><a href='https:\/\/www.lafundacion.com\/empresas\/sistemas-gestion-calidad-prevencion-riesgos-laborales\/'  class='avia-button av-kesfz1gl-b56da83e290d2dc3c8d32bbc235bbf7e av-link-btn avia-icon_select-no avia-size-small avia-position-center avia-color-theme-color'   aria-label=\"M\u00e1s informaci\u00f3n del servicio\"><span class='avia_iconbox_title' >M\u00e1s informaci\u00f3n del servicio<\/span><\/a><\/div>\n\n<style type=\"text\/css\" data-created_by=\"avia_inline_auto\" id=\"style-css-av-45g7ze-8f467ed0ee2fc9e22230839bacbf2aae\">\n.flex_column.av-45g7ze-8f467ed0ee2fc9e22230839bacbf2aae{\nborder-radius:0px 0px 0px 0px;\npadding:0px 0px 0px 0px;\n}\n<\/style>\n<div  class='flex_column av-45g7ze-8f467ed0ee2fc9e22230839bacbf2aae av_one_full  avia-builder-el-4  el_after_av_button  avia-builder-el-last  first flex_column_div av-zero-column-padding  '     ><div  class='av-social-sharing-box av-1ujea2-0d52618c2bac49e7298f8eaf29fa3fe3 av-social-sharing-box-default  avia-builder-el-5  avia-builder-el-no-sibling  av-social-sharing-box-fullwidth'><div class=\"av-share-box\"><h5 class='av-share-link-description av-no-toc '>Compartir esta entrada<\/h5><ul class=\"av-share-box-list noLightbox\"><li class='av-share-link av-social-link-facebook avia_social_iconfont' ><a target=\"_blank\" aria-label=\"Share on Facebook\" href='https:\/\/www.facebook.com\/sharer.php?u=https:\/\/www.lafundacion.com\/eu\/blog-eu\/mekifasa-implanta-con-exito-la-norma-iso-45001\/&#038;t=MEKIFASA%20implanta%20con%20%C3%A9xito%20la%20norma%20ISO%2045001' data-av_icon='\ue8f3' data-av_iconfont='entypo-fontello'  title='' data-avia-related-tooltip='Share on Facebook'><span class='avia_hidden_link_text'>Share on Facebook<\/span><\/a><\/li><li class='av-share-link av-social-link-twitter avia_social_iconfont' ><a target=\"_blank\" aria-label=\"Share on X\" href='https:\/\/twitter.com\/share?text=MEKIFASA%20implanta%20con%20%C3%A9xito%20la%20norma%20ISO%2045001&#038;url=https:\/\/www.lafundacion.com\/eu\/?p=13941' data-av_icon='\ue932' data-av_iconfont='entypo-fontello'  title='' data-avia-related-tooltip='Share on X'><span class='avia_hidden_link_text'>Share on X<\/span><\/a><\/li><li class='av-share-link av-social-link-whatsapp avia_social_iconfont' ><a target=\"_blank\" aria-label=\"Share on WhatsApp\" href='https:\/\/api.whatsapp.com\/send?text=https:\/\/www.lafundacion.com\/eu\/blog-eu\/mekifasa-implanta-con-exito-la-norma-iso-45001\/' data-av_icon='\uf232' data-av_iconfont='entypo-fontello'  title='' data-avia-related-tooltip='Share on WhatsApp'><span class='avia_hidden_link_text'>Share on WhatsApp<\/span><\/a><\/li><li class='av-share-link av-social-link-pinterest avia_social_iconfont' ><a target=\"_blank\" aria-label=\"Share on Pinterest\" href='https:\/\/pinterest.com\/pin\/create\/button\/?url=https%3A%2F%2Fwww.lafundacion.com%2Feu%2Fblog-eu%2Fmekifasa-implanta-con-exito-la-norma-iso-45001%2F&#038;description=MEKIFASA%20implanta%20con%20%C3%A9xito%20la%20norma%20ISO%2045001&#038;media=https%3A%2F%2Fwww.lafundacion.com%2Fwp-content%2Fuploads%2F2020%2F09%2FMekifasa-705x519.jpg' data-av_icon='\ue8f8' data-av_iconfont='entypo-fontello'  title='' data-avia-related-tooltip='Share on Pinterest'><span class='avia_hidden_link_text'>Share on Pinterest<\/span><\/a><\/li><li class='av-share-link av-social-link-linkedin avia_social_iconfont' ><a target=\"_blank\" aria-label=\"Share on LinkedIn\" href='https:\/\/linkedin.com\/shareArticle?mini=true&#038;title=MEKIFASA%20implanta%20con%20%C3%A9xito%20la%20norma%20ISO%2045001&#038;url=https:\/\/www.lafundacion.com\/eu\/blog-eu\/mekifasa-implanta-con-exito-la-norma-iso-45001\/' data-av_icon='\ue8fc' data-av_iconfont='entypo-fontello'  title='' data-avia-related-tooltip='Share on LinkedIn'><span class='avia_hidden_link_text'>Share on LinkedIn<\/span><\/a><\/li><li class='av-share-link av-social-link-tumblr avia_social_iconfont' ><a target=\"_blank\" aria-label=\"Share on Tumblr\" href='https:\/\/www.tumblr.com\/share\/link?url=https%3A%2F%2Fwww.lafundacion.com%2Feu%2Fblog-eu%2Fmekifasa-implanta-con-exito-la-norma-iso-45001%2F&#038;name=MEKIFASA%20implanta%20con%20%C3%A9xito%20la%20norma%20ISO%2045001&#038;description=' data-av_icon='\ue8fa' data-av_iconfont='entypo-fontello'  title='' data-avia-related-tooltip='Share on Tumblr'><span class='avia_hidden_link_text'>Share on Tumblr<\/span><\/a><\/li><li class='av-share-link av-social-link-vk avia_social_iconfont' ><a target=\"_blank\" aria-label=\"Share on Vk\" href='https:\/\/vk.com\/share.php?url=https:\/\/www.lafundacion.com\/eu\/blog-eu\/mekifasa-implanta-con-exito-la-norma-iso-45001\/' data-av_icon='\ue926' data-av_iconfont='entypo-fontello'  title='' data-avia-related-tooltip='Share on Vk'><span class='avia_hidden_link_text'>Share on Vk<\/span><\/a><\/li><li class='av-share-link av-social-link-reddit avia_social_iconfont' ><a target=\"_blank\" aria-label=\"Share on Reddit\" href='https:\/\/reddit.com\/submit?url=https:\/\/www.lafundacion.com\/eu\/blog-eu\/mekifasa-implanta-con-exito-la-norma-iso-45001\/&#038;title=MEKIFASA%20implanta%20con%20%C3%A9xito%20la%20norma%20ISO%2045001' data-av_icon='\ue927' data-av_iconfont='entypo-fontello'  title='' data-avia-related-tooltip='Share on Reddit'><span class='avia_hidden_link_text'>Share on Reddit<\/span><\/a><\/li><li class='av-share-link av-social-link-mail avia_social_iconfont' ><a  aria-label=\"Share by Mail\" href='mailto:?subject=MEKIFASA%20implanta%20con%20%C3%A9xito%20la%20norma%20ISO%2045001&#038;body=https:\/\/www.lafundacion.com\/eu\/blog-eu\/mekifasa-implanta-con-exito-la-norma-iso-45001\/' data-av_icon='\ue805' data-av_iconfont='entypo-fontello'  title='' data-avia-related-tooltip='Share by Mail'><span class='avia_hidden_link_text'>Share by Mail<\/span><\/a><\/li><\/ul><\/div><\/div><\/div>\n","protected":false},"excerpt":{"rendered":"","protected":false},"author":2,"featured_media":9630,"comment_status":"closed","ping_status":"closed","sticky":false,"template":"","format":"standard","meta":{"_acf_changed":false,"footnotes":""},"categories":[97],"tags":[338,100,339,340,341,342],"class_list":["post-13941","post","type-post","status-publish","format-standard","has-post-thumbnail","hentry","category-blog-eu","tag-consultoria-empresas-vitoria-eu","tag-empresas-alava-eu","tag-implantacion-sistema-gestion-vitoria-eu","tag-implantar-iso-45001-eu","tag-iso-45001-eu","tag-sistemas-gestion-la-fundacion-san-prudencio-eu"],"acf":[],"yoast_head":"<!-- This site is optimized with the Yoast SEO plugin v27.5 - https:\/\/yoast.com\/product\/yoast-seo-wordpress\/ -->\r\n<title>MEKIFASA implanta con \u00e9xito la norma ISO 45001 &#187; La Fundaci\u00f3n San Prudencio<\/title>\r\n<meta name=\"description\" content=\"Mekifasa ha realizado con \u00e9xito la transici\u00f3n desde el sistema de gesti\u00f3n OHSAS a la norma ISO 45001 con La Fundaci\u00f3n San Prudencio.\" \/>\r\n<meta name=\"robots\" content=\"index, follow, max-snippet:-1, max-image-preview:large, max-video-preview:-1\" \/>\r\n<link rel=\"canonical\" href=\"https:\/\/www.lafundacion.com\/eu\/blog-eu\/mekifasa-implanta-con-exito-la-norma-iso-45001\/\" \/>\r\n<meta property=\"og:locale\" content=\"eu_ES\" \/>\r\n<meta property=\"og:type\" content=\"article\" \/>\r\n<meta property=\"og:title\" content=\"MEKIFASA implanta con \u00e9xito la norma ISO 45001 &#187; La Fundaci\u00f3n San Prudencio\" \/>\r\n<meta property=\"og:description\" content=\"Mekifasa ha realizado con \u00e9xito la transici\u00f3n desde el sistema de gesti\u00f3n OHSAS a la norma ISO 45001 con La Fundaci\u00f3n San Prudencio.\" \/>\r\n<meta property=\"og:url\" content=\"https:\/\/www.lafundacion.com\/eu\/blog-eu\/mekifasa-implanta-con-exito-la-norma-iso-45001\/\" \/>\r\n<meta property=\"og:site_name\" content=\"La Fundaci\u00f3n San Prudencio\" \/>\r\n<meta property=\"article:published_time\" content=\"2020-09-07T11:47:24+00:00\" \/>\r\n<meta property=\"article:modified_time\" content=\"2021-09-03T06:34:14+00:00\" \/>\r\n<meta property=\"og:image\" content=\"https:\/\/www.lafundacion.com\/wp-content\/uploads\/2020\/09\/Mekifasa.jpg\" \/>\r\n\t<meta property=\"og:image:width\" content=\"1449\" \/>\r\n\t<meta property=\"og:image:height\" content=\"1067\" \/>\r\n\t<meta property=\"og:image:type\" content=\"image\/jpeg\" \/>\r\n<meta name=\"author\" content=\"La Fundaci\u00f3n San Prudencio\" \/>\r\n<meta name=\"twitter:card\" content=\"summary_large_image\" \/>\r\n<meta name=\"twitter:label1\" content=\"Written by\" \/>\n\t<meta name=\"twitter:data1\" content=\"La Fundaci\u00f3n San Prudencio\" \/>\n\t<meta name=\"twitter:label2\" content=\"Est. reading time\" \/>\n\t<meta name=\"twitter:data2\" content=\"5 minutes\" \/>\r\n<script type=\"application\/ld+json\" class=\"yoast-schema-graph\">{\"@context\":\"https:\\\/\\\/schema.org\",\"@graph\":[{\"@type\":\"Article\",\"@id\":\"https:\\\/\\\/www.lafundacion.com\\\/eu\\\/blog-eu\\\/mekifasa-implanta-con-exito-la-norma-iso-45001\\\/#article\",\"isPartOf\":{\"@id\":\"https:\\\/\\\/www.lafundacion.com\\\/eu\\\/blog-eu\\\/mekifasa-implanta-con-exito-la-norma-iso-45001\\\/\"},\"author\":{\"name\":\"La Fundaci\u00f3n San Prudencio\",\"@id\":\"https:\\\/\\\/www.lafundacion.com\\\/eu\\\/#\\\/schema\\\/person\\\/39119d98dad187760c7ba6ffe0d62170\"},\"headline\":\"MEKIFASA implanta con \u00e9xito la norma ISO 45001\",\"datePublished\":\"2020-09-07T11:47:24+00:00\",\"dateModified\":\"2021-09-03T06:34:14+00:00\",\"mainEntityOfPage\":{\"@id\":\"https:\\\/\\\/www.lafundacion.com\\\/eu\\\/blog-eu\\\/mekifasa-implanta-con-exito-la-norma-iso-45001\\\/\"},\"wordCount\":820,\"publisher\":{\"@id\":\"https:\\\/\\\/www.lafundacion.com\\\/eu\\\/#organization\"},\"image\":{\"@id\":\"https:\\\/\\\/www.lafundacion.com\\\/eu\\\/blog-eu\\\/mekifasa-implanta-con-exito-la-norma-iso-45001\\\/#primaryimage\"},\"thumbnailUrl\":\"https:\\\/\\\/www.lafundacion.com\\\/wp-content\\\/uploads\\\/2020\\\/09\\\/Mekifasa.jpg\",\"keywords\":[\"consultor\u00eda empresas Vitoria\",\"empresas \u00c1lava\",\"implantaci\u00f3n sistema gesti\u00f3n Vitoria\",\"implantar ISO 45001\",\"ISO 45001\",\"sistemas gesti\u00f3n La Fundaci\u00f3n San Prudencio\"],\"articleSection\":[\"Blog\"],\"inLanguage\":\"eu-ES\"},{\"@type\":\"WebPage\",\"@id\":\"https:\\\/\\\/www.lafundacion.com\\\/eu\\\/blog-eu\\\/mekifasa-implanta-con-exito-la-norma-iso-45001\\\/\",\"url\":\"https:\\\/\\\/www.lafundacion.com\\\/eu\\\/blog-eu\\\/mekifasa-implanta-con-exito-la-norma-iso-45001\\\/\",\"name\":\"MEKIFASA implanta con \u00e9xito la norma ISO 45001 &#187; La Fundaci\u00f3n San Prudencio\",\"isPartOf\":{\"@id\":\"https:\\\/\\\/www.lafundacion.com\\\/eu\\\/#website\"},\"primaryImageOfPage\":{\"@id\":\"https:\\\/\\\/www.lafundacion.com\\\/eu\\\/blog-eu\\\/mekifasa-implanta-con-exito-la-norma-iso-45001\\\/#primaryimage\"},\"image\":{\"@id\":\"https:\\\/\\\/www.lafundacion.com\\\/eu\\\/blog-eu\\\/mekifasa-implanta-con-exito-la-norma-iso-45001\\\/#primaryimage\"},\"thumbnailUrl\":\"https:\\\/\\\/www.lafundacion.com\\\/wp-content\\\/uploads\\\/2020\\\/09\\\/Mekifasa.jpg\",\"datePublished\":\"2020-09-07T11:47:24+00:00\",\"dateModified\":\"2021-09-03T06:34:14+00:00\",\"description\":\"Mekifasa ha realizado con \u00e9xito la transici\u00f3n desde el sistema de gesti\u00f3n OHSAS a la norma ISO 45001 con La Fundaci\u00f3n San Prudencio.\",\"breadcrumb\":{\"@id\":\"https:\\\/\\\/www.lafundacion.com\\\/eu\\\/blog-eu\\\/mekifasa-implanta-con-exito-la-norma-iso-45001\\\/#breadcrumb\"},\"inLanguage\":\"eu-ES\",\"potentialAction\":[{\"@type\":\"ReadAction\",\"target\":[\"https:\\\/\\\/www.lafundacion.com\\\/eu\\\/blog-eu\\\/mekifasa-implanta-con-exito-la-norma-iso-45001\\\/\"]}]},{\"@type\":\"ImageObject\",\"inLanguage\":\"eu-ES\",\"@id\":\"https:\\\/\\\/www.lafundacion.com\\\/eu\\\/blog-eu\\\/mekifasa-implanta-con-exito-la-norma-iso-45001\\\/#primaryimage\",\"url\":\"https:\\\/\\\/www.lafundacion.com\\\/wp-content\\\/uploads\\\/2020\\\/09\\\/Mekifasa.jpg\",\"contentUrl\":\"https:\\\/\\\/www.lafundacion.com\\\/wp-content\\\/uploads\\\/2020\\\/09\\\/Mekifasa.jpg\",\"width\":1449,\"height\":1067,\"caption\":\"Mekifasa implanta la ISO 45001 con La Fundaci\u00f3n\"},{\"@type\":\"BreadcrumbList\",\"@id\":\"https:\\\/\\\/www.lafundacion.com\\\/eu\\\/blog-eu\\\/mekifasa-implanta-con-exito-la-norma-iso-45001\\\/#breadcrumb\",\"itemListElement\":[{\"@type\":\"ListItem\",\"position\":1,\"name\":\"Portada\",\"item\":\"https:\\\/\\\/www.lafundacion.com\\\/eu\\\/hasiera\\\/\"},{\"@type\":\"ListItem\",\"position\":2,\"name\":\"MEKIFASA implanta con \u00e9xito la norma ISO 45001\"}]},{\"@type\":\"WebSite\",\"@id\":\"https:\\\/\\\/www.lafundacion.com\\\/eu\\\/#website\",\"url\":\"https:\\\/\\\/www.lafundacion.com\\\/eu\\\/\",\"name\":\"La Fundaci\u00f3n San Prudencio\",\"description\":\"La Fundaci\u00f3n Laboral San Prudencio en Vitoria-Gasteiz\",\"publisher\":{\"@id\":\"https:\\\/\\\/www.lafundacion.com\\\/eu\\\/#organization\"},\"potentialAction\":[{\"@type\":\"SearchAction\",\"target\":{\"@type\":\"EntryPoint\",\"urlTemplate\":\"https:\\\/\\\/www.lafundacion.com\\\/eu\\\/?s={search_term_string}\"},\"query-input\":{\"@type\":\"PropertyValueSpecification\",\"valueRequired\":true,\"valueName\":\"search_term_string\"}}],\"inLanguage\":\"eu-ES\"},{\"@type\":\"Organization\",\"@id\":\"https:\\\/\\\/www.lafundacion.com\\\/eu\\\/#organization\",\"name\":\"La Fundaci\u00f3n San Prudencio\",\"url\":\"https:\\\/\\\/www.lafundacion.com\\\/eu\\\/\",\"logo\":{\"@type\":\"ImageObject\",\"inLanguage\":\"eu-ES\",\"@id\":\"https:\\\/\\\/www.lafundacion.com\\\/eu\\\/#\\\/schema\\\/logo\\\/image\\\/\",\"url\":\"https:\\\/\\\/www.lafundacion.com\\\/wp-content\\\/uploads\\\/2020\\\/03\\\/logo-la-fundacion.png\",\"contentUrl\":\"https:\\\/\\\/www.lafundacion.com\\\/wp-content\\\/uploads\\\/2020\\\/03\\\/logo-la-fundacion.png\",\"width\":323,\"height\":129,\"caption\":\"La Fundaci\u00f3n San Prudencio\"},\"image\":{\"@id\":\"https:\\\/\\\/www.lafundacion.com\\\/eu\\\/#\\\/schema\\\/logo\\\/image\\\/\"}},{\"@type\":\"Person\",\"@id\":\"https:\\\/\\\/www.lafundacion.com\\\/eu\\\/#\\\/schema\\\/person\\\/39119d98dad187760c7ba6ffe0d62170\",\"name\":\"La Fundaci\u00f3n San Prudencio\",\"image\":{\"@type\":\"ImageObject\",\"inLanguage\":\"eu-ES\",\"@id\":\"https:\\\/\\\/secure.gravatar.com\\\/avatar\\\/0c3b0b5573637a9c53bbefa7ba0c7deb19d94f60a43f46e0300cd05fc3625862?s=96&d=mm&r=g\",\"url\":\"https:\\\/\\\/secure.gravatar.com\\\/avatar\\\/0c3b0b5573637a9c53bbefa7ba0c7deb19d94f60a43f46e0300cd05fc3625862?s=96&d=mm&r=g\",\"contentUrl\":\"https:\\\/\\\/secure.gravatar.com\\\/avatar\\\/0c3b0b5573637a9c53bbefa7ba0c7deb19d94f60a43f46e0300cd05fc3625862?s=96&d=mm&r=g\",\"caption\":\"La Fundaci\u00f3n San Prudencio\"}}]}<\/script>\r\n<!-- \/ Yoast SEO plugin. -->","yoast_head_json":{"title":"MEKIFASA implanta con \u00e9xito la norma ISO 45001 &#187; La Fundaci\u00f3n San Prudencio","description":"Mekifasa ha realizado con \u00e9xito la transici\u00f3n desde el sistema de gesti\u00f3n OHSAS a la norma ISO 45001 con La Fundaci\u00f3n San Prudencio.","robots":{"index":"index","follow":"follow","max-snippet":"max-snippet:-1","max-image-preview":"max-image-preview:large","max-video-preview":"max-video-preview:-1"},"canonical":"https:\/\/www.lafundacion.com\/eu\/blog-eu\/mekifasa-implanta-con-exito-la-norma-iso-45001\/","og_locale":"eu_ES","og_type":"article","og_title":"MEKIFASA implanta con \u00e9xito la norma ISO 45001 &#187; La Fundaci\u00f3n San Prudencio","og_description":"Mekifasa ha realizado con \u00e9xito la transici\u00f3n desde el sistema de gesti\u00f3n OHSAS a la norma ISO 45001 con La Fundaci\u00f3n San Prudencio.","og_url":"https:\/\/www.lafundacion.com\/eu\/blog-eu\/mekifasa-implanta-con-exito-la-norma-iso-45001\/","og_site_name":"La Fundaci\u00f3n San Prudencio","article_published_time":"2020-09-07T11:47:24+00:00","article_modified_time":"2021-09-03T06:34:14+00:00","og_image":[{"width":1449,"height":1067,"url":"https:\/\/www.lafundacion.com\/wp-content\/uploads\/2020\/09\/Mekifasa.jpg","type":"image\/jpeg"}],"author":"La Fundaci\u00f3n San Prudencio","twitter_card":"summary_large_image","twitter_misc":{"Written by":"La Fundaci\u00f3n San Prudencio","Est. reading time":"5 minutes"},"schema":{"@context":"https:\/\/schema.org","@graph":[{"@type":"Article","@id":"https:\/\/www.lafundacion.com\/eu\/blog-eu\/mekifasa-implanta-con-exito-la-norma-iso-45001\/#article","isPartOf":{"@id":"https:\/\/www.lafundacion.com\/eu\/blog-eu\/mekifasa-implanta-con-exito-la-norma-iso-45001\/"},"author":{"name":"La Fundaci\u00f3n San Prudencio","@id":"https:\/\/www.lafundacion.com\/eu\/#\/schema\/person\/39119d98dad187760c7ba6ffe0d62170"},"headline":"MEKIFASA implanta con \u00e9xito la norma ISO 45001","datePublished":"2020-09-07T11:47:24+00:00","dateModified":"2021-09-03T06:34:14+00:00","mainEntityOfPage":{"@id":"https:\/\/www.lafundacion.com\/eu\/blog-eu\/mekifasa-implanta-con-exito-la-norma-iso-45001\/"},"wordCount":820,"publisher":{"@id":"https:\/\/www.lafundacion.com\/eu\/#organization"},"image":{"@id":"https:\/\/www.lafundacion.com\/eu\/blog-eu\/mekifasa-implanta-con-exito-la-norma-iso-45001\/#primaryimage"},"thumbnailUrl":"https:\/\/www.lafundacion.com\/wp-content\/uploads\/2020\/09\/Mekifasa.jpg","keywords":["consultor\u00eda empresas Vitoria","empresas \u00c1lava","implantaci\u00f3n sistema gesti\u00f3n Vitoria","implantar ISO 45001","ISO 45001","sistemas gesti\u00f3n La Fundaci\u00f3n San Prudencio"],"articleSection":["Blog"],"inLanguage":"eu-ES"},{"@type":"WebPage","@id":"https:\/\/www.lafundacion.com\/eu\/blog-eu\/mekifasa-implanta-con-exito-la-norma-iso-45001\/","url":"https:\/\/www.lafundacion.com\/eu\/blog-eu\/mekifasa-implanta-con-exito-la-norma-iso-45001\/","name":"MEKIFASA implanta con \u00e9xito la norma ISO 45001 &#187; La Fundaci\u00f3n San Prudencio","isPartOf":{"@id":"https:\/\/www.lafundacion.com\/eu\/#website"},"primaryImageOfPage":{"@id":"https:\/\/www.lafundacion.com\/eu\/blog-eu\/mekifasa-implanta-con-exito-la-norma-iso-45001\/#primaryimage"},"image":{"@id":"https:\/\/www.lafundacion.com\/eu\/blog-eu\/mekifasa-implanta-con-exito-la-norma-iso-45001\/#primaryimage"},"thumbnailUrl":"https:\/\/www.lafundacion.com\/wp-content\/uploads\/2020\/09\/Mekifasa.jpg","datePublished":"2020-09-07T11:47:24+00:00","dateModified":"2021-09-03T06:34:14+00:00","description":"Mekifasa ha realizado con \u00e9xito la transici\u00f3n desde el sistema de gesti\u00f3n OHSAS a la norma ISO 45001 con La Fundaci\u00f3n San Prudencio.","breadcrumb":{"@id":"https:\/\/www.lafundacion.com\/eu\/blog-eu\/mekifasa-implanta-con-exito-la-norma-iso-45001\/#breadcrumb"},"inLanguage":"eu-ES","potentialAction":[{"@type":"ReadAction","target":["https:\/\/www.lafundacion.com\/eu\/blog-eu\/mekifasa-implanta-con-exito-la-norma-iso-45001\/"]}]},{"@type":"ImageObject","inLanguage":"eu-ES","@id":"https:\/\/www.lafundacion.com\/eu\/blog-eu\/mekifasa-implanta-con-exito-la-norma-iso-45001\/#primaryimage","url":"https:\/\/www.lafundacion.com\/wp-content\/uploads\/2020\/09\/Mekifasa.jpg","contentUrl":"https:\/\/www.lafundacion.com\/wp-content\/uploads\/2020\/09\/Mekifasa.jpg","width":1449,"height":1067,"caption":"Mekifasa implanta la ISO 45001 con La Fundaci\u00f3n"},{"@type":"BreadcrumbList","@id":"https:\/\/www.lafundacion.com\/eu\/blog-eu\/mekifasa-implanta-con-exito-la-norma-iso-45001\/#breadcrumb","itemListElement":[{"@type":"ListItem","position":1,"name":"Portada","item":"https:\/\/www.lafundacion.com\/eu\/hasiera\/"},{"@type":"ListItem","position":2,"name":"MEKIFASA implanta con \u00e9xito la norma ISO 45001"}]},{"@type":"WebSite","@id":"https:\/\/www.lafundacion.com\/eu\/#website","url":"https:\/\/www.lafundacion.com\/eu\/","name":"La Fundaci\u00f3n San Prudencio","description":"La Fundaci\u00f3n Laboral San Prudencio en Vitoria-Gasteiz","publisher":{"@id":"https:\/\/www.lafundacion.com\/eu\/#organization"},"potentialAction":[{"@type":"SearchAction","target":{"@type":"EntryPoint","urlTemplate":"https:\/\/www.lafundacion.com\/eu\/?s={search_term_string}"},"query-input":{"@type":"PropertyValueSpecification","valueRequired":true,"valueName":"search_term_string"}}],"inLanguage":"eu-ES"},{"@type":"Organization","@id":"https:\/\/www.lafundacion.com\/eu\/#organization","name":"La Fundaci\u00f3n San Prudencio","url":"https:\/\/www.lafundacion.com\/eu\/","logo":{"@type":"ImageObject","inLanguage":"eu-ES","@id":"https:\/\/www.lafundacion.com\/eu\/#\/schema\/logo\/image\/","url":"https:\/\/www.lafundacion.com\/wp-content\/uploads\/2020\/03\/logo-la-fundacion.png","contentUrl":"https:\/\/www.lafundacion.com\/wp-content\/uploads\/2020\/03\/logo-la-fundacion.png","width":323,"height":129,"caption":"La Fundaci\u00f3n San Prudencio"},"image":{"@id":"https:\/\/www.lafundacion.com\/eu\/#\/schema\/logo\/image\/"}},{"@type":"Person","@id":"https:\/\/www.lafundacion.com\/eu\/#\/schema\/person\/39119d98dad187760c7ba6ffe0d62170","name":"La Fundaci\u00f3n San Prudencio","image":{"@type":"ImageObject","inLanguage":"eu-ES","@id":"https:\/\/secure.gravatar.com\/avatar\/0c3b0b5573637a9c53bbefa7ba0c7deb19d94f60a43f46e0300cd05fc3625862?s=96&d=mm&r=g","url":"https:\/\/secure.gravatar.com\/avatar\/0c3b0b5573637a9c53bbefa7ba0c7deb19d94f60a43f46e0300cd05fc3625862?s=96&d=mm&r=g","contentUrl":"https:\/\/secure.gravatar.com\/avatar\/0c3b0b5573637a9c53bbefa7ba0c7deb19d94f60a43f46e0300cd05fc3625862?s=96&d=mm&r=g","caption":"La Fundaci\u00f3n San Prudencio"}}]}},"_links":{"self":[{"href":"https:\/\/www.lafundacion.com\/eu\/wp-json\/wp\/v2\/posts\/13941","targetHints":{"allow":["GET"]}}],"collection":[{"href":"https:\/\/www.lafundacion.com\/eu\/wp-json\/wp\/v2\/posts"}],"about":[{"href":"https:\/\/www.lafundacion.com\/eu\/wp-json\/wp\/v2\/types\/post"}],"author":[{"embeddable":true,"href":"https:\/\/www.lafundacion.com\/eu\/wp-json\/wp\/v2\/users\/2"}],"replies":[{"embeddable":true,"href":"https:\/\/www.lafundacion.com\/eu\/wp-json\/wp\/v2\/comments?post=13941"}],"version-history":[{"count":3,"href":"https:\/\/www.lafundacion.com\/eu\/wp-json\/wp\/v2\/posts\/13941\/revisions"}],"predecessor-version":[{"id":20328,"href":"https:\/\/www.lafundacion.com\/eu\/wp-json\/wp\/v2\/posts\/13941\/revisions\/20328"}],"wp:featuredmedia":[{"embeddable":true,"href":"https:\/\/www.lafundacion.com\/eu\/wp-json\/wp\/v2\/media\/9630"}],"wp:attachment":[{"href":"https:\/\/www.lafundacion.com\/eu\/wp-json\/wp\/v2\/media?parent=13941"}],"wp:term":[{"taxonomy":"category","embeddable":true,"href":"https:\/\/www.lafundacion.com\/eu\/wp-json\/wp\/v2\/categories?post=13941"},{"taxonomy":"post_tag","embeddable":true,"href":"https:\/\/www.lafundacion.com\/eu\/wp-json\/wp\/v2\/tags?post=13941"}],"curies":[{"name":"wp","href":"https:\/\/api.w.org\/{rel}","templated":true}]}}