{"id":13922,"date":"2020-09-28T08:54:55","date_gmt":"2020-09-28T06:54:55","guid":{"rendered":"https:\/\/www.lafundacion.com\/uncategorized-eu\/entrevista-fiasa-plan-igualdad\/"},"modified":"2021-07-14T13:34:48","modified_gmt":"2021-07-14T11:34:48","slug":"entrevista-fiasa-plan-igualdad","status":"publish","type":"post","link":"https:\/\/www.lafundacion.com\/eu\/blog-eu\/entrevista-fiasa-plan-igualdad\/","title":{"rendered":"Entrevista a Maite Erviti Belzunce Directora de RRHH FUNDICIONES INYECTADAS ALAVESAS S.A. sobre la implantaci\u00f3n de un Plan de Igualdad en su empresa"},"content":{"rendered":"\n<style type=\"text\/css\" data-created_by=\"avia_inline_auto\" id=\"style-css-av-5wco1m-33668bc0aee728e67d90632532645888\">\n.flex_column.av-5wco1m-33668bc0aee728e67d90632532645888{\nborder-radius:0px 0px 0px 0px;\npadding:0px 0px 0px 0px;\n}\n<\/style>\n<div  class='flex_column av-5wco1m-33668bc0aee728e67d90632532645888 av_one_full  avia-builder-el-0  el_before_av_hr  avia-builder-el-first  first flex_column_div av-zero-column-padding  '     ><style type=\"text\/css\" data-created_by=\"avia_inline_auto\" id=\"style-css-av-kesfuwoz-f2c905c26d4574671ba419f1b8c91231\">\n.avia-image-container.av-kesfuwoz-f2c905c26d4574671ba419f1b8c91231 img.avia_image{\nbox-shadow:none;\n}\n.avia-image-container.av-kesfuwoz-f2c905c26d4574671ba419f1b8c91231 .av-image-caption-overlay-center{\ncolor:#ffffff;\n}\n<\/style>\n<div  class='avia-image-container av-kesfuwoz-f2c905c26d4574671ba419f1b8c91231 av-styling- avia-align-center  avia-builder-el-1  avia-builder-el-no-sibling '   itemprop=\"image\" itemscope=\"itemscope\" itemtype=\"https:\/\/schema.org\/ImageObject\" ><div class=\"avia-image-container-inner\"><div class=\"avia-image-overlay-wrap\"><img decoding=\"async\" fetchpriority=\"high\" class='wp-image-10822 avia-img-lazy-loading-not-10822 avia_image ' src=\"https:\/\/www.lafundacion.com\/wp-content\/uploads\/2020\/09\/FIASA-Igualdad_banner.jpg\" alt='FIASA Plan I' title='FIASA-Igualdad_banner'  height=\"442\" width=\"988\"  itemprop=\"thumbnailUrl\" srcset=\"https:\/\/www.lafundacion.com\/wp-content\/uploads\/2020\/09\/FIASA-Igualdad_banner.jpg 988w, https:\/\/www.lafundacion.com\/wp-content\/uploads\/2020\/09\/FIASA-Igualdad_banner-300x134.jpg 300w, https:\/\/www.lafundacion.com\/wp-content\/uploads\/2020\/09\/FIASA-Igualdad_banner-768x344.jpg 768w, https:\/\/www.lafundacion.com\/wp-content\/uploads\/2020\/09\/FIASA-Igualdad_banner-705x315.jpg 705w\" sizes=\"(max-width: 988px) 100vw, 988px\" \/><\/div><\/div><\/div><\/div>\n<div  class='hr av-1hnxp1i-ae65fd07f792f90ceddf8d019c299001 hr-default  avia-builder-el-2  el_after_av_one_full  el_before_av_textblock '><span class='hr-inner '><span class=\"hr-inner-style\"><\/span><\/span><\/div>\n<section  class='av_textblock_section av-kesg0uxy-c2642c3f4099a7c349f30de657efd939 '   itemscope=\"itemscope\" itemtype=\"https:\/\/schema.org\/BlogPosting\" itemprop=\"blogPost\" ><div class='avia_textblock'  itemprop=\"text\" ><p><strong>Realizamos una entrevista a Maite Erviti Belzunce Directora de RRHH de<\/strong><br \/>\n<strong> FUNDICIONES INYECTADAS ALAVESAS S.A. (FIASA), para conocer su opini\u00f3n sobre lo que ha supuesto la implantaci\u00f3n de un Plan de Igualdad en su empresa tanto internamente como externamente.<\/strong><\/p>\n<p><strong>\u00bfQu\u00e9 valores aporta a la empresa la implantaci\u00f3n de un plan de igualdad?<\/strong><\/p>\n<p>El valor m\u00e1s importante es el de la vinculaci\u00f3n de la responsabilidad social con la igualdad en la empresa, para de esta manera poder asumir la realizaci\u00f3n voluntaria de acciones de responsabilidad social consistentes en medidas econ\u00f3micas, comerciales, laborales, asistenciales o de otra naturaleza destinadas a promover condiciones de igualdad entre mujeres y hombres en el seno de la empresa o en su entorno social.<\/p>\n<p><strong>Para una pyme, \u00bfqu\u00e9 medidas concretas podr\u00edan ponerse en marcha?<\/strong><\/p>\n<p>Teniendo en cuenta que el sector al que pertenecemos est\u00e1 muy masculinizado tenemos que partir desde el inicio, es decir, incorporando nuevas pr\u00e1cticas de reclutamiento que faciliten una mayor recepci\u00f3n de candidaturas en los procesos de acceso a la empresa, as\u00ed como estableciendo colaboraciones con organismos de formaci\u00f3n para captar mujeres que quieran ocupar puestos de trabajo en sectores masculinizados. Es un reto dif\u00edcil, pero \u201cRoma no se construy\u00f3 en un solo d\u00eda\u201d.<\/p>\n<p><strong>\u00bfQu\u00e9 acogida crees que ha tenido entre la plantilla?<\/strong><\/p>\n<p>Somos conscientes de que nuestro sector no es muy atractivo para las mujeres a d\u00eda de hoy, pero estamos satisfechos, porque a pesar de ello, la plantilla valora de forma positiva la puesta en marcha de un Plan para la Igualdad de mujeres y hombres, y por lo tanto eso quiere decir que estamos en la buena direcci\u00f3n.<\/p>\n<p><strong>\u00bfCrees que las grandes empresas van a exigir a sus proveedores que cumplan con este marco legal en materia de igualdad, al igual que lo hace la administraci\u00f3n p\u00fablica? <\/strong><\/p>\n<p>Creo que m\u00e1s que una exigencia, ser\u00e1 un punto a valorar de forma muy positiva a la hora de la elecci\u00f3n de un proveedor que destaca por la aplicaci\u00f3n de pol\u00edticas de igualdad tanto en las condiciones de trabajo como en los modelos organizativos o en la prestaci\u00f3n de servicios.<\/p>\n<p><em>*Servicio de Igualdad ofrecido por SAN PRUDENCIO ADVICE, (SANPRA)<\/em><\/p>\n<\/div><\/section>\n<div  class='avia-button-wrap av-kesfz1gl-90c57892de3796795026fd8ee9ccfcf0-wrap avia-button-center  avia-builder-el-4  el_after_av_textblock  el_before_av_hr '><a href='https:\/\/www.lafundacion.com\/empresas\/plan-igualdad\/'  class='avia-button av-kesfz1gl-90c57892de3796795026fd8ee9ccfcf0 av-link-btn avia-icon_select-no avia-size-small avia-position-center avia-color-theme-color'   aria-label=\"M\u00e1s informaci\u00f3n del servicio de implantaci\u00f3n de Planes de Igualdad\"><span class='avia_iconbox_title' >M\u00e1s informaci\u00f3n del servicio de implantaci\u00f3n de Planes de Igualdad<\/span><\/a><\/div>\n<div  class='hr av-av_hr-91d7ccd583a503147498e120fee2ff9b hr-default  avia-builder-el-5  el_after_av_button  el_before_av_one_full '><span class='hr-inner '><span class=\"hr-inner-style\"><\/span><\/span><\/div>\n\n<style type=\"text\/css\" data-created_by=\"avia_inline_auto\" id=\"style-css-av-45g7ze-8f467ed0ee2fc9e22230839bacbf2aae\">\n.flex_column.av-45g7ze-8f467ed0ee2fc9e22230839bacbf2aae{\nborder-radius:0px 0px 0px 0px;\npadding:0px 0px 0px 0px;\n}\n<\/style>\n<div  class='flex_column av-45g7ze-8f467ed0ee2fc9e22230839bacbf2aae av_one_full  avia-builder-el-6  el_after_av_hr  el_before_av_one_full  first flex_column_div av-zero-column-padding  '     ><style type=\"text\/css\" data-created_by=\"avia_inline_auto\" id=\"style-css-av-kr3eofxc-cde20a6b9bbceb41186681ec333540b9\">\n.avia-image-container.av-kr3eofxc-cde20a6b9bbceb41186681ec333540b9 img.avia_image{\nbox-shadow:none;\n}\n.avia-image-container.av-kr3eofxc-cde20a6b9bbceb41186681ec333540b9 .av-image-caption-overlay-center{\ncolor:#ffffff;\n}\n<\/style>\n<div  class='avia-image-container av-kr3eofxc-cde20a6b9bbceb41186681ec333540b9 av-styling- av-img-linked avia-align-center  avia-builder-el-7  avia-builder-el-no-sibling '   itemprop=\"image\" itemscope=\"itemscope\" itemtype=\"https:\/\/schema.org\/ImageObject\" ><div class=\"avia-image-container-inner\"><div class=\"avia-image-overlay-wrap\"><a href=\"https:\/\/www.lafundacion.com\/empresas\/guia-plan-de-igualdad-en-empresas\/\" class='avia_image '  aria-label='descarga-gu\u00eda-plan-igualdad-empresas-vitoria'><img decoding=\"async\" fetchpriority=\"high\" class='wp-image-19352 avia-img-lazy-loading-not-19352 avia_image ' src=\"https:\/\/www.lafundacion.com\/wp-content\/uploads\/2021\/07\/descarga-guia-plan-igualdad-empresas-vitoria.jpg\" alt='descarga gu\u00eda para implantar plan de igualdad empresa vitoria' title='descarga-gu\u00eda-plan-igualdad-empresas-vitoria'  height=\"277\" width=\"1400\"  itemprop=\"thumbnailUrl\" srcset=\"https:\/\/www.lafundacion.com\/wp-content\/uploads\/2021\/07\/descarga-guia-plan-igualdad-empresas-vitoria.jpg 1400w, https:\/\/www.lafundacion.com\/wp-content\/uploads\/2021\/07\/descarga-guia-plan-igualdad-empresas-vitoria-300x59.jpg 300w, https:\/\/www.lafundacion.com\/wp-content\/uploads\/2021\/07\/descarga-guia-plan-igualdad-empresas-vitoria-1030x204.jpg 1030w, https:\/\/www.lafundacion.com\/wp-content\/uploads\/2021\/07\/descarga-guia-plan-igualdad-empresas-vitoria-768x152.jpg 768w, https:\/\/www.lafundacion.com\/wp-content\/uploads\/2021\/07\/descarga-guia-plan-igualdad-empresas-vitoria-705x139.jpg 705w\" sizes=\"(max-width: 1400px) 100vw, 1400px\" \/><\/a><\/div><\/div><\/div><\/div>\n\n<style type=\"text\/css\" data-created_by=\"avia_inline_auto\" id=\"style-css-av-13t6vl2-e6a76152b68e3f5892a04d87ecda6980\">\n.flex_column.av-13t6vl2-e6a76152b68e3f5892a04d87ecda6980{\nborder-radius:0px 0px 0px 0px;\npadding:0px 0px 0px 0px;\n}\n<\/style>\n<div  class='flex_column av-13t6vl2-e6a76152b68e3f5892a04d87ecda6980 av_one_full  avia-builder-el-8  el_after_av_one_full  avia-builder-el-last  first flex_column_div av-zero-column-padding  column-top-margin'     ><div  class='av-social-sharing-box av-2mjv1i-99e9ff596af97c2dbf5fe7e74cb972b8 av-social-sharing-box-default  avia-builder-el-9  avia-builder-el-no-sibling  av-social-sharing-box-fullwidth'><div class=\"av-share-box\"><h5 class='av-share-link-description av-no-toc '>Compartir esta entrada<\/h5><ul class=\"av-share-box-list noLightbox\"><li class='av-share-link av-social-link-facebook avia_social_iconfont' ><a target=\"_blank\" aria-label=\"Share on Facebook\" href='https:\/\/www.facebook.com\/sharer.php?u=https:\/\/www.lafundacion.com\/eu\/blog-eu\/entrevista-fiasa-plan-igualdad\/&#038;t=Entrevista%20a%20Maite%20Erviti%20Belzunce%20Directora%20de%20RRHH%20FUNDICIONES%20INYECTADAS%20ALAVESAS%20S.A.%20sobre%20la%20implantaci%C3%B3n%20de%20un%20Plan%20de%20Igualdad%20en%20su%20empresa' data-av_icon='\ue8f3' data-av_iconfont='entypo-fontello'  title='' data-avia-related-tooltip='Share on Facebook'><span class='avia_hidden_link_text'>Share on Facebook<\/span><\/a><\/li><li class='av-share-link av-social-link-twitter avia_social_iconfont' ><a target=\"_blank\" aria-label=\"Share on X\" href='https:\/\/twitter.com\/share?text=Entrevista%20a%20Maite%20Erviti%20Belzunce%20Directora%20de%20RRHH%20FUNDICIONES%20INYECTADAS%20ALAVESAS%20S.A.%20sobre%20la%20implantaci%C3%B3n%20de%20un%20Plan%20de%20Igualdad%20en%20su%20empresa&#038;url=https:\/\/www.lafundacion.com\/eu\/?p=13922' data-av_icon='\ue932' data-av_iconfont='entypo-fontello'  title='' data-avia-related-tooltip='Share on X'><span class='avia_hidden_link_text'>Share on X<\/span><\/a><\/li><li class='av-share-link av-social-link-whatsapp avia_social_iconfont' ><a target=\"_blank\" aria-label=\"Share on WhatsApp\" href='https:\/\/api.whatsapp.com\/send?text=https:\/\/www.lafundacion.com\/eu\/blog-eu\/entrevista-fiasa-plan-igualdad\/' data-av_icon='\uf232' data-av_iconfont='entypo-fontello'  title='' data-avia-related-tooltip='Share on WhatsApp'><span class='avia_hidden_link_text'>Share on WhatsApp<\/span><\/a><\/li><li class='av-share-link av-social-link-pinterest avia_social_iconfont' ><a target=\"_blank\" aria-label=\"Share on Pinterest\" href='https:\/\/pinterest.com\/pin\/create\/button\/?url=https%3A%2F%2Fwww.lafundacion.com%2Feu%2Fblog-eu%2Fentrevista-fiasa-plan-igualdad%2F&#038;description=Entrevista%20a%20Maite%20Erviti%20Belzunce%20Directora%20de%20RRHH%20FUNDICIONES%20INYECTADAS%20ALAVESAS%20S.A.%20sobre%20la%20implantaci%C3%B3n%20de%20un%20Plan%20de%20Igualdad%20en%20su%20empresa&#038;media=https%3A%2F%2Fwww.lafundacion.com%2Fwp-content%2Fuploads%2F2020%2F09%2FFIASA-Igualdad_banner-1-705x315.jpg' data-av_icon='\ue8f8' data-av_iconfont='entypo-fontello'  title='' data-avia-related-tooltip='Share on Pinterest'><span class='avia_hidden_link_text'>Share on Pinterest<\/span><\/a><\/li><li class='av-share-link av-social-link-linkedin avia_social_iconfont' ><a target=\"_blank\" aria-label=\"Share on LinkedIn\" href='https:\/\/linkedin.com\/shareArticle?mini=true&#038;title=Entrevista%20a%20Maite%20Erviti%20Belzunce%20Directora%20de%20RRHH%20FUNDICIONES%20INYECTADAS%20ALAVESAS%20S.A.%20sobre%20la%20implantaci%C3%B3n%20de%20un%20Plan%20de%20Igualdad%20en%20su%20empresa&#038;url=https:\/\/www.lafundacion.com\/eu\/blog-eu\/entrevista-fiasa-plan-igualdad\/' data-av_icon='\ue8fc' data-av_iconfont='entypo-fontello'  title='' data-avia-related-tooltip='Share on LinkedIn'><span class='avia_hidden_link_text'>Share on LinkedIn<\/span><\/a><\/li><li class='av-share-link av-social-link-tumblr avia_social_iconfont' ><a target=\"_blank\" aria-label=\"Share on Tumblr\" href='https:\/\/www.tumblr.com\/share\/link?url=https%3A%2F%2Fwww.lafundacion.com%2Feu%2Fblog-eu%2Fentrevista-fiasa-plan-igualdad%2F&#038;name=Entrevista%20a%20Maite%20Erviti%20Belzunce%20Directora%20de%20RRHH%20FUNDICIONES%20INYECTADAS%20ALAVESAS%20S.A.%20sobre%20la%20implantaci%C3%B3n%20de%20un%20Plan%20de%20Igualdad%20en%20su%20empresa&#038;description=' data-av_icon='\ue8fa' data-av_iconfont='entypo-fontello'  title='' data-avia-related-tooltip='Share on Tumblr'><span class='avia_hidden_link_text'>Share on Tumblr<\/span><\/a><\/li><li class='av-share-link av-social-link-vk avia_social_iconfont' ><a target=\"_blank\" aria-label=\"Share on Vk\" href='https:\/\/vk.com\/share.php?url=https:\/\/www.lafundacion.com\/eu\/blog-eu\/entrevista-fiasa-plan-igualdad\/' data-av_icon='\ue926' data-av_iconfont='entypo-fontello'  title='' data-avia-related-tooltip='Share on Vk'><span class='avia_hidden_link_text'>Share on Vk<\/span><\/a><\/li><li class='av-share-link av-social-link-reddit avia_social_iconfont' ><a target=\"_blank\" aria-label=\"Share on Reddit\" href='https:\/\/reddit.com\/submit?url=https:\/\/www.lafundacion.com\/eu\/blog-eu\/entrevista-fiasa-plan-igualdad\/&#038;title=Entrevista%20a%20Maite%20Erviti%20Belzunce%20Directora%20de%20RRHH%20FUNDICIONES%20INYECTADAS%20ALAVESAS%20S.A.%20sobre%20la%20implantaci%C3%B3n%20de%20un%20Plan%20de%20Igualdad%20en%20su%20empresa' data-av_icon='\ue927' data-av_iconfont='entypo-fontello'  title='' data-avia-related-tooltip='Share on Reddit'><span class='avia_hidden_link_text'>Share on Reddit<\/span><\/a><\/li><li class='av-share-link av-social-link-mail avia_social_iconfont' ><a  aria-label=\"Share by Mail\" href='mailto:?subject=Entrevista%20a%20Maite%20Erviti%20Belzunce%20Directora%20de%20RRHH%20FUNDICIONES%20INYECTADAS%20ALAVESAS%20S.A.%20sobre%20la%20implantaci%C3%B3n%20de%20un%20Plan%20de%20Igualdad%20en%20su%20empresa&#038;body=https:\/\/www.lafundacion.com\/eu\/blog-eu\/entrevista-fiasa-plan-igualdad\/' data-av_icon='\ue805' data-av_iconfont='entypo-fontello'  title='' data-avia-related-tooltip='Share by Mail'><span class='avia_hidden_link_text'>Share by Mail<\/span><\/a><\/li><\/ul><\/div><\/div><\/div>\n","protected":false},"excerpt":{"rendered":"","protected":false},"author":2,"featured_media":10857,"comment_status":"closed","ping_status":"closed","sticky":false,"template":"","format":"standard","meta":{"_acf_changed":false,"footnotes":""},"categories":[97],"tags":[98,99,100,101,102,103,104,105],"class_list":["post-13922","post","type-post","status-publish","format-standard","has-post-thumbnail","hentry","category-blog-eu","tag-asesoramiento-igualdad-eu","tag-caballito-eu","tag-empresas-alava-eu","tag-fiasa-igualdad-eu","tag-igualdad-eu","tag-igualdad-vitoria-eu","tag-implantar-plan-igualdad-eu","tag-plan-igualdad-eu"],"acf":[],"yoast_head":"<!-- This site is optimized with the Yoast SEO plugin v27.5 - https:\/\/yoast.com\/product\/yoast-seo-wordpress\/ -->\r\n<title>Entrevista a Maite Erviti Belzunce Directora de RRHH FUNDICIONES INYECTADAS ALAVESAS S.A. sobre la implantaci\u00f3n de un Plan de Igualdad en su empresa &#187; La Fundaci\u00f3n San Prudencio<\/title>\r\n<meta name=\"description\" content=\"Entrevista a Maite Erviti Belzunce Directora de RRHH FUNDICIONES INYECTADAS ALAVESAS S.A. sobre la implantaci\u00f3n de un plan de Igualdad en su empresa.\" \/>\r\n<meta name=\"robots\" content=\"index, follow, max-snippet:-1, max-image-preview:large, max-video-preview:-1\" \/>\r\n<link rel=\"canonical\" href=\"https:\/\/www.lafundacion.com\/eu\/blog-eu\/entrevista-fiasa-plan-igualdad\/\" \/>\r\n<meta property=\"og:locale\" content=\"eu_ES\" \/>\r\n<meta property=\"og:type\" content=\"article\" \/>\r\n<meta property=\"og:title\" content=\"Entrevista a Maite Erviti Belzunce Directora de RRHH FUNDICIONES INYECTADAS ALAVESAS S.A. sobre la implantaci\u00f3n de un Plan de Igualdad en su empresa &#187; La Fundaci\u00f3n San Prudencio\" \/>\r\n<meta property=\"og:description\" content=\"Entrevista a Maite Erviti Belzunce Directora de RRHH FUNDICIONES INYECTADAS ALAVESAS S.A. sobre la implantaci\u00f3n de un plan de Igualdad en su empresa.\" \/>\r\n<meta property=\"og:url\" content=\"https:\/\/www.lafundacion.com\/eu\/blog-eu\/entrevista-fiasa-plan-igualdad\/\" \/>\r\n<meta property=\"og:site_name\" content=\"La Fundaci\u00f3n San Prudencio\" \/>\r\n<meta property=\"article:published_time\" content=\"2020-09-28T06:54:55+00:00\" \/>\r\n<meta property=\"article:modified_time\" content=\"2021-07-14T11:34:48+00:00\" \/>\r\n<meta property=\"og:image\" content=\"https:\/\/www.lafundacion.com\/wp-content\/uploads\/2020\/09\/FIASA-Igualdad_banner-1.jpg\" \/>\r\n\t<meta property=\"og:image:width\" content=\"988\" \/>\r\n\t<meta property=\"og:image:height\" content=\"442\" \/>\r\n\t<meta property=\"og:image:type\" content=\"image\/jpeg\" \/>\r\n<meta name=\"author\" content=\"La Fundaci\u00f3n San Prudencio\" \/>\r\n<meta name=\"twitter:card\" content=\"summary_large_image\" \/>\r\n<meta name=\"twitter:label1\" content=\"Written by\" \/>\n\t<meta name=\"twitter:data1\" content=\"La Fundaci\u00f3n San Prudencio\" \/>\n\t<meta name=\"twitter:label2\" content=\"Est. reading time\" \/>\n\t<meta name=\"twitter:data2\" content=\"6 minutes\" \/>\r\n<script type=\"application\/ld+json\" class=\"yoast-schema-graph\">{\"@context\":\"https:\\\/\\\/schema.org\",\"@graph\":[{\"@type\":\"Article\",\"@id\":\"https:\\\/\\\/www.lafundacion.com\\\/eu\\\/blog-eu\\\/entrevista-fiasa-plan-igualdad\\\/#article\",\"isPartOf\":{\"@id\":\"https:\\\/\\\/www.lafundacion.com\\\/eu\\\/blog-eu\\\/entrevista-fiasa-plan-igualdad\\\/\"},\"author\":{\"name\":\"La Fundaci\u00f3n San Prudencio\",\"@id\":\"https:\\\/\\\/www.lafundacion.com\\\/eu\\\/#\\\/schema\\\/person\\\/39119d98dad187760c7ba6ffe0d62170\"},\"headline\":\"Entrevista a Maite Erviti Belzunce Directora de RRHH FUNDICIONES INYECTADAS ALAVESAS S.A. sobre la implantaci\u00f3n de un Plan de Igualdad en su empresa\",\"datePublished\":\"2020-09-28T06:54:55+00:00\",\"dateModified\":\"2021-07-14T11:34:48+00:00\",\"mainEntityOfPage\":{\"@id\":\"https:\\\/\\\/www.lafundacion.com\\\/eu\\\/blog-eu\\\/entrevista-fiasa-plan-igualdad\\\/\"},\"wordCount\":1041,\"publisher\":{\"@id\":\"https:\\\/\\\/www.lafundacion.com\\\/eu\\\/#organization\"},\"image\":{\"@id\":\"https:\\\/\\\/www.lafundacion.com\\\/eu\\\/blog-eu\\\/entrevista-fiasa-plan-igualdad\\\/#primaryimage\"},\"thumbnailUrl\":\"https:\\\/\\\/www.lafundacion.com\\\/wp-content\\\/uploads\\\/2020\\\/09\\\/FIASA-Igualdad_banner-1.jpg\",\"keywords\":[\"asesoramiento igualdad\",\"caballito\",\"empresas \u00c1lava\",\"FIASA Igualdad\",\"Igualdad\",\"igualdad vitoria\",\"implantar plan igualdad\",\"Plan Igualdad\"],\"articleSection\":[\"Blog\"],\"inLanguage\":\"eu-ES\"},{\"@type\":\"WebPage\",\"@id\":\"https:\\\/\\\/www.lafundacion.com\\\/eu\\\/blog-eu\\\/entrevista-fiasa-plan-igualdad\\\/\",\"url\":\"https:\\\/\\\/www.lafundacion.com\\\/eu\\\/blog-eu\\\/entrevista-fiasa-plan-igualdad\\\/\",\"name\":\"Entrevista a Maite Erviti Belzunce Directora de RRHH FUNDICIONES INYECTADAS ALAVESAS S.A. sobre la implantaci\u00f3n de un Plan de Igualdad en su empresa &#187; La Fundaci\u00f3n San Prudencio\",\"isPartOf\":{\"@id\":\"https:\\\/\\\/www.lafundacion.com\\\/eu\\\/#website\"},\"primaryImageOfPage\":{\"@id\":\"https:\\\/\\\/www.lafundacion.com\\\/eu\\\/blog-eu\\\/entrevista-fiasa-plan-igualdad\\\/#primaryimage\"},\"image\":{\"@id\":\"https:\\\/\\\/www.lafundacion.com\\\/eu\\\/blog-eu\\\/entrevista-fiasa-plan-igualdad\\\/#primaryimage\"},\"thumbnailUrl\":\"https:\\\/\\\/www.lafundacion.com\\\/wp-content\\\/uploads\\\/2020\\\/09\\\/FIASA-Igualdad_banner-1.jpg\",\"datePublished\":\"2020-09-28T06:54:55+00:00\",\"dateModified\":\"2021-07-14T11:34:48+00:00\",\"description\":\"Entrevista a Maite Erviti Belzunce Directora de RRHH FUNDICIONES INYECTADAS ALAVESAS S.A. sobre la implantaci\u00f3n de un plan de Igualdad en su empresa.\",\"breadcrumb\":{\"@id\":\"https:\\\/\\\/www.lafundacion.com\\\/eu\\\/blog-eu\\\/entrevista-fiasa-plan-igualdad\\\/#breadcrumb\"},\"inLanguage\":\"eu-ES\",\"potentialAction\":[{\"@type\":\"ReadAction\",\"target\":[\"https:\\\/\\\/www.lafundacion.com\\\/eu\\\/blog-eu\\\/entrevista-fiasa-plan-igualdad\\\/\"]}]},{\"@type\":\"ImageObject\",\"inLanguage\":\"eu-ES\",\"@id\":\"https:\\\/\\\/www.lafundacion.com\\\/eu\\\/blog-eu\\\/entrevista-fiasa-plan-igualdad\\\/#primaryimage\",\"url\":\"https:\\\/\\\/www.lafundacion.com\\\/wp-content\\\/uploads\\\/2020\\\/09\\\/FIASA-Igualdad_banner-1.jpg\",\"contentUrl\":\"https:\\\/\\\/www.lafundacion.com\\\/wp-content\\\/uploads\\\/2020\\\/09\\\/FIASA-Igualdad_banner-1.jpg\",\"width\":988,\"height\":442,\"caption\":\"FIASA berdintasun plana\"},{\"@type\":\"BreadcrumbList\",\"@id\":\"https:\\\/\\\/www.lafundacion.com\\\/eu\\\/blog-eu\\\/entrevista-fiasa-plan-igualdad\\\/#breadcrumb\",\"itemListElement\":[{\"@type\":\"ListItem\",\"position\":1,\"name\":\"Portada\",\"item\":\"https:\\\/\\\/www.lafundacion.com\\\/eu\\\/hasiera\\\/\"},{\"@type\":\"ListItem\",\"position\":2,\"name\":\"Entrevista a Maite Erviti Belzunce Directora de RRHH FUNDICIONES INYECTADAS ALAVESAS S.A. sobre la implantaci\u00f3n de un Plan de Igualdad en su empresa\"}]},{\"@type\":\"WebSite\",\"@id\":\"https:\\\/\\\/www.lafundacion.com\\\/eu\\\/#website\",\"url\":\"https:\\\/\\\/www.lafundacion.com\\\/eu\\\/\",\"name\":\"La Fundaci\u00f3n San Prudencio\",\"description\":\"La Fundaci\u00f3n Laboral San Prudencio en Vitoria-Gasteiz\",\"publisher\":{\"@id\":\"https:\\\/\\\/www.lafundacion.com\\\/eu\\\/#organization\"},\"potentialAction\":[{\"@type\":\"SearchAction\",\"target\":{\"@type\":\"EntryPoint\",\"urlTemplate\":\"https:\\\/\\\/www.lafundacion.com\\\/eu\\\/?s={search_term_string}\"},\"query-input\":{\"@type\":\"PropertyValueSpecification\",\"valueRequired\":true,\"valueName\":\"search_term_string\"}}],\"inLanguage\":\"eu-ES\"},{\"@type\":\"Organization\",\"@id\":\"https:\\\/\\\/www.lafundacion.com\\\/eu\\\/#organization\",\"name\":\"La Fundaci\u00f3n San Prudencio\",\"url\":\"https:\\\/\\\/www.lafundacion.com\\\/eu\\\/\",\"logo\":{\"@type\":\"ImageObject\",\"inLanguage\":\"eu-ES\",\"@id\":\"https:\\\/\\\/www.lafundacion.com\\\/eu\\\/#\\\/schema\\\/logo\\\/image\\\/\",\"url\":\"https:\\\/\\\/www.lafundacion.com\\\/wp-content\\\/uploads\\\/2020\\\/03\\\/logo-la-fundacion.png\",\"contentUrl\":\"https:\\\/\\\/www.lafundacion.com\\\/wp-content\\\/uploads\\\/2020\\\/03\\\/logo-la-fundacion.png\",\"width\":323,\"height\":129,\"caption\":\"La Fundaci\u00f3n San Prudencio\"},\"image\":{\"@id\":\"https:\\\/\\\/www.lafundacion.com\\\/eu\\\/#\\\/schema\\\/logo\\\/image\\\/\"}},{\"@type\":\"Person\",\"@id\":\"https:\\\/\\\/www.lafundacion.com\\\/eu\\\/#\\\/schema\\\/person\\\/39119d98dad187760c7ba6ffe0d62170\",\"name\":\"La Fundaci\u00f3n San Prudencio\",\"image\":{\"@type\":\"ImageObject\",\"inLanguage\":\"eu-ES\",\"@id\":\"https:\\\/\\\/secure.gravatar.com\\\/avatar\\\/0c3b0b5573637a9c53bbefa7ba0c7deb19d94f60a43f46e0300cd05fc3625862?s=96&d=mm&r=g\",\"url\":\"https:\\\/\\\/secure.gravatar.com\\\/avatar\\\/0c3b0b5573637a9c53bbefa7ba0c7deb19d94f60a43f46e0300cd05fc3625862?s=96&d=mm&r=g\",\"contentUrl\":\"https:\\\/\\\/secure.gravatar.com\\\/avatar\\\/0c3b0b5573637a9c53bbefa7ba0c7deb19d94f60a43f46e0300cd05fc3625862?s=96&d=mm&r=g\",\"caption\":\"La Fundaci\u00f3n San Prudencio\"}}]}<\/script>\r\n<!-- \/ Yoast SEO plugin. -->","yoast_head_json":{"title":"Entrevista a Maite Erviti Belzunce Directora de RRHH FUNDICIONES INYECTADAS ALAVESAS S.A. sobre la implantaci\u00f3n de un Plan de Igualdad en su empresa &#187; La Fundaci\u00f3n San Prudencio","description":"Entrevista a Maite Erviti Belzunce Directora de RRHH FUNDICIONES INYECTADAS ALAVESAS S.A. sobre la implantaci\u00f3n de un plan de Igualdad en su empresa.","robots":{"index":"index","follow":"follow","max-snippet":"max-snippet:-1","max-image-preview":"max-image-preview:large","max-video-preview":"max-video-preview:-1"},"canonical":"https:\/\/www.lafundacion.com\/eu\/blog-eu\/entrevista-fiasa-plan-igualdad\/","og_locale":"eu_ES","og_type":"article","og_title":"Entrevista a Maite Erviti Belzunce Directora de RRHH FUNDICIONES INYECTADAS ALAVESAS S.A. sobre la implantaci\u00f3n de un Plan de Igualdad en su empresa &#187; La Fundaci\u00f3n San Prudencio","og_description":"Entrevista a Maite Erviti Belzunce Directora de RRHH FUNDICIONES INYECTADAS ALAVESAS S.A. sobre la implantaci\u00f3n de un plan de Igualdad en su empresa.","og_url":"https:\/\/www.lafundacion.com\/eu\/blog-eu\/entrevista-fiasa-plan-igualdad\/","og_site_name":"La Fundaci\u00f3n San Prudencio","article_published_time":"2020-09-28T06:54:55+00:00","article_modified_time":"2021-07-14T11:34:48+00:00","og_image":[{"width":988,"height":442,"url":"https:\/\/www.lafundacion.com\/wp-content\/uploads\/2020\/09\/FIASA-Igualdad_banner-1.jpg","type":"image\/jpeg"}],"author":"La Fundaci\u00f3n San Prudencio","twitter_card":"summary_large_image","twitter_misc":{"Written by":"La Fundaci\u00f3n San Prudencio","Est. reading time":"6 minutes"},"schema":{"@context":"https:\/\/schema.org","@graph":[{"@type":"Article","@id":"https:\/\/www.lafundacion.com\/eu\/blog-eu\/entrevista-fiasa-plan-igualdad\/#article","isPartOf":{"@id":"https:\/\/www.lafundacion.com\/eu\/blog-eu\/entrevista-fiasa-plan-igualdad\/"},"author":{"name":"La Fundaci\u00f3n San Prudencio","@id":"https:\/\/www.lafundacion.com\/eu\/#\/schema\/person\/39119d98dad187760c7ba6ffe0d62170"},"headline":"Entrevista a Maite Erviti Belzunce Directora de RRHH FUNDICIONES INYECTADAS ALAVESAS S.A. sobre la implantaci\u00f3n de un Plan de Igualdad en su empresa","datePublished":"2020-09-28T06:54:55+00:00","dateModified":"2021-07-14T11:34:48+00:00","mainEntityOfPage":{"@id":"https:\/\/www.lafundacion.com\/eu\/blog-eu\/entrevista-fiasa-plan-igualdad\/"},"wordCount":1041,"publisher":{"@id":"https:\/\/www.lafundacion.com\/eu\/#organization"},"image":{"@id":"https:\/\/www.lafundacion.com\/eu\/blog-eu\/entrevista-fiasa-plan-igualdad\/#primaryimage"},"thumbnailUrl":"https:\/\/www.lafundacion.com\/wp-content\/uploads\/2020\/09\/FIASA-Igualdad_banner-1.jpg","keywords":["asesoramiento igualdad","caballito","empresas \u00c1lava","FIASA Igualdad","Igualdad","igualdad vitoria","implantar plan igualdad","Plan Igualdad"],"articleSection":["Blog"],"inLanguage":"eu-ES"},{"@type":"WebPage","@id":"https:\/\/www.lafundacion.com\/eu\/blog-eu\/entrevista-fiasa-plan-igualdad\/","url":"https:\/\/www.lafundacion.com\/eu\/blog-eu\/entrevista-fiasa-plan-igualdad\/","name":"Entrevista a Maite Erviti Belzunce Directora de RRHH FUNDICIONES INYECTADAS ALAVESAS S.A. sobre la implantaci\u00f3n de un Plan de Igualdad en su empresa &#187; La Fundaci\u00f3n San Prudencio","isPartOf":{"@id":"https:\/\/www.lafundacion.com\/eu\/#website"},"primaryImageOfPage":{"@id":"https:\/\/www.lafundacion.com\/eu\/blog-eu\/entrevista-fiasa-plan-igualdad\/#primaryimage"},"image":{"@id":"https:\/\/www.lafundacion.com\/eu\/blog-eu\/entrevista-fiasa-plan-igualdad\/#primaryimage"},"thumbnailUrl":"https:\/\/www.lafundacion.com\/wp-content\/uploads\/2020\/09\/FIASA-Igualdad_banner-1.jpg","datePublished":"2020-09-28T06:54:55+00:00","dateModified":"2021-07-14T11:34:48+00:00","description":"Entrevista a Maite Erviti Belzunce Directora de RRHH FUNDICIONES INYECTADAS ALAVESAS S.A. sobre la implantaci\u00f3n de un plan de Igualdad en su empresa.","breadcrumb":{"@id":"https:\/\/www.lafundacion.com\/eu\/blog-eu\/entrevista-fiasa-plan-igualdad\/#breadcrumb"},"inLanguage":"eu-ES","potentialAction":[{"@type":"ReadAction","target":["https:\/\/www.lafundacion.com\/eu\/blog-eu\/entrevista-fiasa-plan-igualdad\/"]}]},{"@type":"ImageObject","inLanguage":"eu-ES","@id":"https:\/\/www.lafundacion.com\/eu\/blog-eu\/entrevista-fiasa-plan-igualdad\/#primaryimage","url":"https:\/\/www.lafundacion.com\/wp-content\/uploads\/2020\/09\/FIASA-Igualdad_banner-1.jpg","contentUrl":"https:\/\/www.lafundacion.com\/wp-content\/uploads\/2020\/09\/FIASA-Igualdad_banner-1.jpg","width":988,"height":442,"caption":"FIASA berdintasun plana"},{"@type":"BreadcrumbList","@id":"https:\/\/www.lafundacion.com\/eu\/blog-eu\/entrevista-fiasa-plan-igualdad\/#breadcrumb","itemListElement":[{"@type":"ListItem","position":1,"name":"Portada","item":"https:\/\/www.lafundacion.com\/eu\/hasiera\/"},{"@type":"ListItem","position":2,"name":"Entrevista a Maite Erviti Belzunce Directora de RRHH FUNDICIONES INYECTADAS ALAVESAS S.A. sobre la implantaci\u00f3n de un Plan de Igualdad en su empresa"}]},{"@type":"WebSite","@id":"https:\/\/www.lafundacion.com\/eu\/#website","url":"https:\/\/www.lafundacion.com\/eu\/","name":"La Fundaci\u00f3n San Prudencio","description":"La Fundaci\u00f3n Laboral San Prudencio en Vitoria-Gasteiz","publisher":{"@id":"https:\/\/www.lafundacion.com\/eu\/#organization"},"potentialAction":[{"@type":"SearchAction","target":{"@type":"EntryPoint","urlTemplate":"https:\/\/www.lafundacion.com\/eu\/?s={search_term_string}"},"query-input":{"@type":"PropertyValueSpecification","valueRequired":true,"valueName":"search_term_string"}}],"inLanguage":"eu-ES"},{"@type":"Organization","@id":"https:\/\/www.lafundacion.com\/eu\/#organization","name":"La Fundaci\u00f3n San Prudencio","url":"https:\/\/www.lafundacion.com\/eu\/","logo":{"@type":"ImageObject","inLanguage":"eu-ES","@id":"https:\/\/www.lafundacion.com\/eu\/#\/schema\/logo\/image\/","url":"https:\/\/www.lafundacion.com\/wp-content\/uploads\/2020\/03\/logo-la-fundacion.png","contentUrl":"https:\/\/www.lafundacion.com\/wp-content\/uploads\/2020\/03\/logo-la-fundacion.png","width":323,"height":129,"caption":"La Fundaci\u00f3n San Prudencio"},"image":{"@id":"https:\/\/www.lafundacion.com\/eu\/#\/schema\/logo\/image\/"}},{"@type":"Person","@id":"https:\/\/www.lafundacion.com\/eu\/#\/schema\/person\/39119d98dad187760c7ba6ffe0d62170","name":"La Fundaci\u00f3n San Prudencio","image":{"@type":"ImageObject","inLanguage":"eu-ES","@id":"https:\/\/secure.gravatar.com\/avatar\/0c3b0b5573637a9c53bbefa7ba0c7deb19d94f60a43f46e0300cd05fc3625862?s=96&d=mm&r=g","url":"https:\/\/secure.gravatar.com\/avatar\/0c3b0b5573637a9c53bbefa7ba0c7deb19d94f60a43f46e0300cd05fc3625862?s=96&d=mm&r=g","contentUrl":"https:\/\/secure.gravatar.com\/avatar\/0c3b0b5573637a9c53bbefa7ba0c7deb19d94f60a43f46e0300cd05fc3625862?s=96&d=mm&r=g","caption":"La Fundaci\u00f3n San Prudencio"}}]}},"_links":{"self":[{"href":"https:\/\/www.lafundacion.com\/eu\/wp-json\/wp\/v2\/posts\/13922","targetHints":{"allow":["GET"]}}],"collection":[{"href":"https:\/\/www.lafundacion.com\/eu\/wp-json\/wp\/v2\/posts"}],"about":[{"href":"https:\/\/www.lafundacion.com\/eu\/wp-json\/wp\/v2\/types\/post"}],"author":[{"embeddable":true,"href":"https:\/\/www.lafundacion.com\/eu\/wp-json\/wp\/v2\/users\/2"}],"replies":[{"embeddable":true,"href":"https:\/\/www.lafundacion.com\/eu\/wp-json\/wp\/v2\/comments?post=13922"}],"version-history":[{"count":5,"href":"https:\/\/www.lafundacion.com\/eu\/wp-json\/wp\/v2\/posts\/13922\/revisions"}],"predecessor-version":[{"id":19364,"href":"https:\/\/www.lafundacion.com\/eu\/wp-json\/wp\/v2\/posts\/13922\/revisions\/19364"}],"wp:featuredmedia":[{"embeddable":true,"href":"https:\/\/www.lafundacion.com\/eu\/wp-json\/wp\/v2\/media\/10857"}],"wp:attachment":[{"href":"https:\/\/www.lafundacion.com\/eu\/wp-json\/wp\/v2\/media?parent=13922"}],"wp:term":[{"taxonomy":"category","embeddable":true,"href":"https:\/\/www.lafundacion.com\/eu\/wp-json\/wp\/v2\/categories?post=13922"},{"taxonomy":"post_tag","embeddable":true,"href":"https:\/\/www.lafundacion.com\/eu\/wp-json\/wp\/v2\/tags?post=13922"}],"curies":[{"name":"wp","href":"https:\/\/api.w.org\/{rel}","templated":true}]}}