{"id":13666,"date":"2021-01-05T14:13:03","date_gmt":"2021-01-05T13:13:03","guid":{"rendered":"https:\/\/www.lafundacion.com\/?p=13666"},"modified":"2022-01-05T08:57:57","modified_gmt":"2022-01-05T07:57:57","slug":"2021eko-la-fundacion-eko-errege-magoen-bideodeiak","status":"publish","type":"post","link":"https:\/\/www.lafundacion.com\/eu\/argazkiak\/2021eko-la-fundacion-eko-errege-magoen-bideodeiak\/","title":{"rendered":"La Fundaci\u00f3n-eko Errege Magoen ekitaldia bideodeiak egiten 2021"},"content":{"rendered":"<\/p>\n\n<style type=\"text\/css\" data-created_by=\"avia_inline_auto\" id=\"style-css-av-ka7v2tnk-37cb5ba152a3a93fd5b4018ddf696931\">\n.avia-section.av-ka7v2tnk-37cb5ba152a3a93fd5b4018ddf696931{\nbackground-repeat:no-repeat;\nbackground-image:url(https:\/\/www.lafundacion.com\/wp-content\/uploads\/2020\/05\/banner-foto-video.jpg);\nbackground-position:50% 50%;\nbackground-attachment:scroll;\n}\n<\/style>\n<div id='av_section_1'  class='avia-section av-ka7v2tnk-37cb5ba152a3a93fd5b4018ddf696931 main_color avia-section-default avia-no-border-styling  avia-builder-el-0  el_before_av_masonry_gallery  avia-builder-el-first  avia-full-stretch avia-bg-style-scroll av-minimum-height av-minimum-height-25 av-height-25  container_wrap fullsize'  data-section-bg-repeat='stretch' data-av_minimum_height_pc='25' data-av_min_height_opt='25'><div class='container av-section-cont-open' ><main  role=\"main\" itemprop=\"mainContentOfPage\"  class='template-page content  av-content-full alpha units'><div class='post-entry post-entry-type-page post-entry-13666'><div class='entry-content-wrapper clearfix'>\n\n<style type=\"text\/css\" data-created_by=\"avia_inline_auto\" id=\"style-css-av-kjiq01u7-0dbb4c82e79a670a261d393bff4110c4\">\n#top .av-special-heading.av-kjiq01u7-0dbb4c82e79a670a261d393bff4110c4{\npadding-bottom:10px;\n}\nbody .av-special-heading.av-kjiq01u7-0dbb4c82e79a670a261d393bff4110c4 .av-special-heading-tag .heading-char{\nfont-size:25px;\n}\n.av-special-heading.av-kjiq01u7-0dbb4c82e79a670a261d393bff4110c4 .av-subheading{\nfont-size:15px;\n}\n<\/style>\n<div  class='av-special-heading av-kjiq01u7-0dbb4c82e79a670a261d393bff4110c4 av-special-heading-h1 blockquote modern-quote modern-centered  avia-builder-el-1  avia-builder-el-no-sibling '><h1 class='av-special-heading-tag '  itemprop=\"headline\"  >Errege Magoen bideodeiak, La Fundaci\u00f3n San Prudencio-ko haurrentzako ekitaldia Gasteizen<\/h1><div class=\"special-heading-border\"><div class=\"special-heading-inner-border\"><\/div><\/div><\/div>\n\n<div id='av-masonry-1' class='av-masonry av-kagll0p9-e589f4d9f7d37c2ca1f49d4be927a0a5 noHover av-flex-size av-no-gap av-hover-overlay- av-masonry-animation- av-masonry-col-5 av-caption-always av-caption-style- av-masonry-gallery ' data-post_id=\"13666\"><div class=\"av-masonry-container isotope av-js-disabled\"><div class='av-masonry-entry isotope-item av-masonry-item-no-image '><\/div><a href=\"https:\/\/www.lafundacion.com\/wp-content\/uploads\/2021\/01\/Reyes-Magos-La-Fundacion_0025.jpg\" data-srcset=\"https:\/\/www.lafundacion.com\/wp-content\/uploads\/2021\/01\/Reyes-Magos-La-Fundacion_0025.jpg 722w, https:\/\/www.lafundacion.com\/wp-content\/uploads\/2021\/01\/Reyes-Magos-La-Fundacion_0025-300x199.jpg 300w, https:\/\/www.lafundacion.com\/wp-content\/uploads\/2021\/01\/Reyes-Magos-La-Fundacion_0025-705x469.jpg 705w\" data-sizes=\"(max-width: 722px) 100vw, 722px\"  aria-label=\"image Errege Magoak Gasteiz 96\"  id='av-masonry-1-item-13677' data-av-masonry-item='13677' class='av-masonry-entry isotope-item post-13677 attachment type-attachment status-inherit hentry  av-masonry-item-with-image' title=\"Errege Magoak Gasteiz 96\" alt=\"\"    itemprop=\"thumbnailUrl\" ><div class='av-inner-masonry-sizer'><\/div><figure class='av-inner-masonry main_color'><div class=\"av-masonry-outerimage-container\"><div class='av-masonry-image-container'  ><img decoding=\"async\" width=\"705\" height=\"469\" fetchpriority=\"high\" class=\"wp-image-13677 avia-img-lazy-loading-not-13677\"  src=\"https:\/\/www.lafundacion.com\/wp-content\/uploads\/2021\/01\/Reyes-Magos-La-Fundacion_0025-705x469.jpg\" title=\"Errege Magoak Gasteiz 96\" alt=\"\" srcset=\"https:\/\/www.lafundacion.com\/wp-content\/uploads\/2021\/01\/Reyes-Magos-La-Fundacion_0025-705x469.jpg 705w, https:\/\/www.lafundacion.com\/wp-content\/uploads\/2021\/01\/Reyes-Magos-La-Fundacion_0025-300x199.jpg 300w, https:\/\/www.lafundacion.com\/wp-content\/uploads\/2021\/01\/Reyes-Magos-La-Fundacion_0025.jpg 722w\" sizes=\"(max-width: 705px) 100vw, 705px\" \/><\/div><\/div><\/figure><\/a><!--end av-masonry entry--><a href=\"https:\/\/www.lafundacion.com\/wp-content\/uploads\/2021\/01\/Reyes-Magos-La-Fundacion_0027.jpg\" data-srcset=\"https:\/\/www.lafundacion.com\/wp-content\/uploads\/2021\/01\/Reyes-Magos-La-Fundacion_0027.jpg 722w, https:\/\/www.lafundacion.com\/wp-content\/uploads\/2021\/01\/Reyes-Magos-La-Fundacion_0027-300x199.jpg 300w, https:\/\/www.lafundacion.com\/wp-content\/uploads\/2021\/01\/Reyes-Magos-La-Fundacion_0027-705x469.jpg 705w\" data-sizes=\"(max-width: 722px) 100vw, 722px\"  aria-label=\"image Errege Magoak Gasteiz 94\"  id='av-masonry-1-item-13681' data-av-masonry-item='13681' class='av-masonry-entry isotope-item post-13681 attachment type-attachment status-inherit hentry  av-masonry-item-with-image' title=\"Errege Magoak Gasteiz 94\" alt=\"\"    itemprop=\"thumbnailUrl\" ><div class='av-inner-masonry-sizer'><\/div><figure class='av-inner-masonry main_color'><div class=\"av-masonry-outerimage-container\"><div class='av-masonry-image-container'  ><img decoding=\"async\" width=\"705\" height=\"469\" fetchpriority=\"high\" class=\"wp-image-13681 avia-img-lazy-loading-not-13681\"  src=\"https:\/\/www.lafundacion.com\/wp-content\/uploads\/2021\/01\/Reyes-Magos-La-Fundacion_0027-705x469.jpg\" title=\"Errege Magoak Gasteiz 94\" alt=\"\" srcset=\"https:\/\/www.lafundacion.com\/wp-content\/uploads\/2021\/01\/Reyes-Magos-La-Fundacion_0027-705x469.jpg 705w, https:\/\/www.lafundacion.com\/wp-content\/uploads\/2021\/01\/Reyes-Magos-La-Fundacion_0027-300x199.jpg 300w, https:\/\/www.lafundacion.com\/wp-content\/uploads\/2021\/01\/Reyes-Magos-La-Fundacion_0027.jpg 722w\" sizes=\"(max-width: 705px) 100vw, 705px\" \/><\/div><\/div><\/figure><\/a><!--end av-masonry entry--><a href=\"https:\/\/www.lafundacion.com\/wp-content\/uploads\/2021\/01\/Reyes-Magos-La-Fundacion_0028.jpg\" data-srcset=\"https:\/\/www.lafundacion.com\/wp-content\/uploads\/2021\/01\/Reyes-Magos-La-Fundacion_0028.jpg 480w, https:\/\/www.lafundacion.com\/wp-content\/uploads\/2021\/01\/Reyes-Magos-La-Fundacion_0028-199x300.jpg 199w, https:\/\/www.lafundacion.com\/wp-content\/uploads\/2021\/01\/Reyes-Magos-La-Fundacion_0028-469x705.jpg 469w\" data-sizes=\"(max-width: 480px) 100vw, 480px\"  aria-label=\"image Errege Magoak Gasteiz 93\"  id='av-masonry-1-item-13683' data-av-masonry-item='13683' class='av-masonry-entry isotope-item post-13683 attachment type-attachment status-inherit hentry  av-masonry-item-with-image' title=\"Errege Magoak Gasteiz 93\" alt=\"\"    itemprop=\"thumbnailUrl\" ><div class='av-inner-masonry-sizer'><\/div><figure class='av-inner-masonry main_color'><div class=\"av-masonry-outerimage-container\"><div class='av-masonry-image-container'  ><img decoding=\"async\" width=\"469\" height=\"705\" fetchpriority=\"high\" class=\"wp-image-13683 avia-img-lazy-loading-not-13683\"  src=\"https:\/\/www.lafundacion.com\/wp-content\/uploads\/2021\/01\/Reyes-Magos-La-Fundacion_0028-469x705.jpg\" title=\"Errege Magoak Gasteiz 93\" alt=\"\" srcset=\"https:\/\/www.lafundacion.com\/wp-content\/uploads\/2021\/01\/Reyes-Magos-La-Fundacion_0028-469x705.jpg 469w, https:\/\/www.lafundacion.com\/wp-content\/uploads\/2021\/01\/Reyes-Magos-La-Fundacion_0028-199x300.jpg 199w, https:\/\/www.lafundacion.com\/wp-content\/uploads\/2021\/01\/Reyes-Magos-La-Fundacion_0028.jpg 480w\" sizes=\"(max-width: 469px) 100vw, 469px\" \/><\/div><\/div><\/figure><\/a><!--end av-masonry entry--><a href=\"https:\/\/www.lafundacion.com\/wp-content\/uploads\/2021\/01\/Reyes-Magos-La-Fundacion_0029.jpg\" data-srcset=\"https:\/\/www.lafundacion.com\/wp-content\/uploads\/2021\/01\/Reyes-Magos-La-Fundacion_0029.jpg 722w, https:\/\/www.lafundacion.com\/wp-content\/uploads\/2021\/01\/Reyes-Magos-La-Fundacion_0029-300x199.jpg 300w, https:\/\/www.lafundacion.com\/wp-content\/uploads\/2021\/01\/Reyes-Magos-La-Fundacion_0029-705x469.jpg 705w\" data-sizes=\"(max-width: 722px) 100vw, 722px\"  aria-label=\"image Errege Magoak Gasteiz 92\"  id='av-masonry-1-item-13685' data-av-masonry-item='13685' class='av-masonry-entry isotope-item post-13685 attachment type-attachment status-inherit hentry  av-masonry-item-with-image' title=\"Errege Magoak Gasteiz 92\" alt=\"\"    itemprop=\"thumbnailUrl\" ><div class='av-inner-masonry-sizer'><\/div><figure class='av-inner-masonry main_color'><div class=\"av-masonry-outerimage-container\"><div class='av-masonry-image-container'  ><img decoding=\"async\" width=\"705\" height=\"469\" fetchpriority=\"high\" class=\"wp-image-13685 avia-img-lazy-loading-not-13685\"  src=\"https:\/\/www.lafundacion.com\/wp-content\/uploads\/2021\/01\/Reyes-Magos-La-Fundacion_0029-705x469.jpg\" title=\"Errege Magoak Gasteiz 92\" alt=\"\" srcset=\"https:\/\/www.lafundacion.com\/wp-content\/uploads\/2021\/01\/Reyes-Magos-La-Fundacion_0029-705x469.jpg 705w, https:\/\/www.lafundacion.com\/wp-content\/uploads\/2021\/01\/Reyes-Magos-La-Fundacion_0029-300x199.jpg 300w, https:\/\/www.lafundacion.com\/wp-content\/uploads\/2021\/01\/Reyes-Magos-La-Fundacion_0029.jpg 722w\" sizes=\"(max-width: 705px) 100vw, 705px\" \/><\/div><\/div><\/figure><\/a><!--end av-masonry entry--><a href=\"https:\/\/www.lafundacion.com\/wp-content\/uploads\/2021\/01\/Reyes-Magos-La-Fundacion_0030.jpg\" data-srcset=\"https:\/\/www.lafundacion.com\/wp-content\/uploads\/2021\/01\/Reyes-Magos-La-Fundacion_0030.jpg 722w, https:\/\/www.lafundacion.com\/wp-content\/uploads\/2021\/01\/Reyes-Magos-La-Fundacion_0030-300x199.jpg 300w, https:\/\/www.lafundacion.com\/wp-content\/uploads\/2021\/01\/Reyes-Magos-La-Fundacion_0030-705x469.jpg 705w\" data-sizes=\"(max-width: 722px) 100vw, 722px\"  aria-label=\"image Errege Magoak Gasteiz 91\"  id='av-masonry-1-item-13687' data-av-masonry-item='13687' class='av-masonry-entry isotope-item post-13687 attachment type-attachment status-inherit hentry  av-masonry-item-with-image' title=\"Errege Magoak Gasteiz 91\" alt=\"\"    itemprop=\"thumbnailUrl\" ><div class='av-inner-masonry-sizer'><\/div><figure class='av-inner-masonry main_color'><div class=\"av-masonry-outerimage-container\"><div class='av-masonry-image-container'  ><img decoding=\"async\" width=\"705\" height=\"469\" fetchpriority=\"high\" class=\"wp-image-13687 avia-img-lazy-loading-not-13687\"  src=\"https:\/\/www.lafundacion.com\/wp-content\/uploads\/2021\/01\/Reyes-Magos-La-Fundacion_0030-705x469.jpg\" title=\"Errege Magoak Gasteiz 91\" alt=\"\" srcset=\"https:\/\/www.lafundacion.com\/wp-content\/uploads\/2021\/01\/Reyes-Magos-La-Fundacion_0030-705x469.jpg 705w, https:\/\/www.lafundacion.com\/wp-content\/uploads\/2021\/01\/Reyes-Magos-La-Fundacion_0030-300x199.jpg 300w, https:\/\/www.lafundacion.com\/wp-content\/uploads\/2021\/01\/Reyes-Magos-La-Fundacion_0030.jpg 722w\" sizes=\"(max-width: 705px) 100vw, 705px\" \/><\/div><\/div><\/figure><\/a><!--end av-masonry entry--><a href=\"https:\/\/www.lafundacion.com\/wp-content\/uploads\/2021\/01\/Reyes-Magos-La-Fundacion_0031.jpg\" data-srcset=\"https:\/\/www.lafundacion.com\/wp-content\/uploads\/2021\/01\/Reyes-Magos-La-Fundacion_0031.jpg 480w, https:\/\/www.lafundacion.com\/wp-content\/uploads\/2021\/01\/Reyes-Magos-La-Fundacion_0031-199x300.jpg 199w, https:\/\/www.lafundacion.com\/wp-content\/uploads\/2021\/01\/Reyes-Magos-La-Fundacion_0031-469x705.jpg 469w\" data-sizes=\"(max-width: 480px) 100vw, 480px\"  aria-label=\"image Errege Magoak Gasteiz 90\"  id='av-masonry-1-item-13689' data-av-masonry-item='13689' class='av-masonry-entry isotope-item post-13689 attachment type-attachment status-inherit hentry  av-masonry-item-with-image' title=\"Errege Magoak Gasteiz 90\" alt=\"\"    itemprop=\"thumbnailUrl\" ><div class='av-inner-masonry-sizer'><\/div><figure class='av-inner-masonry main_color'><div class=\"av-masonry-outerimage-container\"><div class='av-masonry-image-container'  ><img decoding=\"async\" width=\"469\" height=\"705\" fetchpriority=\"high\" class=\"wp-image-13689 avia-img-lazy-loading-not-13689\"  src=\"https:\/\/www.lafundacion.com\/wp-content\/uploads\/2021\/01\/Reyes-Magos-La-Fundacion_0031-469x705.jpg\" title=\"Errege Magoak Gasteiz 90\" alt=\"\" srcset=\"https:\/\/www.lafundacion.com\/wp-content\/uploads\/2021\/01\/Reyes-Magos-La-Fundacion_0031-469x705.jpg 469w, https:\/\/www.lafundacion.com\/wp-content\/uploads\/2021\/01\/Reyes-Magos-La-Fundacion_0031-199x300.jpg 199w, https:\/\/www.lafundacion.com\/wp-content\/uploads\/2021\/01\/Reyes-Magos-La-Fundacion_0031.jpg 480w\" sizes=\"(max-width: 469px) 100vw, 469px\" \/><\/div><\/div><\/figure><\/a><!--end av-masonry entry--><a href=\"https:\/\/www.lafundacion.com\/wp-content\/uploads\/2021\/01\/Reyes-Magos-La-Fundacion_0032.jpg\" data-srcset=\"https:\/\/www.lafundacion.com\/wp-content\/uploads\/2021\/01\/Reyes-Magos-La-Fundacion_0032.jpg 722w, https:\/\/www.lafundacion.com\/wp-content\/uploads\/2021\/01\/Reyes-Magos-La-Fundacion_0032-300x199.jpg 300w, https:\/\/www.lafundacion.com\/wp-content\/uploads\/2021\/01\/Reyes-Magos-La-Fundacion_0032-705x469.jpg 705w\" data-sizes=\"(max-width: 722px) 100vw, 722px\"  aria-label=\"image Errege Magoak Gasteiz 89\"  id='av-masonry-1-item-13691' data-av-masonry-item='13691' class='av-masonry-entry isotope-item post-13691 attachment type-attachment status-inherit hentry  av-masonry-item-with-image' title=\"Errege Magoak Gasteiz 89\" alt=\"\"    itemprop=\"thumbnailUrl\" ><div class='av-inner-masonry-sizer'><\/div><figure class='av-inner-masonry main_color'><div class=\"av-masonry-outerimage-container\"><div class='av-masonry-image-container'  ><img decoding=\"async\" width=\"705\" height=\"469\" fetchpriority=\"high\" class=\"wp-image-13691 avia-img-lazy-loading-not-13691\"  src=\"https:\/\/www.lafundacion.com\/wp-content\/uploads\/2021\/01\/Reyes-Magos-La-Fundacion_0032-705x469.jpg\" title=\"Errege Magoak Gasteiz 89\" alt=\"\" srcset=\"https:\/\/www.lafundacion.com\/wp-content\/uploads\/2021\/01\/Reyes-Magos-La-Fundacion_0032-705x469.jpg 705w, https:\/\/www.lafundacion.com\/wp-content\/uploads\/2021\/01\/Reyes-Magos-La-Fundacion_0032-300x199.jpg 300w, https:\/\/www.lafundacion.com\/wp-content\/uploads\/2021\/01\/Reyes-Magos-La-Fundacion_0032.jpg 722w\" sizes=\"(max-width: 705px) 100vw, 705px\" \/><\/div><\/div><\/figure><\/a><!--end av-masonry entry--><a href=\"https:\/\/www.lafundacion.com\/wp-content\/uploads\/2021\/01\/Reyes-Magos-La-Fundacion_0034.jpg\" data-srcset=\"https:\/\/www.lafundacion.com\/wp-content\/uploads\/2021\/01\/Reyes-Magos-La-Fundacion_0034.jpg 722w, https:\/\/www.lafundacion.com\/wp-content\/uploads\/2021\/01\/Reyes-Magos-La-Fundacion_0034-300x199.jpg 300w, https:\/\/www.lafundacion.com\/wp-content\/uploads\/2021\/01\/Reyes-Magos-La-Fundacion_0034-705x469.jpg 705w\" data-sizes=\"(max-width: 722px) 100vw, 722px\"  aria-label=\"image Errege Magoak Gasteiz 87\"  id='av-masonry-1-item-13695' data-av-masonry-item='13695' class='av-masonry-entry isotope-item post-13695 attachment type-attachment status-inherit hentry  av-masonry-item-with-image' title=\"Errege Magoak Gasteiz 87\" alt=\"\"    itemprop=\"thumbnailUrl\" ><div class='av-inner-masonry-sizer'><\/div><figure class='av-inner-masonry main_color'><div class=\"av-masonry-outerimage-container\"><div class='av-masonry-image-container'  ><img decoding=\"async\" width=\"705\" height=\"469\" fetchpriority=\"high\" class=\"wp-image-13695 avia-img-lazy-loading-not-13695\"  src=\"https:\/\/www.lafundacion.com\/wp-content\/uploads\/2021\/01\/Reyes-Magos-La-Fundacion_0034-705x469.jpg\" title=\"Errege Magoak Gasteiz 87\" alt=\"\" srcset=\"https:\/\/www.lafundacion.com\/wp-content\/uploads\/2021\/01\/Reyes-Magos-La-Fundacion_0034-705x469.jpg 705w, https:\/\/www.lafundacion.com\/wp-content\/uploads\/2021\/01\/Reyes-Magos-La-Fundacion_0034-300x199.jpg 300w, https:\/\/www.lafundacion.com\/wp-content\/uploads\/2021\/01\/Reyes-Magos-La-Fundacion_0034.jpg 722w\" sizes=\"(max-width: 705px) 100vw, 705px\" \/><\/div><\/div><\/figure><\/a><!--end av-masonry entry--><a href=\"https:\/\/www.lafundacion.com\/wp-content\/uploads\/2021\/01\/Reyes-Magos-La-Fundacion_0037.jpg\" data-srcset=\"https:\/\/www.lafundacion.com\/wp-content\/uploads\/2021\/01\/Reyes-Magos-La-Fundacion_0037.jpg 480w, https:\/\/www.lafundacion.com\/wp-content\/uploads\/2021\/01\/Reyes-Magos-La-Fundacion_0037-199x300.jpg 199w, https:\/\/www.lafundacion.com\/wp-content\/uploads\/2021\/01\/Reyes-Magos-La-Fundacion_0037-469x705.jpg 469w\" data-sizes=\"(max-width: 480px) 100vw, 480px\"  aria-label=\"image Errege Magoak Gasteiz 84\"  id='av-masonry-1-item-13701' data-av-masonry-item='13701' class='av-masonry-entry isotope-item post-13701 attachment type-attachment status-inherit hentry  av-masonry-item-with-image' title=\"Errege Magoak Gasteiz 84\" alt=\"\"    itemprop=\"thumbnailUrl\" ><div class='av-inner-masonry-sizer'><\/div><figure class='av-inner-masonry main_color'><div class=\"av-masonry-outerimage-container\"><div class='av-masonry-image-container'  ><img decoding=\"async\" width=\"469\" height=\"705\" fetchpriority=\"high\" class=\"wp-image-13701 avia-img-lazy-loading-not-13701\"  src=\"https:\/\/www.lafundacion.com\/wp-content\/uploads\/2021\/01\/Reyes-Magos-La-Fundacion_0037-469x705.jpg\" title=\"Errege Magoak Gasteiz 84\" alt=\"\" srcset=\"https:\/\/www.lafundacion.com\/wp-content\/uploads\/2021\/01\/Reyes-Magos-La-Fundacion_0037-469x705.jpg 469w, https:\/\/www.lafundacion.com\/wp-content\/uploads\/2021\/01\/Reyes-Magos-La-Fundacion_0037-199x300.jpg 199w, https:\/\/www.lafundacion.com\/wp-content\/uploads\/2021\/01\/Reyes-Magos-La-Fundacion_0037.jpg 480w\" sizes=\"(max-width: 469px) 100vw, 469px\" \/><\/div><\/div><\/figure><\/a><!--end av-masonry entry--><a href=\"https:\/\/www.lafundacion.com\/wp-content\/uploads\/2021\/01\/Reyes-Magos-La-Fundacion_0040.jpg\" data-srcset=\"https:\/\/www.lafundacion.com\/wp-content\/uploads\/2021\/01\/Reyes-Magos-La-Fundacion_0040.jpg 480w, https:\/\/www.lafundacion.com\/wp-content\/uploads\/2021\/01\/Reyes-Magos-La-Fundacion_0040-199x300.jpg 199w, https:\/\/www.lafundacion.com\/wp-content\/uploads\/2021\/01\/Reyes-Magos-La-Fundacion_0040-469x705.jpg 469w\" data-sizes=\"(max-width: 480px) 100vw, 480px\"  aria-label=\"image Errege Magoak Gasteiz 81\"  id='av-masonry-1-item-13707' data-av-masonry-item='13707' class='av-masonry-entry isotope-item post-13707 attachment type-attachment status-inherit hentry  av-masonry-item-with-image' title=\"Errege Magoak Gasteiz 81\" alt=\"\"    itemprop=\"thumbnailUrl\" ><div class='av-inner-masonry-sizer'><\/div><figure class='av-inner-masonry main_color'><div class=\"av-masonry-outerimage-container\"><div class='av-masonry-image-container'  ><img decoding=\"async\" width=\"469\" height=\"705\" fetchpriority=\"high\" class=\"wp-image-13707 avia-img-lazy-loading-not-13707\"  src=\"https:\/\/www.lafundacion.com\/wp-content\/uploads\/2021\/01\/Reyes-Magos-La-Fundacion_0040-469x705.jpg\" title=\"Errege Magoak Gasteiz 81\" alt=\"\" srcset=\"https:\/\/www.lafundacion.com\/wp-content\/uploads\/2021\/01\/Reyes-Magos-La-Fundacion_0040-469x705.jpg 469w, https:\/\/www.lafundacion.com\/wp-content\/uploads\/2021\/01\/Reyes-Magos-La-Fundacion_0040-199x300.jpg 199w, https:\/\/www.lafundacion.com\/wp-content\/uploads\/2021\/01\/Reyes-Magos-La-Fundacion_0040.jpg 480w\" sizes=\"(max-width: 469px) 100vw, 469px\" \/><\/div><\/div><\/figure><\/a><!--end av-masonry entry--><a href=\"https:\/\/www.lafundacion.com\/wp-content\/uploads\/2021\/01\/Reyes-Magos-La-Fundacion_0041.jpg\" data-srcset=\"https:\/\/www.lafundacion.com\/wp-content\/uploads\/2021\/01\/Reyes-Magos-La-Fundacion_0041.jpg 722w, https:\/\/www.lafundacion.com\/wp-content\/uploads\/2021\/01\/Reyes-Magos-La-Fundacion_0041-300x199.jpg 300w, https:\/\/www.lafundacion.com\/wp-content\/uploads\/2021\/01\/Reyes-Magos-La-Fundacion_0041-705x469.jpg 705w\" data-sizes=\"(max-width: 722px) 100vw, 722px\"  aria-label=\"image Errege Magoak Gasteiz 80\"  id='av-masonry-1-item-13709' data-av-masonry-item='13709' class='av-masonry-entry isotope-item post-13709 attachment type-attachment status-inherit hentry  av-masonry-item-with-image' title=\"Errege Magoak Gasteiz 80\" alt=\"\"    itemprop=\"thumbnailUrl\" ><div class='av-inner-masonry-sizer'><\/div><figure class='av-inner-masonry main_color'><div class=\"av-masonry-outerimage-container\"><div class='av-masonry-image-container'  ><img decoding=\"async\" width=\"705\" height=\"469\" fetchpriority=\"high\" class=\"wp-image-13709 avia-img-lazy-loading-not-13709\"  src=\"https:\/\/www.lafundacion.com\/wp-content\/uploads\/2021\/01\/Reyes-Magos-La-Fundacion_0041-705x469.jpg\" title=\"Errege Magoak Gasteiz 80\" alt=\"\" srcset=\"https:\/\/www.lafundacion.com\/wp-content\/uploads\/2021\/01\/Reyes-Magos-La-Fundacion_0041-705x469.jpg 705w, https:\/\/www.lafundacion.com\/wp-content\/uploads\/2021\/01\/Reyes-Magos-La-Fundacion_0041-300x199.jpg 300w, https:\/\/www.lafundacion.com\/wp-content\/uploads\/2021\/01\/Reyes-Magos-La-Fundacion_0041.jpg 722w\" sizes=\"(max-width: 705px) 100vw, 705px\" \/><\/div><\/div><\/figure><\/a><!--end av-masonry entry--><a href=\"https:\/\/www.lafundacion.com\/wp-content\/uploads\/2021\/01\/Reyes-Magos-La-Fundacion_0042.jpg\" data-srcset=\"https:\/\/www.lafundacion.com\/wp-content\/uploads\/2021\/01\/Reyes-Magos-La-Fundacion_0042.jpg 722w, https:\/\/www.lafundacion.com\/wp-content\/uploads\/2021\/01\/Reyes-Magos-La-Fundacion_0042-300x199.jpg 300w, https:\/\/www.lafundacion.com\/wp-content\/uploads\/2021\/01\/Reyes-Magos-La-Fundacion_0042-705x469.jpg 705w\" data-sizes=\"(max-width: 722px) 100vw, 722px\"  aria-label=\"image Errege Magoak Gasteiz 79\"  id='av-masonry-1-item-13711' data-av-masonry-item='13711' class='av-masonry-entry isotope-item post-13711 attachment type-attachment status-inherit hentry  av-masonry-item-with-image' title=\"Errege Magoak Gasteiz 79\" alt=\"\"    itemprop=\"thumbnailUrl\" ><div class='av-inner-masonry-sizer'><\/div><figure class='av-inner-masonry main_color'><div class=\"av-masonry-outerimage-container\"><div class='av-masonry-image-container'  ><img decoding=\"async\" width=\"705\" height=\"469\" fetchpriority=\"high\" class=\"wp-image-13711 avia-img-lazy-loading-not-13711\"  src=\"https:\/\/www.lafundacion.com\/wp-content\/uploads\/2021\/01\/Reyes-Magos-La-Fundacion_0042-705x469.jpg\" title=\"Errege Magoak Gasteiz 79\" alt=\"\" srcset=\"https:\/\/www.lafundacion.com\/wp-content\/uploads\/2021\/01\/Reyes-Magos-La-Fundacion_0042-705x469.jpg 705w, https:\/\/www.lafundacion.com\/wp-content\/uploads\/2021\/01\/Reyes-Magos-La-Fundacion_0042-300x199.jpg 300w, https:\/\/www.lafundacion.com\/wp-content\/uploads\/2021\/01\/Reyes-Magos-La-Fundacion_0042.jpg 722w\" sizes=\"(max-width: 705px) 100vw, 705px\" \/><\/div><\/div><\/figure><\/a><!--end av-masonry entry--><a href=\"https:\/\/www.lafundacion.com\/wp-content\/uploads\/2021\/01\/Reyes-Magos-La-Fundacion_0043.jpg\" data-srcset=\"https:\/\/www.lafundacion.com\/wp-content\/uploads\/2021\/01\/Reyes-Magos-La-Fundacion_0043.jpg 480w, https:\/\/www.lafundacion.com\/wp-content\/uploads\/2021\/01\/Reyes-Magos-La-Fundacion_0043-199x300.jpg 199w, https:\/\/www.lafundacion.com\/wp-content\/uploads\/2021\/01\/Reyes-Magos-La-Fundacion_0043-469x705.jpg 469w\" data-sizes=\"(max-width: 480px) 100vw, 480px\"  aria-label=\"image Errege Magoak Gasteiz 78\"  id='av-masonry-1-item-13713' data-av-masonry-item='13713' class='av-masonry-entry isotope-item post-13713 attachment type-attachment status-inherit hentry  av-masonry-item-with-image' title=\"Errege Magoak Gasteiz 78\" alt=\"\"    itemprop=\"thumbnailUrl\" ><div class='av-inner-masonry-sizer'><\/div><figure class='av-inner-masonry main_color'><div class=\"av-masonry-outerimage-container\"><div class='av-masonry-image-container'  ><img decoding=\"async\" width=\"469\" height=\"705\" fetchpriority=\"high\" class=\"wp-image-13713 avia-img-lazy-loading-not-13713\"  src=\"https:\/\/www.lafundacion.com\/wp-content\/uploads\/2021\/01\/Reyes-Magos-La-Fundacion_0043-469x705.jpg\" title=\"Errege Magoak Gasteiz 78\" alt=\"\" srcset=\"https:\/\/www.lafundacion.com\/wp-content\/uploads\/2021\/01\/Reyes-Magos-La-Fundacion_0043-469x705.jpg 469w, https:\/\/www.lafundacion.com\/wp-content\/uploads\/2021\/01\/Reyes-Magos-La-Fundacion_0043-199x300.jpg 199w, https:\/\/www.lafundacion.com\/wp-content\/uploads\/2021\/01\/Reyes-Magos-La-Fundacion_0043.jpg 480w\" sizes=\"(max-width: 469px) 100vw, 469px\" \/><\/div><\/div><\/figure><\/a><!--end av-masonry entry--><a href=\"https:\/\/www.lafundacion.com\/wp-content\/uploads\/2021\/01\/Reyes-Magos-La-Fundacion_0044.jpg\" data-srcset=\"https:\/\/www.lafundacion.com\/wp-content\/uploads\/2021\/01\/Reyes-Magos-La-Fundacion_0044.jpg 722w, https:\/\/www.lafundacion.com\/wp-content\/uploads\/2021\/01\/Reyes-Magos-La-Fundacion_0044-300x199.jpg 300w, https:\/\/www.lafundacion.com\/wp-content\/uploads\/2021\/01\/Reyes-Magos-La-Fundacion_0044-705x469.jpg 705w\" data-sizes=\"(max-width: 722px) 100vw, 722px\"  aria-label=\"image Errege Magoak Gasteiz 77\"  id='av-masonry-1-item-13715' data-av-masonry-item='13715' class='av-masonry-entry isotope-item post-13715 attachment type-attachment status-inherit hentry  av-masonry-item-with-image' title=\"Errege Magoak Gasteiz 77\" alt=\"\"    itemprop=\"thumbnailUrl\" ><div class='av-inner-masonry-sizer'><\/div><figure class='av-inner-masonry main_color'><div class=\"av-masonry-outerimage-container\"><div class='av-masonry-image-container'  ><img decoding=\"async\" width=\"705\" height=\"469\" fetchpriority=\"high\" class=\"wp-image-13715 avia-img-lazy-loading-not-13715\"  src=\"https:\/\/www.lafundacion.com\/wp-content\/uploads\/2021\/01\/Reyes-Magos-La-Fundacion_0044-705x469.jpg\" title=\"Errege Magoak Gasteiz 77\" alt=\"\" srcset=\"https:\/\/www.lafundacion.com\/wp-content\/uploads\/2021\/01\/Reyes-Magos-La-Fundacion_0044-705x469.jpg 705w, https:\/\/www.lafundacion.com\/wp-content\/uploads\/2021\/01\/Reyes-Magos-La-Fundacion_0044-300x199.jpg 300w, https:\/\/www.lafundacion.com\/wp-content\/uploads\/2021\/01\/Reyes-Magos-La-Fundacion_0044.jpg 722w\" sizes=\"(max-width: 705px) 100vw, 705px\" \/><\/div><\/div><\/figure><\/a><!--end av-masonry entry--><a href=\"https:\/\/www.lafundacion.com\/wp-content\/uploads\/2021\/01\/Reyes-Magos-La-Fundacion_0045.jpg\" data-srcset=\"https:\/\/www.lafundacion.com\/wp-content\/uploads\/2021\/01\/Reyes-Magos-La-Fundacion_0045.jpg 722w, https:\/\/www.lafundacion.com\/wp-content\/uploads\/2021\/01\/Reyes-Magos-La-Fundacion_0045-300x199.jpg 300w, https:\/\/www.lafundacion.com\/wp-content\/uploads\/2021\/01\/Reyes-Magos-La-Fundacion_0045-705x469.jpg 705w\" data-sizes=\"(max-width: 722px) 100vw, 722px\"  aria-label=\"image Errege Magoak Gasteiz 76\"  id='av-masonry-1-item-13717' data-av-masonry-item='13717' class='av-masonry-entry isotope-item post-13717 attachment type-attachment status-inherit hentry  av-masonry-item-with-image' title=\"Errege Magoak Gasteiz 76\" alt=\"\"    itemprop=\"thumbnailUrl\" ><div class='av-inner-masonry-sizer'><\/div><figure class='av-inner-masonry main_color'><div class=\"av-masonry-outerimage-container\"><div class='av-masonry-image-container'  ><img decoding=\"async\" width=\"705\" height=\"469\" fetchpriority=\"high\" class=\"wp-image-13717 avia-img-lazy-loading-not-13717\"  src=\"https:\/\/www.lafundacion.com\/wp-content\/uploads\/2021\/01\/Reyes-Magos-La-Fundacion_0045-705x469.jpg\" title=\"Errege Magoak Gasteiz 76\" alt=\"\" srcset=\"https:\/\/www.lafundacion.com\/wp-content\/uploads\/2021\/01\/Reyes-Magos-La-Fundacion_0045-705x469.jpg 705w, https:\/\/www.lafundacion.com\/wp-content\/uploads\/2021\/01\/Reyes-Magos-La-Fundacion_0045-300x199.jpg 300w, https:\/\/www.lafundacion.com\/wp-content\/uploads\/2021\/01\/Reyes-Magos-La-Fundacion_0045.jpg 722w\" sizes=\"(max-width: 705px) 100vw, 705px\" \/><\/div><\/div><\/figure><\/a><!--end av-masonry entry--><a href=\"https:\/\/www.lafundacion.com\/wp-content\/uploads\/2021\/01\/Reyes-Magos-La-Fundacion_0046.jpg\" data-srcset=\"https:\/\/www.lafundacion.com\/wp-content\/uploads\/2021\/01\/Reyes-Magos-La-Fundacion_0046.jpg 480w, https:\/\/www.lafundacion.com\/wp-content\/uploads\/2021\/01\/Reyes-Magos-La-Fundacion_0046-199x300.jpg 199w, https:\/\/www.lafundacion.com\/wp-content\/uploads\/2021\/01\/Reyes-Magos-La-Fundacion_0046-469x705.jpg 469w\" data-sizes=\"(max-width: 480px) 100vw, 480px\"  aria-label=\"image Errege Magoak Gasteiz 75\"  id='av-masonry-1-item-13719' data-av-masonry-item='13719' class='av-masonry-entry isotope-item post-13719 attachment type-attachment status-inherit hentry  av-masonry-item-with-image' title=\"Errege Magoak Gasteiz 75\" alt=\"\"    itemprop=\"thumbnailUrl\" ><div class='av-inner-masonry-sizer'><\/div><figure class='av-inner-masonry main_color'><div class=\"av-masonry-outerimage-container\"><div class='av-masonry-image-container'  ><img decoding=\"async\" width=\"469\" height=\"705\" fetchpriority=\"high\" class=\"wp-image-13719 avia-img-lazy-loading-not-13719\"  src=\"https:\/\/www.lafundacion.com\/wp-content\/uploads\/2021\/01\/Reyes-Magos-La-Fundacion_0046-469x705.jpg\" title=\"Errege Magoak Gasteiz 75\" alt=\"\" srcset=\"https:\/\/www.lafundacion.com\/wp-content\/uploads\/2021\/01\/Reyes-Magos-La-Fundacion_0046-469x705.jpg 469w, https:\/\/www.lafundacion.com\/wp-content\/uploads\/2021\/01\/Reyes-Magos-La-Fundacion_0046-199x300.jpg 199w, https:\/\/www.lafundacion.com\/wp-content\/uploads\/2021\/01\/Reyes-Magos-La-Fundacion_0046.jpg 480w\" sizes=\"(max-width: 469px) 100vw, 469px\" \/><\/div><\/div><\/figure><\/a><!--end av-masonry entry--><a href=\"https:\/\/www.lafundacion.com\/wp-content\/uploads\/2021\/01\/Reyes-Magos-La-Fundacion_0047.jpg\" data-srcset=\"https:\/\/www.lafundacion.com\/wp-content\/uploads\/2021\/01\/Reyes-Magos-La-Fundacion_0047.jpg 480w, https:\/\/www.lafundacion.com\/wp-content\/uploads\/2021\/01\/Reyes-Magos-La-Fundacion_0047-199x300.jpg 199w, https:\/\/www.lafundacion.com\/wp-content\/uploads\/2021\/01\/Reyes-Magos-La-Fundacion_0047-469x705.jpg 469w\" data-sizes=\"(max-width: 480px) 100vw, 480px\"  aria-label=\"image Errege Magoak Gasteiz 74\"  id='av-masonry-1-item-13721' data-av-masonry-item='13721' class='av-masonry-entry isotope-item post-13721 attachment type-attachment status-inherit hentry  av-masonry-item-with-image' title=\"Errege Magoak Gasteiz 74\" alt=\"\"    itemprop=\"thumbnailUrl\" ><div class='av-inner-masonry-sizer'><\/div><figure class='av-inner-masonry main_color'><div class=\"av-masonry-outerimage-container\"><div class='av-masonry-image-container'  ><img decoding=\"async\" width=\"469\" height=\"705\" fetchpriority=\"high\" class=\"wp-image-13721 avia-img-lazy-loading-not-13721\"  src=\"https:\/\/www.lafundacion.com\/wp-content\/uploads\/2021\/01\/Reyes-Magos-La-Fundacion_0047-469x705.jpg\" title=\"Errege Magoak Gasteiz 74\" alt=\"\" srcset=\"https:\/\/www.lafundacion.com\/wp-content\/uploads\/2021\/01\/Reyes-Magos-La-Fundacion_0047-469x705.jpg 469w, https:\/\/www.lafundacion.com\/wp-content\/uploads\/2021\/01\/Reyes-Magos-La-Fundacion_0047-199x300.jpg 199w, https:\/\/www.lafundacion.com\/wp-content\/uploads\/2021\/01\/Reyes-Magos-La-Fundacion_0047.jpg 480w\" sizes=\"(max-width: 469px) 100vw, 469px\" \/><\/div><\/div><\/figure><\/a><!--end av-masonry entry--><a href=\"https:\/\/www.lafundacion.com\/wp-content\/uploads\/2021\/01\/Reyes-Magos-La-Fundacion_0048.jpg\" data-srcset=\"https:\/\/www.lafundacion.com\/wp-content\/uploads\/2021\/01\/Reyes-Magos-La-Fundacion_0048.jpg 480w, https:\/\/www.lafundacion.com\/wp-content\/uploads\/2021\/01\/Reyes-Magos-La-Fundacion_0048-199x300.jpg 199w, https:\/\/www.lafundacion.com\/wp-content\/uploads\/2021\/01\/Reyes-Magos-La-Fundacion_0048-469x705.jpg 469w\" data-sizes=\"(max-width: 480px) 100vw, 480px\"  aria-label=\"image Errege Magoak Gasteiz 73\"  id='av-masonry-1-item-13723' data-av-masonry-item='13723' class='av-masonry-entry isotope-item post-13723 attachment type-attachment status-inherit hentry  av-masonry-item-with-image' title=\"Errege Magoak Gasteiz 73\" alt=\"\"    itemprop=\"thumbnailUrl\" ><div class='av-inner-masonry-sizer'><\/div><figure class='av-inner-masonry main_color'><div class=\"av-masonry-outerimage-container\"><div class='av-masonry-image-container'  ><img decoding=\"async\" width=\"469\" height=\"705\" fetchpriority=\"high\" class=\"wp-image-13723 avia-img-lazy-loading-not-13723\"  src=\"https:\/\/www.lafundacion.com\/wp-content\/uploads\/2021\/01\/Reyes-Magos-La-Fundacion_0048-469x705.jpg\" title=\"Errege Magoak Gasteiz 73\" alt=\"\" srcset=\"https:\/\/www.lafundacion.com\/wp-content\/uploads\/2021\/01\/Reyes-Magos-La-Fundacion_0048-469x705.jpg 469w, https:\/\/www.lafundacion.com\/wp-content\/uploads\/2021\/01\/Reyes-Magos-La-Fundacion_0048-199x300.jpg 199w, https:\/\/www.lafundacion.com\/wp-content\/uploads\/2021\/01\/Reyes-Magos-La-Fundacion_0048.jpg 480w\" sizes=\"(max-width: 469px) 100vw, 469px\" \/><\/div><\/div><\/figure><\/a><!--end av-masonry entry--><a href=\"https:\/\/www.lafundacion.com\/wp-content\/uploads\/2021\/01\/Reyes-Magos-La-Fundacion_0049.jpg\" data-srcset=\"https:\/\/www.lafundacion.com\/wp-content\/uploads\/2021\/01\/Reyes-Magos-La-Fundacion_0049.jpg 722w, https:\/\/www.lafundacion.com\/wp-content\/uploads\/2021\/01\/Reyes-Magos-La-Fundacion_0049-300x199.jpg 300w, https:\/\/www.lafundacion.com\/wp-content\/uploads\/2021\/01\/Reyes-Magos-La-Fundacion_0049-705x469.jpg 705w\" data-sizes=\"(max-width: 722px) 100vw, 722px\"  aria-label=\"image Errege Magoak Gasteiz 72\"  id='av-masonry-1-item-13725' data-av-masonry-item='13725' class='av-masonry-entry isotope-item post-13725 attachment type-attachment status-inherit hentry  av-masonry-item-with-image' title=\"Errege Magoak Gasteiz 72\" alt=\"\"    itemprop=\"thumbnailUrl\" ><div class='av-inner-masonry-sizer'><\/div><figure class='av-inner-masonry main_color'><div class=\"av-masonry-outerimage-container\"><div class='av-masonry-image-container'  ><img decoding=\"async\" width=\"705\" height=\"469\" fetchpriority=\"high\" class=\"wp-image-13725 avia-img-lazy-loading-not-13725\"  src=\"https:\/\/www.lafundacion.com\/wp-content\/uploads\/2021\/01\/Reyes-Magos-La-Fundacion_0049-705x469.jpg\" title=\"Errege Magoak Gasteiz 72\" alt=\"\" srcset=\"https:\/\/www.lafundacion.com\/wp-content\/uploads\/2021\/01\/Reyes-Magos-La-Fundacion_0049-705x469.jpg 705w, https:\/\/www.lafundacion.com\/wp-content\/uploads\/2021\/01\/Reyes-Magos-La-Fundacion_0049-300x199.jpg 300w, https:\/\/www.lafundacion.com\/wp-content\/uploads\/2021\/01\/Reyes-Magos-La-Fundacion_0049.jpg 722w\" sizes=\"(max-width: 705px) 100vw, 705px\" \/><\/div><\/div><\/figure><\/a><!--end av-masonry entry--><a href=\"https:\/\/www.lafundacion.com\/wp-content\/uploads\/2021\/01\/Reyes-Magos-La-Fundacion_0050.jpg\" data-srcset=\"https:\/\/www.lafundacion.com\/wp-content\/uploads\/2021\/01\/Reyes-Magos-La-Fundacion_0050.jpg 480w, https:\/\/www.lafundacion.com\/wp-content\/uploads\/2021\/01\/Reyes-Magos-La-Fundacion_0050-199x300.jpg 199w, https:\/\/www.lafundacion.com\/wp-content\/uploads\/2021\/01\/Reyes-Magos-La-Fundacion_0050-469x705.jpg 469w\" data-sizes=\"(max-width: 480px) 100vw, 480px\"  aria-label=\"image Errege Magoak Gasteiz 71\"  id='av-masonry-1-item-13727' data-av-masonry-item='13727' class='av-masonry-entry isotope-item post-13727 attachment type-attachment status-inherit hentry  av-masonry-item-with-image' title=\"Errege Magoak Gasteiz 71\" alt=\"\"    itemprop=\"thumbnailUrl\" ><div class='av-inner-masonry-sizer'><\/div><figure class='av-inner-masonry main_color'><div class=\"av-masonry-outerimage-container\"><div class='av-masonry-image-container'  ><img decoding=\"async\" width=\"469\" height=\"705\" fetchpriority=\"high\" class=\"wp-image-13727 avia-img-lazy-loading-not-13727\"  src=\"https:\/\/www.lafundacion.com\/wp-content\/uploads\/2021\/01\/Reyes-Magos-La-Fundacion_0050-469x705.jpg\" title=\"Errege Magoak Gasteiz 71\" alt=\"\" srcset=\"https:\/\/www.lafundacion.com\/wp-content\/uploads\/2021\/01\/Reyes-Magos-La-Fundacion_0050-469x705.jpg 469w, https:\/\/www.lafundacion.com\/wp-content\/uploads\/2021\/01\/Reyes-Magos-La-Fundacion_0050-199x300.jpg 199w, https:\/\/www.lafundacion.com\/wp-content\/uploads\/2021\/01\/Reyes-Magos-La-Fundacion_0050.jpg 480w\" sizes=\"(max-width: 469px) 100vw, 469px\" \/><\/div><\/div><\/figure><\/a><!--end av-masonry entry--><a href=\"https:\/\/www.lafundacion.com\/wp-content\/uploads\/2021\/01\/Reyes-Magos-La-Fundacion_0051.jpg\" data-srcset=\"https:\/\/www.lafundacion.com\/wp-content\/uploads\/2021\/01\/Reyes-Magos-La-Fundacion_0051.jpg 722w, https:\/\/www.lafundacion.com\/wp-content\/uploads\/2021\/01\/Reyes-Magos-La-Fundacion_0051-300x199.jpg 300w, https:\/\/www.lafundacion.com\/wp-content\/uploads\/2021\/01\/Reyes-Magos-La-Fundacion_0051-705x469.jpg 705w\" data-sizes=\"(max-width: 722px) 100vw, 722px\"  aria-label=\"image Errege Magoak Gasteiz 70\"  id='av-masonry-1-item-13729' data-av-masonry-item='13729' class='av-masonry-entry isotope-item post-13729 attachment type-attachment status-inherit hentry  av-masonry-item-with-image' title=\"Errege Magoak Gasteiz 70\" alt=\"\"    itemprop=\"thumbnailUrl\" ><div class='av-inner-masonry-sizer'><\/div><figure class='av-inner-masonry main_color'><div class=\"av-masonry-outerimage-container\"><div class='av-masonry-image-container'  ><img decoding=\"async\" width=\"705\" height=\"469\" fetchpriority=\"high\" class=\"wp-image-13729 avia-img-lazy-loading-not-13729\"  src=\"https:\/\/www.lafundacion.com\/wp-content\/uploads\/2021\/01\/Reyes-Magos-La-Fundacion_0051-705x469.jpg\" title=\"Errege Magoak Gasteiz 70\" alt=\"\" srcset=\"https:\/\/www.lafundacion.com\/wp-content\/uploads\/2021\/01\/Reyes-Magos-La-Fundacion_0051-705x469.jpg 705w, https:\/\/www.lafundacion.com\/wp-content\/uploads\/2021\/01\/Reyes-Magos-La-Fundacion_0051-300x199.jpg 300w, https:\/\/www.lafundacion.com\/wp-content\/uploads\/2021\/01\/Reyes-Magos-La-Fundacion_0051.jpg 722w\" sizes=\"(max-width: 705px) 100vw, 705px\" \/><\/div><\/div><\/figure><\/a><!--end av-masonry entry--><a href=\"https:\/\/www.lafundacion.com\/wp-content\/uploads\/2021\/01\/Reyes-Magos-La-Fundacion_0052.jpg\" data-srcset=\"https:\/\/www.lafundacion.com\/wp-content\/uploads\/2021\/01\/Reyes-Magos-La-Fundacion_0052.jpg 480w, https:\/\/www.lafundacion.com\/wp-content\/uploads\/2021\/01\/Reyes-Magos-La-Fundacion_0052-199x300.jpg 199w, https:\/\/www.lafundacion.com\/wp-content\/uploads\/2021\/01\/Reyes-Magos-La-Fundacion_0052-469x705.jpg 469w\" data-sizes=\"(max-width: 480px) 100vw, 480px\"  aria-label=\"image Errege Magoak Gasteiz 69\"  id='av-masonry-1-item-13731' data-av-masonry-item='13731' class='av-masonry-entry isotope-item post-13731 attachment type-attachment status-inherit hentry  av-masonry-item-with-image' title=\"Errege Magoak Gasteiz 69\" alt=\"\"    itemprop=\"thumbnailUrl\" ><div class='av-inner-masonry-sizer'><\/div><figure class='av-inner-masonry main_color'><div class=\"av-masonry-outerimage-container\"><div class='av-masonry-image-container'  ><img decoding=\"async\" width=\"469\" height=\"705\" fetchpriority=\"high\" class=\"wp-image-13731 avia-img-lazy-loading-not-13731\"  src=\"https:\/\/www.lafundacion.com\/wp-content\/uploads\/2021\/01\/Reyes-Magos-La-Fundacion_0052-469x705.jpg\" title=\"Errege Magoak Gasteiz 69\" alt=\"\" srcset=\"https:\/\/www.lafundacion.com\/wp-content\/uploads\/2021\/01\/Reyes-Magos-La-Fundacion_0052-469x705.jpg 469w, https:\/\/www.lafundacion.com\/wp-content\/uploads\/2021\/01\/Reyes-Magos-La-Fundacion_0052-199x300.jpg 199w, https:\/\/www.lafundacion.com\/wp-content\/uploads\/2021\/01\/Reyes-Magos-La-Fundacion_0052.jpg 480w\" sizes=\"(max-width: 469px) 100vw, 469px\" \/><\/div><\/div><\/figure><\/a><!--end av-masonry entry--><a href=\"https:\/\/www.lafundacion.com\/wp-content\/uploads\/2021\/01\/Reyes-Magos-La-Fundacion_0053.jpg\" data-srcset=\"https:\/\/www.lafundacion.com\/wp-content\/uploads\/2021\/01\/Reyes-Magos-La-Fundacion_0053.jpg 722w, https:\/\/www.lafundacion.com\/wp-content\/uploads\/2021\/01\/Reyes-Magos-La-Fundacion_0053-300x199.jpg 300w, https:\/\/www.lafundacion.com\/wp-content\/uploads\/2021\/01\/Reyes-Magos-La-Fundacion_0053-705x469.jpg 705w\" data-sizes=\"(max-width: 722px) 100vw, 722px\"  aria-label=\"image Errege Magoak Gasteiz 68\"  id='av-masonry-1-item-13733' data-av-masonry-item='13733' class='av-masonry-entry isotope-item post-13733 attachment type-attachment status-inherit hentry  av-masonry-item-with-image' title=\"Errege Magoak Gasteiz 68\" alt=\"\"    itemprop=\"thumbnailUrl\" ><div class='av-inner-masonry-sizer'><\/div><figure class='av-inner-masonry main_color'><div class=\"av-masonry-outerimage-container\"><div class='av-masonry-image-container'  ><img decoding=\"async\" width=\"705\" height=\"469\" fetchpriority=\"high\" class=\"wp-image-13733 avia-img-lazy-loading-not-13733\"  src=\"https:\/\/www.lafundacion.com\/wp-content\/uploads\/2021\/01\/Reyes-Magos-La-Fundacion_0053-705x469.jpg\" title=\"Errege Magoak Gasteiz 68\" alt=\"\" srcset=\"https:\/\/www.lafundacion.com\/wp-content\/uploads\/2021\/01\/Reyes-Magos-La-Fundacion_0053-705x469.jpg 705w, https:\/\/www.lafundacion.com\/wp-content\/uploads\/2021\/01\/Reyes-Magos-La-Fundacion_0053-300x199.jpg 300w, https:\/\/www.lafundacion.com\/wp-content\/uploads\/2021\/01\/Reyes-Magos-La-Fundacion_0053.jpg 722w\" sizes=\"(max-width: 705px) 100vw, 705px\" \/><\/div><\/div><\/figure><\/a><!--end av-masonry entry--><a href=\"https:\/\/www.lafundacion.com\/wp-content\/uploads\/2021\/01\/Reyes-Magos-La-Fundacion_0054.jpg\" data-srcset=\"https:\/\/www.lafundacion.com\/wp-content\/uploads\/2021\/01\/Reyes-Magos-La-Fundacion_0054.jpg 722w, https:\/\/www.lafundacion.com\/wp-content\/uploads\/2021\/01\/Reyes-Magos-La-Fundacion_0054-300x199.jpg 300w, https:\/\/www.lafundacion.com\/wp-content\/uploads\/2021\/01\/Reyes-Magos-La-Fundacion_0054-705x469.jpg 705w\" data-sizes=\"(max-width: 722px) 100vw, 722px\"  aria-label=\"image Errege Magoak Gasteiz 67\"  id='av-masonry-1-item-13735' data-av-masonry-item='13735' class='av-masonry-entry isotope-item post-13735 attachment type-attachment status-inherit hentry  av-masonry-item-with-image' title=\"Errege Magoak Gasteiz 67\" alt=\"\"    itemprop=\"thumbnailUrl\" ><div class='av-inner-masonry-sizer'><\/div><figure class='av-inner-masonry main_color'><div class=\"av-masonry-outerimage-container\"><div class='av-masonry-image-container'  ><img decoding=\"async\" width=\"705\" height=\"469\" fetchpriority=\"high\" class=\"wp-image-13735 avia-img-lazy-loading-not-13735\"  src=\"https:\/\/www.lafundacion.com\/wp-content\/uploads\/2021\/01\/Reyes-Magos-La-Fundacion_0054-705x469.jpg\" title=\"Errege Magoak Gasteiz 67\" alt=\"\" srcset=\"https:\/\/www.lafundacion.com\/wp-content\/uploads\/2021\/01\/Reyes-Magos-La-Fundacion_0054-705x469.jpg 705w, https:\/\/www.lafundacion.com\/wp-content\/uploads\/2021\/01\/Reyes-Magos-La-Fundacion_0054-300x199.jpg 300w, https:\/\/www.lafundacion.com\/wp-content\/uploads\/2021\/01\/Reyes-Magos-La-Fundacion_0054.jpg 722w\" sizes=\"(max-width: 705px) 100vw, 705px\" \/><\/div><\/div><\/figure><\/a><!--end av-masonry entry--><a href=\"https:\/\/www.lafundacion.com\/wp-content\/uploads\/2021\/01\/Reyes-Magos-La-Fundacion_0055.jpg\" data-srcset=\"https:\/\/www.lafundacion.com\/wp-content\/uploads\/2021\/01\/Reyes-Magos-La-Fundacion_0055.jpg 722w, https:\/\/www.lafundacion.com\/wp-content\/uploads\/2021\/01\/Reyes-Magos-La-Fundacion_0055-300x199.jpg 300w, https:\/\/www.lafundacion.com\/wp-content\/uploads\/2021\/01\/Reyes-Magos-La-Fundacion_0055-705x469.jpg 705w\" data-sizes=\"(max-width: 722px) 100vw, 722px\"  aria-label=\"image Errege Magoak Gasteiz 66\"  id='av-masonry-1-item-13737' data-av-masonry-item='13737' class='av-masonry-entry isotope-item post-13737 attachment type-attachment status-inherit hentry  av-masonry-item-with-image' title=\"Errege Magoak Gasteiz 66\" alt=\"\"    itemprop=\"thumbnailUrl\" ><div class='av-inner-masonry-sizer'><\/div><figure class='av-inner-masonry main_color'><div class=\"av-masonry-outerimage-container\"><div class='av-masonry-image-container'  ><img decoding=\"async\" width=\"705\" height=\"469\" fetchpriority=\"high\" class=\"wp-image-13737 avia-img-lazy-loading-not-13737\"  src=\"https:\/\/www.lafundacion.com\/wp-content\/uploads\/2021\/01\/Reyes-Magos-La-Fundacion_0055-705x469.jpg\" title=\"Errege Magoak Gasteiz 66\" alt=\"\" srcset=\"https:\/\/www.lafundacion.com\/wp-content\/uploads\/2021\/01\/Reyes-Magos-La-Fundacion_0055-705x469.jpg 705w, https:\/\/www.lafundacion.com\/wp-content\/uploads\/2021\/01\/Reyes-Magos-La-Fundacion_0055-300x199.jpg 300w, https:\/\/www.lafundacion.com\/wp-content\/uploads\/2021\/01\/Reyes-Magos-La-Fundacion_0055.jpg 722w\" sizes=\"(max-width: 705px) 100vw, 705px\" \/><\/div><\/div><\/figure><\/a><!--end av-masonry entry--><a href=\"https:\/\/www.lafundacion.com\/wp-content\/uploads\/2021\/01\/Reyes-Magos-La-Fundacion_0056.jpg\" data-srcset=\"https:\/\/www.lafundacion.com\/wp-content\/uploads\/2021\/01\/Reyes-Magos-La-Fundacion_0056.jpg 722w, https:\/\/www.lafundacion.com\/wp-content\/uploads\/2021\/01\/Reyes-Magos-La-Fundacion_0056-300x199.jpg 300w, https:\/\/www.lafundacion.com\/wp-content\/uploads\/2021\/01\/Reyes-Magos-La-Fundacion_0056-705x469.jpg 705w\" data-sizes=\"(max-width: 722px) 100vw, 722px\"  aria-label=\"image Errege Magoak Gasteiz 65\"  id='av-masonry-1-item-13739' data-av-masonry-item='13739' class='av-masonry-entry isotope-item post-13739 attachment type-attachment status-inherit hentry  av-masonry-item-with-image' title=\"Errege Magoak Gasteiz 65\" alt=\"\"    itemprop=\"thumbnailUrl\" ><div class='av-inner-masonry-sizer'><\/div><figure class='av-inner-masonry main_color'><div class=\"av-masonry-outerimage-container\"><div class='av-masonry-image-container'  ><img decoding=\"async\" width=\"705\" height=\"469\" fetchpriority=\"high\" class=\"wp-image-13739 avia-img-lazy-loading-not-13739\"  src=\"https:\/\/www.lafundacion.com\/wp-content\/uploads\/2021\/01\/Reyes-Magos-La-Fundacion_0056-705x469.jpg\" title=\"Errege Magoak Gasteiz 65\" alt=\"\" srcset=\"https:\/\/www.lafundacion.com\/wp-content\/uploads\/2021\/01\/Reyes-Magos-La-Fundacion_0056-705x469.jpg 705w, https:\/\/www.lafundacion.com\/wp-content\/uploads\/2021\/01\/Reyes-Magos-La-Fundacion_0056-300x199.jpg 300w, https:\/\/www.lafundacion.com\/wp-content\/uploads\/2021\/01\/Reyes-Magos-La-Fundacion_0056.jpg 722w\" sizes=\"(max-width: 705px) 100vw, 705px\" \/><\/div><\/div><\/figure><\/a><!--end av-masonry entry--><a href=\"https:\/\/www.lafundacion.com\/wp-content\/uploads\/2021\/01\/Reyes-Magos-La-Fundacion_0059.jpg\" data-srcset=\"https:\/\/www.lafundacion.com\/wp-content\/uploads\/2021\/01\/Reyes-Magos-La-Fundacion_0059.jpg 480w, https:\/\/www.lafundacion.com\/wp-content\/uploads\/2021\/01\/Reyes-Magos-La-Fundacion_0059-199x300.jpg 199w, https:\/\/www.lafundacion.com\/wp-content\/uploads\/2021\/01\/Reyes-Magos-La-Fundacion_0059-469x705.jpg 469w\" data-sizes=\"(max-width: 480px) 100vw, 480px\"  aria-label=\"image Errege Magoak Gasteiz 62\"  id='av-masonry-1-item-13745' data-av-masonry-item='13745' class='av-masonry-entry isotope-item post-13745 attachment type-attachment status-inherit hentry  av-masonry-item-with-image' title=\"Errege Magoak Gasteiz 62\" alt=\"\"    itemprop=\"thumbnailUrl\" ><div class='av-inner-masonry-sizer'><\/div><figure class='av-inner-masonry main_color'><div class=\"av-masonry-outerimage-container\"><div class='av-masonry-image-container'  ><img decoding=\"async\" width=\"469\" height=\"705\" fetchpriority=\"high\" class=\"wp-image-13745 avia-img-lazy-loading-not-13745\"  src=\"https:\/\/www.lafundacion.com\/wp-content\/uploads\/2021\/01\/Reyes-Magos-La-Fundacion_0059-469x705.jpg\" title=\"Errege Magoak Gasteiz 62\" alt=\"\" srcset=\"https:\/\/www.lafundacion.com\/wp-content\/uploads\/2021\/01\/Reyes-Magos-La-Fundacion_0059-469x705.jpg 469w, https:\/\/www.lafundacion.com\/wp-content\/uploads\/2021\/01\/Reyes-Magos-La-Fundacion_0059-199x300.jpg 199w, https:\/\/www.lafundacion.com\/wp-content\/uploads\/2021\/01\/Reyes-Magos-La-Fundacion_0059.jpg 480w\" sizes=\"(max-width: 469px) 100vw, 469px\" \/><\/div><\/div><\/figure><\/a><!--end av-masonry entry--><a href=\"https:\/\/www.lafundacion.com\/wp-content\/uploads\/2021\/01\/Reyes-Magos-La-Fundacion_0060.jpg\" data-srcset=\"https:\/\/www.lafundacion.com\/wp-content\/uploads\/2021\/01\/Reyes-Magos-La-Fundacion_0060.jpg 722w, https:\/\/www.lafundacion.com\/wp-content\/uploads\/2021\/01\/Reyes-Magos-La-Fundacion_0060-300x199.jpg 300w, https:\/\/www.lafundacion.com\/wp-content\/uploads\/2021\/01\/Reyes-Magos-La-Fundacion_0060-705x469.jpg 705w\" data-sizes=\"(max-width: 722px) 100vw, 722px\"  aria-label=\"image Errege Magoak Gasteiz 61\"  id='av-masonry-1-item-13747' data-av-masonry-item='13747' class='av-masonry-entry isotope-item post-13747 attachment type-attachment status-inherit hentry  av-masonry-item-with-image' title=\"Errege Magoak Gasteiz 61\" alt=\"\"    itemprop=\"thumbnailUrl\" ><div class='av-inner-masonry-sizer'><\/div><figure class='av-inner-masonry main_color'><div class=\"av-masonry-outerimage-container\"><div class='av-masonry-image-container'  ><img decoding=\"async\" width=\"705\" height=\"469\" fetchpriority=\"high\" class=\"wp-image-13747 avia-img-lazy-loading-not-13747\"  src=\"https:\/\/www.lafundacion.com\/wp-content\/uploads\/2021\/01\/Reyes-Magos-La-Fundacion_0060-705x469.jpg\" title=\"Errege Magoak Gasteiz 61\" alt=\"\" srcset=\"https:\/\/www.lafundacion.com\/wp-content\/uploads\/2021\/01\/Reyes-Magos-La-Fundacion_0060-705x469.jpg 705w, https:\/\/www.lafundacion.com\/wp-content\/uploads\/2021\/01\/Reyes-Magos-La-Fundacion_0060-300x199.jpg 300w, https:\/\/www.lafundacion.com\/wp-content\/uploads\/2021\/01\/Reyes-Magos-La-Fundacion_0060.jpg 722w\" sizes=\"(max-width: 705px) 100vw, 705px\" \/><\/div><\/div><\/figure><\/a><!--end av-masonry entry--><a href=\"https:\/\/www.lafundacion.com\/wp-content\/uploads\/2021\/01\/Reyes-Magos-La-Fundacion_0061.jpg\" data-srcset=\"https:\/\/www.lafundacion.com\/wp-content\/uploads\/2021\/01\/Reyes-Magos-La-Fundacion_0061.jpg 480w, https:\/\/www.lafundacion.com\/wp-content\/uploads\/2021\/01\/Reyes-Magos-La-Fundacion_0061-199x300.jpg 199w, https:\/\/www.lafundacion.com\/wp-content\/uploads\/2021\/01\/Reyes-Magos-La-Fundacion_0061-469x705.jpg 469w\" data-sizes=\"(max-width: 480px) 100vw, 480px\"  aria-label=\"image Errege Magoak Gasteiz 60\"  id='av-masonry-1-item-13749' data-av-masonry-item='13749' class='av-masonry-entry isotope-item post-13749 attachment type-attachment status-inherit hentry  av-masonry-item-with-image' title=\"Errege Magoak Gasteiz 60\" alt=\"\"    itemprop=\"thumbnailUrl\" ><div class='av-inner-masonry-sizer'><\/div><figure class='av-inner-masonry main_color'><div class=\"av-masonry-outerimage-container\"><div class='av-masonry-image-container'  ><img decoding=\"async\" width=\"469\" height=\"705\" fetchpriority=\"high\" class=\"wp-image-13749 avia-img-lazy-loading-not-13749\"  src=\"https:\/\/www.lafundacion.com\/wp-content\/uploads\/2021\/01\/Reyes-Magos-La-Fundacion_0061-469x705.jpg\" title=\"Errege Magoak Gasteiz 60\" alt=\"\" srcset=\"https:\/\/www.lafundacion.com\/wp-content\/uploads\/2021\/01\/Reyes-Magos-La-Fundacion_0061-469x705.jpg 469w, https:\/\/www.lafundacion.com\/wp-content\/uploads\/2021\/01\/Reyes-Magos-La-Fundacion_0061-199x300.jpg 199w, https:\/\/www.lafundacion.com\/wp-content\/uploads\/2021\/01\/Reyes-Magos-La-Fundacion_0061.jpg 480w\" sizes=\"(max-width: 469px) 100vw, 469px\" \/><\/div><\/div><\/figure><\/a><!--end av-masonry entry--><a href=\"https:\/\/www.lafundacion.com\/wp-content\/uploads\/2021\/01\/Reyes-Magos-La-Fundacion_0062.jpg\" data-srcset=\"https:\/\/www.lafundacion.com\/wp-content\/uploads\/2021\/01\/Reyes-Magos-La-Fundacion_0062.jpg 722w, https:\/\/www.lafundacion.com\/wp-content\/uploads\/2021\/01\/Reyes-Magos-La-Fundacion_0062-300x199.jpg 300w, https:\/\/www.lafundacion.com\/wp-content\/uploads\/2021\/01\/Reyes-Magos-La-Fundacion_0062-705x469.jpg 705w\" data-sizes=\"(max-width: 722px) 100vw, 722px\"  aria-label=\"image Errege Magoak Gasteiz 59\"  id='av-masonry-1-item-13751' data-av-masonry-item='13751' class='av-masonry-entry isotope-item post-13751 attachment type-attachment status-inherit hentry  av-masonry-item-with-image' title=\"Errege Magoak Gasteiz 59\" alt=\"\"    itemprop=\"thumbnailUrl\" ><div class='av-inner-masonry-sizer'><\/div><figure class='av-inner-masonry main_color'><div class=\"av-masonry-outerimage-container\"><div class='av-masonry-image-container'  ><img decoding=\"async\" width=\"705\" height=\"469\" fetchpriority=\"high\" class=\"wp-image-13751 avia-img-lazy-loading-not-13751\"  src=\"https:\/\/www.lafundacion.com\/wp-content\/uploads\/2021\/01\/Reyes-Magos-La-Fundacion_0062-705x469.jpg\" title=\"Errege Magoak Gasteiz 59\" alt=\"\" srcset=\"https:\/\/www.lafundacion.com\/wp-content\/uploads\/2021\/01\/Reyes-Magos-La-Fundacion_0062-705x469.jpg 705w, https:\/\/www.lafundacion.com\/wp-content\/uploads\/2021\/01\/Reyes-Magos-La-Fundacion_0062-300x199.jpg 300w, https:\/\/www.lafundacion.com\/wp-content\/uploads\/2021\/01\/Reyes-Magos-La-Fundacion_0062.jpg 722w\" sizes=\"(max-width: 705px) 100vw, 705px\" \/><\/div><\/div><\/figure><\/a><!--end av-masonry entry--><a href=\"https:\/\/www.lafundacion.com\/wp-content\/uploads\/2021\/01\/Reyes-Magos-La-Fundacion_0065.jpg\" data-srcset=\"https:\/\/www.lafundacion.com\/wp-content\/uploads\/2021\/01\/Reyes-Magos-La-Fundacion_0065.jpg 480w, https:\/\/www.lafundacion.com\/wp-content\/uploads\/2021\/01\/Reyes-Magos-La-Fundacion_0065-199x300.jpg 199w, https:\/\/www.lafundacion.com\/wp-content\/uploads\/2021\/01\/Reyes-Magos-La-Fundacion_0065-469x705.jpg 469w\" data-sizes=\"(max-width: 480px) 100vw, 480px\"  aria-label=\"image Errege Magoak Gasteiz 56\"  id='av-masonry-1-item-13757' data-av-masonry-item='13757' class='av-masonry-entry isotope-item post-13757 attachment type-attachment status-inherit hentry  av-masonry-item-with-image' title=\"Errege Magoak Gasteiz 56\" alt=\"\"    itemprop=\"thumbnailUrl\" ><div class='av-inner-masonry-sizer'><\/div><figure class='av-inner-masonry main_color'><div class=\"av-masonry-outerimage-container\"><div class='av-masonry-image-container'  ><img decoding=\"async\" width=\"469\" height=\"705\" fetchpriority=\"high\" class=\"wp-image-13757 avia-img-lazy-loading-not-13757\"  src=\"https:\/\/www.lafundacion.com\/wp-content\/uploads\/2021\/01\/Reyes-Magos-La-Fundacion_0065-469x705.jpg\" title=\"Errege Magoak Gasteiz 56\" alt=\"\" srcset=\"https:\/\/www.lafundacion.com\/wp-content\/uploads\/2021\/01\/Reyes-Magos-La-Fundacion_0065-469x705.jpg 469w, https:\/\/www.lafundacion.com\/wp-content\/uploads\/2021\/01\/Reyes-Magos-La-Fundacion_0065-199x300.jpg 199w, https:\/\/www.lafundacion.com\/wp-content\/uploads\/2021\/01\/Reyes-Magos-La-Fundacion_0065.jpg 480w\" sizes=\"(max-width: 469px) 100vw, 469px\" \/><\/div><\/div><\/figure><\/a><!--end av-masonry entry--><a href=\"https:\/\/www.lafundacion.com\/wp-content\/uploads\/2021\/01\/Reyes-Magos-La-Fundacion_0066.jpg\" data-srcset=\"https:\/\/www.lafundacion.com\/wp-content\/uploads\/2021\/01\/Reyes-Magos-La-Fundacion_0066.jpg 722w, https:\/\/www.lafundacion.com\/wp-content\/uploads\/2021\/01\/Reyes-Magos-La-Fundacion_0066-300x199.jpg 300w, https:\/\/www.lafundacion.com\/wp-content\/uploads\/2021\/01\/Reyes-Magos-La-Fundacion_0066-705x469.jpg 705w\" data-sizes=\"(max-width: 722px) 100vw, 722px\"  aria-label=\"image Errege Magoak Gasteiz 55\"  id='av-masonry-1-item-13759' data-av-masonry-item='13759' class='av-masonry-entry isotope-item post-13759 attachment type-attachment status-inherit hentry  av-masonry-item-with-image' title=\"Errege Magoak Gasteiz 55\" alt=\"\"    itemprop=\"thumbnailUrl\" ><div class='av-inner-masonry-sizer'><\/div><figure class='av-inner-masonry main_color'><div class=\"av-masonry-outerimage-container\"><div class='av-masonry-image-container'  ><img decoding=\"async\" width=\"705\" height=\"469\" fetchpriority=\"high\" class=\"wp-image-13759 avia-img-lazy-loading-not-13759\"  src=\"https:\/\/www.lafundacion.com\/wp-content\/uploads\/2021\/01\/Reyes-Magos-La-Fundacion_0066-705x469.jpg\" title=\"Errege Magoak Gasteiz 55\" alt=\"\" srcset=\"https:\/\/www.lafundacion.com\/wp-content\/uploads\/2021\/01\/Reyes-Magos-La-Fundacion_0066-705x469.jpg 705w, https:\/\/www.lafundacion.com\/wp-content\/uploads\/2021\/01\/Reyes-Magos-La-Fundacion_0066-300x199.jpg 300w, https:\/\/www.lafundacion.com\/wp-content\/uploads\/2021\/01\/Reyes-Magos-La-Fundacion_0066.jpg 722w\" sizes=\"(max-width: 705px) 100vw, 705px\" \/><\/div><\/div><\/figure><\/a><!--end av-masonry entry--><a href=\"https:\/\/www.lafundacion.com\/wp-content\/uploads\/2021\/01\/Reyes-Magos-La-Fundacion_0067.jpg\" data-srcset=\"https:\/\/www.lafundacion.com\/wp-content\/uploads\/2021\/01\/Reyes-Magos-La-Fundacion_0067.jpg 722w, https:\/\/www.lafundacion.com\/wp-content\/uploads\/2021\/01\/Reyes-Magos-La-Fundacion_0067-300x199.jpg 300w, https:\/\/www.lafundacion.com\/wp-content\/uploads\/2021\/01\/Reyes-Magos-La-Fundacion_0067-705x469.jpg 705w\" data-sizes=\"(max-width: 722px) 100vw, 722px\"  aria-label=\"image Errege Magoak Gasteiz 54\"  id='av-masonry-1-item-13761' data-av-masonry-item='13761' class='av-masonry-entry isotope-item post-13761 attachment type-attachment status-inherit hentry  av-masonry-item-with-image' title=\"Errege Magoak Gasteiz 54\" alt=\"\"    itemprop=\"thumbnailUrl\" ><div class='av-inner-masonry-sizer'><\/div><figure class='av-inner-masonry main_color'><div class=\"av-masonry-outerimage-container\"><div class='av-masonry-image-container'  ><img decoding=\"async\" width=\"705\" height=\"469\" fetchpriority=\"high\" class=\"wp-image-13761 avia-img-lazy-loading-not-13761\"  src=\"https:\/\/www.lafundacion.com\/wp-content\/uploads\/2021\/01\/Reyes-Magos-La-Fundacion_0067-705x469.jpg\" title=\"Errege Magoak Gasteiz 54\" alt=\"\" srcset=\"https:\/\/www.lafundacion.com\/wp-content\/uploads\/2021\/01\/Reyes-Magos-La-Fundacion_0067-705x469.jpg 705w, https:\/\/www.lafundacion.com\/wp-content\/uploads\/2021\/01\/Reyes-Magos-La-Fundacion_0067-300x199.jpg 300w, https:\/\/www.lafundacion.com\/wp-content\/uploads\/2021\/01\/Reyes-Magos-La-Fundacion_0067.jpg 722w\" sizes=\"(max-width: 705px) 100vw, 705px\" \/><\/div><\/div><\/figure><\/a><!--end av-masonry entry--><a href=\"https:\/\/www.lafundacion.com\/wp-content\/uploads\/2021\/01\/Reyes-Magos1.jpg\" data-srcset=\"https:\/\/www.lafundacion.com\/wp-content\/uploads\/2021\/01\/Reyes-Magos1.jpg 722w, https:\/\/www.lafundacion.com\/wp-content\/uploads\/2021\/01\/Reyes-Magos1-300x199.jpg 300w, https:\/\/www.lafundacion.com\/wp-content\/uploads\/2021\/01\/Reyes-Magos1-705x469.jpg 705w\" data-sizes=\"(max-width: 722px) 100vw, 722px\"  aria-label=\"image Errege Magoak Gasteiz 36\"  id='av-masonry-1-item-13799' data-av-masonry-item='13799' class='av-masonry-entry isotope-item post-13799 attachment type-attachment status-inherit hentry  av-masonry-item-with-image' title=\"Errege Magoak Gasteiz 36\" alt=\"\"    itemprop=\"thumbnailUrl\" ><div class='av-inner-masonry-sizer'><\/div><figure class='av-inner-masonry main_color'><div class=\"av-masonry-outerimage-container\"><div class='av-masonry-image-container'  ><img decoding=\"async\" width=\"705\" height=\"469\" fetchpriority=\"high\" class=\"wp-image-13799 avia-img-lazy-loading-not-13799\"  src=\"https:\/\/www.lafundacion.com\/wp-content\/uploads\/2021\/01\/Reyes-Magos1-705x469.jpg\" title=\"Errege Magoak Gasteiz 36\" alt=\"\" srcset=\"https:\/\/www.lafundacion.com\/wp-content\/uploads\/2021\/01\/Reyes-Magos1-705x469.jpg 705w, https:\/\/www.lafundacion.com\/wp-content\/uploads\/2021\/01\/Reyes-Magos1-300x199.jpg 300w, https:\/\/www.lafundacion.com\/wp-content\/uploads\/2021\/01\/Reyes-Magos1.jpg 722w\" sizes=\"(max-width: 705px) 100vw, 705px\" \/><\/div><\/div><\/figure><\/a><!--end av-masonry entry--><a href=\"https:\/\/www.lafundacion.com\/wp-content\/uploads\/2021\/01\/Reyes-Magos2.jpg\" data-srcset=\"https:\/\/www.lafundacion.com\/wp-content\/uploads\/2021\/01\/Reyes-Magos2.jpg 480w, https:\/\/www.lafundacion.com\/wp-content\/uploads\/2021\/01\/Reyes-Magos2-199x300.jpg 199w, https:\/\/www.lafundacion.com\/wp-content\/uploads\/2021\/01\/Reyes-Magos2-469x705.jpg 469w\" data-sizes=\"(max-width: 480px) 100vw, 480px\"  aria-label=\"image Errege Magoak Gasteiz 34\"  id='av-masonry-1-item-13801' data-av-masonry-item='13801' class='av-masonry-entry isotope-item post-13801 attachment type-attachment status-inherit hentry  av-masonry-item-with-image' title=\"Errege Magoak Gasteiz 34\" alt=\"Errege Magoak Gasteiz 35\"    itemprop=\"thumbnailUrl\" ><div class='av-inner-masonry-sizer'><\/div><figure class='av-inner-masonry main_color'><div class=\"av-masonry-outerimage-container\"><div class='av-masonry-image-container'  ><img decoding=\"async\" width=\"469\" height=\"705\" fetchpriority=\"high\" class=\"wp-image-13801 avia-img-lazy-loading-not-13801\"  src=\"https:\/\/www.lafundacion.com\/wp-content\/uploads\/2021\/01\/Reyes-Magos2-469x705.jpg\" title=\"Errege Magoak Gasteiz 34\" alt=\"Errege Magoak Gasteiz 35\" srcset=\"https:\/\/www.lafundacion.com\/wp-content\/uploads\/2021\/01\/Reyes-Magos2-469x705.jpg 469w, https:\/\/www.lafundacion.com\/wp-content\/uploads\/2021\/01\/Reyes-Magos2-199x300.jpg 199w, https:\/\/www.lafundacion.com\/wp-content\/uploads\/2021\/01\/Reyes-Magos2.jpg 480w\" sizes=\"(max-width: 469px) 100vw, 469px\" \/><\/div><\/div><\/figure><\/a><!--end av-masonry entry--><a href=\"https:\/\/www.lafundacion.com\/wp-content\/uploads\/2021\/01\/Reyes-Magos3.jpg\" data-srcset=\"https:\/\/www.lafundacion.com\/wp-content\/uploads\/2021\/01\/Reyes-Magos3.jpg 722w, https:\/\/www.lafundacion.com\/wp-content\/uploads\/2021\/01\/Reyes-Magos3-300x199.jpg 300w, https:\/\/www.lafundacion.com\/wp-content\/uploads\/2021\/01\/Reyes-Magos3-705x469.jpg 705w\" data-sizes=\"(max-width: 722px) 100vw, 722px\"  aria-label=\"image Errege Magoak Gasteiz 33\"  id='av-masonry-1-item-13803' data-av-masonry-item='13803' class='av-masonry-entry isotope-item post-13803 attachment type-attachment status-inherit hentry  av-masonry-item-with-image' title=\"Errege Magoak Gasteiz 33\" alt=\"\"    itemprop=\"thumbnailUrl\" ><div class='av-inner-masonry-sizer'><\/div><figure class='av-inner-masonry main_color'><div class=\"av-masonry-outerimage-container\"><div class='av-masonry-image-container'  ><img decoding=\"async\" width=\"705\" height=\"469\" fetchpriority=\"high\" class=\"wp-image-13803 avia-img-lazy-loading-not-13803\"  src=\"https:\/\/www.lafundacion.com\/wp-content\/uploads\/2021\/01\/Reyes-Magos3-705x469.jpg\" title=\"Errege Magoak Gasteiz 33\" alt=\"\" srcset=\"https:\/\/www.lafundacion.com\/wp-content\/uploads\/2021\/01\/Reyes-Magos3-705x469.jpg 705w, https:\/\/www.lafundacion.com\/wp-content\/uploads\/2021\/01\/Reyes-Magos3-300x199.jpg 300w, https:\/\/www.lafundacion.com\/wp-content\/uploads\/2021\/01\/Reyes-Magos3.jpg 722w\" sizes=\"(max-width: 705px) 100vw, 705px\" \/><\/div><\/div><\/figure><\/a><!--end av-masonry entry--><a href=\"https:\/\/www.lafundacion.com\/wp-content\/uploads\/2021\/01\/Reyes-Magos5.jpg\" data-srcset=\"https:\/\/www.lafundacion.com\/wp-content\/uploads\/2021\/01\/Reyes-Magos5.jpg 722w, https:\/\/www.lafundacion.com\/wp-content\/uploads\/2021\/01\/Reyes-Magos5-300x199.jpg 300w, https:\/\/www.lafundacion.com\/wp-content\/uploads\/2021\/01\/Reyes-Magos5-705x469.jpg 705w\" data-sizes=\"(max-width: 722px) 100vw, 722px\"  aria-label=\"image Errege Magoak Gasteiz 32\"  id='av-masonry-1-item-13807' data-av-masonry-item='13807' class='av-masonry-entry isotope-item post-13807 attachment type-attachment status-inherit hentry  av-masonry-item-with-image' title=\"Errege Magoak Gasteiz 32\" alt=\"\"    itemprop=\"thumbnailUrl\" ><div class='av-inner-masonry-sizer'><\/div><figure class='av-inner-masonry main_color'><div class=\"av-masonry-outerimage-container\"><div class='av-masonry-image-container'  ><img decoding=\"async\" width=\"705\" height=\"469\" fetchpriority=\"high\" class=\"wp-image-13807 avia-img-lazy-loading-not-13807\"  src=\"https:\/\/www.lafundacion.com\/wp-content\/uploads\/2021\/01\/Reyes-Magos5-705x469.jpg\" title=\"Errege Magoak Gasteiz 32\" alt=\"\" srcset=\"https:\/\/www.lafundacion.com\/wp-content\/uploads\/2021\/01\/Reyes-Magos5-705x469.jpg 705w, https:\/\/www.lafundacion.com\/wp-content\/uploads\/2021\/01\/Reyes-Magos5-300x199.jpg 300w, https:\/\/www.lafundacion.com\/wp-content\/uploads\/2021\/01\/Reyes-Magos5.jpg 722w\" sizes=\"(max-width: 705px) 100vw, 705px\" \/><\/div><\/div><\/figure><\/a><!--end av-masonry entry--><a href=\"https:\/\/www.lafundacion.com\/wp-content\/uploads\/2021\/01\/Reyes-Magos-LaF-6.jpg\" data-srcset=\"https:\/\/www.lafundacion.com\/wp-content\/uploads\/2021\/01\/Reyes-Magos-LaF-6.jpg 722w, https:\/\/www.lafundacion.com\/wp-content\/uploads\/2021\/01\/Reyes-Magos-LaF-6-300x199.jpg 300w, https:\/\/www.lafundacion.com\/wp-content\/uploads\/2021\/01\/Reyes-Magos-LaF-6-705x469.jpg 705w\" data-sizes=\"(max-width: 722px) 100vw, 722px\"  aria-label=\"image Errege Magoak Gasteiz 48\"  id='av-masonry-1-item-13773' data-av-masonry-item='13773' class='av-masonry-entry isotope-item post-13773 attachment type-attachment status-inherit hentry  av-masonry-item-with-image' title=\"Errege Magoak Gasteiz 48\" alt=\"\"    itemprop=\"thumbnailUrl\" ><div class='av-inner-masonry-sizer'><\/div><figure class='av-inner-masonry main_color'><div class=\"av-masonry-outerimage-container\"><div class='av-masonry-image-container'  ><img decoding=\"async\" width=\"705\" height=\"469\" fetchpriority=\"high\" class=\"wp-image-13773 avia-img-lazy-loading-not-13773\"  src=\"https:\/\/www.lafundacion.com\/wp-content\/uploads\/2021\/01\/Reyes-Magos-LaF-6-705x469.jpg\" title=\"Errege Magoak Gasteiz 48\" alt=\"\" srcset=\"https:\/\/www.lafundacion.com\/wp-content\/uploads\/2021\/01\/Reyes-Magos-LaF-6-705x469.jpg 705w, https:\/\/www.lafundacion.com\/wp-content\/uploads\/2021\/01\/Reyes-Magos-LaF-6-300x199.jpg 300w, https:\/\/www.lafundacion.com\/wp-content\/uploads\/2021\/01\/Reyes-Magos-LaF-6.jpg 722w\" sizes=\"(max-width: 705px) 100vw, 705px\" \/><\/div><\/div><\/figure><\/a><!--end av-masonry entry--><a href=\"https:\/\/www.lafundacion.com\/wp-content\/uploads\/2021\/01\/Reyes-Magos-LaF-8.jpg\" data-srcset=\"https:\/\/www.lafundacion.com\/wp-content\/uploads\/2021\/01\/Reyes-Magos-LaF-8.jpg 480w, https:\/\/www.lafundacion.com\/wp-content\/uploads\/2021\/01\/Reyes-Magos-LaF-8-199x300.jpg 199w, https:\/\/www.lafundacion.com\/wp-content\/uploads\/2021\/01\/Reyes-Magos-LaF-8-469x705.jpg 469w\" data-sizes=\"(max-width: 480px) 100vw, 480px\"  aria-label=\"image Errege Magoak Gasteiz 46\"  id='av-masonry-1-item-13777' data-av-masonry-item='13777' class='av-masonry-entry isotope-item post-13777 attachment type-attachment status-inherit hentry  av-masonry-item-with-image' title=\"Errege Magoak Gasteiz 46\" alt=\"\"    itemprop=\"thumbnailUrl\" ><div class='av-inner-masonry-sizer'><\/div><figure class='av-inner-masonry main_color'><div class=\"av-masonry-outerimage-container\"><div class='av-masonry-image-container'  ><img decoding=\"async\" width=\"469\" height=\"705\" fetchpriority=\"high\" class=\"wp-image-13777 avia-img-lazy-loading-not-13777\"  src=\"https:\/\/www.lafundacion.com\/wp-content\/uploads\/2021\/01\/Reyes-Magos-LaF-8-469x705.jpg\" title=\"Errege Magoak Gasteiz 46\" alt=\"\" srcset=\"https:\/\/www.lafundacion.com\/wp-content\/uploads\/2021\/01\/Reyes-Magos-LaF-8-469x705.jpg 469w, https:\/\/www.lafundacion.com\/wp-content\/uploads\/2021\/01\/Reyes-Magos-LaF-8-199x300.jpg 199w, https:\/\/www.lafundacion.com\/wp-content\/uploads\/2021\/01\/Reyes-Magos-LaF-8.jpg 480w\" sizes=\"(max-width: 469px) 100vw, 469px\" \/><\/div><\/div><\/figure><\/a><!--end av-masonry entry--><a href=\"https:\/\/www.lafundacion.com\/wp-content\/uploads\/2021\/01\/Reyes-Magos-LaF-10.jpg\" data-srcset=\"https:\/\/www.lafundacion.com\/wp-content\/uploads\/2021\/01\/Reyes-Magos-LaF-10.jpg 722w, https:\/\/www.lafundacion.com\/wp-content\/uploads\/2021\/01\/Reyes-Magos-LaF-10-300x199.jpg 300w, https:\/\/www.lafundacion.com\/wp-content\/uploads\/2021\/01\/Reyes-Magos-LaF-10-705x469.jpg 705w\" data-sizes=\"(max-width: 722px) 100vw, 722px\"  aria-label=\"image Errege Magoak Gasteiz 44\"  id='av-masonry-1-item-13781' data-av-masonry-item='13781' class='av-masonry-entry isotope-item post-13781 attachment type-attachment status-inherit hentry  av-masonry-item-with-image' title=\"Errege Magoak Gasteiz 44\" alt=\"\"    itemprop=\"thumbnailUrl\" ><div class='av-inner-masonry-sizer'><\/div><figure class='av-inner-masonry main_color'><div class=\"av-masonry-outerimage-container\"><div class='av-masonry-image-container'  ><img decoding=\"async\" width=\"705\" height=\"469\" fetchpriority=\"high\" class=\"wp-image-13781 avia-img-lazy-loading-not-13781\"  src=\"https:\/\/www.lafundacion.com\/wp-content\/uploads\/2021\/01\/Reyes-Magos-LaF-10-705x469.jpg\" title=\"Errege Magoak Gasteiz 44\" alt=\"\" srcset=\"https:\/\/www.lafundacion.com\/wp-content\/uploads\/2021\/01\/Reyes-Magos-LaF-10-705x469.jpg 705w, https:\/\/www.lafundacion.com\/wp-content\/uploads\/2021\/01\/Reyes-Magos-LaF-10-300x199.jpg 300w, https:\/\/www.lafundacion.com\/wp-content\/uploads\/2021\/01\/Reyes-Magos-LaF-10.jpg 722w\" sizes=\"(max-width: 705px) 100vw, 705px\" \/><\/div><\/div><\/figure><\/a><!--end av-masonry entry--><a href=\"https:\/\/www.lafundacion.com\/wp-content\/uploads\/2021\/01\/Reyes-Magos-LaF-11.jpg\" data-srcset=\"https:\/\/www.lafundacion.com\/wp-content\/uploads\/2021\/01\/Reyes-Magos-LaF-11.jpg 722w, https:\/\/www.lafundacion.com\/wp-content\/uploads\/2021\/01\/Reyes-Magos-LaF-11-300x199.jpg 300w, https:\/\/www.lafundacion.com\/wp-content\/uploads\/2021\/01\/Reyes-Magos-LaF-11-705x469.jpg 705w\" data-sizes=\"(max-width: 722px) 100vw, 722px\"  aria-label=\"image Errege Magoak Gasteiz 43\"  id='av-masonry-1-item-13783' data-av-masonry-item='13783' class='av-masonry-entry isotope-item post-13783 attachment type-attachment status-inherit hentry  av-masonry-item-with-image' title=\"Errege Magoak Gasteiz 43\" alt=\"\"    itemprop=\"thumbnailUrl\" ><div class='av-inner-masonry-sizer'><\/div><figure class='av-inner-masonry main_color'><div class=\"av-masonry-outerimage-container\"><div class='av-masonry-image-container'  ><img decoding=\"async\" width=\"705\" height=\"469\" fetchpriority=\"high\" class=\"wp-image-13783 avia-img-lazy-loading-not-13783\"  src=\"https:\/\/www.lafundacion.com\/wp-content\/uploads\/2021\/01\/Reyes-Magos-LaF-11-705x469.jpg\" title=\"Errege Magoak Gasteiz 43\" alt=\"\" srcset=\"https:\/\/www.lafundacion.com\/wp-content\/uploads\/2021\/01\/Reyes-Magos-LaF-11-705x469.jpg 705w, https:\/\/www.lafundacion.com\/wp-content\/uploads\/2021\/01\/Reyes-Magos-LaF-11-300x199.jpg 300w, https:\/\/www.lafundacion.com\/wp-content\/uploads\/2021\/01\/Reyes-Magos-LaF-11.jpg 722w\" sizes=\"(max-width: 705px) 100vw, 705px\" \/><\/div><\/div><\/figure><\/a><!--end av-masonry entry--><a href=\"https:\/\/www.lafundacion.com\/wp-content\/uploads\/2021\/01\/Reyes-Magos-LaF-13.jpg\" data-srcset=\"https:\/\/www.lafundacion.com\/wp-content\/uploads\/2021\/01\/Reyes-Magos-LaF-13.jpg 722w, https:\/\/www.lafundacion.com\/wp-content\/uploads\/2021\/01\/Reyes-Magos-LaF-13-300x199.jpg 300w, https:\/\/www.lafundacion.com\/wp-content\/uploads\/2021\/01\/Reyes-Magos-LaF-13-705x469.jpg 705w\" data-sizes=\"(max-width: 722px) 100vw, 722px\"  aria-label=\"image Errege Magoak Gasteiz 41\"  id='av-masonry-1-item-13787' data-av-masonry-item='13787' class='av-masonry-entry isotope-item post-13787 attachment type-attachment status-inherit hentry  av-masonry-item-with-image' title=\"Errege Magoak Gasteiz 41\" alt=\"\"    itemprop=\"thumbnailUrl\" ><div class='av-inner-masonry-sizer'><\/div><figure class='av-inner-masonry main_color'><div class=\"av-masonry-outerimage-container\"><div class='av-masonry-image-container'  ><img decoding=\"async\" width=\"705\" height=\"469\" fetchpriority=\"high\" class=\"wp-image-13787 avia-img-lazy-loading-not-13787\"  src=\"https:\/\/www.lafundacion.com\/wp-content\/uploads\/2021\/01\/Reyes-Magos-LaF-13-705x469.jpg\" title=\"Errege Magoak Gasteiz 41\" alt=\"\" srcset=\"https:\/\/www.lafundacion.com\/wp-content\/uploads\/2021\/01\/Reyes-Magos-LaF-13-705x469.jpg 705w, https:\/\/www.lafundacion.com\/wp-content\/uploads\/2021\/01\/Reyes-Magos-LaF-13-300x199.jpg 300w, https:\/\/www.lafundacion.com\/wp-content\/uploads\/2021\/01\/Reyes-Magos-LaF-13.jpg 722w\" sizes=\"(max-width: 705px) 100vw, 705px\" \/><\/div><\/div><\/figure><\/a><!--end av-masonry entry--><a href=\"https:\/\/www.lafundacion.com\/wp-content\/uploads\/2021\/01\/Reyes-Magos-LaF-14.jpg\" data-srcset=\"https:\/\/www.lafundacion.com\/wp-content\/uploads\/2021\/01\/Reyes-Magos-LaF-14.jpg 480w, https:\/\/www.lafundacion.com\/wp-content\/uploads\/2021\/01\/Reyes-Magos-LaF-14-199x300.jpg 199w, https:\/\/www.lafundacion.com\/wp-content\/uploads\/2021\/01\/Reyes-Magos-LaF-14-469x705.jpg 469w\" data-sizes=\"(max-width: 480px) 100vw, 480px\"  aria-label=\"image Errege Magoak Gasteiz 40\"  id='av-masonry-1-item-13789' data-av-masonry-item='13789' class='av-masonry-entry isotope-item post-13789 attachment type-attachment status-inherit hentry  av-masonry-item-with-image' title=\"Errege Magoak Gasteiz 40\" alt=\"\"    itemprop=\"thumbnailUrl\" ><div class='av-inner-masonry-sizer'><\/div><figure class='av-inner-masonry main_color'><div class=\"av-masonry-outerimage-container\"><div class='av-masonry-image-container'  ><img decoding=\"async\" width=\"469\" height=\"705\" fetchpriority=\"high\" class=\"wp-image-13789 avia-img-lazy-loading-not-13789\"  src=\"https:\/\/www.lafundacion.com\/wp-content\/uploads\/2021\/01\/Reyes-Magos-LaF-14-469x705.jpg\" title=\"Errege Magoak Gasteiz 40\" alt=\"\" srcset=\"https:\/\/www.lafundacion.com\/wp-content\/uploads\/2021\/01\/Reyes-Magos-LaF-14-469x705.jpg 469w, https:\/\/www.lafundacion.com\/wp-content\/uploads\/2021\/01\/Reyes-Magos-LaF-14-199x300.jpg 199w, https:\/\/www.lafundacion.com\/wp-content\/uploads\/2021\/01\/Reyes-Magos-LaF-14.jpg 480w\" sizes=\"(max-width: 469px) 100vw, 469px\" \/><\/div><\/div><\/figure><\/a><!--end av-masonry entry--><a href=\"https:\/\/www.lafundacion.com\/wp-content\/uploads\/2021\/01\/Reyes-Magos-LaF-15.jpg\" data-srcset=\"https:\/\/www.lafundacion.com\/wp-content\/uploads\/2021\/01\/Reyes-Magos-LaF-15.jpg 722w, https:\/\/www.lafundacion.com\/wp-content\/uploads\/2021\/01\/Reyes-Magos-LaF-15-300x199.jpg 300w, https:\/\/www.lafundacion.com\/wp-content\/uploads\/2021\/01\/Reyes-Magos-LaF-15-705x469.jpg 705w\" data-sizes=\"(max-width: 722px) 100vw, 722px\"  aria-label=\"image Errege Magoak Gasteiz 1\"  id='av-masonry-1-item-13791' data-av-masonry-item='13791' class='av-masonry-entry isotope-item post-13791 attachment type-attachment status-inherit hentry  av-masonry-item-with-image' title=\"Errege Magoak Gasteiz 1\" alt=\"\"    itemprop=\"thumbnailUrl\" ><div class='av-inner-masonry-sizer'><\/div><figure class='av-inner-masonry main_color'><div class=\"av-masonry-outerimage-container\"><div class='av-masonry-image-container'  ><img decoding=\"async\" width=\"705\" height=\"469\" fetchpriority=\"high\" class=\"wp-image-13791 avia-img-lazy-loading-not-13791\"  src=\"https:\/\/www.lafundacion.com\/wp-content\/uploads\/2021\/01\/Reyes-Magos-LaF-15-705x469.jpg\" title=\"Errege Magoak Gasteiz 1\" alt=\"\" srcset=\"https:\/\/www.lafundacion.com\/wp-content\/uploads\/2021\/01\/Reyes-Magos-LaF-15-705x469.jpg 705w, https:\/\/www.lafundacion.com\/wp-content\/uploads\/2021\/01\/Reyes-Magos-LaF-15-300x199.jpg 300w, https:\/\/www.lafundacion.com\/wp-content\/uploads\/2021\/01\/Reyes-Magos-LaF-15.jpg 722w\" sizes=\"(max-width: 705px) 100vw, 705px\" \/><\/div><\/div><\/figure><\/a><!--end av-masonry entry--><a href=\"https:\/\/www.lafundacion.com\/wp-content\/uploads\/2021\/01\/Reyes-Magos-LaF-16.jpg\" data-srcset=\"https:\/\/www.lafundacion.com\/wp-content\/uploads\/2021\/01\/Reyes-Magos-LaF-16.jpg 480w, https:\/\/www.lafundacion.com\/wp-content\/uploads\/2021\/01\/Reyes-Magos-LaF-16-199x300.jpg 199w, https:\/\/www.lafundacion.com\/wp-content\/uploads\/2021\/01\/Reyes-Magos-LaF-16-469x705.jpg 469w\" data-sizes=\"(max-width: 480px) 100vw, 480px\"  aria-label=\"image Errege Magoak Gasteiz 39\"  id='av-masonry-1-item-13793' data-av-masonry-item='13793' class='av-masonry-entry isotope-item post-13793 attachment type-attachment status-inherit hentry  av-masonry-item-with-image' title=\"Errege Magoak Gasteiz 39\" alt=\"\"    itemprop=\"thumbnailUrl\" ><div class='av-inner-masonry-sizer'><\/div><figure class='av-inner-masonry main_color'><div class=\"av-masonry-outerimage-container\"><div class='av-masonry-image-container'  ><img decoding=\"async\" width=\"469\" height=\"705\" fetchpriority=\"high\" class=\"wp-image-13793 avia-img-lazy-loading-not-13793\"  src=\"https:\/\/www.lafundacion.com\/wp-content\/uploads\/2021\/01\/Reyes-Magos-LaF-16-469x705.jpg\" title=\"Errege Magoak Gasteiz 39\" alt=\"\" srcset=\"https:\/\/www.lafundacion.com\/wp-content\/uploads\/2021\/01\/Reyes-Magos-LaF-16-469x705.jpg 469w, https:\/\/www.lafundacion.com\/wp-content\/uploads\/2021\/01\/Reyes-Magos-LaF-16-199x300.jpg 199w, https:\/\/www.lafundacion.com\/wp-content\/uploads\/2021\/01\/Reyes-Magos-LaF-16.jpg 480w\" sizes=\"(max-width: 469px) 100vw, 469px\" \/><\/div><\/div><\/figure><\/a><!--end av-masonry entry--><a href=\"https:\/\/www.lafundacion.com\/wp-content\/uploads\/2021\/01\/Reyes-Magos-LaF-18.jpg\" data-srcset=\"https:\/\/www.lafundacion.com\/wp-content\/uploads\/2021\/01\/Reyes-Magos-LaF-18.jpg 722w, https:\/\/www.lafundacion.com\/wp-content\/uploads\/2021\/01\/Reyes-Magos-LaF-18-300x199.jpg 300w, https:\/\/www.lafundacion.com\/wp-content\/uploads\/2021\/01\/Reyes-Magos-LaF-18-705x469.jpg 705w\" data-sizes=\"(max-width: 722px) 100vw, 722px\"  aria-label=\"image Errege Magoak Gasteiz 37\"  id='av-masonry-1-item-13797' data-av-masonry-item='13797' class='av-masonry-entry isotope-item post-13797 attachment type-attachment status-inherit hentry  av-masonry-item-with-image' title=\"Errege Magoak Gasteiz 37\" alt=\"\"    itemprop=\"thumbnailUrl\" ><div class='av-inner-masonry-sizer'><\/div><figure class='av-inner-masonry main_color'><div class=\"av-masonry-outerimage-container\"><div class='av-masonry-image-container'  ><img decoding=\"async\" width=\"705\" height=\"469\" fetchpriority=\"high\" class=\"wp-image-13797 avia-img-lazy-loading-not-13797\"  src=\"https:\/\/www.lafundacion.com\/wp-content\/uploads\/2021\/01\/Reyes-Magos-LaF-18-705x469.jpg\" title=\"Errege Magoak Gasteiz 37\" alt=\"\" srcset=\"https:\/\/www.lafundacion.com\/wp-content\/uploads\/2021\/01\/Reyes-Magos-LaF-18-705x469.jpg 705w, https:\/\/www.lafundacion.com\/wp-content\/uploads\/2021\/01\/Reyes-Magos-LaF-18-300x199.jpg 300w, https:\/\/www.lafundacion.com\/wp-content\/uploads\/2021\/01\/Reyes-Magos-LaF-18.jpg 722w\" sizes=\"(max-width: 705px) 100vw, 705px\" \/><\/div><\/div><\/figure><\/a><!--end av-masonry entry--><a href=\"https:\/\/www.lafundacion.com\/wp-content\/uploads\/2021\/01\/Reyes-Magos6.jpg\" data-srcset=\"https:\/\/www.lafundacion.com\/wp-content\/uploads\/2021\/01\/Reyes-Magos6.jpg 722w, https:\/\/www.lafundacion.com\/wp-content\/uploads\/2021\/01\/Reyes-Magos6-300x199.jpg 300w, https:\/\/www.lafundacion.com\/wp-content\/uploads\/2021\/01\/Reyes-Magos6-705x469.jpg 705w\" data-sizes=\"(max-width: 722px) 100vw, 722px\"  aria-label=\"image Errege Magoak Gasteiz 31\"  id='av-masonry-1-item-13809' data-av-masonry-item='13809' class='av-masonry-entry isotope-item post-13809 attachment type-attachment status-inherit hentry  av-masonry-item-with-image' title=\"Errege Magoak Gasteiz 31\" alt=\"\"    itemprop=\"thumbnailUrl\" ><div class='av-inner-masonry-sizer'><\/div><figure class='av-inner-masonry main_color'><div class=\"av-masonry-outerimage-container\"><div class='av-masonry-image-container'  ><img decoding=\"async\" width=\"705\" height=\"469\" fetchpriority=\"high\" class=\"wp-image-13809 avia-img-lazy-loading-not-13809\"  src=\"https:\/\/www.lafundacion.com\/wp-content\/uploads\/2021\/01\/Reyes-Magos6-705x469.jpg\" title=\"Errege Magoak Gasteiz 31\" alt=\"\" srcset=\"https:\/\/www.lafundacion.com\/wp-content\/uploads\/2021\/01\/Reyes-Magos6-705x469.jpg 705w, https:\/\/www.lafundacion.com\/wp-content\/uploads\/2021\/01\/Reyes-Magos6-300x199.jpg 300w, https:\/\/www.lafundacion.com\/wp-content\/uploads\/2021\/01\/Reyes-Magos6.jpg 722w\" sizes=\"(max-width: 705px) 100vw, 705px\" \/><\/div><\/div><\/figure><\/a><!--end av-masonry entry--><a href=\"https:\/\/www.lafundacion.com\/wp-content\/uploads\/2021\/01\/Reyes-Magos7.jpg\" data-srcset=\"https:\/\/www.lafundacion.com\/wp-content\/uploads\/2021\/01\/Reyes-Magos7.jpg 480w, https:\/\/www.lafundacion.com\/wp-content\/uploads\/2021\/01\/Reyes-Magos7-199x300.jpg 199w, https:\/\/www.lafundacion.com\/wp-content\/uploads\/2021\/01\/Reyes-Magos7-469x705.jpg 469w\" data-sizes=\"(max-width: 480px) 100vw, 480px\"  aria-label=\"image Errege Magoak Gasteiz 30\"  id='av-masonry-1-item-13811' data-av-masonry-item='13811' class='av-masonry-entry isotope-item post-13811 attachment type-attachment status-inherit hentry  av-masonry-item-with-image' title=\"Errege Magoak Gasteiz 30\" alt=\"\"    itemprop=\"thumbnailUrl\" ><div class='av-inner-masonry-sizer'><\/div><figure class='av-inner-masonry main_color'><div class=\"av-masonry-outerimage-container\"><div class='av-masonry-image-container'  ><img decoding=\"async\" width=\"469\" height=\"705\" fetchpriority=\"high\" class=\"wp-image-13811 avia-img-lazy-loading-not-13811\"  src=\"https:\/\/www.lafundacion.com\/wp-content\/uploads\/2021\/01\/Reyes-Magos7-469x705.jpg\" title=\"Errege Magoak Gasteiz 30\" alt=\"\" srcset=\"https:\/\/www.lafundacion.com\/wp-content\/uploads\/2021\/01\/Reyes-Magos7-469x705.jpg 469w, https:\/\/www.lafundacion.com\/wp-content\/uploads\/2021\/01\/Reyes-Magos7-199x300.jpg 199w, https:\/\/www.lafundacion.com\/wp-content\/uploads\/2021\/01\/Reyes-Magos7.jpg 480w\" sizes=\"(max-width: 469px) 100vw, 469px\" \/><\/div><\/div><\/figure><\/a><!--end av-masonry entry--><a href=\"https:\/\/www.lafundacion.com\/wp-content\/uploads\/2021\/01\/Reyes-Magos8.jpg\" data-srcset=\"https:\/\/www.lafundacion.com\/wp-content\/uploads\/2021\/01\/Reyes-Magos8.jpg 722w, https:\/\/www.lafundacion.com\/wp-content\/uploads\/2021\/01\/Reyes-Magos8-300x199.jpg 300w, https:\/\/www.lafundacion.com\/wp-content\/uploads\/2021\/01\/Reyes-Magos8-705x469.jpg 705w\" data-sizes=\"(max-width: 722px) 100vw, 722px\"  aria-label=\"image Errege Magoak Gasteiz 29\"  id='av-masonry-1-item-13813' data-av-masonry-item='13813' class='av-masonry-entry isotope-item post-13813 attachment type-attachment status-inherit hentry  av-masonry-item-with-image' title=\"Errege Magoak Gasteiz 29\" alt=\"\"    itemprop=\"thumbnailUrl\" ><div class='av-inner-masonry-sizer'><\/div><figure class='av-inner-masonry main_color'><div class=\"av-masonry-outerimage-container\"><div class='av-masonry-image-container'  ><img decoding=\"async\" width=\"705\" height=\"469\" fetchpriority=\"high\" class=\"wp-image-13813 avia-img-lazy-loading-not-13813\"  src=\"https:\/\/www.lafundacion.com\/wp-content\/uploads\/2021\/01\/Reyes-Magos8-705x469.jpg\" title=\"Errege Magoak Gasteiz 29\" alt=\"\" srcset=\"https:\/\/www.lafundacion.com\/wp-content\/uploads\/2021\/01\/Reyes-Magos8-705x469.jpg 705w, https:\/\/www.lafundacion.com\/wp-content\/uploads\/2021\/01\/Reyes-Magos8-300x199.jpg 300w, https:\/\/www.lafundacion.com\/wp-content\/uploads\/2021\/01\/Reyes-Magos8.jpg 722w\" sizes=\"(max-width: 705px) 100vw, 705px\" \/><\/div><\/div><\/figure><\/a><!--end av-masonry entry--><a href=\"https:\/\/www.lafundacion.com\/wp-content\/uploads\/2021\/01\/Reyes-Magos9.jpg\" data-srcset=\"https:\/\/www.lafundacion.com\/wp-content\/uploads\/2021\/01\/Reyes-Magos9.jpg 480w, https:\/\/www.lafundacion.com\/wp-content\/uploads\/2021\/01\/Reyes-Magos9-199x300.jpg 199w, https:\/\/www.lafundacion.com\/wp-content\/uploads\/2021\/01\/Reyes-Magos9-469x705.jpg 469w\" data-sizes=\"(max-width: 480px) 100vw, 480px\"  aria-label=\"image Errege Magoak Gasteiz 28\"  id='av-masonry-1-item-13815' data-av-masonry-item='13815' class='av-masonry-entry isotope-item post-13815 attachment type-attachment status-inherit hentry  av-masonry-item-with-image' title=\"Errege Magoak Gasteiz 28\" alt=\"\"    itemprop=\"thumbnailUrl\" ><div class='av-inner-masonry-sizer'><\/div><figure class='av-inner-masonry main_color'><div class=\"av-masonry-outerimage-container\"><div class='av-masonry-image-container'  ><img decoding=\"async\" width=\"469\" height=\"705\" fetchpriority=\"high\" class=\"wp-image-13815 avia-img-lazy-loading-not-13815\"  src=\"https:\/\/www.lafundacion.com\/wp-content\/uploads\/2021\/01\/Reyes-Magos9-469x705.jpg\" title=\"Errege Magoak Gasteiz 28\" alt=\"\" srcset=\"https:\/\/www.lafundacion.com\/wp-content\/uploads\/2021\/01\/Reyes-Magos9-469x705.jpg 469w, https:\/\/www.lafundacion.com\/wp-content\/uploads\/2021\/01\/Reyes-Magos9-199x300.jpg 199w, https:\/\/www.lafundacion.com\/wp-content\/uploads\/2021\/01\/Reyes-Magos9.jpg 480w\" sizes=\"(max-width: 469px) 100vw, 469px\" \/><\/div><\/div><\/figure><\/a><!--end av-masonry entry--><a href=\"https:\/\/www.lafundacion.com\/wp-content\/uploads\/2021\/01\/Reyes-Magos10.jpg\" data-srcset=\"https:\/\/www.lafundacion.com\/wp-content\/uploads\/2021\/01\/Reyes-Magos10.jpg 722w, https:\/\/www.lafundacion.com\/wp-content\/uploads\/2021\/01\/Reyes-Magos10-300x199.jpg 300w, https:\/\/www.lafundacion.com\/wp-content\/uploads\/2021\/01\/Reyes-Magos10-705x469.jpg 705w\" data-sizes=\"(max-width: 722px) 100vw, 722px\"  aria-label=\"image Errege Magoak Gasteiz 27\"  id='av-masonry-1-item-13817' data-av-masonry-item='13817' class='av-masonry-entry isotope-item post-13817 attachment type-attachment status-inherit hentry  av-masonry-item-with-image' title=\"Errege Magoak Gasteiz 27\" alt=\"\"    itemprop=\"thumbnailUrl\" ><div class='av-inner-masonry-sizer'><\/div><figure class='av-inner-masonry main_color'><div class=\"av-masonry-outerimage-container\"><div class='av-masonry-image-container'  ><img decoding=\"async\" width=\"705\" height=\"469\" fetchpriority=\"high\" class=\"wp-image-13817 avia-img-lazy-loading-not-13817\"  src=\"https:\/\/www.lafundacion.com\/wp-content\/uploads\/2021\/01\/Reyes-Magos10-705x469.jpg\" title=\"Errege Magoak Gasteiz 27\" alt=\"\" srcset=\"https:\/\/www.lafundacion.com\/wp-content\/uploads\/2021\/01\/Reyes-Magos10-705x469.jpg 705w, https:\/\/www.lafundacion.com\/wp-content\/uploads\/2021\/01\/Reyes-Magos10-300x199.jpg 300w, https:\/\/www.lafundacion.com\/wp-content\/uploads\/2021\/01\/Reyes-Magos10.jpg 722w\" sizes=\"(max-width: 705px) 100vw, 705px\" \/><\/div><\/div><\/figure><\/a><!--end av-masonry entry--><a href=\"https:\/\/www.lafundacion.com\/wp-content\/uploads\/2021\/01\/Reyes-Magos11.jpg\" data-srcset=\"https:\/\/www.lafundacion.com\/wp-content\/uploads\/2021\/01\/Reyes-Magos11.jpg 480w, https:\/\/www.lafundacion.com\/wp-content\/uploads\/2021\/01\/Reyes-Magos11-199x300.jpg 199w, https:\/\/www.lafundacion.com\/wp-content\/uploads\/2021\/01\/Reyes-Magos11-469x705.jpg 469w\" data-sizes=\"(max-width: 480px) 100vw, 480px\"  aria-label=\"image Errege Magoak Gasteiz 26\"  id='av-masonry-1-item-13819' data-av-masonry-item='13819' class='av-masonry-entry isotope-item post-13819 attachment type-attachment status-inherit hentry  av-masonry-item-with-image' title=\"Errege Magoak Gasteiz 26\" alt=\"\"    itemprop=\"thumbnailUrl\" ><div class='av-inner-masonry-sizer'><\/div><figure class='av-inner-masonry main_color'><div class=\"av-masonry-outerimage-container\"><div class='av-masonry-image-container'  ><img decoding=\"async\" width=\"469\" height=\"705\" fetchpriority=\"high\" class=\"wp-image-13819 avia-img-lazy-loading-not-13819\"  src=\"https:\/\/www.lafundacion.com\/wp-content\/uploads\/2021\/01\/Reyes-Magos11-469x705.jpg\" title=\"Errege Magoak Gasteiz 26\" alt=\"\" srcset=\"https:\/\/www.lafundacion.com\/wp-content\/uploads\/2021\/01\/Reyes-Magos11-469x705.jpg 469w, https:\/\/www.lafundacion.com\/wp-content\/uploads\/2021\/01\/Reyes-Magos11-199x300.jpg 199w, https:\/\/www.lafundacion.com\/wp-content\/uploads\/2021\/01\/Reyes-Magos11.jpg 480w\" sizes=\"(max-width: 469px) 100vw, 469px\" \/><\/div><\/div><\/figure><\/a><!--end av-masonry entry--><a href=\"https:\/\/www.lafundacion.com\/wp-content\/uploads\/2021\/01\/Reyes-Magos12.jpg\" data-srcset=\"https:\/\/www.lafundacion.com\/wp-content\/uploads\/2021\/01\/Reyes-Magos12.jpg 722w, https:\/\/www.lafundacion.com\/wp-content\/uploads\/2021\/01\/Reyes-Magos12-300x199.jpg 300w, https:\/\/www.lafundacion.com\/wp-content\/uploads\/2021\/01\/Reyes-Magos12-705x469.jpg 705w\" data-sizes=\"(max-width: 722px) 100vw, 722px\"  aria-label=\"image Errege Magoak Gasteiz 25\"  id='av-masonry-1-item-13821' data-av-masonry-item='13821' class='av-masonry-entry isotope-item post-13821 attachment type-attachment status-inherit hentry  av-masonry-item-with-image' title=\"Errege Magoak Gasteiz 25\" alt=\"\"    itemprop=\"thumbnailUrl\" ><div class='av-inner-masonry-sizer'><\/div><figure class='av-inner-masonry main_color'><div class=\"av-masonry-outerimage-container\"><div class='av-masonry-image-container'  ><img decoding=\"async\" width=\"705\" height=\"469\" fetchpriority=\"high\" class=\"wp-image-13821 avia-img-lazy-loading-not-13821\"  src=\"https:\/\/www.lafundacion.com\/wp-content\/uploads\/2021\/01\/Reyes-Magos12-705x469.jpg\" title=\"Errege Magoak Gasteiz 25\" alt=\"\" srcset=\"https:\/\/www.lafundacion.com\/wp-content\/uploads\/2021\/01\/Reyes-Magos12-705x469.jpg 705w, https:\/\/www.lafundacion.com\/wp-content\/uploads\/2021\/01\/Reyes-Magos12-300x199.jpg 300w, https:\/\/www.lafundacion.com\/wp-content\/uploads\/2021\/01\/Reyes-Magos12.jpg 722w\" sizes=\"(max-width: 705px) 100vw, 705px\" \/><\/div><\/div><\/figure><\/a><!--end av-masonry entry--><a href=\"https:\/\/www.lafundacion.com\/wp-content\/uploads\/2021\/01\/Reyes-Magos13.jpg\" data-srcset=\"https:\/\/www.lafundacion.com\/wp-content\/uploads\/2021\/01\/Reyes-Magos13.jpg 722w, https:\/\/www.lafundacion.com\/wp-content\/uploads\/2021\/01\/Reyes-Magos13-300x199.jpg 300w, https:\/\/www.lafundacion.com\/wp-content\/uploads\/2021\/01\/Reyes-Magos13-705x469.jpg 705w\" data-sizes=\"(max-width: 722px) 100vw, 722px\"  aria-label=\"image Errege Magoak Gasteiz 24\"  id='av-masonry-1-item-13823' data-av-masonry-item='13823' class='av-masonry-entry isotope-item post-13823 attachment type-attachment status-inherit hentry  av-masonry-item-with-image' title=\"Errege Magoak Gasteiz 24\" alt=\"\"    itemprop=\"thumbnailUrl\" ><div class='av-inner-masonry-sizer'><\/div><figure class='av-inner-masonry main_color'><div class=\"av-masonry-outerimage-container\"><div class='av-masonry-image-container'  ><img decoding=\"async\" width=\"705\" height=\"469\" fetchpriority=\"high\" class=\"wp-image-13823 avia-img-lazy-loading-not-13823\"  src=\"https:\/\/www.lafundacion.com\/wp-content\/uploads\/2021\/01\/Reyes-Magos13-705x469.jpg\" title=\"Errege Magoak Gasteiz 24\" alt=\"\" srcset=\"https:\/\/www.lafundacion.com\/wp-content\/uploads\/2021\/01\/Reyes-Magos13-705x469.jpg 705w, https:\/\/www.lafundacion.com\/wp-content\/uploads\/2021\/01\/Reyes-Magos13-300x199.jpg 300w, https:\/\/www.lafundacion.com\/wp-content\/uploads\/2021\/01\/Reyes-Magos13.jpg 722w\" sizes=\"(max-width: 705px) 100vw, 705px\" \/><\/div><\/div><\/figure><\/a><!--end av-masonry entry--><a href=\"https:\/\/www.lafundacion.com\/wp-content\/uploads\/2021\/01\/Reyes-Magos14.jpg\" data-srcset=\"https:\/\/www.lafundacion.com\/wp-content\/uploads\/2021\/01\/Reyes-Magos14.jpg 480w, https:\/\/www.lafundacion.com\/wp-content\/uploads\/2021\/01\/Reyes-Magos14-199x300.jpg 199w, https:\/\/www.lafundacion.com\/wp-content\/uploads\/2021\/01\/Reyes-Magos14-469x705.jpg 469w\" data-sizes=\"(max-width: 480px) 100vw, 480px\"  aria-label=\"image Errege Magoak Gasteiz 23\"  id='av-masonry-1-item-13825' data-av-masonry-item='13825' class='av-masonry-entry isotope-item post-13825 attachment type-attachment status-inherit hentry  av-masonry-item-with-image' title=\"Errege Magoak Gasteiz 23\" alt=\"\"    itemprop=\"thumbnailUrl\" ><div class='av-inner-masonry-sizer'><\/div><figure class='av-inner-masonry main_color'><div class=\"av-masonry-outerimage-container\"><div class='av-masonry-image-container'  ><img decoding=\"async\" width=\"469\" height=\"705\" fetchpriority=\"high\" class=\"wp-image-13825 avia-img-lazy-loading-not-13825\"  src=\"https:\/\/www.lafundacion.com\/wp-content\/uploads\/2021\/01\/Reyes-Magos14-469x705.jpg\" title=\"Errege Magoak Gasteiz 23\" alt=\"\" srcset=\"https:\/\/www.lafundacion.com\/wp-content\/uploads\/2021\/01\/Reyes-Magos14-469x705.jpg 469w, https:\/\/www.lafundacion.com\/wp-content\/uploads\/2021\/01\/Reyes-Magos14-199x300.jpg 199w, https:\/\/www.lafundacion.com\/wp-content\/uploads\/2021\/01\/Reyes-Magos14.jpg 480w\" sizes=\"(max-width: 469px) 100vw, 469px\" \/><\/div><\/div><\/figure><\/a><!--end av-masonry entry--><a href=\"https:\/\/www.lafundacion.com\/wp-content\/uploads\/2021\/01\/Reyes-Magos15.jpg\" data-srcset=\"https:\/\/www.lafundacion.com\/wp-content\/uploads\/2021\/01\/Reyes-Magos15.jpg 722w, https:\/\/www.lafundacion.com\/wp-content\/uploads\/2021\/01\/Reyes-Magos15-300x199.jpg 300w, https:\/\/www.lafundacion.com\/wp-content\/uploads\/2021\/01\/Reyes-Magos15-705x469.jpg 705w\" data-sizes=\"(max-width: 722px) 100vw, 722px\"  aria-label=\"image Errege Magoak Gasteiz 22\"  id='av-masonry-1-item-13827' data-av-masonry-item='13827' class='av-masonry-entry isotope-item post-13827 attachment type-attachment status-inherit hentry  av-masonry-item-with-image' title=\"Errege Magoak Gasteiz 22\" alt=\"\"    itemprop=\"thumbnailUrl\" ><div class='av-inner-masonry-sizer'><\/div><figure class='av-inner-masonry main_color'><div class=\"av-masonry-outerimage-container\"><div class='av-masonry-image-container'  ><img decoding=\"async\" width=\"705\" height=\"469\" fetchpriority=\"high\" class=\"wp-image-13827 avia-img-lazy-loading-not-13827\"  src=\"https:\/\/www.lafundacion.com\/wp-content\/uploads\/2021\/01\/Reyes-Magos15-705x469.jpg\" title=\"Errege Magoak Gasteiz 22\" alt=\"\" srcset=\"https:\/\/www.lafundacion.com\/wp-content\/uploads\/2021\/01\/Reyes-Magos15-705x469.jpg 705w, https:\/\/www.lafundacion.com\/wp-content\/uploads\/2021\/01\/Reyes-Magos15-300x199.jpg 300w, https:\/\/www.lafundacion.com\/wp-content\/uploads\/2021\/01\/Reyes-Magos15.jpg 722w\" sizes=\"(max-width: 705px) 100vw, 705px\" \/><\/div><\/div><\/figure><\/a><!--end av-masonry entry--><a href=\"https:\/\/www.lafundacion.com\/wp-content\/uploads\/2021\/01\/Reyes-Magos18.jpg\" data-srcset=\"https:\/\/www.lafundacion.com\/wp-content\/uploads\/2021\/01\/Reyes-Magos18.jpg 722w, https:\/\/www.lafundacion.com\/wp-content\/uploads\/2021\/01\/Reyes-Magos18-300x199.jpg 300w, https:\/\/www.lafundacion.com\/wp-content\/uploads\/2021\/01\/Reyes-Magos18-705x469.jpg 705w\" data-sizes=\"(max-width: 722px) 100vw, 722px\"  aria-label=\"image Errege Magoak Gasteiz 21\"  id='av-masonry-1-item-13833' data-av-masonry-item='13833' class='av-masonry-entry isotope-item post-13833 attachment type-attachment status-inherit hentry  av-masonry-item-with-image' title=\"Errege Magoak Gasteiz 21\" alt=\"\"    itemprop=\"thumbnailUrl\" ><div class='av-inner-masonry-sizer'><\/div><figure class='av-inner-masonry main_color'><div class=\"av-masonry-outerimage-container\"><div class='av-masonry-image-container'  ><img decoding=\"async\" width=\"705\" height=\"469\" fetchpriority=\"high\" class=\"wp-image-13833 avia-img-lazy-loading-not-13833\"  src=\"https:\/\/www.lafundacion.com\/wp-content\/uploads\/2021\/01\/Reyes-Magos18-705x469.jpg\" title=\"Errege Magoak Gasteiz 21\" alt=\"\" srcset=\"https:\/\/www.lafundacion.com\/wp-content\/uploads\/2021\/01\/Reyes-Magos18-705x469.jpg 705w, https:\/\/www.lafundacion.com\/wp-content\/uploads\/2021\/01\/Reyes-Magos18-300x199.jpg 300w, https:\/\/www.lafundacion.com\/wp-content\/uploads\/2021\/01\/Reyes-Magos18.jpg 722w\" sizes=\"(max-width: 705px) 100vw, 705px\" \/><\/div><\/div><\/figure><\/a><!--end av-masonry entry--><a href=\"https:\/\/www.lafundacion.com\/wp-content\/uploads\/2021\/01\/Reyes-Magos19.jpg\" data-srcset=\"https:\/\/www.lafundacion.com\/wp-content\/uploads\/2021\/01\/Reyes-Magos19.jpg 480w, https:\/\/www.lafundacion.com\/wp-content\/uploads\/2021\/01\/Reyes-Magos19-199x300.jpg 199w, https:\/\/www.lafundacion.com\/wp-content\/uploads\/2021\/01\/Reyes-Magos19-469x705.jpg 469w\" data-sizes=\"(max-width: 480px) 100vw, 480px\"  aria-label=\"image Errege Magoak Gasteiz 20\"  id='av-masonry-1-item-13835' data-av-masonry-item='13835' class='av-masonry-entry isotope-item post-13835 attachment type-attachment status-inherit hentry  av-masonry-item-with-image' title=\"Errege Magoak Gasteiz 20\" alt=\"\"    itemprop=\"thumbnailUrl\" ><div class='av-inner-masonry-sizer'><\/div><figure class='av-inner-masonry main_color'><div class=\"av-masonry-outerimage-container\"><div class='av-masonry-image-container'  ><img decoding=\"async\" width=\"469\" height=\"705\" fetchpriority=\"high\" class=\"wp-image-13835 avia-img-lazy-loading-not-13835\"  src=\"https:\/\/www.lafundacion.com\/wp-content\/uploads\/2021\/01\/Reyes-Magos19-469x705.jpg\" title=\"Errege Magoak Gasteiz 20\" alt=\"\" srcset=\"https:\/\/www.lafundacion.com\/wp-content\/uploads\/2021\/01\/Reyes-Magos19-469x705.jpg 469w, https:\/\/www.lafundacion.com\/wp-content\/uploads\/2021\/01\/Reyes-Magos19-199x300.jpg 199w, https:\/\/www.lafundacion.com\/wp-content\/uploads\/2021\/01\/Reyes-Magos19.jpg 480w\" sizes=\"(max-width: 469px) 100vw, 469px\" \/><\/div><\/div><\/figure><\/a><!--end av-masonry entry--><a href=\"https:\/\/www.lafundacion.com\/wp-content\/uploads\/2021\/01\/Reyes-Magos20.jpg\" data-srcset=\"https:\/\/www.lafundacion.com\/wp-content\/uploads\/2021\/01\/Reyes-Magos20.jpg 480w, https:\/\/www.lafundacion.com\/wp-content\/uploads\/2021\/01\/Reyes-Magos20-199x300.jpg 199w, https:\/\/www.lafundacion.com\/wp-content\/uploads\/2021\/01\/Reyes-Magos20-469x705.jpg 469w\" data-sizes=\"(max-width: 480px) 100vw, 480px\"  aria-label=\"image Errege Magoak Gasteiz 19\"  id='av-masonry-1-item-13837' data-av-masonry-item='13837' class='av-masonry-entry isotope-item post-13837 attachment type-attachment status-inherit hentry  av-masonry-item-with-image' title=\"Errege Magoak Gasteiz 19\" alt=\"\"    itemprop=\"thumbnailUrl\" ><div class='av-inner-masonry-sizer'><\/div><figure class='av-inner-masonry main_color'><div class=\"av-masonry-outerimage-container\"><div class='av-masonry-image-container'  ><img decoding=\"async\" width=\"469\" height=\"705\" fetchpriority=\"high\" class=\"wp-image-13837 avia-img-lazy-loading-not-13837\"  src=\"https:\/\/www.lafundacion.com\/wp-content\/uploads\/2021\/01\/Reyes-Magos20-469x705.jpg\" title=\"Errege Magoak Gasteiz 19\" alt=\"\" srcset=\"https:\/\/www.lafundacion.com\/wp-content\/uploads\/2021\/01\/Reyes-Magos20-469x705.jpg 469w, https:\/\/www.lafundacion.com\/wp-content\/uploads\/2021\/01\/Reyes-Magos20-199x300.jpg 199w, https:\/\/www.lafundacion.com\/wp-content\/uploads\/2021\/01\/Reyes-Magos20.jpg 480w\" sizes=\"(max-width: 469px) 100vw, 469px\" \/><\/div><\/div><\/figure><\/a><!--end av-masonry entry--><a href=\"https:\/\/www.lafundacion.com\/wp-content\/uploads\/2021\/01\/Reyes-Magos21.jpg\" data-srcset=\"https:\/\/www.lafundacion.com\/wp-content\/uploads\/2021\/01\/Reyes-Magos21.jpg 722w, https:\/\/www.lafundacion.com\/wp-content\/uploads\/2021\/01\/Reyes-Magos21-300x199.jpg 300w, https:\/\/www.lafundacion.com\/wp-content\/uploads\/2021\/01\/Reyes-Magos21-705x469.jpg 705w\" data-sizes=\"(max-width: 722px) 100vw, 722px\"  aria-label=\"image Errege Magoak Gasteiz 18\"  id='av-masonry-1-item-13839' data-av-masonry-item='13839' class='av-masonry-entry isotope-item post-13839 attachment type-attachment status-inherit hentry  av-masonry-item-with-image' title=\"Errege Magoak Gasteiz 18\" alt=\"\"    itemprop=\"thumbnailUrl\" ><div class='av-inner-masonry-sizer'><\/div><figure class='av-inner-masonry main_color'><div class=\"av-masonry-outerimage-container\"><div class='av-masonry-image-container'  ><img decoding=\"async\" width=\"705\" height=\"469\" fetchpriority=\"high\" class=\"wp-image-13839 avia-img-lazy-loading-not-13839\"  src=\"https:\/\/www.lafundacion.com\/wp-content\/uploads\/2021\/01\/Reyes-Magos21-705x469.jpg\" title=\"Errege Magoak Gasteiz 18\" alt=\"\" srcset=\"https:\/\/www.lafundacion.com\/wp-content\/uploads\/2021\/01\/Reyes-Magos21-705x469.jpg 705w, https:\/\/www.lafundacion.com\/wp-content\/uploads\/2021\/01\/Reyes-Magos21-300x199.jpg 300w, https:\/\/www.lafundacion.com\/wp-content\/uploads\/2021\/01\/Reyes-Magos21.jpg 722w\" sizes=\"(max-width: 705px) 100vw, 705px\" \/><\/div><\/div><\/figure><\/a><!--end av-masonry entry--><a href=\"https:\/\/www.lafundacion.com\/wp-content\/uploads\/2021\/01\/Reyes-Magos22.jpg\" data-srcset=\"https:\/\/www.lafundacion.com\/wp-content\/uploads\/2021\/01\/Reyes-Magos22.jpg 480w, https:\/\/www.lafundacion.com\/wp-content\/uploads\/2021\/01\/Reyes-Magos22-199x300.jpg 199w, https:\/\/www.lafundacion.com\/wp-content\/uploads\/2021\/01\/Reyes-Magos22-469x705.jpg 469w\" data-sizes=\"(max-width: 480px) 100vw, 480px\"  aria-label=\"image Errege Magoak Gasteiz 17\"  id='av-masonry-1-item-13841' data-av-masonry-item='13841' class='av-masonry-entry isotope-item post-13841 attachment type-attachment status-inherit hentry  av-masonry-item-with-image' title=\"Errege Magoak Gasteiz 17\" alt=\"\"    itemprop=\"thumbnailUrl\" ><div class='av-inner-masonry-sizer'><\/div><figure class='av-inner-masonry main_color'><div class=\"av-masonry-outerimage-container\"><div class='av-masonry-image-container'  ><img decoding=\"async\" width=\"469\" height=\"705\" fetchpriority=\"high\" class=\"wp-image-13841 avia-img-lazy-loading-not-13841\"  src=\"https:\/\/www.lafundacion.com\/wp-content\/uploads\/2021\/01\/Reyes-Magos22-469x705.jpg\" title=\"Errege Magoak Gasteiz 17\" alt=\"\" srcset=\"https:\/\/www.lafundacion.com\/wp-content\/uploads\/2021\/01\/Reyes-Magos22-469x705.jpg 469w, https:\/\/www.lafundacion.com\/wp-content\/uploads\/2021\/01\/Reyes-Magos22-199x300.jpg 199w, https:\/\/www.lafundacion.com\/wp-content\/uploads\/2021\/01\/Reyes-Magos22.jpg 480w\" sizes=\"(max-width: 469px) 100vw, 469px\" \/><\/div><\/div><\/figure><\/a><!--end av-masonry entry--><a href=\"https:\/\/www.lafundacion.com\/wp-content\/uploads\/2021\/01\/Reyes-Magos23.jpg\" data-srcset=\"https:\/\/www.lafundacion.com\/wp-content\/uploads\/2021\/01\/Reyes-Magos23.jpg 480w, https:\/\/www.lafundacion.com\/wp-content\/uploads\/2021\/01\/Reyes-Magos23-199x300.jpg 199w, https:\/\/www.lafundacion.com\/wp-content\/uploads\/2021\/01\/Reyes-Magos23-469x705.jpg 469w\" data-sizes=\"(max-width: 480px) 100vw, 480px\"  aria-label=\"image Errege Magoak Gasteiz 16\"  id='av-masonry-1-item-13843' data-av-masonry-item='13843' class='av-masonry-entry isotope-item post-13843 attachment type-attachment status-inherit hentry  av-masonry-item-with-image' title=\"Errege Magoak Gasteiz 16\" alt=\"\"    itemprop=\"thumbnailUrl\" ><div class='av-inner-masonry-sizer'><\/div><figure class='av-inner-masonry main_color'><div class=\"av-masonry-outerimage-container\"><div class='av-masonry-image-container'  ><img decoding=\"async\" width=\"469\" height=\"705\" fetchpriority=\"high\" class=\"wp-image-13843 avia-img-lazy-loading-not-13843\"  src=\"https:\/\/www.lafundacion.com\/wp-content\/uploads\/2021\/01\/Reyes-Magos23-469x705.jpg\" title=\"Errege Magoak Gasteiz 16\" alt=\"\" srcset=\"https:\/\/www.lafundacion.com\/wp-content\/uploads\/2021\/01\/Reyes-Magos23-469x705.jpg 469w, https:\/\/www.lafundacion.com\/wp-content\/uploads\/2021\/01\/Reyes-Magos23-199x300.jpg 199w, https:\/\/www.lafundacion.com\/wp-content\/uploads\/2021\/01\/Reyes-Magos23.jpg 480w\" sizes=\"(max-width: 469px) 100vw, 469px\" \/><\/div><\/div><\/figure><\/a><!--end av-masonry entry--><a href=\"https:\/\/www.lafundacion.com\/wp-content\/uploads\/2021\/01\/Reyes-Magos24.jpg\" data-srcset=\"https:\/\/www.lafundacion.com\/wp-content\/uploads\/2021\/01\/Reyes-Magos24.jpg 722w, https:\/\/www.lafundacion.com\/wp-content\/uploads\/2021\/01\/Reyes-Magos24-300x199.jpg 300w, https:\/\/www.lafundacion.com\/wp-content\/uploads\/2021\/01\/Reyes-Magos24-705x469.jpg 705w\" data-sizes=\"(max-width: 722px) 100vw, 722px\"  aria-label=\"image Errege Magoak Gasteiz 15\"  id='av-masonry-1-item-13846' data-av-masonry-item='13846' class='av-masonry-entry isotope-item post-13846 attachment type-attachment status-inherit hentry  av-masonry-item-with-image' title=\"Errege Magoak Gasteiz 15\" alt=\"\"    itemprop=\"thumbnailUrl\" ><div class='av-inner-masonry-sizer'><\/div><figure class='av-inner-masonry main_color'><div class=\"av-masonry-outerimage-container\"><div class='av-masonry-image-container'  ><img decoding=\"async\" width=\"705\" height=\"469\" fetchpriority=\"high\" class=\"wp-image-13846 avia-img-lazy-loading-not-13846\"  src=\"https:\/\/www.lafundacion.com\/wp-content\/uploads\/2021\/01\/Reyes-Magos24-705x469.jpg\" title=\"Errege Magoak Gasteiz 15\" alt=\"\" srcset=\"https:\/\/www.lafundacion.com\/wp-content\/uploads\/2021\/01\/Reyes-Magos24-705x469.jpg 705w, https:\/\/www.lafundacion.com\/wp-content\/uploads\/2021\/01\/Reyes-Magos24-300x199.jpg 300w, https:\/\/www.lafundacion.com\/wp-content\/uploads\/2021\/01\/Reyes-Magos24.jpg 722w\" sizes=\"(max-width: 705px) 100vw, 705px\" \/><\/div><\/div><\/figure><\/a><!--end av-masonry entry--><a href=\"https:\/\/www.lafundacion.com\/wp-content\/uploads\/2021\/01\/Reyes-Magos25.jpg\" data-srcset=\"https:\/\/www.lafundacion.com\/wp-content\/uploads\/2021\/01\/Reyes-Magos25.jpg 722w, https:\/\/www.lafundacion.com\/wp-content\/uploads\/2021\/01\/Reyes-Magos25-300x199.jpg 300w, https:\/\/www.lafundacion.com\/wp-content\/uploads\/2021\/01\/Reyes-Magos25-705x469.jpg 705w\" data-sizes=\"(max-width: 722px) 100vw, 722px\"  aria-label=\"image Errege Magoak Gasteiz 14\"  id='av-masonry-1-item-13848' data-av-masonry-item='13848' class='av-masonry-entry isotope-item post-13848 attachment type-attachment status-inherit hentry  av-masonry-item-with-image' title=\"Errege Magoak Gasteiz 14\" alt=\"\"    itemprop=\"thumbnailUrl\" ><div class='av-inner-masonry-sizer'><\/div><figure class='av-inner-masonry main_color'><div class=\"av-masonry-outerimage-container\"><div class='av-masonry-image-container'  ><img decoding=\"async\" width=\"705\" height=\"469\" fetchpriority=\"high\" class=\"wp-image-13848 avia-img-lazy-loading-not-13848\"  src=\"https:\/\/www.lafundacion.com\/wp-content\/uploads\/2021\/01\/Reyes-Magos25-705x469.jpg\" title=\"Errege Magoak Gasteiz 14\" alt=\"\" srcset=\"https:\/\/www.lafundacion.com\/wp-content\/uploads\/2021\/01\/Reyes-Magos25-705x469.jpg 705w, https:\/\/www.lafundacion.com\/wp-content\/uploads\/2021\/01\/Reyes-Magos25-300x199.jpg 300w, https:\/\/www.lafundacion.com\/wp-content\/uploads\/2021\/01\/Reyes-Magos25.jpg 722w\" sizes=\"(max-width: 705px) 100vw, 705px\" \/><\/div><\/div><\/figure><\/a><!--end av-masonry entry--><a href=\"https:\/\/www.lafundacion.com\/wp-content\/uploads\/2021\/01\/Reyes-Magos26.jpg\" data-srcset=\"https:\/\/www.lafundacion.com\/wp-content\/uploads\/2021\/01\/Reyes-Magos26.jpg 722w, https:\/\/www.lafundacion.com\/wp-content\/uploads\/2021\/01\/Reyes-Magos26-300x199.jpg 300w, https:\/\/www.lafundacion.com\/wp-content\/uploads\/2021\/01\/Reyes-Magos26-705x469.jpg 705w\" data-sizes=\"(max-width: 722px) 100vw, 722px\"  aria-label=\"image Errege Magoak Gasteiz 13\"  id='av-masonry-1-item-13850' data-av-masonry-item='13850' class='av-masonry-entry isotope-item post-13850 attachment type-attachment status-inherit hentry  av-masonry-item-with-image' title=\"Errege Magoak Gasteiz 13\" alt=\"\"    itemprop=\"thumbnailUrl\" ><div class='av-inner-masonry-sizer'><\/div><figure class='av-inner-masonry main_color'><div class=\"av-masonry-outerimage-container\"><div class='av-masonry-image-container'  ><img decoding=\"async\" width=\"705\" height=\"469\" fetchpriority=\"high\" class=\"wp-image-13850 avia-img-lazy-loading-not-13850\"  src=\"https:\/\/www.lafundacion.com\/wp-content\/uploads\/2021\/01\/Reyes-Magos26-705x469.jpg\" title=\"Errege Magoak Gasteiz 13\" alt=\"\" srcset=\"https:\/\/www.lafundacion.com\/wp-content\/uploads\/2021\/01\/Reyes-Magos26-705x469.jpg 705w, https:\/\/www.lafundacion.com\/wp-content\/uploads\/2021\/01\/Reyes-Magos26-300x199.jpg 300w, https:\/\/www.lafundacion.com\/wp-content\/uploads\/2021\/01\/Reyes-Magos26.jpg 722w\" sizes=\"(max-width: 705px) 100vw, 705px\" \/><\/div><\/div><\/figure><\/a><!--end av-masonry entry--><a href=\"https:\/\/www.lafundacion.com\/wp-content\/uploads\/2021\/01\/Reyes-Magos27.jpg\" data-srcset=\"https:\/\/www.lafundacion.com\/wp-content\/uploads\/2021\/01\/Reyes-Magos27.jpg 480w, https:\/\/www.lafundacion.com\/wp-content\/uploads\/2021\/01\/Reyes-Magos27-199x300.jpg 199w, https:\/\/www.lafundacion.com\/wp-content\/uploads\/2021\/01\/Reyes-Magos27-469x705.jpg 469w\" data-sizes=\"(max-width: 480px) 100vw, 480px\"  aria-label=\"image Errege Magoak Gasteiz 12\"  id='av-masonry-1-item-13852' data-av-masonry-item='13852' class='av-masonry-entry isotope-item post-13852 attachment type-attachment status-inherit hentry  av-masonry-item-with-image' title=\"Errege Magoak Gasteiz 12\" alt=\"\"    itemprop=\"thumbnailUrl\" ><div class='av-inner-masonry-sizer'><\/div><figure class='av-inner-masonry main_color'><div class=\"av-masonry-outerimage-container\"><div class='av-masonry-image-container'  ><img decoding=\"async\" width=\"469\" height=\"705\" fetchpriority=\"high\" class=\"wp-image-13852 avia-img-lazy-loading-not-13852\"  src=\"https:\/\/www.lafundacion.com\/wp-content\/uploads\/2021\/01\/Reyes-Magos27-469x705.jpg\" title=\"Errege Magoak Gasteiz 12\" alt=\"\" srcset=\"https:\/\/www.lafundacion.com\/wp-content\/uploads\/2021\/01\/Reyes-Magos27-469x705.jpg 469w, https:\/\/www.lafundacion.com\/wp-content\/uploads\/2021\/01\/Reyes-Magos27-199x300.jpg 199w, https:\/\/www.lafundacion.com\/wp-content\/uploads\/2021\/01\/Reyes-Magos27.jpg 480w\" sizes=\"(max-width: 469px) 100vw, 469px\" \/><\/div><\/div><\/figure><\/a><!--end av-masonry entry--><a href=\"https:\/\/www.lafundacion.com\/wp-content\/uploads\/2021\/01\/Reyes-Magos28.jpg\" data-srcset=\"https:\/\/www.lafundacion.com\/wp-content\/uploads\/2021\/01\/Reyes-Magos28.jpg 480w, https:\/\/www.lafundacion.com\/wp-content\/uploads\/2021\/01\/Reyes-Magos28-199x300.jpg 199w, https:\/\/www.lafundacion.com\/wp-content\/uploads\/2021\/01\/Reyes-Magos28-469x705.jpg 469w\" data-sizes=\"(max-width: 480px) 100vw, 480px\"  aria-label=\"image Errege Magoak Gasteiz 11\"  id='av-masonry-1-item-13854' data-av-masonry-item='13854' class='av-masonry-entry isotope-item post-13854 attachment type-attachment status-inherit hentry  av-masonry-item-with-image' title=\"Errege Magoak Gasteiz 11\" alt=\"\"    itemprop=\"thumbnailUrl\" ><div class='av-inner-masonry-sizer'><\/div><figure class='av-inner-masonry main_color'><div class=\"av-masonry-outerimage-container\"><div class='av-masonry-image-container'  ><img decoding=\"async\" width=\"469\" height=\"705\" fetchpriority=\"high\" class=\"wp-image-13854 avia-img-lazy-loading-not-13854\"  src=\"https:\/\/www.lafundacion.com\/wp-content\/uploads\/2021\/01\/Reyes-Magos28-469x705.jpg\" title=\"Errege Magoak Gasteiz 11\" alt=\"\" srcset=\"https:\/\/www.lafundacion.com\/wp-content\/uploads\/2021\/01\/Reyes-Magos28-469x705.jpg 469w, https:\/\/www.lafundacion.com\/wp-content\/uploads\/2021\/01\/Reyes-Magos28-199x300.jpg 199w, https:\/\/www.lafundacion.com\/wp-content\/uploads\/2021\/01\/Reyes-Magos28.jpg 480w\" sizes=\"(max-width: 469px) 100vw, 469px\" \/><\/div><\/div><\/figure><\/a><!--end av-masonry entry--><a href=\"https:\/\/www.lafundacion.com\/wp-content\/uploads\/2021\/01\/Reyes-Magos29.jpg\" data-srcset=\"https:\/\/www.lafundacion.com\/wp-content\/uploads\/2021\/01\/Reyes-Magos29.jpg 722w, https:\/\/www.lafundacion.com\/wp-content\/uploads\/2021\/01\/Reyes-Magos29-300x199.jpg 300w, https:\/\/www.lafundacion.com\/wp-content\/uploads\/2021\/01\/Reyes-Magos29-705x469.jpg 705w\" data-sizes=\"(max-width: 722px) 100vw, 722px\"  aria-label=\"image Errege Magoak Gasteiz 10\"  id='av-masonry-1-item-13856' data-av-masonry-item='13856' class='av-masonry-entry isotope-item post-13856 attachment type-attachment status-inherit hentry  av-masonry-item-with-image' title=\"Errege Magoak Gasteiz 10\" alt=\"\"    itemprop=\"thumbnailUrl\" ><div class='av-inner-masonry-sizer'><\/div><figure class='av-inner-masonry main_color'><div class=\"av-masonry-outerimage-container\"><div class='av-masonry-image-container'  ><img decoding=\"async\" width=\"705\" height=\"469\" fetchpriority=\"high\" class=\"wp-image-13856 avia-img-lazy-loading-not-13856\"  src=\"https:\/\/www.lafundacion.com\/wp-content\/uploads\/2021\/01\/Reyes-Magos29-705x469.jpg\" title=\"Errege Magoak Gasteiz 10\" alt=\"\" srcset=\"https:\/\/www.lafundacion.com\/wp-content\/uploads\/2021\/01\/Reyes-Magos29-705x469.jpg 705w, https:\/\/www.lafundacion.com\/wp-content\/uploads\/2021\/01\/Reyes-Magos29-300x199.jpg 300w, https:\/\/www.lafundacion.com\/wp-content\/uploads\/2021\/01\/Reyes-Magos29.jpg 722w\" sizes=\"(max-width: 705px) 100vw, 705px\" \/><\/div><\/div><\/figure><\/a><!--end av-masonry entry--><a href=\"https:\/\/www.lafundacion.com\/wp-content\/uploads\/2021\/01\/Reyes-Magos30.jpg\" data-srcset=\"https:\/\/www.lafundacion.com\/wp-content\/uploads\/2021\/01\/Reyes-Magos30.jpg 722w, https:\/\/www.lafundacion.com\/wp-content\/uploads\/2021\/01\/Reyes-Magos30-300x199.jpg 300w, https:\/\/www.lafundacion.com\/wp-content\/uploads\/2021\/01\/Reyes-Magos30-705x469.jpg 705w\" data-sizes=\"(max-width: 722px) 100vw, 722px\"  aria-label=\"image Errege Magoak Gasteiz 9\"  id='av-masonry-1-item-13858' data-av-masonry-item='13858' class='av-masonry-entry isotope-item post-13858 attachment type-attachment status-inherit hentry  av-masonry-item-with-image' title=\"Errege Magoak Gasteiz 9\" alt=\"\"    itemprop=\"thumbnailUrl\" ><div class='av-inner-masonry-sizer'><\/div><figure class='av-inner-masonry main_color'><div class=\"av-masonry-outerimage-container\"><div class='av-masonry-image-container'  ><img decoding=\"async\" width=\"705\" height=\"469\" fetchpriority=\"high\" class=\"wp-image-13858 avia-img-lazy-loading-not-13858\"  src=\"https:\/\/www.lafundacion.com\/wp-content\/uploads\/2021\/01\/Reyes-Magos30-705x469.jpg\" title=\"Errege Magoak Gasteiz 9\" alt=\"\" srcset=\"https:\/\/www.lafundacion.com\/wp-content\/uploads\/2021\/01\/Reyes-Magos30-705x469.jpg 705w, https:\/\/www.lafundacion.com\/wp-content\/uploads\/2021\/01\/Reyes-Magos30-300x199.jpg 300w, https:\/\/www.lafundacion.com\/wp-content\/uploads\/2021\/01\/Reyes-Magos30.jpg 722w\" sizes=\"(max-width: 705px) 100vw, 705px\" \/><\/div><\/div><\/figure><\/a><!--end av-masonry entry--><a href=\"https:\/\/www.lafundacion.com\/wp-content\/uploads\/2021\/01\/Reyes-Magos31.jpg\" data-srcset=\"https:\/\/www.lafundacion.com\/wp-content\/uploads\/2021\/01\/Reyes-Magos31.jpg 722w, https:\/\/www.lafundacion.com\/wp-content\/uploads\/2021\/01\/Reyes-Magos31-300x199.jpg 300w, https:\/\/www.lafundacion.com\/wp-content\/uploads\/2021\/01\/Reyes-Magos31-705x469.jpg 705w\" data-sizes=\"(max-width: 722px) 100vw, 722px\"  aria-label=\"image Errege Magoak Gasteiz 8\"  id='av-masonry-1-item-13860' data-av-masonry-item='13860' class='av-masonry-entry isotope-item post-13860 attachment type-attachment status-inherit hentry  av-masonry-item-with-image' title=\"Errege Magoak Gasteiz 8\" alt=\"\"    itemprop=\"thumbnailUrl\" ><div class='av-inner-masonry-sizer'><\/div><figure class='av-inner-masonry main_color'><div class=\"av-masonry-outerimage-container\"><div class='av-masonry-image-container'  ><img decoding=\"async\" width=\"705\" height=\"469\" fetchpriority=\"high\" class=\"wp-image-13860 avia-img-lazy-loading-not-13860\"  src=\"https:\/\/www.lafundacion.com\/wp-content\/uploads\/2021\/01\/Reyes-Magos31-705x469.jpg\" title=\"Errege Magoak Gasteiz 8\" alt=\"\" srcset=\"https:\/\/www.lafundacion.com\/wp-content\/uploads\/2021\/01\/Reyes-Magos31-705x469.jpg 705w, https:\/\/www.lafundacion.com\/wp-content\/uploads\/2021\/01\/Reyes-Magos31-300x199.jpg 300w, https:\/\/www.lafundacion.com\/wp-content\/uploads\/2021\/01\/Reyes-Magos31.jpg 722w\" sizes=\"(max-width: 705px) 100vw, 705px\" \/><\/div><\/div><\/figure><\/a><!--end av-masonry entry--><a href=\"https:\/\/www.lafundacion.com\/wp-content\/uploads\/2021\/01\/Reyes-Magos32.jpg\" data-srcset=\"https:\/\/www.lafundacion.com\/wp-content\/uploads\/2021\/01\/Reyes-Magos32.jpg 722w, https:\/\/www.lafundacion.com\/wp-content\/uploads\/2021\/01\/Reyes-Magos32-300x199.jpg 300w, https:\/\/www.lafundacion.com\/wp-content\/uploads\/2021\/01\/Reyes-Magos32-705x469.jpg 705w\" data-sizes=\"(max-width: 722px) 100vw, 722px\"  aria-label=\"image Errege Magoak Gasteiz 7\"  id='av-masonry-1-item-13862' data-av-masonry-item='13862' class='av-masonry-entry isotope-item post-13862 attachment type-attachment status-inherit hentry  av-masonry-item-with-image' title=\"Errege Magoak Gasteiz 7\" alt=\"\"    itemprop=\"thumbnailUrl\" ><div class='av-inner-masonry-sizer'><\/div><figure class='av-inner-masonry main_color'><div class=\"av-masonry-outerimage-container\"><div class='av-masonry-image-container'  ><img decoding=\"async\" width=\"705\" height=\"469\" fetchpriority=\"high\" class=\"wp-image-13862 avia-img-lazy-loading-not-13862\"  src=\"https:\/\/www.lafundacion.com\/wp-content\/uploads\/2021\/01\/Reyes-Magos32-705x469.jpg\" title=\"Errege Magoak Gasteiz 7\" alt=\"\" srcset=\"https:\/\/www.lafundacion.com\/wp-content\/uploads\/2021\/01\/Reyes-Magos32-705x469.jpg 705w, https:\/\/www.lafundacion.com\/wp-content\/uploads\/2021\/01\/Reyes-Magos32-300x199.jpg 300w, https:\/\/www.lafundacion.com\/wp-content\/uploads\/2021\/01\/Reyes-Magos32.jpg 722w\" sizes=\"(max-width: 705px) 100vw, 705px\" \/><\/div><\/div><\/figure><\/a><!--end av-masonry entry--><a href=\"https:\/\/www.lafundacion.com\/wp-content\/uploads\/2021\/01\/Reyes-Magos33.jpg\" data-srcset=\"https:\/\/www.lafundacion.com\/wp-content\/uploads\/2021\/01\/Reyes-Magos33.jpg 480w, https:\/\/www.lafundacion.com\/wp-content\/uploads\/2021\/01\/Reyes-Magos33-199x300.jpg 199w, https:\/\/www.lafundacion.com\/wp-content\/uploads\/2021\/01\/Reyes-Magos33-469x705.jpg 469w\" data-sizes=\"(max-width: 480px) 100vw, 480px\"  aria-label=\"image Errege Magoak Gasteiz 6\"  id='av-masonry-1-item-13864' data-av-masonry-item='13864' class='av-masonry-entry isotope-item post-13864 attachment type-attachment status-inherit hentry  av-masonry-item-with-image' title=\"Errege Magoak Gasteiz 6\" alt=\"\"    itemprop=\"thumbnailUrl\" ><div class='av-inner-masonry-sizer'><\/div><figure class='av-inner-masonry main_color'><div class=\"av-masonry-outerimage-container\"><div class='av-masonry-image-container'  ><img decoding=\"async\" width=\"469\" height=\"705\" fetchpriority=\"high\" class=\"wp-image-13864 avia-img-lazy-loading-not-13864\"  src=\"https:\/\/www.lafundacion.com\/wp-content\/uploads\/2021\/01\/Reyes-Magos33-469x705.jpg\" title=\"Errege Magoak Gasteiz 6\" alt=\"\" srcset=\"https:\/\/www.lafundacion.com\/wp-content\/uploads\/2021\/01\/Reyes-Magos33-469x705.jpg 469w, https:\/\/www.lafundacion.com\/wp-content\/uploads\/2021\/01\/Reyes-Magos33-199x300.jpg 199w, https:\/\/www.lafundacion.com\/wp-content\/uploads\/2021\/01\/Reyes-Magos33.jpg 480w\" sizes=\"(max-width: 469px) 100vw, 469px\" \/><\/div><\/div><\/figure><\/a><!--end av-masonry entry--><a href=\"https:\/\/www.lafundacion.com\/wp-content\/uploads\/2021\/01\/Reyes-Magos34.jpg\" data-srcset=\"https:\/\/www.lafundacion.com\/wp-content\/uploads\/2021\/01\/Reyes-Magos34.jpg 722w, https:\/\/www.lafundacion.com\/wp-content\/uploads\/2021\/01\/Reyes-Magos34-300x199.jpg 300w, https:\/\/www.lafundacion.com\/wp-content\/uploads\/2021\/01\/Reyes-Magos34-705x469.jpg 705w\" data-sizes=\"(max-width: 722px) 100vw, 722px\"  aria-label=\"image Errege Magoak Gasteiz 5\"  id='av-masonry-1-item-13866' data-av-masonry-item='13866' class='av-masonry-entry isotope-item post-13866 attachment type-attachment status-inherit hentry  av-masonry-item-with-image' title=\"Errege Magoak Gasteiz 5\" alt=\"\"    itemprop=\"thumbnailUrl\" ><div class='av-inner-masonry-sizer'><\/div><figure class='av-inner-masonry main_color'><div class=\"av-masonry-outerimage-container\"><div class='av-masonry-image-container'  ><img decoding=\"async\" width=\"705\" height=\"469\" fetchpriority=\"high\" class=\"wp-image-13866 avia-img-lazy-loading-not-13866\"  src=\"https:\/\/www.lafundacion.com\/wp-content\/uploads\/2021\/01\/Reyes-Magos34-705x469.jpg\" title=\"Errege Magoak Gasteiz 5\" alt=\"\" srcset=\"https:\/\/www.lafundacion.com\/wp-content\/uploads\/2021\/01\/Reyes-Magos34-705x469.jpg 705w, https:\/\/www.lafundacion.com\/wp-content\/uploads\/2021\/01\/Reyes-Magos34-300x199.jpg 300w, https:\/\/www.lafundacion.com\/wp-content\/uploads\/2021\/01\/Reyes-Magos34.jpg 722w\" sizes=\"(max-width: 705px) 100vw, 705px\" \/><\/div><\/div><\/figure><\/a><!--end av-masonry entry--><a href=\"https:\/\/www.lafundacion.com\/wp-content\/uploads\/2021\/01\/Reyes-Magos35.jpg\" data-srcset=\"https:\/\/www.lafundacion.com\/wp-content\/uploads\/2021\/01\/Reyes-Magos35.jpg 480w, https:\/\/www.lafundacion.com\/wp-content\/uploads\/2021\/01\/Reyes-Magos35-199x300.jpg 199w, https:\/\/www.lafundacion.com\/wp-content\/uploads\/2021\/01\/Reyes-Magos35-469x705.jpg 469w\" data-sizes=\"(max-width: 480px) 100vw, 480px\"  aria-label=\"image Errege Magoak Gasteiz 4\"  id='av-masonry-1-item-13868' data-av-masonry-item='13868' class='av-masonry-entry isotope-item post-13868 attachment type-attachment status-inherit hentry  av-masonry-item-with-image' title=\"Errege Magoak Gasteiz 4\" alt=\"\"    itemprop=\"thumbnailUrl\" ><div class='av-inner-masonry-sizer'><\/div><figure class='av-inner-masonry main_color'><div class=\"av-masonry-outerimage-container\"><div class='av-masonry-image-container'  ><img decoding=\"async\" width=\"469\" height=\"705\" fetchpriority=\"high\" class=\"wp-image-13868 avia-img-lazy-loading-not-13868\"  src=\"https:\/\/www.lafundacion.com\/wp-content\/uploads\/2021\/01\/Reyes-Magos35-469x705.jpg\" title=\"Errege Magoak Gasteiz 4\" alt=\"\" srcset=\"https:\/\/www.lafundacion.com\/wp-content\/uploads\/2021\/01\/Reyes-Magos35-469x705.jpg 469w, https:\/\/www.lafundacion.com\/wp-content\/uploads\/2021\/01\/Reyes-Magos35-199x300.jpg 199w, https:\/\/www.lafundacion.com\/wp-content\/uploads\/2021\/01\/Reyes-Magos35.jpg 480w\" sizes=\"(max-width: 469px) 100vw, 469px\" \/><\/div><\/div><\/figure><\/a><!--end av-masonry entry--><a href=\"https:\/\/www.lafundacion.com\/wp-content\/uploads\/2021\/01\/Reyes-Magos36.jpg\" data-srcset=\"https:\/\/www.lafundacion.com\/wp-content\/uploads\/2021\/01\/Reyes-Magos36.jpg 722w, https:\/\/www.lafundacion.com\/wp-content\/uploads\/2021\/01\/Reyes-Magos36-300x199.jpg 300w, https:\/\/www.lafundacion.com\/wp-content\/uploads\/2021\/01\/Reyes-Magos36-705x469.jpg 705w\" data-sizes=\"(max-width: 722px) 100vw, 722px\"  aria-label=\"image Errege Magoak Gasteiz 3\"  id='av-masonry-1-item-13870' data-av-masonry-item='13870' class='av-masonry-entry isotope-item post-13870 attachment type-attachment status-inherit hentry  av-masonry-item-with-image' title=\"Errege Magoak Gasteiz 3\" alt=\"\"    itemprop=\"thumbnailUrl\" ><div class='av-inner-masonry-sizer'><\/div><figure class='av-inner-masonry main_color'><div class=\"av-masonry-outerimage-container\"><div class='av-masonry-image-container'  ><img decoding=\"async\" width=\"705\" height=\"469\" fetchpriority=\"high\" class=\"wp-image-13870 avia-img-lazy-loading-not-13870\"  src=\"https:\/\/www.lafundacion.com\/wp-content\/uploads\/2021\/01\/Reyes-Magos36-705x469.jpg\" title=\"Errege Magoak Gasteiz 3\" alt=\"\" srcset=\"https:\/\/www.lafundacion.com\/wp-content\/uploads\/2021\/01\/Reyes-Magos36-705x469.jpg 705w, https:\/\/www.lafundacion.com\/wp-content\/uploads\/2021\/01\/Reyes-Magos36-300x199.jpg 300w, https:\/\/www.lafundacion.com\/wp-content\/uploads\/2021\/01\/Reyes-Magos36.jpg 722w\" sizes=\"(max-width: 705px) 100vw, 705px\" \/><\/div><\/div><\/figure><\/a><!--end av-masonry entry--><a href=\"https:\/\/www.lafundacion.com\/wp-content\/uploads\/2021\/01\/Reyes-Magos37.jpg\" data-srcset=\"https:\/\/www.lafundacion.com\/wp-content\/uploads\/2021\/01\/Reyes-Magos37.jpg 722w, https:\/\/www.lafundacion.com\/wp-content\/uploads\/2021\/01\/Reyes-Magos37-300x199.jpg 300w, https:\/\/www.lafundacion.com\/wp-content\/uploads\/2021\/01\/Reyes-Magos37-705x469.jpg 705w\" data-sizes=\"(max-width: 722px) 100vw, 722px\"  aria-label=\"image Errege Magoak Gasteiz 2\"  id='av-masonry-1-item-13872' data-av-masonry-item='13872' class='av-masonry-entry isotope-item post-13872 attachment type-attachment status-inherit hentry  av-masonry-item-with-image' title=\"Errege Magoak Gasteiz 2\" alt=\"\"    itemprop=\"thumbnailUrl\" ><div class='av-inner-masonry-sizer'><\/div><figure class='av-inner-masonry main_color'><div class=\"av-masonry-outerimage-container\"><div class='av-masonry-image-container'  ><img decoding=\"async\" width=\"705\" height=\"469\" fetchpriority=\"high\" class=\"wp-image-13872 avia-img-lazy-loading-not-13872\"  src=\"https:\/\/www.lafundacion.com\/wp-content\/uploads\/2021\/01\/Reyes-Magos37-705x469.jpg\" title=\"Errege Magoak Gasteiz 2\" alt=\"\" srcset=\"https:\/\/www.lafundacion.com\/wp-content\/uploads\/2021\/01\/Reyes-Magos37-705x469.jpg 705w, https:\/\/www.lafundacion.com\/wp-content\/uploads\/2021\/01\/Reyes-Magos37-300x199.jpg 300w, https:\/\/www.lafundacion.com\/wp-content\/uploads\/2021\/01\/Reyes-Magos37.jpg 722w\" sizes=\"(max-width: 705px) 100vw, 705px\" \/><\/div><\/div><\/figure><\/a><!--end av-masonry entry--><\/div><\/div>\n","protected":false},"excerpt":{"rendered":"","protected":false},"author":2,"featured_media":13791,"comment_status":"closed","ping_status":"closed","sticky":false,"template":"","format":"standard","meta":{"_acf_changed":false,"footnotes":""},"categories":[76,45],"tags":[393,242,244,293,294,243],"class_list":["post-13666","post","type-post","status-publish","format-standard","has-post-thumbnail","hentry","category-argazkiak","category-galerias","tag-familientzako-ekitaldia","tag-gasteiz-ekitaldiak","tag-la-fundacion-san-prudencio-ekitaldiak","tag-reyes-magos-la-fundacion-eu","tag-reyes-magos-videollamada-eu","tag-umeentzako-ekitaldiak-gasteiz"],"acf":[],"yoast_head":"<!-- This site is optimized with the Yoast SEO plugin v27.5 - https:\/\/yoast.com\/product\/yoast-seo-wordpress\/ -->\r\n<title>La Fundaci\u00f3n-eko Errege Magoen ekitaldia bideodeiak egiten 2021 &#187; La Fundaci\u00f3n San Prudencio<\/title>\r\n<meta name=\"description\" content=\"Errege Magoak Gasteizen bideoen bidez La Fundaci\u00f3n-eko umeei deituz.\" \/>\r\n<meta name=\"robots\" content=\"index, follow, max-snippet:-1, max-image-preview:large, max-video-preview:-1\" \/>\r\n<link rel=\"canonical\" href=\"https:\/\/www.lafundacion.com\/eu\/argazkiak\/2021eko-la-fundacion-eko-errege-magoen-bideodeiak\/\" \/>\r\n<meta property=\"og:locale\" content=\"eu_ES\" \/>\r\n<meta property=\"og:type\" content=\"article\" \/>\r\n<meta property=\"og:title\" content=\"La Fundaci\u00f3n-eko Errege Magoen ekitaldia bideodeiak egiten 2021 &#187; La Fundaci\u00f3n San Prudencio\" \/>\r\n<meta property=\"og:description\" content=\"Errege Magoak Gasteizen bideoen bidez La Fundaci\u00f3n-eko umeei deituz.\" \/>\r\n<meta property=\"og:url\" content=\"https:\/\/www.lafundacion.com\/eu\/argazkiak\/2021eko-la-fundacion-eko-errege-magoen-bideodeiak\/\" \/>\r\n<meta property=\"og:site_name\" content=\"La Fundaci\u00f3n San Prudencio\" \/>\r\n<meta property=\"article:published_time\" content=\"2021-01-05T13:13:03+00:00\" \/>\r\n<meta property=\"article:modified_time\" content=\"2022-01-05T07:57:57+00:00\" \/>\r\n<meta property=\"og:image\" content=\"https:\/\/www.lafundacion.com\/wp-content\/uploads\/2021\/01\/Reyes-Magos-LaF-15.jpg\" \/>\r\n\t<meta property=\"og:image:width\" content=\"722\" \/>\r\n\t<meta property=\"og:image:height\" content=\"480\" \/>\r\n\t<meta property=\"og:image:type\" content=\"image\/jpeg\" \/>\r\n<meta name=\"author\" content=\"La Fundaci\u00f3n San Prudencio\" \/>\r\n<meta name=\"twitter:card\" content=\"summary_large_image\" \/>\r\n<meta name=\"twitter:label1\" content=\"Written by\" \/>\n\t<meta name=\"twitter:data1\" content=\"La Fundaci\u00f3n San Prudencio\" \/>\n\t<meta name=\"twitter:label2\" content=\"Est. reading time\" \/>\n\t<meta name=\"twitter:data2\" content=\"1 minute\" \/>\r\n<script type=\"application\/ld+json\" class=\"yoast-schema-graph\">{\"@context\":\"https:\\\/\\\/schema.org\",\"@graph\":[{\"@type\":\"Article\",\"@id\":\"https:\\\/\\\/www.lafundacion.com\\\/eu\\\/argazkiak\\\/2021eko-la-fundacion-eko-errege-magoen-bideodeiak\\\/#article\",\"isPartOf\":{\"@id\":\"https:\\\/\\\/www.lafundacion.com\\\/eu\\\/argazkiak\\\/2021eko-la-fundacion-eko-errege-magoen-bideodeiak\\\/\"},\"author\":{\"name\":\"La Fundaci\u00f3n San Prudencio\",\"@id\":\"https:\\\/\\\/www.lafundacion.com\\\/eu\\\/#\\\/schema\\\/person\\\/39119d98dad187760c7ba6ffe0d62170\"},\"headline\":\"La Fundaci\u00f3n-eko Errege Magoen ekitaldia bideodeiak egiten 2021\",\"datePublished\":\"2021-01-05T13:13:03+00:00\",\"dateModified\":\"2022-01-05T07:57:57+00:00\",\"mainEntityOfPage\":{\"@id\":\"https:\\\/\\\/www.lafundacion.com\\\/eu\\\/argazkiak\\\/2021eko-la-fundacion-eko-errege-magoen-bideodeiak\\\/\"},\"wordCount\":231,\"publisher\":{\"@id\":\"https:\\\/\\\/www.lafundacion.com\\\/eu\\\/#organization\"},\"image\":{\"@id\":\"https:\\\/\\\/www.lafundacion.com\\\/eu\\\/argazkiak\\\/2021eko-la-fundacion-eko-errege-magoen-bideodeiak\\\/#primaryimage\"},\"thumbnailUrl\":\"https:\\\/\\\/www.lafundacion.com\\\/wp-content\\\/uploads\\\/2021\\\/01\\\/Reyes-Magos-LaF-15.jpg\",\"keywords\":[\"familientzako ekitaldia\",\"gasteiz ekitaldiak\",\"la fundacion san prudencio ekitaldiak\",\"Reyes magos La Fundaci\u00f3n\",\"reyes magos videollamada\",\"umeentzako ekitaldiak gasteiz\"],\"articleSection\":[\"Argazkiak\",\"Galerias\"],\"inLanguage\":\"eu-ES\"},{\"@type\":\"WebPage\",\"@id\":\"https:\\\/\\\/www.lafundacion.com\\\/eu\\\/argazkiak\\\/2021eko-la-fundacion-eko-errege-magoen-bideodeiak\\\/\",\"url\":\"https:\\\/\\\/www.lafundacion.com\\\/eu\\\/argazkiak\\\/2021eko-la-fundacion-eko-errege-magoen-bideodeiak\\\/\",\"name\":\"La Fundaci\u00f3n-eko Errege Magoen ekitaldia bideodeiak egiten 2021 &#187; La Fundaci\u00f3n San Prudencio\",\"isPartOf\":{\"@id\":\"https:\\\/\\\/www.lafundacion.com\\\/eu\\\/#website\"},\"primaryImageOfPage\":{\"@id\":\"https:\\\/\\\/www.lafundacion.com\\\/eu\\\/argazkiak\\\/2021eko-la-fundacion-eko-errege-magoen-bideodeiak\\\/#primaryimage\"},\"image\":{\"@id\":\"https:\\\/\\\/www.lafundacion.com\\\/eu\\\/argazkiak\\\/2021eko-la-fundacion-eko-errege-magoen-bideodeiak\\\/#primaryimage\"},\"thumbnailUrl\":\"https:\\\/\\\/www.lafundacion.com\\\/wp-content\\\/uploads\\\/2021\\\/01\\\/Reyes-Magos-LaF-15.jpg\",\"datePublished\":\"2021-01-05T13:13:03+00:00\",\"dateModified\":\"2022-01-05T07:57:57+00:00\",\"description\":\"Errege Magoak Gasteizen bideoen bidez La Fundaci\u00f3n-eko umeei deituz.\",\"breadcrumb\":{\"@id\":\"https:\\\/\\\/www.lafundacion.com\\\/eu\\\/argazkiak\\\/2021eko-la-fundacion-eko-errege-magoen-bideodeiak\\\/#breadcrumb\"},\"inLanguage\":\"eu-ES\",\"potentialAction\":[{\"@type\":\"ReadAction\",\"target\":[\"https:\\\/\\\/www.lafundacion.com\\\/eu\\\/argazkiak\\\/2021eko-la-fundacion-eko-errege-magoen-bideodeiak\\\/\"]}]},{\"@type\":\"ImageObject\",\"inLanguage\":\"eu-ES\",\"@id\":\"https:\\\/\\\/www.lafundacion.com\\\/eu\\\/argazkiak\\\/2021eko-la-fundacion-eko-errege-magoen-bideodeiak\\\/#primaryimage\",\"url\":\"https:\\\/\\\/www.lafundacion.com\\\/wp-content\\\/uploads\\\/2021\\\/01\\\/Reyes-Magos-LaF-15.jpg\",\"contentUrl\":\"https:\\\/\\\/www.lafundacion.com\\\/wp-content\\\/uploads\\\/2021\\\/01\\\/Reyes-Magos-LaF-15.jpg\",\"width\":722,\"height\":480},{\"@type\":\"BreadcrumbList\",\"@id\":\"https:\\\/\\\/www.lafundacion.com\\\/eu\\\/argazkiak\\\/2021eko-la-fundacion-eko-errege-magoen-bideodeiak\\\/#breadcrumb\",\"itemListElement\":[{\"@type\":\"ListItem\",\"position\":1,\"name\":\"Portada\",\"item\":\"https:\\\/\\\/www.lafundacion.com\\\/eu\\\/hasiera\\\/\"},{\"@type\":\"ListItem\",\"position\":2,\"name\":\"La Fundaci\u00f3n-eko Errege Magoen ekitaldia bideodeiak egiten 2021\"}]},{\"@type\":\"WebSite\",\"@id\":\"https:\\\/\\\/www.lafundacion.com\\\/eu\\\/#website\",\"url\":\"https:\\\/\\\/www.lafundacion.com\\\/eu\\\/\",\"name\":\"La Fundaci\u00f3n San Prudencio\",\"description\":\"La Fundaci\u00f3n Laboral San Prudencio en Vitoria-Gasteiz\",\"publisher\":{\"@id\":\"https:\\\/\\\/www.lafundacion.com\\\/eu\\\/#organization\"},\"potentialAction\":[{\"@type\":\"SearchAction\",\"target\":{\"@type\":\"EntryPoint\",\"urlTemplate\":\"https:\\\/\\\/www.lafundacion.com\\\/eu\\\/?s={search_term_string}\"},\"query-input\":{\"@type\":\"PropertyValueSpecification\",\"valueRequired\":true,\"valueName\":\"search_term_string\"}}],\"inLanguage\":\"eu-ES\"},{\"@type\":\"Organization\",\"@id\":\"https:\\\/\\\/www.lafundacion.com\\\/eu\\\/#organization\",\"name\":\"La Fundaci\u00f3n San Prudencio\",\"url\":\"https:\\\/\\\/www.lafundacion.com\\\/eu\\\/\",\"logo\":{\"@type\":\"ImageObject\",\"inLanguage\":\"eu-ES\",\"@id\":\"https:\\\/\\\/www.lafundacion.com\\\/eu\\\/#\\\/schema\\\/logo\\\/image\\\/\",\"url\":\"https:\\\/\\\/www.lafundacion.com\\\/wp-content\\\/uploads\\\/2020\\\/03\\\/logo-la-fundacion.png\",\"contentUrl\":\"https:\\\/\\\/www.lafundacion.com\\\/wp-content\\\/uploads\\\/2020\\\/03\\\/logo-la-fundacion.png\",\"width\":323,\"height\":129,\"caption\":\"La Fundaci\u00f3n San Prudencio\"},\"image\":{\"@id\":\"https:\\\/\\\/www.lafundacion.com\\\/eu\\\/#\\\/schema\\\/logo\\\/image\\\/\"}},{\"@type\":\"Person\",\"@id\":\"https:\\\/\\\/www.lafundacion.com\\\/eu\\\/#\\\/schema\\\/person\\\/39119d98dad187760c7ba6ffe0d62170\",\"name\":\"La Fundaci\u00f3n San Prudencio\",\"image\":{\"@type\":\"ImageObject\",\"inLanguage\":\"eu-ES\",\"@id\":\"https:\\\/\\\/secure.gravatar.com\\\/avatar\\\/0c3b0b5573637a9c53bbefa7ba0c7deb19d94f60a43f46e0300cd05fc3625862?s=96&d=mm&r=g\",\"url\":\"https:\\\/\\\/secure.gravatar.com\\\/avatar\\\/0c3b0b5573637a9c53bbefa7ba0c7deb19d94f60a43f46e0300cd05fc3625862?s=96&d=mm&r=g\",\"contentUrl\":\"https:\\\/\\\/secure.gravatar.com\\\/avatar\\\/0c3b0b5573637a9c53bbefa7ba0c7deb19d94f60a43f46e0300cd05fc3625862?s=96&d=mm&r=g\",\"caption\":\"La Fundaci\u00f3n San Prudencio\"}}]}<\/script>\r\n<!-- \/ Yoast SEO plugin. -->","yoast_head_json":{"title":"La Fundaci\u00f3n-eko Errege Magoen ekitaldia bideodeiak egiten 2021 &#187; La Fundaci\u00f3n San Prudencio","description":"Errege Magoak Gasteizen bideoen bidez La Fundaci\u00f3n-eko umeei deituz.","robots":{"index":"index","follow":"follow","max-snippet":"max-snippet:-1","max-image-preview":"max-image-preview:large","max-video-preview":"max-video-preview:-1"},"canonical":"https:\/\/www.lafundacion.com\/eu\/argazkiak\/2021eko-la-fundacion-eko-errege-magoen-bideodeiak\/","og_locale":"eu_ES","og_type":"article","og_title":"La Fundaci\u00f3n-eko Errege Magoen ekitaldia bideodeiak egiten 2021 &#187; La Fundaci\u00f3n San Prudencio","og_description":"Errege Magoak Gasteizen bideoen bidez La Fundaci\u00f3n-eko umeei deituz.","og_url":"https:\/\/www.lafundacion.com\/eu\/argazkiak\/2021eko-la-fundacion-eko-errege-magoen-bideodeiak\/","og_site_name":"La Fundaci\u00f3n San Prudencio","article_published_time":"2021-01-05T13:13:03+00:00","article_modified_time":"2022-01-05T07:57:57+00:00","og_image":[{"width":722,"height":480,"url":"https:\/\/www.lafundacion.com\/wp-content\/uploads\/2021\/01\/Reyes-Magos-LaF-15.jpg","type":"image\/jpeg"}],"author":"La Fundaci\u00f3n San Prudencio","twitter_card":"summary_large_image","twitter_misc":{"Written by":"La Fundaci\u00f3n San Prudencio","Est. reading time":"1 minute"},"schema":{"@context":"https:\/\/schema.org","@graph":[{"@type":"Article","@id":"https:\/\/www.lafundacion.com\/eu\/argazkiak\/2021eko-la-fundacion-eko-errege-magoen-bideodeiak\/#article","isPartOf":{"@id":"https:\/\/www.lafundacion.com\/eu\/argazkiak\/2021eko-la-fundacion-eko-errege-magoen-bideodeiak\/"},"author":{"name":"La Fundaci\u00f3n San Prudencio","@id":"https:\/\/www.lafundacion.com\/eu\/#\/schema\/person\/39119d98dad187760c7ba6ffe0d62170"},"headline":"La Fundaci\u00f3n-eko Errege Magoen ekitaldia bideodeiak egiten 2021","datePublished":"2021-01-05T13:13:03+00:00","dateModified":"2022-01-05T07:57:57+00:00","mainEntityOfPage":{"@id":"https:\/\/www.lafundacion.com\/eu\/argazkiak\/2021eko-la-fundacion-eko-errege-magoen-bideodeiak\/"},"wordCount":231,"publisher":{"@id":"https:\/\/www.lafundacion.com\/eu\/#organization"},"image":{"@id":"https:\/\/www.lafundacion.com\/eu\/argazkiak\/2021eko-la-fundacion-eko-errege-magoen-bideodeiak\/#primaryimage"},"thumbnailUrl":"https:\/\/www.lafundacion.com\/wp-content\/uploads\/2021\/01\/Reyes-Magos-LaF-15.jpg","keywords":["familientzako ekitaldia","gasteiz ekitaldiak","la fundacion san prudencio ekitaldiak","Reyes magos La Fundaci\u00f3n","reyes magos videollamada","umeentzako ekitaldiak gasteiz"],"articleSection":["Argazkiak","Galerias"],"inLanguage":"eu-ES"},{"@type":"WebPage","@id":"https:\/\/www.lafundacion.com\/eu\/argazkiak\/2021eko-la-fundacion-eko-errege-magoen-bideodeiak\/","url":"https:\/\/www.lafundacion.com\/eu\/argazkiak\/2021eko-la-fundacion-eko-errege-magoen-bideodeiak\/","name":"La Fundaci\u00f3n-eko Errege Magoen ekitaldia bideodeiak egiten 2021 &#187; La Fundaci\u00f3n San Prudencio","isPartOf":{"@id":"https:\/\/www.lafundacion.com\/eu\/#website"},"primaryImageOfPage":{"@id":"https:\/\/www.lafundacion.com\/eu\/argazkiak\/2021eko-la-fundacion-eko-errege-magoen-bideodeiak\/#primaryimage"},"image":{"@id":"https:\/\/www.lafundacion.com\/eu\/argazkiak\/2021eko-la-fundacion-eko-errege-magoen-bideodeiak\/#primaryimage"},"thumbnailUrl":"https:\/\/www.lafundacion.com\/wp-content\/uploads\/2021\/01\/Reyes-Magos-LaF-15.jpg","datePublished":"2021-01-05T13:13:03+00:00","dateModified":"2022-01-05T07:57:57+00:00","description":"Errege Magoak Gasteizen bideoen bidez La Fundaci\u00f3n-eko umeei deituz.","breadcrumb":{"@id":"https:\/\/www.lafundacion.com\/eu\/argazkiak\/2021eko-la-fundacion-eko-errege-magoen-bideodeiak\/#breadcrumb"},"inLanguage":"eu-ES","potentialAction":[{"@type":"ReadAction","target":["https:\/\/www.lafundacion.com\/eu\/argazkiak\/2021eko-la-fundacion-eko-errege-magoen-bideodeiak\/"]}]},{"@type":"ImageObject","inLanguage":"eu-ES","@id":"https:\/\/www.lafundacion.com\/eu\/argazkiak\/2021eko-la-fundacion-eko-errege-magoen-bideodeiak\/#primaryimage","url":"https:\/\/www.lafundacion.com\/wp-content\/uploads\/2021\/01\/Reyes-Magos-LaF-15.jpg","contentUrl":"https:\/\/www.lafundacion.com\/wp-content\/uploads\/2021\/01\/Reyes-Magos-LaF-15.jpg","width":722,"height":480},{"@type":"BreadcrumbList","@id":"https:\/\/www.lafundacion.com\/eu\/argazkiak\/2021eko-la-fundacion-eko-errege-magoen-bideodeiak\/#breadcrumb","itemListElement":[{"@type":"ListItem","position":1,"name":"Portada","item":"https:\/\/www.lafundacion.com\/eu\/hasiera\/"},{"@type":"ListItem","position":2,"name":"La Fundaci\u00f3n-eko Errege Magoen ekitaldia bideodeiak egiten 2021"}]},{"@type":"WebSite","@id":"https:\/\/www.lafundacion.com\/eu\/#website","url":"https:\/\/www.lafundacion.com\/eu\/","name":"La Fundaci\u00f3n San Prudencio","description":"La Fundaci\u00f3n Laboral San Prudencio en Vitoria-Gasteiz","publisher":{"@id":"https:\/\/www.lafundacion.com\/eu\/#organization"},"potentialAction":[{"@type":"SearchAction","target":{"@type":"EntryPoint","urlTemplate":"https:\/\/www.lafundacion.com\/eu\/?s={search_term_string}"},"query-input":{"@type":"PropertyValueSpecification","valueRequired":true,"valueName":"search_term_string"}}],"inLanguage":"eu-ES"},{"@type":"Organization","@id":"https:\/\/www.lafundacion.com\/eu\/#organization","name":"La Fundaci\u00f3n San Prudencio","url":"https:\/\/www.lafundacion.com\/eu\/","logo":{"@type":"ImageObject","inLanguage":"eu-ES","@id":"https:\/\/www.lafundacion.com\/eu\/#\/schema\/logo\/image\/","url":"https:\/\/www.lafundacion.com\/wp-content\/uploads\/2020\/03\/logo-la-fundacion.png","contentUrl":"https:\/\/www.lafundacion.com\/wp-content\/uploads\/2020\/03\/logo-la-fundacion.png","width":323,"height":129,"caption":"La Fundaci\u00f3n San Prudencio"},"image":{"@id":"https:\/\/www.lafundacion.com\/eu\/#\/schema\/logo\/image\/"}},{"@type":"Person","@id":"https:\/\/www.lafundacion.com\/eu\/#\/schema\/person\/39119d98dad187760c7ba6ffe0d62170","name":"La Fundaci\u00f3n San Prudencio","image":{"@type":"ImageObject","inLanguage":"eu-ES","@id":"https:\/\/secure.gravatar.com\/avatar\/0c3b0b5573637a9c53bbefa7ba0c7deb19d94f60a43f46e0300cd05fc3625862?s=96&d=mm&r=g","url":"https:\/\/secure.gravatar.com\/avatar\/0c3b0b5573637a9c53bbefa7ba0c7deb19d94f60a43f46e0300cd05fc3625862?s=96&d=mm&r=g","contentUrl":"https:\/\/secure.gravatar.com\/avatar\/0c3b0b5573637a9c53bbefa7ba0c7deb19d94f60a43f46e0300cd05fc3625862?s=96&d=mm&r=g","caption":"La Fundaci\u00f3n San Prudencio"}}]}},"_links":{"self":[{"href":"https:\/\/www.lafundacion.com\/eu\/wp-json\/wp\/v2\/posts\/13666","targetHints":{"allow":["GET"]}}],"collection":[{"href":"https:\/\/www.lafundacion.com\/eu\/wp-json\/wp\/v2\/posts"}],"about":[{"href":"https:\/\/www.lafundacion.com\/eu\/wp-json\/wp\/v2\/types\/post"}],"author":[{"embeddable":true,"href":"https:\/\/www.lafundacion.com\/eu\/wp-json\/wp\/v2\/users\/2"}],"replies":[{"embeddable":true,"href":"https:\/\/www.lafundacion.com\/eu\/wp-json\/wp\/v2\/comments?post=13666"}],"version-history":[{"count":15,"href":"https:\/\/www.lafundacion.com\/eu\/wp-json\/wp\/v2\/posts\/13666\/revisions"}],"predecessor-version":[{"id":29272,"href":"https:\/\/www.lafundacion.com\/eu\/wp-json\/wp\/v2\/posts\/13666\/revisions\/29272"}],"wp:featuredmedia":[{"embeddable":true,"href":"https:\/\/www.lafundacion.com\/eu\/wp-json\/wp\/v2\/media\/13791"}],"wp:attachment":[{"href":"https:\/\/www.lafundacion.com\/eu\/wp-json\/wp\/v2\/media?parent=13666"}],"wp:term":[{"taxonomy":"category","embeddable":true,"href":"https:\/\/www.lafundacion.com\/eu\/wp-json\/wp\/v2\/categories?post=13666"},{"taxonomy":"post_tag","embeddable":true,"href":"https:\/\/www.lafundacion.com\/eu\/wp-json\/wp\/v2\/tags?post=13666"}],"curies":[{"name":"wp","href":"https:\/\/api.w.org\/{rel}","templated":true}]}}