{"id":130585,"date":"2025-09-23T12:12:36","date_gmt":"2025-09-23T10:12:36","guid":{"rendered":"https:\/\/www.lafundacion.com\/uncategorized-eu\/la-fundacioneko-espacio-arte-ekitaldia-urrian\/"},"modified":"2025-10-10T09:06:35","modified_gmt":"2025-10-10T07:06:35","slug":"la-fundacioneko-espacio-arte-ekitaldia-urrian","status":"publish","type":"post","link":"https:\/\/www.lafundacion.com\/eu\/noticias-eu\/la-fundacioneko-espacio-arte-ekitaldia-urrian\/","title":{"rendered":"La Fundaci\u00f3n-eko &#8220;Espacio Arte&#8221;-ko ekitaldi berria urrian"},"content":{"rendered":"<div id='full_slider_1'  class='avia-fullwidth-slider main_color avia-shadow   avia-builder-el-0  el_before_av_one_full  avia-builder-el-first   container_wrap fullsize'  ><div  class='avia-slideshow av-l1vxl7ni-fe1dc6d4bc6e8cf36a68643d02f94c08 avia-slideshow-featured av_slideshow_full avia-slide-slider av-slideshow-ui av-control-default av-slideshow-manual av-loop-once av-loop-manual-endless av-default-height-applied   avia-slideshow-1' data-slideshow-options=\"{&quot;animation&quot;:&quot;slide&quot;,&quot;autoplay&quot;:false,&quot;loop_autoplay&quot;:&quot;once&quot;,&quot;interval&quot;:5,&quot;loop_manual&quot;:&quot;manual-endless&quot;,&quot;autoplay_stopper&quot;:false,&quot;noNavigation&quot;:false,&quot;bg_slider&quot;:false,&quot;keep_padding&quot;:false,&quot;hoverpause&quot;:false,&quot;show_slide_delay&quot;:0}\"  itemprop=\"image\" itemscope=\"itemscope\" itemtype=\"https:\/\/schema.org\/ImageObject\" ><ul class='avia-slideshow-inner ' style='padding-bottom: 28.666666666667%;'><li  class='avia-slideshow-slide av-l1vxl7ni-fe1dc6d4bc6e8cf36a68643d02f94c08__0  av-single-slide slide-1 slide-odd'><div data-rel='slideshow-1' class='avia-slide-wrap '   ><img decoding=\"async\" fetchpriority=\"high\" class=\"wp-image-98808 avia-img-lazy-loading-not-98808\"  src=\"https:\/\/www.lafundacion.com\/wp-content\/uploads\/2025\/06\/Banner-Espacio-Arte-evento-octubre-2025-mail.jpg\" width=\"1500\" height=\"430\" title='Banner-Espacio-Arte-evento-octubre-2025-mail' alt=''  itemprop=\"thumbnailUrl\" srcset=\"https:\/\/www.lafundacion.com\/wp-content\/uploads\/2025\/06\/Banner-Espacio-Arte-evento-octubre-2025-mail.jpg 1500w, https:\/\/www.lafundacion.com\/wp-content\/uploads\/2025\/06\/Banner-Espacio-Arte-evento-octubre-2025-mail-300x86.jpg 300w, https:\/\/www.lafundacion.com\/wp-content\/uploads\/2025\/06\/Banner-Espacio-Arte-evento-octubre-2025-mail-1030x295.jpg 1030w, https:\/\/www.lafundacion.com\/wp-content\/uploads\/2025\/06\/Banner-Espacio-Arte-evento-octubre-2025-mail-768x220.jpg 768w, https:\/\/www.lafundacion.com\/wp-content\/uploads\/2025\/06\/Banner-Espacio-Arte-evento-octubre-2025-mail-705x202.jpg 705w\" sizes=\"(max-width: 1500px) 100vw, 1500px\" \/><\/div><\/li><\/ul><\/div><\/div><div id='after_full_slider_1'  class='main_color av_default_container_wrap container_wrap fullsize'  ><div class='container av-section-cont-open' ><div class='template-page content  av-content-full alpha units'><div class='post-entry post-entry-type-page post-entry-130585'><div class='entry-content-wrapper clearfix'>\n<div  class='flex_column av-2wkkjku-e895f6c18e752d8ea7bbd8a9680f84fe av_one_full  avia-builder-el-1  el_after_av_slideshow_full  el_before_av_hr  avia-builder-el-first  first flex_column_div  '     ><section  class='av_textblock_section av-l1ukkp2p-4a2d11a3a61a03fc72e4f8471728a8bf '   itemscope=\"itemscope\" itemtype=\"https:\/\/schema.org\/BlogPosting\" itemprop=\"blogPost\" ><div class='avia_textblock'  itemprop=\"text\" ><h1 style=\"text-align: center;\">URRIAREN 9AN, 19:00ETAN, ESPACIO ARTEKO EKITALDI BERRI BATEKIN GOZATU DUGU: ERAKUSKETA, LIBURU BATEN AURKEZPENA ETA ZUZENEKO MUSIKA EMANALDIA<\/h1>\n<h4 style=\"text-align: center;\"><\/h4>\n<\/div><\/section><\/div>\n<div  class='hr av-21od3zk-b4ca7628caacf685a02b86a0bcc4a1f2 hr-default  avia-builder-el-3  el_after_av_one_full  el_before_av_three_fifth '><span class='hr-inner '><span class=\"hr-inner-style\"><\/span><\/span><\/div>\n<div  class='flex_column av-1jnrhkg-0e9db24d65bca9de0aed6813f34a96f8 av_three_fifth  avia-builder-el-4  el_after_av_hr  el_before_av_two_fifth  first flex_column_div  '     ><section  class='av_textblock_section av-lex0cv44-f07155fa2473d4705db01f8642799926 '   itemscope=\"itemscope\" itemtype=\"https:\/\/schema.org\/BlogPosting\" itemprop=\"blogPost\" ><div class='avia_textblock'  itemprop=\"text\" ><h3><strong>Edizio berri honetan, Raquel L\u00f3pez de Aber\u00e1sturiren pinturaz eta Cristian Avecillasen azken liburuaren aurkezpenaz gozatu dugu<\/strong><\/h3>\n<\/div><\/section><br \/>\n<section  class='av_textblock_section av-30pm7n5-17b6e448a65cac2a16fd30f226ecba7b '   itemscope=\"itemscope\" itemtype=\"https:\/\/schema.org\/BlogPosting\" itemprop=\"blogPost\" ><div class='avia_textblock'  itemprop=\"text\" ><p>Maitasuna gutxien espero dugunean sortzen da, eta Raquel L\u00f3pez de Aber\u00e1sturiren kasuan, pinturarekin egin zuena &#8220;gezikada lehen brotxazoan&#8221; izan zen. Erretiroa hartuta, zaletasun handia zuen, eta, beraz, marrazketa eta pinturako ikastaro batean (Gasteizko Udalarena) eman zuen izena probatzeko. Harrezkero, zaharberritzaileak sormen bide hori egiten jarraitzen du.<\/p>\n<p>Joaqu\u00edn Sorollaren obraren mireslea da, eta ez du zalantzarik bere lanen bertsio propioak sortzeko, hala nola Retrato, El Ba\u00f1o del Caballo edo El Pescador. Bere familiarekiko sentitzen duen maitasuna ere erakusten du bilobak pastel teknikan margotzen, eta, gainera, arte abstraktuarekin animatzen da pouring lanak eginez. Teknika honen bidez, pintura akriliko diluitua botatzen da gainazal batera, eta, horrela, modu askean isuri eta nahasten da, patroi bakar eta aurreikusezinak sortzeko.<\/p>\n<p>Erakusketan, Rachelen obran eragina izan duten faktore guztien hainbat adibide ikusi ditugu.<\/p>\n<\/div><\/section><\/p><\/div>\n<div  class='flex_column av-3n6xps-34769c36b58e111b96f802493720e665 av_two_fifth  avia-builder-el-7  el_after_av_three_fifth  el_before_av_textblock  flex_column_div  '     ><p>\n<style type=\"text\/css\" data-created_by=\"avia_inline_auto\" id=\"style-css-av-qer30p-8a03c89477ac74236b8056b0bfb5cba9\">\n.avia-image-container.av-qer30p-8a03c89477ac74236b8056b0bfb5cba9 img.avia_image{\nbox-shadow:none;\n}\n.avia-image-container.av-qer30p-8a03c89477ac74236b8056b0bfb5cba9 .av-image-caption-overlay-center{\ncolor:#ffffff;\n}\n<\/style>\n<div  class='avia-image-container av-qer30p-8a03c89477ac74236b8056b0bfb5cba9 av-styling- avia-align-center  avia-builder-el-8  el_before_av_image  avia-builder-el-first '   itemprop=\"image\" itemscope=\"itemscope\" itemtype=\"https:\/\/schema.org\/ImageObject\" ><div class=\"avia-image-container-inner\"><div class=\"avia-image-overlay-wrap\"><img decoding=\"async\" fetchpriority=\"high\" class='wp-image-141917 avia-img-lazy-loading-not-141917 avia_image ' src=\"https:\/\/www.lafundacion.com\/wp-content\/uploads\/2025\/09\/Espacio-Arte-Raquel-artista-La-Fundacion-San-Prudencio.jpg\" alt='' title='Espacio-Arte-Raquel-artista-La-Fundacion-San-Prudencio'  height=\"595\" width=\"750\"  itemprop=\"thumbnailUrl\" srcset=\"https:\/\/www.lafundacion.com\/wp-content\/uploads\/2025\/09\/Espacio-Arte-Raquel-artista-La-Fundacion-San-Prudencio.jpg 750w, https:\/\/www.lafundacion.com\/wp-content\/uploads\/2025\/09\/Espacio-Arte-Raquel-artista-La-Fundacion-San-Prudencio-300x238.jpg 300w, https:\/\/www.lafundacion.com\/wp-content\/uploads\/2025\/09\/Espacio-Arte-Raquel-artista-La-Fundacion-San-Prudencio-705x559.jpg 705w\" sizes=\"(max-width: 750px) 100vw, 750px\" \/><\/div><\/div><\/div><br \/>\n\n<style type=\"text\/css\" data-created_by=\"avia_inline_auto\" id=\"style-css-av-m9icuwm0-e99154ce34414c4df8433e7735ea3929\">\n.avia-image-container.av-m9icuwm0-e99154ce34414c4df8433e7735ea3929 img.avia_image{\nbox-shadow:none;\n}\n.avia-image-container.av-m9icuwm0-e99154ce34414c4df8433e7735ea3929 .av-image-caption-overlay-center{\ncolor:#ffffff;\n}\n<\/style>\n<div  class='avia-image-container av-m9icuwm0-e99154ce34414c4df8433e7735ea3929 av-styling- avia-align-center  avia-builder-el-9  el_after_av_image  el_before_av_hr '   itemprop=\"image\" itemscope=\"itemscope\" itemtype=\"https:\/\/schema.org\/ImageObject\" ><div class=\"avia-image-container-inner\"><div class=\"avia-image-overlay-wrap\"><img decoding=\"async\" fetchpriority=\"high\" class='wp-image-130546 avia-img-lazy-loading-not-130546 avia_image ' src=\"https:\/\/www.lafundacion.com\/wp-content\/uploads\/2025\/09\/Cuadro-Raquel-lopez-aberasturi-Espacio-Arte-La-Fundacion-225x300.jpg\" alt='' title='Cuadro-Raquel-lopez-aberasturi-Espacio-Arte-La-Fundacion'  height=\"300\" width=\"225\"  itemprop=\"thumbnailUrl\" srcset=\"https:\/\/www.lafundacion.com\/wp-content\/uploads\/2025\/09\/Cuadro-Raquel-lopez-aberasturi-Espacio-Arte-La-Fundacion-225x300.jpg 225w, https:\/\/www.lafundacion.com\/wp-content\/uploads\/2025\/09\/Cuadro-Raquel-lopez-aberasturi-Espacio-Arte-La-Fundacion-529x705.jpg 529w, https:\/\/www.lafundacion.com\/wp-content\/uploads\/2025\/09\/Cuadro-Raquel-lopez-aberasturi-Espacio-Arte-La-Fundacion.jpg 750w\" sizes=\"(max-width: 225px) 100vw, 225px\" \/><\/div><\/div><\/div><br \/>\n<div  class='hr av-jd4927-15cfc639fa434d362581e0a7f581d05a hr-default  avia-builder-el-10  el_after_av_image  avia-builder-el-last '><span class='hr-inner '><span class=\"hr-inner-style\"><\/span><\/span><\/div><\/p><\/div><section  class='av_textblock_section av-m10gh6jt-386b66045f76249c5f721e9bce84780b '   itemscope=\"itemscope\" itemtype=\"https:\/\/schema.org\/BlogPosting\" itemprop=\"blogPost\" ><div class='avia_textblock'  itemprop=\"text\" ><h3 style=\"text-align: center;\">Erakusketa 2025eko azaroaren 10era arte egongo da ikusgai.<\/h3>\n<\/div><\/section><\/p>\n<\/div><\/div><\/div><!-- close content main div --><\/div><\/div>\n<style type=\"text\/css\" data-created_by=\"avia_inline_auto\" id=\"style-css-av-5qd2a5t-0d7cf96ce7ef05aef96fbbaa4cee5af2\">\n.avia-section.av-5qd2a5t-0d7cf96ce7ef05aef96fbbaa4cee5af2{\nbackground-color:#e8e8e8;\nbackground-image:unset;\n}\n<\/style>\n<div id='av_section_1'  class='avia-section av-5qd2a5t-0d7cf96ce7ef05aef96fbbaa4cee5af2 main_color avia-section-default avia-no-border-styling  avia-builder-el-12  el_after_av_textblock  el_before_av_hr  avia-bg-style-scroll container_wrap fullsize'  ><div class='container av-section-cont-open' ><div class='template-page content  av-content-full alpha units'><div class='post-entry post-entry-type-page post-entry-130585'><div class='entry-content-wrapper clearfix'>\n<section  class='av_textblock_section av-m9sb66pn-50625b8f52db2f63dcd5419a2d96d007 '   itemscope=\"itemscope\" itemtype=\"https:\/\/schema.org\/BlogPosting\" itemprop=\"blogPost\" ><div class='avia_textblock'  itemprop=\"text\" ><h3>Liburuaren aurkezpena, poesia errezitaldia eta dinamika publikoarekin, Cristian Avecillas poeta eta antzerkigilearekin<\/h3>\n<\/div><\/section>\n<div  class='flex_column av-4fshmnl-e703dc561c4ef951f898db7efec88d21 av_one_third  avia-builder-el-14  el_after_av_textblock  el_before_av_three_fifth  first flex_column_div  column-top-margin'     ><p><div  class='hr av-qly1ii-6828237efc396c65f7ae0f35d77db231 hr-default  avia-builder-el-15  el_before_av_image  avia-builder-el-first '><span class='hr-inner '><span class=\"hr-inner-style\"><\/span><\/span><\/div><br \/>\n\n<style type=\"text\/css\" data-created_by=\"avia_inline_auto\" id=\"style-css-av-m5gnpb4o-dc190526d6d8fde843111153590e08e0\">\n.avia-image-container.av-m5gnpb4o-dc190526d6d8fde843111153590e08e0 img.avia_image{\nbox-shadow:none;\n}\n.avia-image-container.av-m5gnpb4o-dc190526d6d8fde843111153590e08e0 .av-image-caption-overlay-center{\ncolor:#ffffff;\n}\n<\/style>\n<div  class='avia-image-container av-m5gnpb4o-dc190526d6d8fde843111153590e08e0 av-styling- avia-align-center  avia-builder-el-16  el_after_av_hr  el_before_av_buttonrow '   itemprop=\"image\" itemscope=\"itemscope\" itemtype=\"https:\/\/schema.org\/ImageObject\" ><div class=\"avia-image-container-inner\"><div class=\"avia-image-overlay-wrap\"><img decoding=\"async\" fetchpriority=\"high\" class='wp-image-141915 avia-img-lazy-loading-not-141915 avia_image ' src=\"https:\/\/www.lafundacion.com\/wp-content\/uploads\/2025\/09\/Espacio-Arte-La-Fundacion-poemas-La-Noosfera.jpg\" alt='' title='Espacio-Arte-La-Fundacion-poemas-La-Noosfera'  height=\"500\" width=\"750\"  itemprop=\"thumbnailUrl\" srcset=\"https:\/\/www.lafundacion.com\/wp-content\/uploads\/2025\/09\/Espacio-Arte-La-Fundacion-poemas-La-Noosfera.jpg 750w, https:\/\/www.lafundacion.com\/wp-content\/uploads\/2025\/09\/Espacio-Arte-La-Fundacion-poemas-La-Noosfera-300x200.jpg 300w, https:\/\/www.lafundacion.com\/wp-content\/uploads\/2025\/09\/Espacio-Arte-La-Fundacion-poemas-La-Noosfera-705x470.jpg 705w\" sizes=\"(max-width: 750px) 100vw, 750px\" \/><\/div><\/div><\/div><br \/>\n<div  class='avia-buttonrow-wrap av-m5w9s14j-c7b0ec791cc80fdad947b70e47403418 avia-buttonrow-center  avia-builder-el-17  el_after_av_image  avia-builder-el-last '>\n\n<style type=\"text\/css\" data-created_by=\"avia_inline_auto\" id=\"style-css-av-m5w9pox9-0e399f46f60afd3fbfb8d477c5eda25e\">\n#top #wrap_all .avia-button.av-m5w9pox9-0e399f46f60afd3fbfb8d477c5eda25e{\nmargin-bottom:5px;\nmargin-right:3px;\nmargin-left:3px;\n}\n<\/style>\n<a href='https:\/\/es.wikipedia.org\/wiki\/Marcelo_D%C3%ADaz_Garc%C3%ADa'  class='avia-button av-m5w9pox9-0e399f46f60afd3fbfb8d477c5eda25e avia-icon_select-yes-left-icon avia-size-small avia-color-theme-color'  target=\"_blank\"  rel=\"noopener noreferrer\"  aria-label=\"Web orrialdea\"><span class='avia_button_icon avia_button_icon_left avia-iconfont avia-font-entypo-fontello' data-av_icon='\ue822' data-av_iconfont='entypo-fontello' ><\/span><span class='avia_iconbox_title' >Web orrialdea<\/span><\/a>\n\n<style type=\"text\/css\" data-created_by=\"avia_inline_auto\" id=\"style-css-av-m5w9ryqv-2ec88af1fa04aa8350812607dfcdce92\">\n#top #wrap_all .avia-button.av-m5w9ryqv-2ec88af1fa04aa8350812607dfcdce92{\nmargin-bottom:5px;\nmargin-right:3px;\nmargin-left:3px;\n}\n<\/style>\n<a href='https:\/\/www.instagram.com\/marcelo_lignaria\/?api=postMessage'  class='avia-button av-m5w9ryqv-2ec88af1fa04aa8350812607dfcdce92 avia-icon_select-yes-left-icon avia-size-small avia-color-theme-color'  target=\"_blank\"  rel=\"noopener noreferrer\"  aria-label=\"Instagram\"><span class='avia_button_icon avia_button_icon_left avia-iconfont avia-font-entypo-fontello' data-av_icon='\uf16d' data-av_iconfont='entypo-fontello' ><\/span><span class='avia_iconbox_title' >Instagram<\/span><\/a>\n<\/div><\/p><\/div><div  class='flex_column av-3nj8egh-7991762b66f5aa0a9373e8d8fb3ee132 av_three_fifth  avia-builder-el-18  el_after_av_one_third  avia-builder-el-last  flex_column_div  column-top-margin'     ><section  class='av_textblock_section av-lgev15l1-51586a938dfbd54d7d16fb1dc0607c08 '   itemscope=\"itemscope\" itemtype=\"https:\/\/schema.org\/BlogPosting\" itemprop=\"blogPost\" ><div class='avia_textblock'  itemprop=\"text\" ><p><b><i>Cristian Avecillas<\/i><\/b><\/p>\n<p>Ekitaldiaren inaugurazioan Cristian Avecillas poeta, aktore, antzerkigile eta kantautorea ere izan dugu. Quiton jaioa eta duela bost urtetik Gasteizen bizi dena, bere obra hitz idatziaren eta eszenaratzearen artean dabil.<\/p>\n<p>Hamar poesia eta saiakera liburu baino gehiago argitaratu ditu, horietako batzuk nazioarteko sariekin sarituak, hala nola Casa de las Am\u00e9ricas Saria edo Ekuadorreko C\u00e9sar D\u00e1vila Andrade Poesia Sari Nazionala.<\/p>\n<p>Bere literatura-alderdiaz gain, Avecillasek antzerkian egin du bere ibilbidea, egile, zuzendari eta aktore gisa. Teatromiento taldearen sortzailea izan zen, eta Funeraria Travel, Mama Prometea edo Volverse Humanidad bezalako lanak taularatu ditu. Obra horiek antzerkia eta poesia uztartzen dituzte, gizakiari, politikari eta espiritualari buruzko hausnarketa eragiteko.<\/p>\n<p>Erakusketa hau dela eta, Cristianek bere azken liburua aurkeztu du, &#8220;La No\u00f3sfera&#8221;, bere poema esanguratsuenetako batzuk errezitatu ditu, eta dinamika bat egin du bertaratutako publikoarekin.<\/p>\n<\/div><\/section><\/div>\n<\/div><\/div><\/div><!-- close content main div --><\/div><\/div><div id='after_section_1'  class='main_color av_default_container_wrap container_wrap fullsize'  ><div class='container av-section-cont-open' ><div class='template-page content  av-content-full alpha units'><div class='post-entry post-entry-type-page post-entry-130585'><div class='entry-content-wrapper clearfix'>\n<div  class='hr av-12obbao-f827b0821c9dc969a9601d6da9adc09c hr-default  avia-builder-el-20  el_after_av_section  el_before_av_two_fifth  avia-builder-el-first '><span class='hr-inner '><span class=\"hr-inner-style\"><\/span><\/span><\/div>\n<div  class='flex_column av-17g74cw-0b4556a412451e3b3a851e0a1cdf1836 av_two_fifth  avia-builder-el-21  el_after_av_hr  el_before_av_three_fifth  first flex_column_div  '     ><style type=\"text\/css\" data-created_by=\"avia_inline_auto\" id=\"style-css-av-m62j4g-715201b46b041e0fe2cfdb2fcad7807f\">\n.avia-image-container.av-m62j4g-715201b46b041e0fe2cfdb2fcad7807f img.avia_image{\nbox-shadow:none;\n}\n.avia-image-container.av-m62j4g-715201b46b041e0fe2cfdb2fcad7807f .av-image-caption-overlay-center{\ncolor:#ffffff;\n}\n<\/style>\n<div  class='avia-image-container av-m62j4g-715201b46b041e0fe2cfdb2fcad7807f av-styling- avia-align-center  avia-builder-el-22  avia-builder-el-no-sibling '   itemprop=\"image\" itemscope=\"itemscope\" itemtype=\"https:\/\/schema.org\/ImageObject\" ><div class=\"avia-image-container-inner\"><div class=\"avia-image-overlay-wrap\"><img decoding=\"async\" fetchpriority=\"high\" class='wp-image-141923 avia-img-lazy-loading-not-141923 avia_image ' src=\"https:\/\/www.lafundacion.com\/wp-content\/uploads\/2025\/09\/Ensamble-saxofonistas-Espacio-Arte-La-Fundacion-San-Prudencio-oct.2025.jpg\" alt='' title='Ensamble-saxofonistas-Espacio-Arte-La-Fundacion-San-Prudencio-oct.2025'  height=\"500\" width=\"750\"  itemprop=\"thumbnailUrl\" srcset=\"https:\/\/www.lafundacion.com\/wp-content\/uploads\/2025\/09\/Ensamble-saxofonistas-Espacio-Arte-La-Fundacion-San-Prudencio-oct.2025.jpg 750w, https:\/\/www.lafundacion.com\/wp-content\/uploads\/2025\/09\/Ensamble-saxofonistas-Espacio-Arte-La-Fundacion-San-Prudencio-oct.2025-300x200.jpg 300w, https:\/\/www.lafundacion.com\/wp-content\/uploads\/2025\/09\/Ensamble-saxofonistas-Espacio-Arte-La-Fundacion-San-Prudencio-oct.2025-705x470.jpg 705w\" sizes=\"(max-width: 750px) 100vw, 750px\" \/><\/div><\/div><\/div><\/div>\n<div  class='flex_column av-1akexku-6e1bf75fa1060157e7498beef1f8dd36 av_three_fifth  avia-builder-el-23  el_after_av_two_fifth  el_before_av_button_big  avia-builder-el-last  flex_column_div  '     ><p><section  class='av_textblock_section av-l1uj5dha-19d5c2b510c28def5853f83f1c30d170 '   itemscope=\"itemscope\" itemtype=\"https:\/\/schema.org\/BlogPosting\" itemprop=\"blogPost\" ><div class='avia_textblock'  itemprop=\"text\" ><p>Azkenik, zuzeneko emanaldi musikal batekin gozatu dugu. Saxofonista talde batek agoran jo du Gasteizko Jesus Guridi Musika Kontserbatorioarekin agoran egindako akordioari esker. Musikariak kontserbatorioko ikasleak dira, eta Marc-Antoine Charpentier, Ignacio Morocoa, Simon &amp; Garfunkel eta Nicola Piovaniren piezak jo dituzte.<\/p>\n<p>Artistas hauek izan ziren: Cecilia Borderas, Jon Jon Ruiz, Heiko Salbidea, Markel Ortega, I\u00f1igo Garitano, Maddi G\u00f3mez de Segura, Maren Larreina e Ibai Alba. Dirige Alberto Mielgo.<\/p>\n<\/div><\/section><br \/>\n\n<style type=\"text\/css\" data-created_by=\"avia_inline_auto\" id=\"style-css-av-1ma6eim-f463779a41766e162cb675ffc668a35c\">\n.avia-image-container.av-1ma6eim-f463779a41766e162cb675ffc668a35c img.avia_image{\nbox-shadow:none;\n}\n.avia-image-container.av-1ma6eim-f463779a41766e162cb675ffc668a35c .av-image-caption-overlay-center{\ncolor:#ffffff;\n}\n<\/style>\n<div  class='avia-image-container av-1ma6eim-f463779a41766e162cb675ffc668a35c av-styling- av-img-linked avia-align-center  avia-builder-el-25  el_after_av_textblock  el_before_av_textblock '   itemprop=\"image\" itemscope=\"itemscope\" itemtype=\"https:\/\/schema.org\/ImageObject\" ><div class=\"avia-image-container-inner\"><div class=\"avia-image-overlay-wrap\"><a href=\"https:\/\/conservatoriovitoria.com\/index.php\/eu\/\" class='avia_image '  target=\"_blank\"  rel=\"noopener noreferrer\" aria-label='logo-conservatorio-jesus-guridi-vitoria-gasteiz'><img decoding=\"async\" fetchpriority=\"high\" class='wp-image-33676 avia-img-lazy-loading-not-33676 avia_image ' src=\"https:\/\/www.lafundacion.com\/wp-content\/uploads\/2022\/04\/logo-conservatorio-jesus-guridi-vitoria-gasteiz.png\" alt='logo conservatorio de m\u00fasica Vitoria con La Fundaci\u00f3n' title='logo-conservatorio-jesus-guridi-vitoria-gasteiz'  height=\"105\" width=\"173\"  itemprop=\"thumbnailUrl\"  \/><\/a><\/div><\/div><\/div><br \/>\n<section  class='av_textblock_section av-lgezfsiz-bcc5b55e620a9c370b35d4a3ae732e18 '   itemscope=\"itemscope\" itemtype=\"https:\/\/schema.org\/BlogPosting\" itemprop=\"blogPost\" ><div class='avia_textblock'  itemprop=\"text\" ><p>\u201cLa Fundaci\u00f3n San Prudencio\u201d eta <a class=\"_ps2id __mPS2id\" href=\"https:\/\/www.conservatoriovitoria.com\/index.php?lang=eu\" data-ps2id-offset=\"\">CM Jes\u00fas Guridi MK Kontserbatorioaren<\/a>\u00a0arteko lankidetza-hitzarmena.<\/p>\n<\/div><\/section><\/p><\/div>\n<div  class='avia-button-wrap avia-button-center  avia-builder-el-27  el_after_av_three_fifth  el_before_av_hr '>\n<style type=\"text\/css\" data-created_by=\"avia_inline_auto\" id=\"style-css-av-mgkhcoqt-e0418b5fe2a18fe8abe7f4c1941be61c\">\n#top #wrap_all .avia-button.av-mgkhcoqt-e0418b5fe2a18fe8abe7f4c1941be61c:hover{\ncolor:white;\ntransition:all 0.4s ease-in-out;\n}\n#top #wrap_all .avia-button.av-mgkhcoqt-e0418b5fe2a18fe8abe7f4c1941be61c:hover .avia-svg-icon svg:first-child{\nfill:white;\nstroke:white;\n}\n<\/style>\n<a href='https:\/\/photos.app.goo.gl\/12xqR8T2PgoFYDXK8' class='avia-color-theme-color avia-font-color-theme-color avia-button avia-button-fullwidth av-mgkhcoqt-e0418b5fe2a18fe8abe7f4c1941be61c avia-icon_select-yes-left-icon avia-color-theme-color'   aria-label=\"Ekitaldiaren argazki bilduma ikusi\"><span class='avia_button_icon avia_button_icon_left avia-svg-icon avia-font-svg_entypo-fontello' data-av_svg_icon='camera' data-av_iconset='svg_entypo-fontello'><svg version=\"1.1\" xmlns=\"http:\/\/www.w3.org\/2000\/svg\" width=\"32\" height=\"32\" viewBox=\"0 0 32 32\" preserveAspectRatio=\"xMidYMid meet\" aria-labelledby='av-svg-title-1' aria-describedby='av-svg-desc-1' role=\"graphics-symbol\">\n<title id='av-svg-title-1'>Camera<\/title>\n<desc id='av-svg-desc-1'>Camera<\/desc>\n<path d=\"M16 12.8q2.048 0 3.424 1.408t1.376 3.392-1.408 3.392-3.392 1.408-3.392-1.408-1.408-3.392 1.408-3.392 3.392-1.408zM28.8 8q1.344 0 2.272 0.928t0.928 2.272v14.4q0 1.28-0.928 2.24t-2.272 0.96h-25.6q-1.28 0-2.24-0.96t-0.96-2.24v-14.4q0-1.344 0.96-2.272t2.24-0.928h3.84q0.896 0 1.28-0.96l0.96-2.944q0.32-0.896 1.28-0.896h10.88q0.96 0 1.28 0.896l0.96 2.944q0.384 0.96 1.28 0.96h3.84zM16 25.6q3.328 0 5.664-2.336t2.336-5.664-2.336-5.664-5.664-2.336-5.664 2.336-2.336 5.664 2.336 5.664 5.664 2.336zM27.712 13.44q0.448 0 0.768-0.352t0.32-0.8-0.32-0.768-0.768-0.32q-1.152 0-1.152 1.088 0 0.512 0.352 0.832t0.8 0.32z\"><\/path>\n<\/svg><\/span><span class='avia_iconbox_title' >Ekitaldiaren argazki bilduma ikusi<\/span><span class='avia_button_background avia-button avia-button-fullwidth avia-color-theme-color-highlight'><\/span><\/a><\/div>\n<div  class='hr av-uc2uoh-acc4220f5fc5f53cf5e7b129943b2608 hr-default  avia-builder-el-28  el_after_av_button_big  el_before_av_section  avia-builder-el-no-sibling '><span class='hr-inner '><span class=\"hr-inner-style\"><\/span><\/span><\/div>\n<\/div><\/div><\/div><!-- close content main div --><\/div><\/div>\n<style type=\"text\/css\" data-created_by=\"avia_inline_auto\" id=\"style-css-av-1rjpjpt-b21d4457a03eb779954d4592fd75ba1a\">\n.avia-section.av-1rjpjpt-b21d4457a03eb779954d4592fd75ba1a{\nbackground-color:#009fe3;\nbackground-image:unset;\n}\n<\/style>\n<div id='av_section_2'  class='avia-section av-1rjpjpt-b21d4457a03eb779954d4592fd75ba1a main_color avia-section-default avia-no-border-styling  avia-builder-el-29  el_after_av_hr  avia-builder-el-last  avia-bg-style-scroll container_wrap fullsize'  ><div class='container av-section-cont-open' ><div class='template-page content  av-content-full alpha units'><div class='post-entry post-entry-type-page post-entry-130585'><div class='entry-content-wrapper clearfix'>\n<section  class='av_textblock_section av-48p4ep-ff70f10240802789e2aaad2ce4ff1669 '   itemscope=\"itemscope\" itemtype=\"https:\/\/schema.org\/BlogPosting\" itemprop=\"blogPost\" ><div class='avia_textblock'  itemprop=\"text\" ><p><span style=\"color: #ffffff;\">Norbait ezagutzen baduzu edo zuk zeuk argazkiak, ilustrazioak, musika, pintura, poesia, antzerkia, dantza, bakarrizketak eta abar egiten badituzu eta zure artea erakutsi edo zure lanak erakutsi nahi badituzu, jar zaitez harremanetan San Prudentzio Fundazioarekin 945 222 900 telefonoan edo bidali zure posta elektronikoa i<a style=\"color: #ffffff;\" href=\"mailto:nfo@lafundacion.com\">nfo@lafundacion.com<\/a> helbidera.<\/span><\/p>\n<\/div><\/section>\n<div  class='avia-button-wrap av-ngej0x-c64ed7a7feed8d07bbb7c7b6cd706869-wrap avia-button-center  avia-builder-el-31  el_after_av_textblock  avia-builder-el-last '><a href='https:\/\/www.lafundacion.com\/eu\/pertsonak\/espacio-arte-gunea\/'  class='avia-button av-ngej0x-c64ed7a7feed8d07bbb7c7b6cd706869 av-link-btn avia-icon_select-yes-left-icon avia-size-medium avia-position-center avia-color-grey'   aria-label=\"&quot;Espacio arte&quot;-rako artista gisa aurkezteari buruzko informazio gehiago\"><span class='avia_button_icon avia_button_icon_left avia-iconfont avia-font-entypo-fontello' data-av_icon='\ue81e' data-av_iconfont='entypo-fontello' ><\/span><span class='avia_iconbox_title' >&quot;Espacio arte&quot;-rako artista gisa aurkezteari buruzko informazio gehiago<\/span><\/a><\/div>\n\n","protected":false},"excerpt":{"rendered":"","protected":false},"author":2,"featured_media":141923,"comment_status":"closed","ping_status":"closed","sticky":false,"template":"","format":"standard","meta":{"_acf_changed":false,"footnotes":""},"categories":[93],"tags":[412,285,235,471,409,458,661,529,531,747,746],"class_list":["post-130585","post","type-post","status-publish","format-standard","has-post-thumbnail","hentry","category-noticias-eu","tag-artistas-vitoria","tag-espacio-arte-la-fundacion","tag-evento-vitoria","tag-exposicion","tag-exposicion-vitoria","tag-exposiciones-vitoria","tag-mujeres-artistas","tag-musica-directo","tag-obra-arte","tag-poesia","tag-poetas-en-mayo"],"acf":[],"yoast_head":"<!-- This site is optimized with the Yoast SEO plugin v27.4 - https:\/\/yoast.com\/product\/yoast-seo-wordpress\/ -->\r\n<title>La Fundaci\u00f3n-eko &quot;Espacio Arte&quot;-ko ekitaldi berria urrian &#187; La Fundaci\u00f3n San Prudencio<\/title>\r\n<meta name=\"description\" content=\"La Fundaci\u00f3n-eko Espacio Arte ekitaldi berria urriaren 9an.\" \/>\r\n<meta name=\"robots\" content=\"index, follow, max-snippet:-1, max-image-preview:large, max-video-preview:-1\" \/>\r\n<link rel=\"canonical\" href=\"https:\/\/www.lafundacion.com\/noticias\/evento-espacio-arte-de-octubre-2025-de-la-fundacion-2\/\" \/>\r\n<meta property=\"og:locale\" content=\"eu_ES\" \/>\r\n<meta property=\"og:type\" content=\"article\" \/>\r\n<meta property=\"og:title\" content=\"La Fundaci\u00f3n-eko Espacio Arte ekitaldi berria urriaren 9an.\" \/>\r\n<meta property=\"og:description\" content=\"La Fundaci\u00f3n-eko Espacio Arte ekitaldi berria urriaren 9an.\" \/>\r\n<meta property=\"og:url\" content=\"https:\/\/www.lafundacion.com\/noticias\/evento-espacio-arte-de-octubre-2025-de-la-fundacion-2\/\" \/>\r\n<meta property=\"og:site_name\" content=\"La Fundaci\u00f3n San Prudencio\" \/>\r\n<meta property=\"article:published_time\" content=\"2025-09-23T10:12:36+00:00\" \/>\r\n<meta property=\"article:modified_time\" content=\"2025-10-10T07:06:35+00:00\" \/>\r\n<meta property=\"og:image\" content=\"https:\/\/www.lafundacion.com\/wp-content\/uploads\/2025\/02\/imagen-2-750x430.jpg\" \/>\r\n<meta name=\"author\" content=\"La Fundaci\u00f3n San Prudencio\" \/>\r\n<meta name=\"twitter:card\" content=\"summary_large_image\" \/>\r\n<meta name=\"twitter:title\" content=\"La Fundaci\u00f3n-eko Espacio Arte ekitaldi berria urriaren 9an.\" \/>\r\n<meta name=\"twitter:image\" content=\"https:\/\/www.lafundacion.com\/wp-content\/uploads\/2025\/02\/imagen-2-750x430.jpg\" \/>\r\n<meta name=\"twitter:label1\" content=\"Written by\" \/>\n\t<meta name=\"twitter:data1\" content=\"La Fundaci\u00f3n San Prudencio\" \/>\n\t<meta name=\"twitter:label2\" content=\"Est. reading time\" \/>\n\t<meta name=\"twitter:data2\" content=\"5 minutes\" \/>\r\n<script type=\"application\/ld+json\" class=\"yoast-schema-graph\">{\"@context\":\"https:\\\/\\\/schema.org\",\"@graph\":[{\"@type\":\"Article\",\"@id\":\"https:\\\/\\\/www.lafundacion.com\\\/noticias\\\/evento-espacio-arte-de-octubre-2025-de-la-fundacion-2\\\/#article\",\"isPartOf\":{\"@id\":\"https:\\\/\\\/www.lafundacion.com\\\/noticias\\\/evento-espacio-arte-de-octubre-2025-de-la-fundacion-2\\\/\"},\"author\":{\"name\":\"La Fundaci\u00f3n San Prudencio\",\"@id\":\"https:\\\/\\\/www.lafundacion.com\\\/#\\\/schema\\\/person\\\/39119d98dad187760c7ba6ffe0d62170\"},\"headline\":\"La Fundaci\u00f3n-eko &#8220;Espacio Arte&#8221;-ko ekitaldi berria urrian\",\"datePublished\":\"2025-09-23T10:12:36+00:00\",\"dateModified\":\"2025-10-10T07:06:35+00:00\",\"mainEntityOfPage\":{\"@id\":\"https:\\\/\\\/www.lafundacion.com\\\/noticias\\\/evento-espacio-arte-de-octubre-2025-de-la-fundacion-2\\\/\"},\"wordCount\":6266,\"publisher\":{\"@id\":\"https:\\\/\\\/www.lafundacion.com\\\/#organization\"},\"image\":{\"@id\":\"https:\\\/\\\/www.lafundacion.com\\\/noticias\\\/evento-espacio-arte-de-octubre-2025-de-la-fundacion-2\\\/#primaryimage\"},\"thumbnailUrl\":\"https:\\\/\\\/www.lafundacion.com\\\/wp-content\\\/uploads\\\/2025\\\/09\\\/Ensamble-saxofonistas-Espacio-Arte-La-Fundacion-San-Prudencio-oct.2025.jpg\",\"keywords\":[\"artistas Vitoria\",\"Espacio Arte La Fundaci\u00f3n\",\"evento vitoria\",\"EXPOSICI\u00d3N\",\"exposici\u00f3n Vitoria\",\"exposiciones Vitoria\",\"mujeres artistas\",\"m\u00fasica directo\",\"obra arte\",\"poes\u00eda\",\"Poetas en mayo\"],\"articleSection\":[\"Noticias\"],\"inLanguage\":\"eu-ES\"},{\"@type\":\"WebPage\",\"@id\":\"https:\\\/\\\/www.lafundacion.com\\\/noticias\\\/evento-espacio-arte-de-octubre-2025-de-la-fundacion-2\\\/\",\"url\":\"https:\\\/\\\/www.lafundacion.com\\\/noticias\\\/evento-espacio-arte-de-octubre-2025-de-la-fundacion-2\\\/\",\"name\":\"La Fundaci\u00f3n-eko \\\"Espacio Arte\\\"-ko ekitaldi berria urrian &#187; La Fundaci\u00f3n San Prudencio\",\"isPartOf\":{\"@id\":\"https:\\\/\\\/www.lafundacion.com\\\/#website\"},\"primaryImageOfPage\":{\"@id\":\"https:\\\/\\\/www.lafundacion.com\\\/noticias\\\/evento-espacio-arte-de-octubre-2025-de-la-fundacion-2\\\/#primaryimage\"},\"image\":{\"@id\":\"https:\\\/\\\/www.lafundacion.com\\\/noticias\\\/evento-espacio-arte-de-octubre-2025-de-la-fundacion-2\\\/#primaryimage\"},\"thumbnailUrl\":\"https:\\\/\\\/www.lafundacion.com\\\/wp-content\\\/uploads\\\/2025\\\/09\\\/Ensamble-saxofonistas-Espacio-Arte-La-Fundacion-San-Prudencio-oct.2025.jpg\",\"datePublished\":\"2025-09-23T10:12:36+00:00\",\"dateModified\":\"2025-10-10T07:06:35+00:00\",\"description\":\"La Fundaci\u00f3n-eko Espacio Arte ekitaldi berria urriaren 9an.\",\"breadcrumb\":{\"@id\":\"https:\\\/\\\/www.lafundacion.com\\\/noticias\\\/evento-espacio-arte-de-octubre-2025-de-la-fundacion-2\\\/#breadcrumb\"},\"inLanguage\":\"eu-ES\",\"potentialAction\":[{\"@type\":\"ReadAction\",\"target\":[\"https:\\\/\\\/www.lafundacion.com\\\/noticias\\\/evento-espacio-arte-de-octubre-2025-de-la-fundacion-2\\\/\"]}]},{\"@type\":\"ImageObject\",\"inLanguage\":\"eu-ES\",\"@id\":\"https:\\\/\\\/www.lafundacion.com\\\/noticias\\\/evento-espacio-arte-de-octubre-2025-de-la-fundacion-2\\\/#primaryimage\",\"url\":\"https:\\\/\\\/www.lafundacion.com\\\/wp-content\\\/uploads\\\/2025\\\/09\\\/Ensamble-saxofonistas-Espacio-Arte-La-Fundacion-San-Prudencio-oct.2025.jpg\",\"contentUrl\":\"https:\\\/\\\/www.lafundacion.com\\\/wp-content\\\/uploads\\\/2025\\\/09\\\/Ensamble-saxofonistas-Espacio-Arte-La-Fundacion-San-Prudencio-oct.2025.jpg\",\"width\":750,\"height\":500},{\"@type\":\"BreadcrumbList\",\"@id\":\"https:\\\/\\\/www.lafundacion.com\\\/noticias\\\/evento-espacio-arte-de-octubre-2025-de-la-fundacion-2\\\/#breadcrumb\",\"itemListElement\":[{\"@type\":\"ListItem\",\"position\":1,\"name\":\"Portada\",\"item\":\"https:\\\/\\\/www.lafundacion.com\\\/eu\\\/hasiera\\\/\"},{\"@type\":\"ListItem\",\"position\":2,\"name\":\"La Fundaci\u00f3n-eko \u00abEspacio Arte\u00bb-ko ekitaldi berria urrian\"}]},{\"@type\":\"WebSite\",\"@id\":\"https:\\\/\\\/www.lafundacion.com\\\/#website\",\"url\":\"https:\\\/\\\/www.lafundacion.com\\\/\",\"name\":\"La Fundaci\u00f3n San Prudencio\",\"description\":\"La Fundaci\u00f3n Laboral San Prudencio en Vitoria-Gasteiz\",\"publisher\":{\"@id\":\"https:\\\/\\\/www.lafundacion.com\\\/#organization\"},\"potentialAction\":[{\"@type\":\"SearchAction\",\"target\":{\"@type\":\"EntryPoint\",\"urlTemplate\":\"https:\\\/\\\/www.lafundacion.com\\\/?s={search_term_string}\"},\"query-input\":{\"@type\":\"PropertyValueSpecification\",\"valueRequired\":true,\"valueName\":\"search_term_string\"}}],\"inLanguage\":\"eu-ES\"},{\"@type\":\"Organization\",\"@id\":\"https:\\\/\\\/www.lafundacion.com\\\/#organization\",\"name\":\"La Fundaci\u00f3n San Prudencio\",\"url\":\"https:\\\/\\\/www.lafundacion.com\\\/\",\"logo\":{\"@type\":\"ImageObject\",\"inLanguage\":\"eu-ES\",\"@id\":\"https:\\\/\\\/www.lafundacion.com\\\/#\\\/schema\\\/logo\\\/image\\\/\",\"url\":\"https:\\\/\\\/www.lafundacion.com\\\/wp-content\\\/uploads\\\/2020\\\/03\\\/logo-la-fundacion.png\",\"contentUrl\":\"https:\\\/\\\/www.lafundacion.com\\\/wp-content\\\/uploads\\\/2020\\\/03\\\/logo-la-fundacion.png\",\"width\":323,\"height\":129,\"caption\":\"La Fundaci\u00f3n San Prudencio\"},\"image\":{\"@id\":\"https:\\\/\\\/www.lafundacion.com\\\/#\\\/schema\\\/logo\\\/image\\\/\"}},{\"@type\":\"Person\",\"@id\":\"https:\\\/\\\/www.lafundacion.com\\\/#\\\/schema\\\/person\\\/39119d98dad187760c7ba6ffe0d62170\",\"name\":\"La Fundaci\u00f3n San Prudencio\",\"image\":{\"@type\":\"ImageObject\",\"inLanguage\":\"eu-ES\",\"@id\":\"https:\\\/\\\/secure.gravatar.com\\\/avatar\\\/0c3b0b5573637a9c53bbefa7ba0c7deb19d94f60a43f46e0300cd05fc3625862?s=96&d=mm&r=g\",\"url\":\"https:\\\/\\\/secure.gravatar.com\\\/avatar\\\/0c3b0b5573637a9c53bbefa7ba0c7deb19d94f60a43f46e0300cd05fc3625862?s=96&d=mm&r=g\",\"contentUrl\":\"https:\\\/\\\/secure.gravatar.com\\\/avatar\\\/0c3b0b5573637a9c53bbefa7ba0c7deb19d94f60a43f46e0300cd05fc3625862?s=96&d=mm&r=g\",\"caption\":\"La Fundaci\u00f3n San Prudencio\"}}]}<\/script>\r\n<!-- \/ Yoast SEO plugin. -->","yoast_head_json":{"title":"La Fundaci\u00f3n-eko \"Espacio Arte\"-ko ekitaldi berria urrian &#187; La Fundaci\u00f3n San Prudencio","description":"La Fundaci\u00f3n-eko Espacio Arte ekitaldi berria urriaren 9an.","robots":{"index":"index","follow":"follow","max-snippet":"max-snippet:-1","max-image-preview":"max-image-preview:large","max-video-preview":"max-video-preview:-1"},"canonical":"https:\/\/www.lafundacion.com\/noticias\/evento-espacio-arte-de-octubre-2025-de-la-fundacion-2\/","og_locale":"eu_ES","og_type":"article","og_title":"La Fundaci\u00f3n-eko Espacio Arte ekitaldi berria urriaren 9an.","og_description":"La Fundaci\u00f3n-eko Espacio Arte ekitaldi berria urriaren 9an.","og_url":"https:\/\/www.lafundacion.com\/noticias\/evento-espacio-arte-de-octubre-2025-de-la-fundacion-2\/","og_site_name":"La Fundaci\u00f3n San Prudencio","article_published_time":"2025-09-23T10:12:36+00:00","article_modified_time":"2025-10-10T07:06:35+00:00","og_image":[{"url":"https:\/\/www.lafundacion.com\/wp-content\/uploads\/2025\/02\/imagen-2-750x430.jpg","type":"","width":"","height":""}],"author":"La Fundaci\u00f3n San Prudencio","twitter_card":"summary_large_image","twitter_title":"La Fundaci\u00f3n-eko Espacio Arte ekitaldi berria urriaren 9an.","twitter_image":"https:\/\/www.lafundacion.com\/wp-content\/uploads\/2025\/02\/imagen-2-750x430.jpg","twitter_misc":{"Written by":"La Fundaci\u00f3n San Prudencio","Est. reading time":"5 minutes"},"schema":{"@context":"https:\/\/schema.org","@graph":[{"@type":"Article","@id":"https:\/\/www.lafundacion.com\/noticias\/evento-espacio-arte-de-octubre-2025-de-la-fundacion-2\/#article","isPartOf":{"@id":"https:\/\/www.lafundacion.com\/noticias\/evento-espacio-arte-de-octubre-2025-de-la-fundacion-2\/"},"author":{"name":"La Fundaci\u00f3n San Prudencio","@id":"https:\/\/www.lafundacion.com\/#\/schema\/person\/39119d98dad187760c7ba6ffe0d62170"},"headline":"La Fundaci\u00f3n-eko &#8220;Espacio Arte&#8221;-ko ekitaldi berria urrian","datePublished":"2025-09-23T10:12:36+00:00","dateModified":"2025-10-10T07:06:35+00:00","mainEntityOfPage":{"@id":"https:\/\/www.lafundacion.com\/noticias\/evento-espacio-arte-de-octubre-2025-de-la-fundacion-2\/"},"wordCount":6266,"publisher":{"@id":"https:\/\/www.lafundacion.com\/#organization"},"image":{"@id":"https:\/\/www.lafundacion.com\/noticias\/evento-espacio-arte-de-octubre-2025-de-la-fundacion-2\/#primaryimage"},"thumbnailUrl":"https:\/\/www.lafundacion.com\/wp-content\/uploads\/2025\/09\/Ensamble-saxofonistas-Espacio-Arte-La-Fundacion-San-Prudencio-oct.2025.jpg","keywords":["artistas Vitoria","Espacio Arte La Fundaci\u00f3n","evento vitoria","EXPOSICI\u00d3N","exposici\u00f3n Vitoria","exposiciones Vitoria","mujeres artistas","m\u00fasica directo","obra arte","poes\u00eda","Poetas en mayo"],"articleSection":["Noticias"],"inLanguage":"eu-ES"},{"@type":"WebPage","@id":"https:\/\/www.lafundacion.com\/noticias\/evento-espacio-arte-de-octubre-2025-de-la-fundacion-2\/","url":"https:\/\/www.lafundacion.com\/noticias\/evento-espacio-arte-de-octubre-2025-de-la-fundacion-2\/","name":"La Fundaci\u00f3n-eko \"Espacio Arte\"-ko ekitaldi berria urrian &#187; La Fundaci\u00f3n San Prudencio","isPartOf":{"@id":"https:\/\/www.lafundacion.com\/#website"},"primaryImageOfPage":{"@id":"https:\/\/www.lafundacion.com\/noticias\/evento-espacio-arte-de-octubre-2025-de-la-fundacion-2\/#primaryimage"},"image":{"@id":"https:\/\/www.lafundacion.com\/noticias\/evento-espacio-arte-de-octubre-2025-de-la-fundacion-2\/#primaryimage"},"thumbnailUrl":"https:\/\/www.lafundacion.com\/wp-content\/uploads\/2025\/09\/Ensamble-saxofonistas-Espacio-Arte-La-Fundacion-San-Prudencio-oct.2025.jpg","datePublished":"2025-09-23T10:12:36+00:00","dateModified":"2025-10-10T07:06:35+00:00","description":"La Fundaci\u00f3n-eko Espacio Arte ekitaldi berria urriaren 9an.","breadcrumb":{"@id":"https:\/\/www.lafundacion.com\/noticias\/evento-espacio-arte-de-octubre-2025-de-la-fundacion-2\/#breadcrumb"},"inLanguage":"eu-ES","potentialAction":[{"@type":"ReadAction","target":["https:\/\/www.lafundacion.com\/noticias\/evento-espacio-arte-de-octubre-2025-de-la-fundacion-2\/"]}]},{"@type":"ImageObject","inLanguage":"eu-ES","@id":"https:\/\/www.lafundacion.com\/noticias\/evento-espacio-arte-de-octubre-2025-de-la-fundacion-2\/#primaryimage","url":"https:\/\/www.lafundacion.com\/wp-content\/uploads\/2025\/09\/Ensamble-saxofonistas-Espacio-Arte-La-Fundacion-San-Prudencio-oct.2025.jpg","contentUrl":"https:\/\/www.lafundacion.com\/wp-content\/uploads\/2025\/09\/Ensamble-saxofonistas-Espacio-Arte-La-Fundacion-San-Prudencio-oct.2025.jpg","width":750,"height":500},{"@type":"BreadcrumbList","@id":"https:\/\/www.lafundacion.com\/noticias\/evento-espacio-arte-de-octubre-2025-de-la-fundacion-2\/#breadcrumb","itemListElement":[{"@type":"ListItem","position":1,"name":"Portada","item":"https:\/\/www.lafundacion.com\/eu\/hasiera\/"},{"@type":"ListItem","position":2,"name":"La Fundaci\u00f3n-eko \u00abEspacio Arte\u00bb-ko ekitaldi berria urrian"}]},{"@type":"WebSite","@id":"https:\/\/www.lafundacion.com\/#website","url":"https:\/\/www.lafundacion.com\/","name":"La Fundaci\u00f3n San Prudencio","description":"La Fundaci\u00f3n Laboral San Prudencio en Vitoria-Gasteiz","publisher":{"@id":"https:\/\/www.lafundacion.com\/#organization"},"potentialAction":[{"@type":"SearchAction","target":{"@type":"EntryPoint","urlTemplate":"https:\/\/www.lafundacion.com\/?s={search_term_string}"},"query-input":{"@type":"PropertyValueSpecification","valueRequired":true,"valueName":"search_term_string"}}],"inLanguage":"eu-ES"},{"@type":"Organization","@id":"https:\/\/www.lafundacion.com\/#organization","name":"La Fundaci\u00f3n San Prudencio","url":"https:\/\/www.lafundacion.com\/","logo":{"@type":"ImageObject","inLanguage":"eu-ES","@id":"https:\/\/www.lafundacion.com\/#\/schema\/logo\/image\/","url":"https:\/\/www.lafundacion.com\/wp-content\/uploads\/2020\/03\/logo-la-fundacion.png","contentUrl":"https:\/\/www.lafundacion.com\/wp-content\/uploads\/2020\/03\/logo-la-fundacion.png","width":323,"height":129,"caption":"La Fundaci\u00f3n San Prudencio"},"image":{"@id":"https:\/\/www.lafundacion.com\/#\/schema\/logo\/image\/"}},{"@type":"Person","@id":"https:\/\/www.lafundacion.com\/#\/schema\/person\/39119d98dad187760c7ba6ffe0d62170","name":"La Fundaci\u00f3n San Prudencio","image":{"@type":"ImageObject","inLanguage":"eu-ES","@id":"https:\/\/secure.gravatar.com\/avatar\/0c3b0b5573637a9c53bbefa7ba0c7deb19d94f60a43f46e0300cd05fc3625862?s=96&d=mm&r=g","url":"https:\/\/secure.gravatar.com\/avatar\/0c3b0b5573637a9c53bbefa7ba0c7deb19d94f60a43f46e0300cd05fc3625862?s=96&d=mm&r=g","contentUrl":"https:\/\/secure.gravatar.com\/avatar\/0c3b0b5573637a9c53bbefa7ba0c7deb19d94f60a43f46e0300cd05fc3625862?s=96&d=mm&r=g","caption":"La Fundaci\u00f3n San Prudencio"}}]}},"_links":{"self":[{"href":"https:\/\/www.lafundacion.com\/eu\/wp-json\/wp\/v2\/posts\/130585","targetHints":{"allow":["GET"]}}],"collection":[{"href":"https:\/\/www.lafundacion.com\/eu\/wp-json\/wp\/v2\/posts"}],"about":[{"href":"https:\/\/www.lafundacion.com\/eu\/wp-json\/wp\/v2\/types\/post"}],"author":[{"embeddable":true,"href":"https:\/\/www.lafundacion.com\/eu\/wp-json\/wp\/v2\/users\/2"}],"replies":[{"embeddable":true,"href":"https:\/\/www.lafundacion.com\/eu\/wp-json\/wp\/v2\/comments?post=130585"}],"version-history":[{"count":12,"href":"https:\/\/www.lafundacion.com\/eu\/wp-json\/wp\/v2\/posts\/130585\/revisions"}],"predecessor-version":[{"id":141939,"href":"https:\/\/www.lafundacion.com\/eu\/wp-json\/wp\/v2\/posts\/130585\/revisions\/141939"}],"wp:featuredmedia":[{"embeddable":true,"href":"https:\/\/www.lafundacion.com\/eu\/wp-json\/wp\/v2\/media\/141923"}],"wp:attachment":[{"href":"https:\/\/www.lafundacion.com\/eu\/wp-json\/wp\/v2\/media?parent=130585"}],"wp:term":[{"taxonomy":"category","embeddable":true,"href":"https:\/\/www.lafundacion.com\/eu\/wp-json\/wp\/v2\/categories?post=130585"},{"taxonomy":"post_tag","embeddable":true,"href":"https:\/\/www.lafundacion.com\/eu\/wp-json\/wp\/v2\/tags?post=130585"}],"curies":[{"name":"wp","href":"https:\/\/api.w.org\/{rel}","templated":true}]}}