{"id":127471,"date":"2025-09-19T12:15:16","date_gmt":"2025-09-19T10:15:16","guid":{"rendered":"https:\/\/www.lafundacion.com\/?p=127471"},"modified":"2025-09-19T12:57:51","modified_gmt":"2025-09-19T10:57:51","slug":"meritu-akademikoaren-sari-banaketa-2025-ekitaldiko-argazkiak","status":"publish","type":"post","link":"https:\/\/www.lafundacion.com\/eu\/argazkiak\/meritu-akademikoaren-sari-banaketa-2025-ekitaldiko-argazkiak\/","title":{"rendered":"Meritu Akademikoaren Sari Banaketa 2025 ekitaldiko argazkiak"},"content":{"rendered":"<\/p>\n\n<style type=\"text\/css\" data-created_by=\"avia_inline_auto\" id=\"style-css-av-mfqq1k19-6bc92a0b38f7396255894d74298289ba\">\n.avia-section.av-mfqq1k19-6bc92a0b38f7396255894d74298289ba{\nbackground-color:#f2f2f2;\nbackground-image:url(https:\/\/www.lafundacion.com\/wp-content\/uploads\/2020\/05\/banner-foto-video.jpg);\nbackground-repeat:no-repeat;\nbackground-position:0% 0%;\nbackground-attachment:scroll;\n}\n<\/style>\n<div id='av_section_1'  class='avia-section av-mfqq1k19-6bc92a0b38f7396255894d74298289ba main_color avia-section-default avia-no-border-styling  avia-builder-el-0  el_before_av_one_full  avia-builder-el-first  avia-bg-style-scroll av-minimum-height av-minimum-height-25 av-height-25  container_wrap fullsize'  data-section-bg-repeat='no-repeat' data-av_minimum_height_pc='25' data-av_min_height_opt='25'><div class='container av-section-cont-open' ><main  role=\"main\" itemprop=\"mainContentOfPage\"  class='template-page content  av-content-full alpha units'><div class='post-entry post-entry-type-page post-entry-127471'><div class='entry-content-wrapper clearfix'>\n\n<style type=\"text\/css\" data-created_by=\"avia_inline_auto\" id=\"style-css-av-mfqp7hpp-628cd3ffc4e959872fa98dc6b62f4bf6\">\n#top .av-special-heading.av-mfqp7hpp-628cd3ffc4e959872fa98dc6b62f4bf6{\npadding-bottom:10px;\ncolor:#0ab1ff;\n}\nbody .av-special-heading.av-mfqp7hpp-628cd3ffc4e959872fa98dc6b62f4bf6 .av-special-heading-tag .heading-char{\nfont-size:25px;\n}\n.av-special-heading.av-mfqp7hpp-628cd3ffc4e959872fa98dc6b62f4bf6 .special-heading-inner-border{\nborder-color:#0ab1ff;\n}\n.av-special-heading.av-mfqp7hpp-628cd3ffc4e959872fa98dc6b62f4bf6 .av-subheading{\nfont-size:15px;\n}\n<\/style>\n<div  class='av-special-heading av-mfqp7hpp-628cd3ffc4e959872fa98dc6b62f4bf6 av-special-heading-h1 custom-color-heading blockquote modern-quote modern-centered  avia-builder-el-1  avia-builder-el-no-sibling '><h1 class='av-special-heading-tag '  itemprop=\"headline\"  >2025ko Meritu Akademikoaren Sari Banaketa<\/h1><div class=\"special-heading-border\"><div class=\"special-heading-inner-border\"><\/div><\/div><\/div>\n<\/div><\/div><\/main><!-- close content main element --><\/div><\/div><div id='after_section_1'  class='main_color av_default_container_wrap container_wrap fullsize'  ><div class='container av-section-cont-open' ><div class='template-page content  av-content-full alpha units'><div class='post-entry post-entry-type-page post-entry-127471'><div class='entry-content-wrapper clearfix'><div  class='flex_column av-8npos8f-2cdcacf78c1fe1d8c57eb324fd2edee3 av_one_full  avia-builder-el-2  el_after_av_section  avia-builder-el-no-sibling  first flex_column_div  '     ><div  class='avia-button-wrap avia-button-center  avia-builder-el-3  avia-builder-el-no-sibling '>\n<style type=\"text\/css\" data-created_by=\"avia_inline_auto\" id=\"style-css-av-mfqpfgo2-a2499dd56c78146d1b41238bcdaf9389\">\n#top #wrap_all .avia-button.av-mfqpfgo2-a2499dd56c78146d1b41238bcdaf9389:hover{\ncolor:white;\ntransition:all 0.4s ease-in-out;\n}\n#top #wrap_all .avia-button.av-mfqpfgo2-a2499dd56c78146d1b41238bcdaf9389:hover .avia-svg-icon svg:first-child{\nfill:white;\nstroke:white;\n}\n<\/style>\n<a href='https:\/\/photos.google.com\/share\/AF1QipNkqjZkI3kQVN2DOTkLwrdm2ql2vNjsHgzbumAQ6PPNOImEcdqB1tYpzOFSCDVXPA?key=VVQ3NWJPWEx1RERESzZtVzFUakE1ZldCZGgzUnV3' class='avia-color-theme-color avia-font-color-theme-color avia-button avia-button-fullwidth av-mfqpfgo2-a2499dd56c78146d1b41238bcdaf9389 avia-icon_select-no avia-color-theme-color'   aria-label=\"ARGAZKI GUZTIAK IKUSI\"><span class='avia_iconbox_title' >ARGAZKI GUZTIAK IKUSI<\/span><span class='avia_button_background avia-button avia-button-fullwidth avia-color-theme-color-highlight'><\/span><\/a><\/div><\/div><\/p>\n","protected":false},"excerpt":{"rendered":"","protected":false},"author":2,"featured_media":127419,"comment_status":"closed","ping_status":"closed","sticky":false,"template":"","format":"standard","meta":{"_acf_changed":false,"footnotes":""},"categories":[76],"tags":[808,811,812,240,810,807],"class_list":["post-127471","post","type-post","status-publish","format-standard","has-post-thumbnail","hentry","category-argazkiak","tag-anjel-alkain","tag-entrega-de-premios","tag-inteligencia-artificial","tag-la-fundacion-san-prudencio-eu","tag-merito-academico-3","tag-nerea-luis"],"acf":[],"yoast_head":"<!-- This site is optimized with the Yoast SEO plugin v27.4 - https:\/\/yoast.com\/product\/yoast-seo-wordpress\/ -->\r\n<title>Meritu Akademikoaren Sari Banaketa 2025 ekitaldiko argazkiak &#187; La Fundaci\u00f3n San Prudencio<\/title>\r\n<meta name=\"description\" content=\"2025eko Merezimendu Akademikoaren LaF sari-banaketako argazki galeria, Nerea Luisen parte-hartzearekin, eta Anjel Alkainek aurkeztuta.\" \/>\r\n<meta name=\"robots\" content=\"index, follow, max-snippet:-1, max-image-preview:large, max-video-preview:-1\" \/>\r\n<link rel=\"canonical\" href=\"https:\/\/www.lafundacion.com\/eu\/argazkiak\/meritu-akademikoaren-sari-banaketa-2025-ekitaldiko-argazkiak\/\" \/>\r\n<meta property=\"og:locale\" content=\"eu_ES\" \/>\r\n<meta property=\"og:type\" content=\"article\" \/>\r\n<meta property=\"og:title\" content=\"Meritu Akademikoaren Sari Banaketa 2025 ekitaldiko argazkiak &#187; La Fundaci\u00f3n San Prudencio\" \/>\r\n<meta property=\"og:description\" content=\"2025eko Merezimendu Akademikoaren LaF sari-banaketako argazki galeria, Nerea Luisen parte-hartzearekin, eta Anjel Alkainek aurkeztuta.\" \/>\r\n<meta property=\"og:url\" content=\"https:\/\/www.lafundacion.com\/eu\/argazkiak\/meritu-akademikoaren-sari-banaketa-2025-ekitaldiko-argazkiak\/\" \/>\r\n<meta property=\"og:site_name\" content=\"La Fundaci\u00f3n San Prudencio\" \/>\r\n<meta property=\"article:published_time\" content=\"2025-09-19T10:15:16+00:00\" \/>\r\n<meta property=\"article:modified_time\" content=\"2025-09-19T10:57:51+00:00\" \/>\r\n<meta property=\"og:image\" content=\"https:\/\/www.lafundacion.com\/wp-content\/uploads\/2025\/09\/merito-academico-134-1030x583.jpg\" \/>\r\n\t<meta property=\"og:image:width\" content=\"1030\" \/>\r\n\t<meta property=\"og:image:height\" content=\"583\" \/>\r\n\t<meta property=\"og:image:type\" content=\"image\/jpeg\" \/>\r\n<meta name=\"author\" content=\"La Fundaci\u00f3n San Prudencio\" \/>\r\n<meta name=\"twitter:card\" content=\"summary_large_image\" \/>\r\n<meta name=\"twitter:label1\" content=\"Written by\" \/>\n\t<meta name=\"twitter:data1\" content=\"La Fundaci\u00f3n San Prudencio\" \/>\n\t<meta name=\"twitter:label2\" content=\"Est. reading time\" \/>\n\t<meta name=\"twitter:data2\" content=\"1 minute\" \/>\r\n<script type=\"application\/ld+json\" class=\"yoast-schema-graph\">{\"@context\":\"https:\\\/\\\/schema.org\",\"@graph\":[{\"@type\":\"Article\",\"@id\":\"https:\\\/\\\/www.lafundacion.com\\\/eu\\\/argazkiak\\\/meritu-akademikoaren-sari-banaketa-2025-ekitaldiko-argazkiak\\\/#article\",\"isPartOf\":{\"@id\":\"https:\\\/\\\/www.lafundacion.com\\\/eu\\\/argazkiak\\\/meritu-akademikoaren-sari-banaketa-2025-ekitaldiko-argazkiak\\\/\"},\"author\":{\"name\":\"La Fundaci\u00f3n San Prudencio\",\"@id\":\"https:\\\/\\\/www.lafundacion.com\\\/#\\\/schema\\\/person\\\/39119d98dad187760c7ba6ffe0d62170\"},\"headline\":\"Meritu Akademikoaren Sari Banaketa 2025 ekitaldiko argazkiak\",\"datePublished\":\"2025-09-19T10:15:16+00:00\",\"dateModified\":\"2025-09-19T10:57:51+00:00\",\"mainEntityOfPage\":{\"@id\":\"https:\\\/\\\/www.lafundacion.com\\\/eu\\\/argazkiak\\\/meritu-akademikoaren-sari-banaketa-2025-ekitaldiko-argazkiak\\\/\"},\"wordCount\":925,\"publisher\":{\"@id\":\"https:\\\/\\\/www.lafundacion.com\\\/#organization\"},\"image\":{\"@id\":\"https:\\\/\\\/www.lafundacion.com\\\/eu\\\/argazkiak\\\/meritu-akademikoaren-sari-banaketa-2025-ekitaldiko-argazkiak\\\/#primaryimage\"},\"thumbnailUrl\":\"https:\\\/\\\/www.lafundacion.com\\\/wp-content\\\/uploads\\\/2025\\\/09\\\/merito-academico-134-scaled.jpg\",\"keywords\":[\"Anjel Alkain\",\"Entrega de Premios\",\"Inteligencia Artificial\",\"La Fundaci\u00f3n San Prudencio\",\"M\u00e9rito Acad\u00e9mico\",\"Nerea Luis\"],\"articleSection\":[\"Argazkiak\"],\"inLanguage\":\"eu-ES\"},{\"@type\":\"WebPage\",\"@id\":\"https:\\\/\\\/www.lafundacion.com\\\/eu\\\/argazkiak\\\/meritu-akademikoaren-sari-banaketa-2025-ekitaldiko-argazkiak\\\/\",\"url\":\"https:\\\/\\\/www.lafundacion.com\\\/eu\\\/argazkiak\\\/meritu-akademikoaren-sari-banaketa-2025-ekitaldiko-argazkiak\\\/\",\"name\":\"Meritu Akademikoaren Sari Banaketa 2025 ekitaldiko argazkiak &#187; La Fundaci\u00f3n San Prudencio\",\"isPartOf\":{\"@id\":\"https:\\\/\\\/www.lafundacion.com\\\/#website\"},\"primaryImageOfPage\":{\"@id\":\"https:\\\/\\\/www.lafundacion.com\\\/eu\\\/argazkiak\\\/meritu-akademikoaren-sari-banaketa-2025-ekitaldiko-argazkiak\\\/#primaryimage\"},\"image\":{\"@id\":\"https:\\\/\\\/www.lafundacion.com\\\/eu\\\/argazkiak\\\/meritu-akademikoaren-sari-banaketa-2025-ekitaldiko-argazkiak\\\/#primaryimage\"},\"thumbnailUrl\":\"https:\\\/\\\/www.lafundacion.com\\\/wp-content\\\/uploads\\\/2025\\\/09\\\/merito-academico-134-scaled.jpg\",\"datePublished\":\"2025-09-19T10:15:16+00:00\",\"dateModified\":\"2025-09-19T10:57:51+00:00\",\"description\":\"2025eko Merezimendu Akademikoaren LaF sari-banaketako argazki galeria, Nerea Luisen parte-hartzearekin, eta Anjel Alkainek aurkeztuta.\",\"breadcrumb\":{\"@id\":\"https:\\\/\\\/www.lafundacion.com\\\/eu\\\/argazkiak\\\/meritu-akademikoaren-sari-banaketa-2025-ekitaldiko-argazkiak\\\/#breadcrumb\"},\"inLanguage\":\"eu-ES\",\"potentialAction\":[{\"@type\":\"ReadAction\",\"target\":[\"https:\\\/\\\/www.lafundacion.com\\\/eu\\\/argazkiak\\\/meritu-akademikoaren-sari-banaketa-2025-ekitaldiko-argazkiak\\\/\"]}]},{\"@type\":\"ImageObject\",\"inLanguage\":\"eu-ES\",\"@id\":\"https:\\\/\\\/www.lafundacion.com\\\/eu\\\/argazkiak\\\/meritu-akademikoaren-sari-banaketa-2025-ekitaldiko-argazkiak\\\/#primaryimage\",\"url\":\"https:\\\/\\\/www.lafundacion.com\\\/wp-content\\\/uploads\\\/2025\\\/09\\\/merito-academico-134-scaled.jpg\",\"contentUrl\":\"https:\\\/\\\/www.lafundacion.com\\\/wp-content\\\/uploads\\\/2025\\\/09\\\/merito-academico-134-scaled.jpg\",\"width\":2560,\"height\":1448},{\"@type\":\"BreadcrumbList\",\"@id\":\"https:\\\/\\\/www.lafundacion.com\\\/eu\\\/argazkiak\\\/meritu-akademikoaren-sari-banaketa-2025-ekitaldiko-argazkiak\\\/#breadcrumb\",\"itemListElement\":[{\"@type\":\"ListItem\",\"position\":1,\"name\":\"Portada\",\"item\":\"https:\\\/\\\/www.lafundacion.com\\\/eu\\\/hasiera\\\/\"},{\"@type\":\"ListItem\",\"position\":2,\"name\":\"Meritu Akademikoaren Sari Banaketa 2025 ekitaldiko argazkiak\"}]},{\"@type\":\"WebSite\",\"@id\":\"https:\\\/\\\/www.lafundacion.com\\\/#website\",\"url\":\"https:\\\/\\\/www.lafundacion.com\\\/\",\"name\":\"La Fundaci\u00f3n San Prudencio\",\"description\":\"La Fundaci\u00f3n Laboral San Prudencio en Vitoria-Gasteiz\",\"publisher\":{\"@id\":\"https:\\\/\\\/www.lafundacion.com\\\/#organization\"},\"potentialAction\":[{\"@type\":\"SearchAction\",\"target\":{\"@type\":\"EntryPoint\",\"urlTemplate\":\"https:\\\/\\\/www.lafundacion.com\\\/?s={search_term_string}\"},\"query-input\":{\"@type\":\"PropertyValueSpecification\",\"valueRequired\":true,\"valueName\":\"search_term_string\"}}],\"inLanguage\":\"eu-ES\"},{\"@type\":\"Organization\",\"@id\":\"https:\\\/\\\/www.lafundacion.com\\\/#organization\",\"name\":\"La Fundaci\u00f3n San Prudencio\",\"url\":\"https:\\\/\\\/www.lafundacion.com\\\/\",\"logo\":{\"@type\":\"ImageObject\",\"inLanguage\":\"eu-ES\",\"@id\":\"https:\\\/\\\/www.lafundacion.com\\\/#\\\/schema\\\/logo\\\/image\\\/\",\"url\":\"https:\\\/\\\/www.lafundacion.com\\\/wp-content\\\/uploads\\\/2020\\\/03\\\/logo-la-fundacion.png\",\"contentUrl\":\"https:\\\/\\\/www.lafundacion.com\\\/wp-content\\\/uploads\\\/2020\\\/03\\\/logo-la-fundacion.png\",\"width\":323,\"height\":129,\"caption\":\"La Fundaci\u00f3n San Prudencio\"},\"image\":{\"@id\":\"https:\\\/\\\/www.lafundacion.com\\\/#\\\/schema\\\/logo\\\/image\\\/\"}},{\"@type\":\"Person\",\"@id\":\"https:\\\/\\\/www.lafundacion.com\\\/#\\\/schema\\\/person\\\/39119d98dad187760c7ba6ffe0d62170\",\"name\":\"La Fundaci\u00f3n San Prudencio\",\"image\":{\"@type\":\"ImageObject\",\"inLanguage\":\"eu-ES\",\"@id\":\"https:\\\/\\\/secure.gravatar.com\\\/avatar\\\/0c3b0b5573637a9c53bbefa7ba0c7deb19d94f60a43f46e0300cd05fc3625862?s=96&d=mm&r=g\",\"url\":\"https:\\\/\\\/secure.gravatar.com\\\/avatar\\\/0c3b0b5573637a9c53bbefa7ba0c7deb19d94f60a43f46e0300cd05fc3625862?s=96&d=mm&r=g\",\"contentUrl\":\"https:\\\/\\\/secure.gravatar.com\\\/avatar\\\/0c3b0b5573637a9c53bbefa7ba0c7deb19d94f60a43f46e0300cd05fc3625862?s=96&d=mm&r=g\",\"caption\":\"La Fundaci\u00f3n San Prudencio\"}}]}<\/script>\r\n<!-- \/ Yoast SEO plugin. -->","yoast_head_json":{"title":"Meritu Akademikoaren Sari Banaketa 2025 ekitaldiko argazkiak &#187; La Fundaci\u00f3n San Prudencio","description":"2025eko Merezimendu Akademikoaren LaF sari-banaketako argazki galeria, Nerea Luisen parte-hartzearekin, eta Anjel Alkainek aurkeztuta.","robots":{"index":"index","follow":"follow","max-snippet":"max-snippet:-1","max-image-preview":"max-image-preview:large","max-video-preview":"max-video-preview:-1"},"canonical":"https:\/\/www.lafundacion.com\/eu\/argazkiak\/meritu-akademikoaren-sari-banaketa-2025-ekitaldiko-argazkiak\/","og_locale":"eu_ES","og_type":"article","og_title":"Meritu Akademikoaren Sari Banaketa 2025 ekitaldiko argazkiak &#187; La Fundaci\u00f3n San Prudencio","og_description":"2025eko Merezimendu Akademikoaren LaF sari-banaketako argazki galeria, Nerea Luisen parte-hartzearekin, eta Anjel Alkainek aurkeztuta.","og_url":"https:\/\/www.lafundacion.com\/eu\/argazkiak\/meritu-akademikoaren-sari-banaketa-2025-ekitaldiko-argazkiak\/","og_site_name":"La Fundaci\u00f3n San Prudencio","article_published_time":"2025-09-19T10:15:16+00:00","article_modified_time":"2025-09-19T10:57:51+00:00","og_image":[{"width":1030,"height":583,"url":"https:\/\/www.lafundacion.com\/wp-content\/uploads\/2025\/09\/merito-academico-134-1030x583.jpg","type":"image\/jpeg"}],"author":"La Fundaci\u00f3n San Prudencio","twitter_card":"summary_large_image","twitter_misc":{"Written by":"La Fundaci\u00f3n San Prudencio","Est. reading time":"1 minute"},"schema":{"@context":"https:\/\/schema.org","@graph":[{"@type":"Article","@id":"https:\/\/www.lafundacion.com\/eu\/argazkiak\/meritu-akademikoaren-sari-banaketa-2025-ekitaldiko-argazkiak\/#article","isPartOf":{"@id":"https:\/\/www.lafundacion.com\/eu\/argazkiak\/meritu-akademikoaren-sari-banaketa-2025-ekitaldiko-argazkiak\/"},"author":{"name":"La Fundaci\u00f3n San Prudencio","@id":"https:\/\/www.lafundacion.com\/#\/schema\/person\/39119d98dad187760c7ba6ffe0d62170"},"headline":"Meritu Akademikoaren Sari Banaketa 2025 ekitaldiko argazkiak","datePublished":"2025-09-19T10:15:16+00:00","dateModified":"2025-09-19T10:57:51+00:00","mainEntityOfPage":{"@id":"https:\/\/www.lafundacion.com\/eu\/argazkiak\/meritu-akademikoaren-sari-banaketa-2025-ekitaldiko-argazkiak\/"},"wordCount":925,"publisher":{"@id":"https:\/\/www.lafundacion.com\/#organization"},"image":{"@id":"https:\/\/www.lafundacion.com\/eu\/argazkiak\/meritu-akademikoaren-sari-banaketa-2025-ekitaldiko-argazkiak\/#primaryimage"},"thumbnailUrl":"https:\/\/www.lafundacion.com\/wp-content\/uploads\/2025\/09\/merito-academico-134-scaled.jpg","keywords":["Anjel Alkain","Entrega de Premios","Inteligencia Artificial","La Fundaci\u00f3n San Prudencio","M\u00e9rito Acad\u00e9mico","Nerea Luis"],"articleSection":["Argazkiak"],"inLanguage":"eu-ES"},{"@type":"WebPage","@id":"https:\/\/www.lafundacion.com\/eu\/argazkiak\/meritu-akademikoaren-sari-banaketa-2025-ekitaldiko-argazkiak\/","url":"https:\/\/www.lafundacion.com\/eu\/argazkiak\/meritu-akademikoaren-sari-banaketa-2025-ekitaldiko-argazkiak\/","name":"Meritu Akademikoaren Sari Banaketa 2025 ekitaldiko argazkiak &#187; La Fundaci\u00f3n San Prudencio","isPartOf":{"@id":"https:\/\/www.lafundacion.com\/#website"},"primaryImageOfPage":{"@id":"https:\/\/www.lafundacion.com\/eu\/argazkiak\/meritu-akademikoaren-sari-banaketa-2025-ekitaldiko-argazkiak\/#primaryimage"},"image":{"@id":"https:\/\/www.lafundacion.com\/eu\/argazkiak\/meritu-akademikoaren-sari-banaketa-2025-ekitaldiko-argazkiak\/#primaryimage"},"thumbnailUrl":"https:\/\/www.lafundacion.com\/wp-content\/uploads\/2025\/09\/merito-academico-134-scaled.jpg","datePublished":"2025-09-19T10:15:16+00:00","dateModified":"2025-09-19T10:57:51+00:00","description":"2025eko Merezimendu Akademikoaren LaF sari-banaketako argazki galeria, Nerea Luisen parte-hartzearekin, eta Anjel Alkainek aurkeztuta.","breadcrumb":{"@id":"https:\/\/www.lafundacion.com\/eu\/argazkiak\/meritu-akademikoaren-sari-banaketa-2025-ekitaldiko-argazkiak\/#breadcrumb"},"inLanguage":"eu-ES","potentialAction":[{"@type":"ReadAction","target":["https:\/\/www.lafundacion.com\/eu\/argazkiak\/meritu-akademikoaren-sari-banaketa-2025-ekitaldiko-argazkiak\/"]}]},{"@type":"ImageObject","inLanguage":"eu-ES","@id":"https:\/\/www.lafundacion.com\/eu\/argazkiak\/meritu-akademikoaren-sari-banaketa-2025-ekitaldiko-argazkiak\/#primaryimage","url":"https:\/\/www.lafundacion.com\/wp-content\/uploads\/2025\/09\/merito-academico-134-scaled.jpg","contentUrl":"https:\/\/www.lafundacion.com\/wp-content\/uploads\/2025\/09\/merito-academico-134-scaled.jpg","width":2560,"height":1448},{"@type":"BreadcrumbList","@id":"https:\/\/www.lafundacion.com\/eu\/argazkiak\/meritu-akademikoaren-sari-banaketa-2025-ekitaldiko-argazkiak\/#breadcrumb","itemListElement":[{"@type":"ListItem","position":1,"name":"Portada","item":"https:\/\/www.lafundacion.com\/eu\/hasiera\/"},{"@type":"ListItem","position":2,"name":"Meritu Akademikoaren Sari Banaketa 2025 ekitaldiko argazkiak"}]},{"@type":"WebSite","@id":"https:\/\/www.lafundacion.com\/#website","url":"https:\/\/www.lafundacion.com\/","name":"La Fundaci\u00f3n San Prudencio","description":"La Fundaci\u00f3n Laboral San Prudencio en Vitoria-Gasteiz","publisher":{"@id":"https:\/\/www.lafundacion.com\/#organization"},"potentialAction":[{"@type":"SearchAction","target":{"@type":"EntryPoint","urlTemplate":"https:\/\/www.lafundacion.com\/?s={search_term_string}"},"query-input":{"@type":"PropertyValueSpecification","valueRequired":true,"valueName":"search_term_string"}}],"inLanguage":"eu-ES"},{"@type":"Organization","@id":"https:\/\/www.lafundacion.com\/#organization","name":"La Fundaci\u00f3n San Prudencio","url":"https:\/\/www.lafundacion.com\/","logo":{"@type":"ImageObject","inLanguage":"eu-ES","@id":"https:\/\/www.lafundacion.com\/#\/schema\/logo\/image\/","url":"https:\/\/www.lafundacion.com\/wp-content\/uploads\/2020\/03\/logo-la-fundacion.png","contentUrl":"https:\/\/www.lafundacion.com\/wp-content\/uploads\/2020\/03\/logo-la-fundacion.png","width":323,"height":129,"caption":"La Fundaci\u00f3n San Prudencio"},"image":{"@id":"https:\/\/www.lafundacion.com\/#\/schema\/logo\/image\/"}},{"@type":"Person","@id":"https:\/\/www.lafundacion.com\/#\/schema\/person\/39119d98dad187760c7ba6ffe0d62170","name":"La Fundaci\u00f3n San Prudencio","image":{"@type":"ImageObject","inLanguage":"eu-ES","@id":"https:\/\/secure.gravatar.com\/avatar\/0c3b0b5573637a9c53bbefa7ba0c7deb19d94f60a43f46e0300cd05fc3625862?s=96&d=mm&r=g","url":"https:\/\/secure.gravatar.com\/avatar\/0c3b0b5573637a9c53bbefa7ba0c7deb19d94f60a43f46e0300cd05fc3625862?s=96&d=mm&r=g","contentUrl":"https:\/\/secure.gravatar.com\/avatar\/0c3b0b5573637a9c53bbefa7ba0c7deb19d94f60a43f46e0300cd05fc3625862?s=96&d=mm&r=g","caption":"La Fundaci\u00f3n San Prudencio"}}]}},"_links":{"self":[{"href":"https:\/\/www.lafundacion.com\/eu\/wp-json\/wp\/v2\/posts\/127471","targetHints":{"allow":["GET"]}}],"collection":[{"href":"https:\/\/www.lafundacion.com\/eu\/wp-json\/wp\/v2\/posts"}],"about":[{"href":"https:\/\/www.lafundacion.com\/eu\/wp-json\/wp\/v2\/types\/post"}],"author":[{"embeddable":true,"href":"https:\/\/www.lafundacion.com\/eu\/wp-json\/wp\/v2\/users\/2"}],"replies":[{"embeddable":true,"href":"https:\/\/www.lafundacion.com\/eu\/wp-json\/wp\/v2\/comments?post=127471"}],"version-history":[{"count":16,"href":"https:\/\/www.lafundacion.com\/eu\/wp-json\/wp\/v2\/posts\/127471\/revisions"}],"predecessor-version":[{"id":127519,"href":"https:\/\/www.lafundacion.com\/eu\/wp-json\/wp\/v2\/posts\/127471\/revisions\/127519"}],"wp:featuredmedia":[{"embeddable":true,"href":"https:\/\/www.lafundacion.com\/eu\/wp-json\/wp\/v2\/media\/127419"}],"wp:attachment":[{"href":"https:\/\/www.lafundacion.com\/eu\/wp-json\/wp\/v2\/media?parent=127471"}],"wp:term":[{"taxonomy":"category","embeddable":true,"href":"https:\/\/www.lafundacion.com\/eu\/wp-json\/wp\/v2\/categories?post=127471"},{"taxonomy":"post_tag","embeddable":true,"href":"https:\/\/www.lafundacion.com\/eu\/wp-json\/wp\/v2\/tags?post=127471"}],"curies":[{"name":"wp","href":"https:\/\/api.w.org\/{rel}","templated":true}]}}